{"id":114540,"date":"2022-10-13T10:43:53","date_gmt":"2022-10-13T13:43:53","guid":{"rendered":"https:\/\/folhapopular.info\/?p=114540"},"modified":"2022-10-13T10:43:57","modified_gmt":"2022-10-13T13:43:57","slug":"passeio-4x4-beneficente-ao-dia-das-criancas-reuniu-mais-de-70-pessoas","status":"publish","type":"post","link":"https:\/\/folhapopular.info\/index.php\/2022\/10\/13\/passeio-4x4-beneficente-ao-dia-das-criancas-reuniu-mais-de-70-pessoas\/","title":{"rendered":"Passeio 4&#215;4 Beneficente ao Dia das Crian\u00e7as reuniu mais de 70 pessoas"},"content":{"rendered":"\n<p>A Balditur 4\u00d74 Expedi\u00e7\u00f5es realizou o Passeio 4\u00d74 Beneficente ao Dia das Crian\u00e7as nessa quarta-feira (12\/10). O roteiro passou pelas estradas e trilhas dos interiores dos munic\u00edpios de Teut\u00f4nia, Paverama e Brochier. Mais de 70 pessoas, entre adultos e crian\u00e7as, estiveram no passeio, que reuniu 23 ve\u00edculos 4&#215;4. Foram entregues mais de 200 pacotinhos.<\/p>\n\n\n\n<p>O dia amanheceu chuvoso e \u00famido, deixando as estradas e trilhas prop\u00edcias para as brincadeiras <em>off road<\/em> e uso do 4&#215;4. O almo\u00e7o da turma foi no Bar do Puva, localizado na divisa entre Paverama e Brochier. A refei\u00e7\u00e3o foi feita por Carlos Beckmann. Na parte da tarde, o tempo abriu e o sol apareceu para abrilhantar a a\u00e7\u00e3o alusiva do Dia das Crian\u00e7as. \u201cA Balditur 4&#215;4 Expedi\u00e7\u00f5es agradece aos amigos que participaram deste evento beneficente e esperamos continuar nos pr\u00f3ximos anos, pois foi muito bom ver a alegria da crian\u00e7ada visitada e agraciada com os presentes, bem como das crian\u00e7as \u2018grandes\u2019 brincando nas trilhas\u201d, avalia Francimar Baldissarelli, um dos organizadores.<\/p>\n\n\n\n<div class=\"wp-block-jetpack-slideshow aligncenter\" data-effect=\"slide\"><div class=\"wp-block-jetpack-slideshow_container swiper-container\"><ul class=\"wp-block-jetpack-slideshow_swiper-wrapper swiper-wrapper\"><li class=\"wp-block-jetpack-slideshow_slide swiper-slide\"><figure><img loading=\"lazy\" decoding=\"async\" width=\"768\" height=\"1024\" alt=\"\" class=\"wp-block-jetpack-slideshow_image wp-image-114542\" data-id=\"114542\" src=\"https:\/\/folhapopular.info\/wp-content\/uploads\/2022\/10\/WhatsApp-Image-2022-10-13-at-09.17.31-768x1024.jpeg\" srcset=\"https:\/\/folhapopular.info\/wp-content\/uploads\/2022\/10\/WhatsApp-Image-2022-10-13-at-09.17.31-768x1024.jpeg 768w, https:\/\/folhapopular.info\/wp-content\/uploads\/2022\/10\/WhatsApp-Image-2022-10-13-at-09.17.31-225x300.jpeg 225w, https:\/\/folhapopular.info\/wp-content\/uploads\/2022\/10\/WhatsApp-Image-2022-10-13-at-09.17.31-1152x1536.jpeg 1152w, https:\/\/folhapopular.info\/wp-content\/uploads\/2022\/10\/WhatsApp-Image-2022-10-13-at-09.17.31-696x928.jpeg 696w, https:\/\/folhapopular.info\/wp-content\/uploads\/2022\/10\/WhatsApp-Image-2022-10-13-at-09.17.31-1068x1424.jpeg 1068w, https:\/\/folhapopular.info\/wp-content\/uploads\/2022\/10\/WhatsApp-Image-2022-10-13-at-09.17.31.jpeg 1200w\" sizes=\"(max-width: 768px) 100vw, 768px\" \/><\/figure><\/li><li class=\"wp-block-jetpack-slideshow_slide swiper-slide\"><figure><img loading=\"lazy\" decoding=\"async\" width=\"768\" height=\"1024\" alt=\"\" class=\"wp-block-jetpack-slideshow_image wp-image-114543\" data-id=\"114543\" src=\"https:\/\/folhapopular.info\/wp-content\/uploads\/2022\/10\/WhatsApp-Image-2022-10-13-at-06.52.39-768x1024.jpeg\" srcset=\"https:\/\/folhapopular.info\/wp-content\/uploads\/2022\/10\/WhatsApp-Image-2022-10-13-at-06.52.39-768x1024.jpeg 768w, https:\/\/folhapopular.info\/wp-content\/uploads\/2022\/10\/WhatsApp-Image-2022-10-13-at-06.52.39-225x300.jpeg 225w, https:\/\/folhapopular.info\/wp-content\/uploads\/2022\/10\/WhatsApp-Image-2022-10-13-at-06.52.39-1152x1536.jpeg 1152w, https:\/\/folhapopular.info\/wp-content\/uploads\/2022\/10\/WhatsApp-Image-2022-10-13-at-06.52.39-696x928.jpeg 696w, https:\/\/folhapopular.info\/wp-content\/uploads\/2022\/10\/WhatsApp-Image-2022-10-13-at-06.52.39-1068x1424.jpeg 1068w, https:\/\/folhapopular.info\/wp-content\/uploads\/2022\/10\/WhatsApp-Image-2022-10-13-at-06.52.39.jpeg 1200w\" sizes=\"(max-width: 768px) 100vw, 768px\" \/><\/figure><\/li><li class=\"wp-block-jetpack-slideshow_slide swiper-slide\"><figure><img loading=\"lazy\" decoding=\"async\" width=\"768\" height=\"1024\" alt=\"\" class=\"wp-block-jetpack-slideshow_image wp-image-114544\" data-id=\"114544\" src=\"https:\/\/folhapopular.info\/wp-content\/uploads\/2022\/10\/WhatsApp-Image-2022-10-13-at-09.17.31-1-768x1024.jpeg\" srcset=\"https:\/\/folhapopular.info\/wp-content\/uploads\/2022\/10\/WhatsApp-Image-2022-10-13-at-09.17.31-1-768x1024.jpeg 768w, https:\/\/folhapopular.info\/wp-content\/uploads\/2022\/10\/WhatsApp-Image-2022-10-13-at-09.17.31-1-225x300.jpeg 225w, https:\/\/folhapopular.info\/wp-content\/uploads\/2022\/10\/WhatsApp-Image-2022-10-13-at-09.17.31-1-1152x1536.jpeg 1152w, https:\/\/folhapopular.info\/wp-content\/uploads\/2022\/10\/WhatsApp-Image-2022-10-13-at-09.17.31-1-696x928.jpeg 696w, https:\/\/folhapopular.info\/wp-content\/uploads\/2022\/10\/WhatsApp-Image-2022-10-13-at-09.17.31-1-1068x1424.jpeg 1068w, https:\/\/folhapopular.info\/wp-content\/uploads\/2022\/10\/WhatsApp-Image-2022-10-13-at-09.17.31-1.jpeg 1200w\" sizes=\"(max-width: 768px) 100vw, 768px\" \/><\/figure><\/li><li class=\"wp-block-jetpack-slideshow_slide swiper-slide\"><figure><img loading=\"lazy\" decoding=\"async\" width=\"768\" height=\"1024\" alt=\"\" class=\"wp-block-jetpack-slideshow_image wp-image-114545\" data-id=\"114545\" src=\"https:\/\/folhapopular.info\/wp-content\/uploads\/2022\/10\/WhatsApp-Image-2022-10-13-at-09.22.10-768x1024.jpeg\" srcset=\"https:\/\/folhapopular.info\/wp-content\/uploads\/2022\/10\/WhatsApp-Image-2022-10-13-at-09.22.10-768x1024.jpeg 768w, https:\/\/folhapopular.info\/wp-content\/uploads\/2022\/10\/WhatsApp-Image-2022-10-13-at-09.22.10-225x300.jpeg 225w, https:\/\/folhapopular.info\/wp-content\/uploads\/2022\/10\/WhatsApp-Image-2022-10-13-at-09.22.10-1152x1536.jpeg 1152w, https:\/\/folhapopular.info\/wp-content\/uploads\/2022\/10\/WhatsApp-Image-2022-10-13-at-09.22.10-696x928.jpeg 696w, https:\/\/folhapopular.info\/wp-content\/uploads\/2022\/10\/WhatsApp-Image-2022-10-13-at-09.22.10-1068x1424.jpeg 1068w, https:\/\/folhapopular.info\/wp-content\/uploads\/2022\/10\/WhatsApp-Image-2022-10-13-at-09.22.10.jpeg 1200w\" sizes=\"(max-width: 768px) 100vw, 768px\" \/><\/figure><\/li><\/ul><a class=\"wp-block-jetpack-slideshow_button-prev swiper-button-prev swiper-button-white\" role=\"button\"><\/a><a class=\"wp-block-jetpack-slideshow_button-next swiper-button-next swiper-button-white\" role=\"button\"><\/a><a aria-label=\"Pause Slideshow\" class=\"wp-block-jetpack-slideshow_button-pause\" role=\"button\"><\/a><div class=\"wp-block-jetpack-slideshow_pagination swiper-pagination swiper-pagination-white\"><\/div><\/div><\/div>\n\n\n\n<p>J\u00falia Schneider foi uma das participantes que ajudou na confec\u00e7\u00e3o de alguns pacotes. \u201cFoi um Dia das Crian\u00e7as muito especial. Al\u00e9m de fazer algo que a gente ama, conseguimos deixar sorrisos lindos no rosto de v\u00e1rias crian\u00e7as \u201d, destaca.<\/p>\n\n\n\n<p>Interessados em participar de passeios <em>off road<\/em> podem solicitar ades\u00e3o ao grupo Balditur Expedi\u00e7\u00f5es diretamente com Francimar Baldissarelli pelo telefone (51) 99504-2546 ou por meio das redes sociais: Facebook Balditur Expedi\u00e7\u00f5es e Instagram @baldi_tur4x4expedicoes. <\/p>\n","protected":false},"excerpt":{"rendered":"<p>A Balditur 4\u00d74 Expedi\u00e7\u00f5es realizou o Passeio 4\u00d74 Beneficente ao Dia das Crian\u00e7as nessa quarta-feira (12\/10). O roteiro passou pelas estradas e trilhas dos interiores dos munic\u00edpios de Teut\u00f4nia, Paverama e Brochier. Mais de 70 pessoas, entre adultos e crian\u00e7as, estiveram no passeio, que reuniu 23 ve\u00edculos 4&#215;4. Foram entregues mais de 200 pacotinhos. O [&hellip;]<\/p>\n","protected":false},"author":601,"featured_media":114541,"comment_status":"open","ping_status":"open","sticky":false,"template":"","format":"standard","meta":{"pmpro_default_level":"","_jetpack_memberships_contains_paid_content":false,"footnotes":""},"categories":[2,3],"tags":[10124,1119],"class_list":{"0":"post-114540","1":"post","2":"type-post","3":"status-publish","4":"format-standard","5":"has-post-thumbnail","7":"category-featured","8":"category-geral","9":"tag-balditur-4x4-expedicoes","10":"tag-dia-das-criancas","11":"pmpro-has-access"},"yoast_head":"<!-- This site is optimized with the Yoast SEO plugin v27.5 - https:\/\/yoast.com\/product\/yoast-seo-wordpress\/ -->\n<title>Passeio 4x4 Beneficente ao Dia das Crian\u00e7as reuniu mais de 70 pessoas - Folha Popular<\/title>\n<meta name=\"robots\" content=\"index, follow, max-snippet:-1, max-image-preview:large, max-video-preview:-1\" \/>\n<link rel=\"canonical\" href=\"https:\/\/folhapopular.info\/index.php\/2022\/10\/13\/passeio-4x4-beneficente-ao-dia-das-criancas-reuniu-mais-de-70-pessoas\/\" \/>\n<meta property=\"og:locale\" content=\"pt_BR\" \/>\n<meta property=\"og:type\" content=\"article\" \/>\n<meta property=\"og:title\" content=\"Passeio 4x4 Beneficente ao Dia das Crian\u00e7as reuniu mais de 70 pessoas - Folha Popular\" \/>\n<meta property=\"og:description\" content=\"A Balditur 4\u00d74 Expedi\u00e7\u00f5es realizou o Passeio 4\u00d74 Beneficente ao Dia das Crian\u00e7as nessa quarta-feira (12\/10). O roteiro passou pelas estradas e trilhas dos interiores dos munic\u00edpios de Teut\u00f4nia, Paverama e Brochier. Mais de 70 pessoas, entre adultos e crian\u00e7as, estiveram no passeio, que reuniu 23 ve\u00edculos 4&#215;4. Foram entregues mais de 200 pacotinhos. O [&hellip;]\" \/>\n<meta property=\"og:url\" content=\"https:\/\/folhapopular.info\/index.php\/2022\/10\/13\/passeio-4x4-beneficente-ao-dia-das-criancas-reuniu-mais-de-70-pessoas\/\" \/>\n<meta property=\"og:site_name\" content=\"Folha Popular\" \/>\n<meta property=\"article:published_time\" content=\"2022-10-13T13:43:53+00:00\" \/>\n<meta property=\"article:modified_time\" content=\"2022-10-13T13:43:57+00:00\" \/>\n<meta property=\"og:image\" content=\"http:\/\/folhapopular.info\/wp-content\/uploads\/2022\/10\/WhatsApp-Image-2022-10-13-at-08.15.31-e1665667066146.jpeg\" \/>\n\t<meta property=\"og:image:width\" content=\"1200\" \/>\n\t<meta property=\"og:image:height\" content=\"540\" \/>\n\t<meta property=\"og:image:type\" content=\"image\/jpeg\" \/>\n<meta name=\"author\" content=\"Carla Beckmann\" \/>\n<meta name=\"twitter:card\" content=\"summary_large_image\" \/>\n<meta name=\"twitter:label1\" content=\"Escrito por\" \/>\n\t<meta name=\"twitter:data1\" content=\"Carla Beckmann\" \/>\n\t<meta name=\"twitter:label2\" content=\"Est. tempo de leitura\" \/>\n\t<meta name=\"twitter:data2\" content=\"3 minutos\" \/>\n<script type=\"application\/ld+json\" class=\"yoast-schema-graph\">{\"@context\":\"https:\\\/\\\/schema.org\",\"@graph\":[{\"@type\":\"Article\",\"@id\":\"https:\\\/\\\/folhapopular.info\\\/index.php\\\/2022\\\/10\\\/13\\\/passeio-4x4-beneficente-ao-dia-das-criancas-reuniu-mais-de-70-pessoas\\\/#article\",\"isPartOf\":{\"@id\":\"https:\\\/\\\/folhapopular.info\\\/index.php\\\/2022\\\/10\\\/13\\\/passeio-4x4-beneficente-ao-dia-das-criancas-reuniu-mais-de-70-pessoas\\\/\"},\"author\":{\"name\":\"Carla Beckmann\",\"@id\":\"https:\\\/\\\/folhapopular.info\\\/#\\\/schema\\\/person\\\/c9138938e4781f3e1ca513f9bea5659c\"},\"headline\":\"Passeio 4&#215;4 Beneficente ao Dia das Crian\u00e7as reuniu mais de 70 pessoas\",\"datePublished\":\"2022-10-13T13:43:53+00:00\",\"dateModified\":\"2022-10-13T13:43:57+00:00\",\"mainEntityOfPage\":{\"@id\":\"https:\\\/\\\/folhapopular.info\\\/index.php\\\/2022\\\/10\\\/13\\\/passeio-4x4-beneficente-ao-dia-das-criancas-reuniu-mais-de-70-pessoas\\\/\"},\"wordCount\":269,\"commentCount\":0,\"image\":{\"@id\":\"https:\\\/\\\/folhapopular.info\\\/index.php\\\/2022\\\/10\\\/13\\\/passeio-4x4-beneficente-ao-dia-das-criancas-reuniu-mais-de-70-pessoas\\\/#primaryimage\"},\"thumbnailUrl\":\"https:\\\/\\\/folhapopular.info\\\/wp-content\\\/uploads\\\/2022\\\/10\\\/WhatsApp-Image-2022-10-13-at-08.15.31-e1665667066146.jpeg\",\"keywords\":[\"Balditur 4x4 Expedi\u00e7\u00f5es\",\"Dia das Crian\u00e7as\"],\"articleSection\":[\"Destaques\",\"Geral\"],\"inLanguage\":\"pt-BR\",\"potentialAction\":[{\"@type\":\"CommentAction\",\"name\":\"Comment\",\"target\":[\"https:\\\/\\\/folhapopular.info\\\/index.php\\\/2022\\\/10\\\/13\\\/passeio-4x4-beneficente-ao-dia-das-criancas-reuniu-mais-de-70-pessoas\\\/#respond\"]}]},{\"@type\":\"WebPage\",\"@id\":\"https:\\\/\\\/folhapopular.info\\\/index.php\\\/2022\\\/10\\\/13\\\/passeio-4x4-beneficente-ao-dia-das-criancas-reuniu-mais-de-70-pessoas\\\/\",\"url\":\"https:\\\/\\\/folhapopular.info\\\/index.php\\\/2022\\\/10\\\/13\\\/passeio-4x4-beneficente-ao-dia-das-criancas-reuniu-mais-de-70-pessoas\\\/\",\"name\":\"Passeio 4x4 Beneficente ao Dia das Crian\u00e7as reuniu mais de 70 pessoas - Folha Popular\",\"isPartOf\":{\"@id\":\"https:\\\/\\\/folhapopular.info\\\/#website\"},\"primaryImageOfPage\":{\"@id\":\"https:\\\/\\\/folhapopular.info\\\/index.php\\\/2022\\\/10\\\/13\\\/passeio-4x4-beneficente-ao-dia-das-criancas-reuniu-mais-de-70-pessoas\\\/#primaryimage\"},\"image\":{\"@id\":\"https:\\\/\\\/folhapopular.info\\\/index.php\\\/2022\\\/10\\\/13\\\/passeio-4x4-beneficente-ao-dia-das-criancas-reuniu-mais-de-70-pessoas\\\/#primaryimage\"},\"thumbnailUrl\":\"https:\\\/\\\/folhapopular.info\\\/wp-content\\\/uploads\\\/2022\\\/10\\\/WhatsApp-Image-2022-10-13-at-08.15.31-e1665667066146.jpeg\",\"datePublished\":\"2022-10-13T13:43:53+00:00\",\"dateModified\":\"2022-10-13T13:43:57+00:00\",\"author\":{\"@id\":\"https:\\\/\\\/folhapopular.info\\\/#\\\/schema\\\/person\\\/c9138938e4781f3e1ca513f9bea5659c\"},\"breadcrumb\":{\"@id\":\"https:\\\/\\\/folhapopular.info\\\/index.php\\\/2022\\\/10\\\/13\\\/passeio-4x4-beneficente-ao-dia-das-criancas-reuniu-mais-de-70-pessoas\\\/#breadcrumb\"},\"inLanguage\":\"pt-BR\",\"potentialAction\":[{\"@type\":\"ReadAction\",\"target\":[\"https:\\\/\\\/folhapopular.info\\\/index.php\\\/2022\\\/10\\\/13\\\/passeio-4x4-beneficente-ao-dia-das-criancas-reuniu-mais-de-70-pessoas\\\/\"]}]},{\"@type\":\"ImageObject\",\"inLanguage\":\"pt-BR\",\"@id\":\"https:\\\/\\\/folhapopular.info\\\/index.php\\\/2022\\\/10\\\/13\\\/passeio-4x4-beneficente-ao-dia-das-criancas-reuniu-mais-de-70-pessoas\\\/#primaryimage\",\"url\":\"https:\\\/\\\/folhapopular.info\\\/wp-content\\\/uploads\\\/2022\\\/10\\\/WhatsApp-Image-2022-10-13-at-08.15.31-e1665667066146.jpeg\",\"contentUrl\":\"https:\\\/\\\/folhapopular.info\\\/wp-content\\\/uploads\\\/2022\\\/10\\\/WhatsApp-Image-2022-10-13-at-08.15.31-e1665667066146.jpeg\",\"width\":1200,\"height\":540,\"caption\":\"Ve\u00edculos rodaram pelos munic\u00edpios de Teut\u00f4nia, Paverama e Brochier\"},{\"@type\":\"BreadcrumbList\",\"@id\":\"https:\\\/\\\/folhapopular.info\\\/index.php\\\/2022\\\/10\\\/13\\\/passeio-4x4-beneficente-ao-dia-das-criancas-reuniu-mais-de-70-pessoas\\\/#breadcrumb\",\"itemListElement\":[{\"@type\":\"ListItem\",\"position\":1,\"name\":\"In\u00edcio\",\"item\":\"https:\\\/\\\/folhapopular.info\\\/\"},{\"@type\":\"ListItem\",\"position\":2,\"name\":\"Passeio 4&#215;4 Beneficente ao Dia das Crian\u00e7as reuniu mais de 70 pessoas\"}]},{\"@type\":\"WebSite\",\"@id\":\"https:\\\/\\\/folhapopular.info\\\/#website\",\"url\":\"https:\\\/\\\/folhapopular.info\\\/\",\"name\":\"Folha Popular\",\"description\":\"Onde voc\u00ea tem vez e voz\",\"potentialAction\":[{\"@type\":\"SearchAction\",\"target\":{\"@type\":\"EntryPoint\",\"urlTemplate\":\"https:\\\/\\\/folhapopular.info\\\/?s={search_term_string}\"},\"query-input\":{\"@type\":\"PropertyValueSpecification\",\"valueRequired\":true,\"valueName\":\"search_term_string\"}}],\"inLanguage\":\"pt-BR\"},{\"@type\":\"Person\",\"@id\":\"https:\\\/\\\/folhapopular.info\\\/#\\\/schema\\\/person\\\/c9138938e4781f3e1ca513f9bea5659c\",\"name\":\"Carla Beckmann\",\"image\":{\"@type\":\"ImageObject\",\"inLanguage\":\"pt-BR\",\"@id\":\"https:\\\/\\\/secure.gravatar.com\\\/avatar\\\/790078f6ade9f70c31db5a673b88c15df0904c2847c456b3599f72843ac11eb9?s=96&d=mm&r=g\",\"url\":\"https:\\\/\\\/secure.gravatar.com\\\/avatar\\\/790078f6ade9f70c31db5a673b88c15df0904c2847c456b3599f72843ac11eb9?s=96&d=mm&r=g\",\"contentUrl\":\"https:\\\/\\\/secure.gravatar.com\\\/avatar\\\/790078f6ade9f70c31db5a673b88c15df0904c2847c456b3599f72843ac11eb9?s=96&d=mm&r=g\",\"caption\":\"Carla Beckmann\"},\"url\":\"https:\\\/\\\/folhapopular.info\\\/index.php\\\/author\\\/carlabeckmann03gmail-com\\\/\"}]}<\/script>\n<!-- \/ Yoast SEO plugin. -->","yoast_head_json":{"title":"Passeio 4x4 Beneficente ao Dia das Crian\u00e7as reuniu mais de 70 pessoas - Folha Popular","robots":{"index":"index","follow":"follow","max-snippet":"max-snippet:-1","max-image-preview":"max-image-preview:large","max-video-preview":"max-video-preview:-1"},"canonical":"https:\/\/folhapopular.info\/index.php\/2022\/10\/13\/passeio-4x4-beneficente-ao-dia-das-criancas-reuniu-mais-de-70-pessoas\/","og_locale":"pt_BR","og_type":"article","og_title":"Passeio 4x4 Beneficente ao Dia das Crian\u00e7as reuniu mais de 70 pessoas - Folha Popular","og_description":"A Balditur 4\u00d74 Expedi\u00e7\u00f5es realizou o Passeio 4\u00d74 Beneficente ao Dia das Crian\u00e7as nessa quarta-feira (12\/10). O roteiro passou pelas estradas e trilhas dos interiores dos munic\u00edpios de Teut\u00f4nia, Paverama e Brochier. Mais de 70 pessoas, entre adultos e crian\u00e7as, estiveram no passeio, que reuniu 23 ve\u00edculos 4&#215;4. Foram entregues mais de 200 pacotinhos. O [&hellip;]","og_url":"https:\/\/folhapopular.info\/index.php\/2022\/10\/13\/passeio-4x4-beneficente-ao-dia-das-criancas-reuniu-mais-de-70-pessoas\/","og_site_name":"Folha Popular","article_published_time":"2022-10-13T13:43:53+00:00","article_modified_time":"2022-10-13T13:43:57+00:00","og_image":[{"width":1200,"height":540,"url":"http:\/\/folhapopular.info\/wp-content\/uploads\/2022\/10\/WhatsApp-Image-2022-10-13-at-08.15.31-e1665667066146.jpeg","type":"image\/jpeg"}],"author":"Carla Beckmann","twitter_card":"summary_large_image","twitter_misc":{"Escrito por":"Carla Beckmann","Est. tempo de leitura":"3 minutos"},"schema":{"@context":"https:\/\/schema.org","@graph":[{"@type":"Article","@id":"https:\/\/folhapopular.info\/index.php\/2022\/10\/13\/passeio-4x4-beneficente-ao-dia-das-criancas-reuniu-mais-de-70-pessoas\/#article","isPartOf":{"@id":"https:\/\/folhapopular.info\/index.php\/2022\/10\/13\/passeio-4x4-beneficente-ao-dia-das-criancas-reuniu-mais-de-70-pessoas\/"},"author":{"name":"Carla Beckmann","@id":"https:\/\/folhapopular.info\/#\/schema\/person\/c9138938e4781f3e1ca513f9bea5659c"},"headline":"Passeio 4&#215;4 Beneficente ao Dia das Crian\u00e7as reuniu mais de 70 pessoas","datePublished":"2022-10-13T13:43:53+00:00","dateModified":"2022-10-13T13:43:57+00:00","mainEntityOfPage":{"@id":"https:\/\/folhapopular.info\/index.php\/2022\/10\/13\/passeio-4x4-beneficente-ao-dia-das-criancas-reuniu-mais-de-70-pessoas\/"},"wordCount":269,"commentCount":0,"image":{"@id":"https:\/\/folhapopular.info\/index.php\/2022\/10\/13\/passeio-4x4-beneficente-ao-dia-das-criancas-reuniu-mais-de-70-pessoas\/#primaryimage"},"thumbnailUrl":"https:\/\/folhapopular.info\/wp-content\/uploads\/2022\/10\/WhatsApp-Image-2022-10-13-at-08.15.31-e1665667066146.jpeg","keywords":["Balditur 4x4 Expedi\u00e7\u00f5es","Dia das Crian\u00e7as"],"articleSection":["Destaques","Geral"],"inLanguage":"pt-BR","potentialAction":[{"@type":"CommentAction","name":"Comment","target":["https:\/\/folhapopular.info\/index.php\/2022\/10\/13\/passeio-4x4-beneficente-ao-dia-das-criancas-reuniu-mais-de-70-pessoas\/#respond"]}]},{"@type":"WebPage","@id":"https:\/\/folhapopular.info\/index.php\/2022\/10\/13\/passeio-4x4-beneficente-ao-dia-das-criancas-reuniu-mais-de-70-pessoas\/","url":"https:\/\/folhapopular.info\/index.php\/2022\/10\/13\/passeio-4x4-beneficente-ao-dia-das-criancas-reuniu-mais-de-70-pessoas\/","name":"Passeio 4x4 Beneficente ao Dia das Crian\u00e7as reuniu mais de 70 pessoas - Folha Popular","isPartOf":{"@id":"https:\/\/folhapopular.info\/#website"},"primaryImageOfPage":{"@id":"https:\/\/folhapopular.info\/index.php\/2022\/10\/13\/passeio-4x4-beneficente-ao-dia-das-criancas-reuniu-mais-de-70-pessoas\/#primaryimage"},"image":{"@id":"https:\/\/folhapopular.info\/index.php\/2022\/10\/13\/passeio-4x4-beneficente-ao-dia-das-criancas-reuniu-mais-de-70-pessoas\/#primaryimage"},"thumbnailUrl":"https:\/\/folhapopular.info\/wp-content\/uploads\/2022\/10\/WhatsApp-Image-2022-10-13-at-08.15.31-e1665667066146.jpeg","datePublished":"2022-10-13T13:43:53+00:00","dateModified":"2022-10-13T13:43:57+00:00","author":{"@id":"https:\/\/folhapopular.info\/#\/schema\/person\/c9138938e4781f3e1ca513f9bea5659c"},"breadcrumb":{"@id":"https:\/\/folhapopular.info\/index.php\/2022\/10\/13\/passeio-4x4-beneficente-ao-dia-das-criancas-reuniu-mais-de-70-pessoas\/#breadcrumb"},"inLanguage":"pt-BR","potentialAction":[{"@type":"ReadAction","target":["https:\/\/folhapopular.info\/index.php\/2022\/10\/13\/passeio-4x4-beneficente-ao-dia-das-criancas-reuniu-mais-de-70-pessoas\/"]}]},{"@type":"ImageObject","inLanguage":"pt-BR","@id":"https:\/\/folhapopular.info\/index.php\/2022\/10\/13\/passeio-4x4-beneficente-ao-dia-das-criancas-reuniu-mais-de-70-pessoas\/#primaryimage","url":"https:\/\/folhapopular.info\/wp-content\/uploads\/2022\/10\/WhatsApp-Image-2022-10-13-at-08.15.31-e1665667066146.jpeg","contentUrl":"https:\/\/folhapopular.info\/wp-content\/uploads\/2022\/10\/WhatsApp-Image-2022-10-13-at-08.15.31-e1665667066146.jpeg","width":1200,"height":540,"caption":"Ve\u00edculos rodaram pelos munic\u00edpios de Teut\u00f4nia, Paverama e Brochier"},{"@type":"BreadcrumbList","@id":"https:\/\/folhapopular.info\/index.php\/2022\/10\/13\/passeio-4x4-beneficente-ao-dia-das-criancas-reuniu-mais-de-70-pessoas\/#breadcrumb","itemListElement":[{"@type":"ListItem","position":1,"name":"In\u00edcio","item":"https:\/\/folhapopular.info\/"},{"@type":"ListItem","position":2,"name":"Passeio 4&#215;4 Beneficente ao Dia das Crian\u00e7as reuniu mais de 70 pessoas"}]},{"@type":"WebSite","@id":"https:\/\/folhapopular.info\/#website","url":"https:\/\/folhapopular.info\/","name":"Folha Popular","description":"Onde voc\u00ea tem vez e voz","potentialAction":[{"@type":"SearchAction","target":{"@type":"EntryPoint","urlTemplate":"https:\/\/folhapopular.info\/?s={search_term_string}"},"query-input":{"@type":"PropertyValueSpecification","valueRequired":true,"valueName":"search_term_string"}}],"inLanguage":"pt-BR"},{"@type":"Person","@id":"https:\/\/folhapopular.info\/#\/schema\/person\/c9138938e4781f3e1ca513f9bea5659c","name":"Carla Beckmann","image":{"@type":"ImageObject","inLanguage":"pt-BR","@id":"https:\/\/secure.gravatar.com\/avatar\/790078f6ade9f70c31db5a673b88c15df0904c2847c456b3599f72843ac11eb9?s=96&d=mm&r=g","url":"https:\/\/secure.gravatar.com\/avatar\/790078f6ade9f70c31db5a673b88c15df0904c2847c456b3599f72843ac11eb9?s=96&d=mm&r=g","contentUrl":"https:\/\/secure.gravatar.com\/avatar\/790078f6ade9f70c31db5a673b88c15df0904c2847c456b3599f72843ac11eb9?s=96&d=mm&r=g","caption":"Carla Beckmann"},"url":"https:\/\/folhapopular.info\/index.php\/author\/carlabeckmann03gmail-com\/"}]}},"jetpack_featured_media_url":"https:\/\/folhapopular.info\/wp-content\/uploads\/2022\/10\/WhatsApp-Image-2022-10-13-at-08.15.31-e1665667066146.jpeg","jetpack_sharing_enabled":true,"amp_enabled":true,"_links":{"self":[{"href":"https:\/\/folhapopular.info\/index.php\/wp-json\/wp\/v2\/posts\/114540","targetHints":{"allow":["GET"]}}],"collection":[{"href":"https:\/\/folhapopular.info\/index.php\/wp-json\/wp\/v2\/posts"}],"about":[{"href":"https:\/\/folhapopular.info\/index.php\/wp-json\/wp\/v2\/types\/post"}],"author":[{"embeddable":true,"href":"https:\/\/folhapopular.info\/index.php\/wp-json\/wp\/v2\/users\/601"}],"replies":[{"embeddable":true,"href":"https:\/\/folhapopular.info\/index.php\/wp-json\/wp\/v2\/comments?post=114540"}],"version-history":[{"count":0,"href":"https:\/\/folhapopular.info\/index.php\/wp-json\/wp\/v2\/posts\/114540\/revisions"}],"wp:featuredmedia":[{"embeddable":true,"href":"https:\/\/folhapopular.info\/index.php\/wp-json\/wp\/v2\/media\/114541"}],"wp:attachment":[{"href":"https:\/\/folhapopular.info\/index.php\/wp-json\/wp\/v2\/media?parent=114540"}],"wp:term":[{"taxonomy":"category","embeddable":true,"href":"https:\/\/folhapopular.info\/index.php\/wp-json\/wp\/v2\/categories?post=114540"},{"taxonomy":"post_tag","embeddable":true,"href":"https:\/\/folhapopular.info\/index.php\/wp-json\/wp\/v2\/tags?post=114540"}],"curies":[{"name":"wp","href":"https:\/\/api.w.org\/{rel}","templated":true}]}}