{"id":114588,"date":"2022-10-13T16:27:24","date_gmt":"2022-10-13T19:27:24","guid":{"rendered":"https:\/\/folhapopular.info\/?p=114588"},"modified":"2022-10-13T16:28:23","modified_gmt":"2022-10-13T19:28:23","slug":"programacao-de-dia-das-criancas-reuniu-grande-publico-em-estrela","status":"publish","type":"post","link":"https:\/\/folhapopular.info\/index.php\/2022\/10\/13\/programacao-de-dia-das-criancas-reuniu-grande-publico-em-estrela\/","title":{"rendered":"Programa\u00e7\u00e3o de Dia das Crian\u00e7as reuniu grande p\u00fablico em Estrela"},"content":{"rendered":"\n<p>Nesta quarta-feira (12\/10) a comunidade de Estrela se reuniu em um grande p\u00fablico animado com as diferentes atividades do evento &#8220;Brincadeira de Crian\u00e7as&#8221; no Parque Princesa do Vale. A programa\u00e7\u00e3o foi promovida pelo Governo de Estrela com intuito de marcar o Dia da Crian\u00e7as. <\/p>\n\n\n\n<p>M\u00fasicas, personagens infantis, tirolesa, brinquedos infl\u00e1veis, pula-pula e outros tamb\u00e9m estavam dispon\u00edveis, assim como as demais op\u00e7\u00f5es permanentes do parque, entre elas as bicicletas e os espa\u00e7os esportivos. <\/p>\n\n\n\n<p>A tarde de alegria contou com interven\u00e7\u00f5es art\u00edsticas do grupo teatral do N\u00facleo Cultural. Caracterizados, divertiram e incentivaram a garotada. Outra atra\u00e7\u00e3o que, como j\u00e1 era esperado, fez o maior sucesso e chamou a aten\u00e7\u00e3o at\u00e9 dos adultos foi o Dinoceppo &#8211; o dinossauro -. Depois de solto, passeou pelo local e interagiu com todos. <\/p>\n\n\n\n<p>As crian\u00e7as menores, que no in\u00edcio se assustaram, depois quiseram se aproximar dele e, os mais corajosos, a toc\u00e1-lo, tirar fotos. E teve pai que, para mostrar ao filho que o Dinoceppo era amigo, literalmente colocou a cabe\u00e7a na boca do personagem. Ele, j\u00e1 acostumado, n\u00e3o se importou e parecia estar sempre sorrindo.<\/p>\n\n\n\n<p>A iniciativa da Secretaria Municipal de Turismo, Cultura, Esporte e Lazer (Setcel), com o apoio da Secretaria Municipal de Educa\u00e7\u00e3o (Smed), demais apoiadores e patrocinadores, entre eles a Tecnosom, Lume Eventos, FB Net, Proerd e Clube Desbravadores do Vale, contou com uma s\u00e9rie de atra\u00e7\u00f5es gratuitas.<\/p>\n\n\n\n<p>M\u00fasica ambiente e adequada \u00e0 data, oportunidade de as crian\u00e7as pintarem os rostos, brincarem embaladas por personagens infantis e se aventurarem em uma tirolesa.<\/p>\n","protected":false},"excerpt":{"rendered":"<p>Nesta quarta-feira (12\/10) a comunidade de Estrela se reuniu em um grande p\u00fablico animado com as diferentes atividades do evento &#8220;Brincadeira de Crian\u00e7as&#8221; no Parque Princesa do Vale. A programa\u00e7\u00e3o foi promovida pelo Governo de Estrela com intuito de marcar o Dia da Crian\u00e7as. M\u00fasicas, personagens infantis, tirolesa, brinquedos infl\u00e1veis, pula-pula e outros tamb\u00e9m estavam [&hellip;]<\/p>\n","protected":false},"author":8,"featured_media":114589,"comment_status":"open","ping_status":"open","sticky":false,"template":"","format":"standard","meta":{"pmpro_default_level":"","_jetpack_memberships_contains_paid_content":false,"footnotes":""},"categories":[2,3],"tags":[5366,135,1119,8,1287,1507],"class_list":{"0":"post-114588","1":"post","2":"type-post","3":"status-publish","4":"format-standard","5":"has-post-thumbnail","7":"category-featured","8":"category-geral","9":"tag-comunidade","10":"tag-criancas","11":"tag-dia-das-criancas","12":"tag-estrela","13":"tag-familia","14":"tag-programacao","15":"pmpro-has-access"},"yoast_head":"<!-- This site is optimized with the Yoast SEO plugin v27.5 - https:\/\/yoast.com\/product\/yoast-seo-wordpress\/ -->\n<title>Programa\u00e7\u00e3o de Dia das Crian\u00e7as reuniu grande p\u00fablico em Estrela - Folha Popular<\/title>\n<meta name=\"robots\" content=\"index, follow, max-snippet:-1, max-image-preview:large, max-video-preview:-1\" \/>\n<link rel=\"canonical\" href=\"https:\/\/folhapopular.info\/index.php\/2022\/10\/13\/programacao-de-dia-das-criancas-reuniu-grande-publico-em-estrela\/\" \/>\n<meta property=\"og:locale\" content=\"pt_BR\" \/>\n<meta property=\"og:type\" content=\"article\" \/>\n<meta property=\"og:title\" content=\"Programa\u00e7\u00e3o de Dia das Crian\u00e7as reuniu grande p\u00fablico em Estrela - Folha Popular\" \/>\n<meta property=\"og:description\" content=\"Nesta quarta-feira (12\/10) a comunidade de Estrela se reuniu em um grande p\u00fablico animado com as diferentes atividades do evento &#8220;Brincadeira de Crian\u00e7as&#8221; no Parque Princesa do Vale. A programa\u00e7\u00e3o foi promovida pelo Governo de Estrela com intuito de marcar o Dia da Crian\u00e7as. M\u00fasicas, personagens infantis, tirolesa, brinquedos infl\u00e1veis, pula-pula e outros tamb\u00e9m estavam [&hellip;]\" \/>\n<meta property=\"og:url\" content=\"https:\/\/folhapopular.info\/index.php\/2022\/10\/13\/programacao-de-dia-das-criancas-reuniu-grande-publico-em-estrela\/\" \/>\n<meta property=\"og:site_name\" content=\"Folha Popular\" \/>\n<meta property=\"article:published_time\" content=\"2022-10-13T19:27:24+00:00\" \/>\n<meta property=\"article:modified_time\" content=\"2022-10-13T19:28:23+00:00\" \/>\n<meta property=\"og:image\" content=\"http:\/\/folhapopular.info\/wp-content\/uploads\/2022\/10\/Brincadeira-de-Crianca-Dia-da-Crianca-DINOCEPPO-CIRCULANDO-Setcel-7-e1665688811516.jpg\" \/>\n\t<meta property=\"og:image:width\" content=\"1200\" \/>\n\t<meta property=\"og:image:height\" content=\"675\" \/>\n\t<meta property=\"og:image:type\" content=\"image\/jpeg\" \/>\n<meta name=\"author\" content=\"Reda\u00e7\u00e3o Folha Popular\" \/>\n<meta name=\"twitter:card\" content=\"summary_large_image\" \/>\n<meta name=\"twitter:label1\" content=\"Escrito por\" \/>\n\t<meta name=\"twitter:data1\" content=\"Reda\u00e7\u00e3o Folha Popular\" \/>\n\t<meta name=\"twitter:label2\" content=\"Est. tempo de leitura\" \/>\n\t<meta name=\"twitter:data2\" content=\"2 minutos\" \/>\n<script type=\"application\/ld+json\" class=\"yoast-schema-graph\">{\"@context\":\"https:\\\/\\\/schema.org\",\"@graph\":[{\"@type\":\"Article\",\"@id\":\"https:\\\/\\\/folhapopular.info\\\/index.php\\\/2022\\\/10\\\/13\\\/programacao-de-dia-das-criancas-reuniu-grande-publico-em-estrela\\\/#article\",\"isPartOf\":{\"@id\":\"https:\\\/\\\/folhapopular.info\\\/index.php\\\/2022\\\/10\\\/13\\\/programacao-de-dia-das-criancas-reuniu-grande-publico-em-estrela\\\/\"},\"author\":{\"name\":\"Reda\u00e7\u00e3o Folha Popular\",\"@id\":\"https:\\\/\\\/folhapopular.info\\\/#\\\/schema\\\/person\\\/2814e8a0df7643585a9ca38bc6eb9d4b\"},\"headline\":\"Programa\u00e7\u00e3o de Dia das Crian\u00e7as reuniu grande p\u00fablico em Estrela\",\"datePublished\":\"2022-10-13T19:27:24+00:00\",\"dateModified\":\"2022-10-13T19:28:23+00:00\",\"mainEntityOfPage\":{\"@id\":\"https:\\\/\\\/folhapopular.info\\\/index.php\\\/2022\\\/10\\\/13\\\/programacao-de-dia-das-criancas-reuniu-grande-publico-em-estrela\\\/\"},\"wordCount\":286,\"commentCount\":0,\"image\":{\"@id\":\"https:\\\/\\\/folhapopular.info\\\/index.php\\\/2022\\\/10\\\/13\\\/programacao-de-dia-das-criancas-reuniu-grande-publico-em-estrela\\\/#primaryimage\"},\"thumbnailUrl\":\"https:\\\/\\\/folhapopular.info\\\/wp-content\\\/uploads\\\/2022\\\/10\\\/Brincadeira-de-Crianca-Dia-da-Crianca-DINOCEPPO-CIRCULANDO-Setcel-7-e1665688811516.jpg\",\"keywords\":[\"Comunidade\",\"Crian\u00e7as\",\"Dia das Crian\u00e7as\",\"Estrela\",\"fam\u00edlia\",\"Programa\u00e7\u00e3o\"],\"articleSection\":[\"Destaques\",\"Geral\"],\"inLanguage\":\"pt-BR\",\"potentialAction\":[{\"@type\":\"CommentAction\",\"name\":\"Comment\",\"target\":[\"https:\\\/\\\/folhapopular.info\\\/index.php\\\/2022\\\/10\\\/13\\\/programacao-de-dia-das-criancas-reuniu-grande-publico-em-estrela\\\/#respond\"]}]},{\"@type\":\"WebPage\",\"@id\":\"https:\\\/\\\/folhapopular.info\\\/index.php\\\/2022\\\/10\\\/13\\\/programacao-de-dia-das-criancas-reuniu-grande-publico-em-estrela\\\/\",\"url\":\"https:\\\/\\\/folhapopular.info\\\/index.php\\\/2022\\\/10\\\/13\\\/programacao-de-dia-das-criancas-reuniu-grande-publico-em-estrela\\\/\",\"name\":\"Programa\u00e7\u00e3o de Dia das Crian\u00e7as reuniu grande p\u00fablico em Estrela - Folha Popular\",\"isPartOf\":{\"@id\":\"https:\\\/\\\/folhapopular.info\\\/#website\"},\"primaryImageOfPage\":{\"@id\":\"https:\\\/\\\/folhapopular.info\\\/index.php\\\/2022\\\/10\\\/13\\\/programacao-de-dia-das-criancas-reuniu-grande-publico-em-estrela\\\/#primaryimage\"},\"image\":{\"@id\":\"https:\\\/\\\/folhapopular.info\\\/index.php\\\/2022\\\/10\\\/13\\\/programacao-de-dia-das-criancas-reuniu-grande-publico-em-estrela\\\/#primaryimage\"},\"thumbnailUrl\":\"https:\\\/\\\/folhapopular.info\\\/wp-content\\\/uploads\\\/2022\\\/10\\\/Brincadeira-de-Crianca-Dia-da-Crianca-DINOCEPPO-CIRCULANDO-Setcel-7-e1665688811516.jpg\",\"datePublished\":\"2022-10-13T19:27:24+00:00\",\"dateModified\":\"2022-10-13T19:28:23+00:00\",\"author\":{\"@id\":\"https:\\\/\\\/folhapopular.info\\\/#\\\/schema\\\/person\\\/2814e8a0df7643585a9ca38bc6eb9d4b\"},\"breadcrumb\":{\"@id\":\"https:\\\/\\\/folhapopular.info\\\/index.php\\\/2022\\\/10\\\/13\\\/programacao-de-dia-das-criancas-reuniu-grande-publico-em-estrela\\\/#breadcrumb\"},\"inLanguage\":\"pt-BR\",\"potentialAction\":[{\"@type\":\"ReadAction\",\"target\":[\"https:\\\/\\\/folhapopular.info\\\/index.php\\\/2022\\\/10\\\/13\\\/programacao-de-dia-das-criancas-reuniu-grande-publico-em-estrela\\\/\"]}]},{\"@type\":\"ImageObject\",\"inLanguage\":\"pt-BR\",\"@id\":\"https:\\\/\\\/folhapopular.info\\\/index.php\\\/2022\\\/10\\\/13\\\/programacao-de-dia-das-criancas-reuniu-grande-publico-em-estrela\\\/#primaryimage\",\"url\":\"https:\\\/\\\/folhapopular.info\\\/wp-content\\\/uploads\\\/2022\\\/10\\\/Brincadeira-de-Crianca-Dia-da-Crianca-DINOCEPPO-CIRCULANDO-Setcel-7-e1665688811516.jpg\",\"contentUrl\":\"https:\\\/\\\/folhapopular.info\\\/wp-content\\\/uploads\\\/2022\\\/10\\\/Brincadeira-de-Crianca-Dia-da-Crianca-DINOCEPPO-CIRCULANDO-Setcel-7-e1665688811516.jpg\",\"width\":1200,\"height\":675,\"caption\":\"Estimativa \u00e9 que mais de tr\u00eas mil pessoas compareceram no Parque \\\/ Cr\u00e9dito: Setcel \\\/ Divulga\u00e7\u00e3o\"},{\"@type\":\"BreadcrumbList\",\"@id\":\"https:\\\/\\\/folhapopular.info\\\/index.php\\\/2022\\\/10\\\/13\\\/programacao-de-dia-das-criancas-reuniu-grande-publico-em-estrela\\\/#breadcrumb\",\"itemListElement\":[{\"@type\":\"ListItem\",\"position\":1,\"name\":\"In\u00edcio\",\"item\":\"https:\\\/\\\/folhapopular.info\\\/\"},{\"@type\":\"ListItem\",\"position\":2,\"name\":\"Programa\u00e7\u00e3o de Dia das Crian\u00e7as reuniu grande p\u00fablico em Estrela\"}]},{\"@type\":\"WebSite\",\"@id\":\"https:\\\/\\\/folhapopular.info\\\/#website\",\"url\":\"https:\\\/\\\/folhapopular.info\\\/\",\"name\":\"Folha Popular\",\"description\":\"Onde voc\u00ea tem vez e voz\",\"potentialAction\":[{\"@type\":\"SearchAction\",\"target\":{\"@type\":\"EntryPoint\",\"urlTemplate\":\"https:\\\/\\\/folhapopular.info\\\/?s={search_term_string}\"},\"query-input\":{\"@type\":\"PropertyValueSpecification\",\"valueRequired\":true,\"valueName\":\"search_term_string\"}}],\"inLanguage\":\"pt-BR\"},{\"@type\":\"Person\",\"@id\":\"https:\\\/\\\/folhapopular.info\\\/#\\\/schema\\\/person\\\/2814e8a0df7643585a9ca38bc6eb9d4b\",\"name\":\"Reda\u00e7\u00e3o Folha Popular\",\"image\":{\"@type\":\"ImageObject\",\"inLanguage\":\"pt-BR\",\"@id\":\"https:\\\/\\\/folhapopular.info\\\/wp-content\\\/uploads\\\/2026\\\/04\\\/Folha-1.webp\",\"url\":\"https:\\\/\\\/folhapopular.info\\\/wp-content\\\/uploads\\\/2026\\\/04\\\/Folha-1.webp\",\"contentUrl\":\"https:\\\/\\\/folhapopular.info\\\/wp-content\\\/uploads\\\/2026\\\/04\\\/Folha-1.webp\",\"caption\":\"Reda\u00e7\u00e3o Folha Popular\"},\"url\":\"https:\\\/\\\/folhapopular.info\\\/index.php\\\/author\\\/redacao\\\/\"}]}<\/script>\n<!-- \/ Yoast SEO plugin. -->","yoast_head_json":{"title":"Programa\u00e7\u00e3o de Dia das Crian\u00e7as reuniu grande p\u00fablico em Estrela - Folha Popular","robots":{"index":"index","follow":"follow","max-snippet":"max-snippet:-1","max-image-preview":"max-image-preview:large","max-video-preview":"max-video-preview:-1"},"canonical":"https:\/\/folhapopular.info\/index.php\/2022\/10\/13\/programacao-de-dia-das-criancas-reuniu-grande-publico-em-estrela\/","og_locale":"pt_BR","og_type":"article","og_title":"Programa\u00e7\u00e3o de Dia das Crian\u00e7as reuniu grande p\u00fablico em Estrela - Folha Popular","og_description":"Nesta quarta-feira (12\/10) a comunidade de Estrela se reuniu em um grande p\u00fablico animado com as diferentes atividades do evento &#8220;Brincadeira de Crian\u00e7as&#8221; no Parque Princesa do Vale. A programa\u00e7\u00e3o foi promovida pelo Governo de Estrela com intuito de marcar o Dia da Crian\u00e7as. M\u00fasicas, personagens infantis, tirolesa, brinquedos infl\u00e1veis, pula-pula e outros tamb\u00e9m estavam [&hellip;]","og_url":"https:\/\/folhapopular.info\/index.php\/2022\/10\/13\/programacao-de-dia-das-criancas-reuniu-grande-publico-em-estrela\/","og_site_name":"Folha Popular","article_published_time":"2022-10-13T19:27:24+00:00","article_modified_time":"2022-10-13T19:28:23+00:00","og_image":[{"width":1200,"height":675,"url":"http:\/\/folhapopular.info\/wp-content\/uploads\/2022\/10\/Brincadeira-de-Crianca-Dia-da-Crianca-DINOCEPPO-CIRCULANDO-Setcel-7-e1665688811516.jpg","type":"image\/jpeg"}],"author":"Reda\u00e7\u00e3o Folha Popular","twitter_card":"summary_large_image","twitter_misc":{"Escrito por":"Reda\u00e7\u00e3o Folha Popular","Est. tempo de leitura":"2 minutos"},"schema":{"@context":"https:\/\/schema.org","@graph":[{"@type":"Article","@id":"https:\/\/folhapopular.info\/index.php\/2022\/10\/13\/programacao-de-dia-das-criancas-reuniu-grande-publico-em-estrela\/#article","isPartOf":{"@id":"https:\/\/folhapopular.info\/index.php\/2022\/10\/13\/programacao-de-dia-das-criancas-reuniu-grande-publico-em-estrela\/"},"author":{"name":"Reda\u00e7\u00e3o Folha Popular","@id":"https:\/\/folhapopular.info\/#\/schema\/person\/2814e8a0df7643585a9ca38bc6eb9d4b"},"headline":"Programa\u00e7\u00e3o de Dia das Crian\u00e7as reuniu grande p\u00fablico em Estrela","datePublished":"2022-10-13T19:27:24+00:00","dateModified":"2022-10-13T19:28:23+00:00","mainEntityOfPage":{"@id":"https:\/\/folhapopular.info\/index.php\/2022\/10\/13\/programacao-de-dia-das-criancas-reuniu-grande-publico-em-estrela\/"},"wordCount":286,"commentCount":0,"image":{"@id":"https:\/\/folhapopular.info\/index.php\/2022\/10\/13\/programacao-de-dia-das-criancas-reuniu-grande-publico-em-estrela\/#primaryimage"},"thumbnailUrl":"https:\/\/folhapopular.info\/wp-content\/uploads\/2022\/10\/Brincadeira-de-Crianca-Dia-da-Crianca-DINOCEPPO-CIRCULANDO-Setcel-7-e1665688811516.jpg","keywords":["Comunidade","Crian\u00e7as","Dia das Crian\u00e7as","Estrela","fam\u00edlia","Programa\u00e7\u00e3o"],"articleSection":["Destaques","Geral"],"inLanguage":"pt-BR","potentialAction":[{"@type":"CommentAction","name":"Comment","target":["https:\/\/folhapopular.info\/index.php\/2022\/10\/13\/programacao-de-dia-das-criancas-reuniu-grande-publico-em-estrela\/#respond"]}]},{"@type":"WebPage","@id":"https:\/\/folhapopular.info\/index.php\/2022\/10\/13\/programacao-de-dia-das-criancas-reuniu-grande-publico-em-estrela\/","url":"https:\/\/folhapopular.info\/index.php\/2022\/10\/13\/programacao-de-dia-das-criancas-reuniu-grande-publico-em-estrela\/","name":"Programa\u00e7\u00e3o de Dia das Crian\u00e7as reuniu grande p\u00fablico em Estrela - Folha Popular","isPartOf":{"@id":"https:\/\/folhapopular.info\/#website"},"primaryImageOfPage":{"@id":"https:\/\/folhapopular.info\/index.php\/2022\/10\/13\/programacao-de-dia-das-criancas-reuniu-grande-publico-em-estrela\/#primaryimage"},"image":{"@id":"https:\/\/folhapopular.info\/index.php\/2022\/10\/13\/programacao-de-dia-das-criancas-reuniu-grande-publico-em-estrela\/#primaryimage"},"thumbnailUrl":"https:\/\/folhapopular.info\/wp-content\/uploads\/2022\/10\/Brincadeira-de-Crianca-Dia-da-Crianca-DINOCEPPO-CIRCULANDO-Setcel-7-e1665688811516.jpg","datePublished":"2022-10-13T19:27:24+00:00","dateModified":"2022-10-13T19:28:23+00:00","author":{"@id":"https:\/\/folhapopular.info\/#\/schema\/person\/2814e8a0df7643585a9ca38bc6eb9d4b"},"breadcrumb":{"@id":"https:\/\/folhapopular.info\/index.php\/2022\/10\/13\/programacao-de-dia-das-criancas-reuniu-grande-publico-em-estrela\/#breadcrumb"},"inLanguage":"pt-BR","potentialAction":[{"@type":"ReadAction","target":["https:\/\/folhapopular.info\/index.php\/2022\/10\/13\/programacao-de-dia-das-criancas-reuniu-grande-publico-em-estrela\/"]}]},{"@type":"ImageObject","inLanguage":"pt-BR","@id":"https:\/\/folhapopular.info\/index.php\/2022\/10\/13\/programacao-de-dia-das-criancas-reuniu-grande-publico-em-estrela\/#primaryimage","url":"https:\/\/folhapopular.info\/wp-content\/uploads\/2022\/10\/Brincadeira-de-Crianca-Dia-da-Crianca-DINOCEPPO-CIRCULANDO-Setcel-7-e1665688811516.jpg","contentUrl":"https:\/\/folhapopular.info\/wp-content\/uploads\/2022\/10\/Brincadeira-de-Crianca-Dia-da-Crianca-DINOCEPPO-CIRCULANDO-Setcel-7-e1665688811516.jpg","width":1200,"height":675,"caption":"Estimativa \u00e9 que mais de tr\u00eas mil pessoas compareceram no Parque \/ Cr\u00e9dito: Setcel \/ Divulga\u00e7\u00e3o"},{"@type":"BreadcrumbList","@id":"https:\/\/folhapopular.info\/index.php\/2022\/10\/13\/programacao-de-dia-das-criancas-reuniu-grande-publico-em-estrela\/#breadcrumb","itemListElement":[{"@type":"ListItem","position":1,"name":"In\u00edcio","item":"https:\/\/folhapopular.info\/"},{"@type":"ListItem","position":2,"name":"Programa\u00e7\u00e3o de Dia das Crian\u00e7as reuniu grande p\u00fablico em Estrela"}]},{"@type":"WebSite","@id":"https:\/\/folhapopular.info\/#website","url":"https:\/\/folhapopular.info\/","name":"Folha Popular","description":"Onde voc\u00ea tem vez e voz","potentialAction":[{"@type":"SearchAction","target":{"@type":"EntryPoint","urlTemplate":"https:\/\/folhapopular.info\/?s={search_term_string}"},"query-input":{"@type":"PropertyValueSpecification","valueRequired":true,"valueName":"search_term_string"}}],"inLanguage":"pt-BR"},{"@type":"Person","@id":"https:\/\/folhapopular.info\/#\/schema\/person\/2814e8a0df7643585a9ca38bc6eb9d4b","name":"Reda\u00e7\u00e3o Folha Popular","image":{"@type":"ImageObject","inLanguage":"pt-BR","@id":"https:\/\/folhapopular.info\/wp-content\/uploads\/2026\/04\/Folha-1.webp","url":"https:\/\/folhapopular.info\/wp-content\/uploads\/2026\/04\/Folha-1.webp","contentUrl":"https:\/\/folhapopular.info\/wp-content\/uploads\/2026\/04\/Folha-1.webp","caption":"Reda\u00e7\u00e3o Folha Popular"},"url":"https:\/\/folhapopular.info\/index.php\/author\/redacao\/"}]}},"jetpack_featured_media_url":"https:\/\/folhapopular.info\/wp-content\/uploads\/2022\/10\/Brincadeira-de-Crianca-Dia-da-Crianca-DINOCEPPO-CIRCULANDO-Setcel-7-e1665688811516.jpg","jetpack_sharing_enabled":true,"amp_enabled":true,"_links":{"self":[{"href":"https:\/\/folhapopular.info\/index.php\/wp-json\/wp\/v2\/posts\/114588","targetHints":{"allow":["GET"]}}],"collection":[{"href":"https:\/\/folhapopular.info\/index.php\/wp-json\/wp\/v2\/posts"}],"about":[{"href":"https:\/\/folhapopular.info\/index.php\/wp-json\/wp\/v2\/types\/post"}],"author":[{"embeddable":true,"href":"https:\/\/folhapopular.info\/index.php\/wp-json\/wp\/v2\/users\/8"}],"replies":[{"embeddable":true,"href":"https:\/\/folhapopular.info\/index.php\/wp-json\/wp\/v2\/comments?post=114588"}],"version-history":[{"count":0,"href":"https:\/\/folhapopular.info\/index.php\/wp-json\/wp\/v2\/posts\/114588\/revisions"}],"wp:featuredmedia":[{"embeddable":true,"href":"https:\/\/folhapopular.info\/index.php\/wp-json\/wp\/v2\/media\/114589"}],"wp:attachment":[{"href":"https:\/\/folhapopular.info\/index.php\/wp-json\/wp\/v2\/media?parent=114588"}],"wp:term":[{"taxonomy":"category","embeddable":true,"href":"https:\/\/folhapopular.info\/index.php\/wp-json\/wp\/v2\/categories?post=114588"},{"taxonomy":"post_tag","embeddable":true,"href":"https:\/\/folhapopular.info\/index.php\/wp-json\/wp\/v2\/tags?post=114588"}],"curies":[{"name":"wp","href":"https:\/\/api.w.org\/{rel}","templated":true}]}}