{"id":114629,"date":"2022-10-14T14:30:00","date_gmt":"2022-10-14T17:30:00","guid":{"rendered":"https:\/\/folhapopular.info\/?p=114629"},"modified":"2022-10-14T14:30:09","modified_gmt":"2022-10-14T17:30:09","slug":"jaque-weber-quebra-recorde-e-traz-medalha-para-o-brasil","status":"publish","type":"post","link":"https:\/\/folhapopular.info\/index.php\/2022\/10\/14\/jaque-weber-quebra-recorde-e-traz-medalha-para-o-brasil\/","title":{"rendered":"Jaque Weber quebra recorde e traz medalha para o Brasil"},"content":{"rendered":"\n<p>A atleta teutoniense, Jaqueline Beatriz Weber, conquistou um grande resultado na noite dessa quinta-feira (13\/10), em Assun\u00e7\u00e3o, no Paraguai. Ela obteve a medalha de bronze na prova dos 1.500 metros rasos, com a marca de 4min17seg50cen. Apesar da forte chuva que caia no momento da prova, Jaque fez sua melhor marca da carreira e superou atletas mais bem posicionadas no ranking.<\/p>\n\n\n\n<p>\u201cEstou muito feliz com resultado. Fazer a melhor marca da carreira apesar da chuva e em um evento desta grandeza \u00e9 muito gratificante. A prova dos 1.500 metros \u00e9 minha segunda principal e sab\u00edamos das dificuldades que seria conquistar uma medalha nesta dist\u00e2ncia. Estou muito bem preparada, tanto que consegui quebrar o recorde pessoal hoje, isso fez com que superasse atletas com marcas melhores que a minha e subisse no p\u00f3dio para trazer esta medalha para o Brasil. Agora \u00e9 descansar porque neste s\u00e1bado tem os 800 metros. Agrade\u00e7o a enorme torcida e carinho de todos\u201d, comenta Jaque.<\/p>\n\n\n\n<p>O treinador Fabiano Pe\u00e7anha tamb\u00e9m est\u00e1 muito satisfeito com o resultado. \u201cEstou muito feliz com o resultado da Jaque. Foi a \u00fanica atleta da prova que superou seu pr\u00f3prio recorde, mesmo com a chuva e a pista encharcada, que interferiram muito nos resultados. Para mim essa conquista \u00e9 muito especial tamb\u00e9m, pois al\u00e9m de noivo e torcedor, sou tamb\u00e9m o treinador dela e n\u00e3o tive esta medalha de Jogos Sul-Americanos enquanto fui atleta. Hoje a Jaque me deu este presente. Um dia hist\u00f3rico e ainda tem os 800 metros no s\u00e1bado\u201d, destaca.<\/p>\n\n\n\n<p>A competi\u00e7\u00e3o \u00e9 o maior evento multiesportivo da Am\u00e9rica do Sul e acontece a cada quatro anos. O evento pr\u00e9-qualifica os campe\u00f5es de v\u00e1rias modalidades para o Pan de 2023. O Brasil est\u00e1 liderando o quadro de medalhas, seguido por Col\u00f4mbia e Argentina. Jaque volta para a pista neste s\u00e1bado (15\/10), \u00e0s 9h15, para a disputa dos 800 metros rasos. O evento ter\u00e1 transmiss\u00e3o do Canal Ol\u00edmpico do Brasil.<\/p>\n","protected":false},"excerpt":{"rendered":"<p>A atleta teutoniense, Jaqueline Beatriz Weber, conquistou um grande resultado na noite dessa quinta-feira (13\/10), em Assun\u00e7\u00e3o, no Paraguai. Ela obteve a medalha de bronze na prova dos 1.500 metros rasos, com a marca de 4min17seg50cen. Apesar da forte chuva que caia no momento da prova, Jaque fez sua melhor marca da carreira e superou [&hellip;]<\/p>\n","protected":false},"author":8,"featured_media":114630,"comment_status":"open","ping_status":"open","sticky":false,"template":"","format":"standard","meta":{"pmpro_default_level":"","_jetpack_memberships_contains_paid_content":false,"footnotes":""},"categories":[5],"tags":[10130,80,137,4939,10131],"class_list":{"0":"post-114629","1":"post","2":"type-post","3":"status-publish","4":"format-standard","5":"has-post-thumbnail","7":"category-esportes","8":"tag-1-500-metros","9":"tag-atletismo","10":"tag-esporte","11":"tag-jaque-weber","12":"tag-jogos-sul-americanos","13":"pmpro-has-access"},"yoast_head":"<!-- This site is optimized with the Yoast SEO plugin v27.5 - https:\/\/yoast.com\/product\/yoast-seo-wordpress\/ -->\n<title>Jaque Weber quebra recorde e traz medalha para o Brasil - Folha Popular<\/title>\n<meta name=\"robots\" content=\"index, follow, max-snippet:-1, max-image-preview:large, max-video-preview:-1\" \/>\n<link rel=\"canonical\" href=\"https:\/\/folhapopular.info\/index.php\/2022\/10\/14\/jaque-weber-quebra-recorde-e-traz-medalha-para-o-brasil\/\" \/>\n<meta property=\"og:locale\" content=\"pt_BR\" \/>\n<meta property=\"og:type\" content=\"article\" \/>\n<meta property=\"og:title\" content=\"Jaque Weber quebra recorde e traz medalha para o Brasil - Folha Popular\" \/>\n<meta property=\"og:description\" content=\"A atleta teutoniense, Jaqueline Beatriz Weber, conquistou um grande resultado na noite dessa quinta-feira (13\/10), em Assun\u00e7\u00e3o, no Paraguai. Ela obteve a medalha de bronze na prova dos 1.500 metros rasos, com a marca de 4min17seg50cen. Apesar da forte chuva que caia no momento da prova, Jaque fez sua melhor marca da carreira e superou [&hellip;]\" \/>\n<meta property=\"og:url\" content=\"https:\/\/folhapopular.info\/index.php\/2022\/10\/14\/jaque-weber-quebra-recorde-e-traz-medalha-para-o-brasil\/\" \/>\n<meta property=\"og:site_name\" content=\"Folha Popular\" \/>\n<meta property=\"article:published_time\" content=\"2022-10-14T17:30:00+00:00\" \/>\n<meta property=\"article:modified_time\" content=\"2022-10-14T17:30:09+00:00\" \/>\n<meta property=\"og:image\" content=\"http:\/\/folhapopular.info\/wp-content\/uploads\/2022\/10\/WhatsApp-Image-2022-10-14-at-11.27.58.jpeg\" \/>\n\t<meta property=\"og:image:width\" content=\"640\" \/>\n\t<meta property=\"og:image:height\" content=\"800\" \/>\n\t<meta property=\"og:image:type\" content=\"image\/jpeg\" \/>\n<meta name=\"author\" content=\"Reda\u00e7\u00e3o Folha Popular\" \/>\n<meta name=\"twitter:card\" content=\"summary_large_image\" \/>\n<meta name=\"twitter:label1\" content=\"Escrito por\" \/>\n\t<meta name=\"twitter:data1\" content=\"Reda\u00e7\u00e3o Folha Popular\" \/>\n\t<meta name=\"twitter:label2\" content=\"Est. tempo de leitura\" \/>\n\t<meta name=\"twitter:data2\" content=\"2 minutos\" \/>\n<script type=\"application\/ld+json\" class=\"yoast-schema-graph\">{\"@context\":\"https:\\\/\\\/schema.org\",\"@graph\":[{\"@type\":\"Article\",\"@id\":\"https:\\\/\\\/folhapopular.info\\\/index.php\\\/2022\\\/10\\\/14\\\/jaque-weber-quebra-recorde-e-traz-medalha-para-o-brasil\\\/#article\",\"isPartOf\":{\"@id\":\"https:\\\/\\\/folhapopular.info\\\/index.php\\\/2022\\\/10\\\/14\\\/jaque-weber-quebra-recorde-e-traz-medalha-para-o-brasil\\\/\"},\"author\":{\"name\":\"Reda\u00e7\u00e3o Folha Popular\",\"@id\":\"https:\\\/\\\/folhapopular.info\\\/#\\\/schema\\\/person\\\/2814e8a0df7643585a9ca38bc6eb9d4b\"},\"headline\":\"Jaque Weber quebra recorde e traz medalha para o Brasil\",\"datePublished\":\"2022-10-14T17:30:00+00:00\",\"dateModified\":\"2022-10-14T17:30:09+00:00\",\"mainEntityOfPage\":{\"@id\":\"https:\\\/\\\/folhapopular.info\\\/index.php\\\/2022\\\/10\\\/14\\\/jaque-weber-quebra-recorde-e-traz-medalha-para-o-brasil\\\/\"},\"wordCount\":343,\"commentCount\":0,\"image\":{\"@id\":\"https:\\\/\\\/folhapopular.info\\\/index.php\\\/2022\\\/10\\\/14\\\/jaque-weber-quebra-recorde-e-traz-medalha-para-o-brasil\\\/#primaryimage\"},\"thumbnailUrl\":\"https:\\\/\\\/folhapopular.info\\\/wp-content\\\/uploads\\\/2022\\\/10\\\/WhatsApp-Image-2022-10-14-at-11.27.58.jpeg\",\"keywords\":[\"1.500 metros\",\"Atletismo\",\"Esporte\",\"Jaque Weber\",\"Jogos Sul-Americanos\"],\"articleSection\":[\"Esportes\"],\"inLanguage\":\"pt-BR\",\"potentialAction\":[{\"@type\":\"CommentAction\",\"name\":\"Comment\",\"target\":[\"https:\\\/\\\/folhapopular.info\\\/index.php\\\/2022\\\/10\\\/14\\\/jaque-weber-quebra-recorde-e-traz-medalha-para-o-brasil\\\/#respond\"]}]},{\"@type\":\"WebPage\",\"@id\":\"https:\\\/\\\/folhapopular.info\\\/index.php\\\/2022\\\/10\\\/14\\\/jaque-weber-quebra-recorde-e-traz-medalha-para-o-brasil\\\/\",\"url\":\"https:\\\/\\\/folhapopular.info\\\/index.php\\\/2022\\\/10\\\/14\\\/jaque-weber-quebra-recorde-e-traz-medalha-para-o-brasil\\\/\",\"name\":\"Jaque Weber quebra recorde e traz medalha para o Brasil - Folha Popular\",\"isPartOf\":{\"@id\":\"https:\\\/\\\/folhapopular.info\\\/#website\"},\"primaryImageOfPage\":{\"@id\":\"https:\\\/\\\/folhapopular.info\\\/index.php\\\/2022\\\/10\\\/14\\\/jaque-weber-quebra-recorde-e-traz-medalha-para-o-brasil\\\/#primaryimage\"},\"image\":{\"@id\":\"https:\\\/\\\/folhapopular.info\\\/index.php\\\/2022\\\/10\\\/14\\\/jaque-weber-quebra-recorde-e-traz-medalha-para-o-brasil\\\/#primaryimage\"},\"thumbnailUrl\":\"https:\\\/\\\/folhapopular.info\\\/wp-content\\\/uploads\\\/2022\\\/10\\\/WhatsApp-Image-2022-10-14-at-11.27.58.jpeg\",\"datePublished\":\"2022-10-14T17:30:00+00:00\",\"dateModified\":\"2022-10-14T17:30:09+00:00\",\"author\":{\"@id\":\"https:\\\/\\\/folhapopular.info\\\/#\\\/schema\\\/person\\\/2814e8a0df7643585a9ca38bc6eb9d4b\"},\"breadcrumb\":{\"@id\":\"https:\\\/\\\/folhapopular.info\\\/index.php\\\/2022\\\/10\\\/14\\\/jaque-weber-quebra-recorde-e-traz-medalha-para-o-brasil\\\/#breadcrumb\"},\"inLanguage\":\"pt-BR\",\"potentialAction\":[{\"@type\":\"ReadAction\",\"target\":[\"https:\\\/\\\/folhapopular.info\\\/index.php\\\/2022\\\/10\\\/14\\\/jaque-weber-quebra-recorde-e-traz-medalha-para-o-brasil\\\/\"]}]},{\"@type\":\"ImageObject\",\"inLanguage\":\"pt-BR\",\"@id\":\"https:\\\/\\\/folhapopular.info\\\/index.php\\\/2022\\\/10\\\/14\\\/jaque-weber-quebra-recorde-e-traz-medalha-para-o-brasil\\\/#primaryimage\",\"url\":\"https:\\\/\\\/folhapopular.info\\\/wp-content\\\/uploads\\\/2022\\\/10\\\/WhatsApp-Image-2022-10-14-at-11.27.58.jpeg\",\"contentUrl\":\"https:\\\/\\\/folhapopular.info\\\/wp-content\\\/uploads\\\/2022\\\/10\\\/WhatsApp-Image-2022-10-14-at-11.27.58.jpeg\",\"width\":640,\"height\":800,\"caption\":\"Atleta volta \u00e0 pista amanh\u00e3 (15\\\/10) para disputa dos 800 metros\"},{\"@type\":\"BreadcrumbList\",\"@id\":\"https:\\\/\\\/folhapopular.info\\\/index.php\\\/2022\\\/10\\\/14\\\/jaque-weber-quebra-recorde-e-traz-medalha-para-o-brasil\\\/#breadcrumb\",\"itemListElement\":[{\"@type\":\"ListItem\",\"position\":1,\"name\":\"In\u00edcio\",\"item\":\"https:\\\/\\\/folhapopular.info\\\/\"},{\"@type\":\"ListItem\",\"position\":2,\"name\":\"Jaque Weber quebra recorde e traz medalha para o Brasil\"}]},{\"@type\":\"WebSite\",\"@id\":\"https:\\\/\\\/folhapopular.info\\\/#website\",\"url\":\"https:\\\/\\\/folhapopular.info\\\/\",\"name\":\"Folha Popular\",\"description\":\"Onde voc\u00ea tem vez e voz\",\"potentialAction\":[{\"@type\":\"SearchAction\",\"target\":{\"@type\":\"EntryPoint\",\"urlTemplate\":\"https:\\\/\\\/folhapopular.info\\\/?s={search_term_string}\"},\"query-input\":{\"@type\":\"PropertyValueSpecification\",\"valueRequired\":true,\"valueName\":\"search_term_string\"}}],\"inLanguage\":\"pt-BR\"},{\"@type\":\"Person\",\"@id\":\"https:\\\/\\\/folhapopular.info\\\/#\\\/schema\\\/person\\\/2814e8a0df7643585a9ca38bc6eb9d4b\",\"name\":\"Reda\u00e7\u00e3o Folha Popular\",\"image\":{\"@type\":\"ImageObject\",\"inLanguage\":\"pt-BR\",\"@id\":\"https:\\\/\\\/folhapopular.info\\\/wp-content\\\/uploads\\\/2026\\\/04\\\/Folha-1.webp\",\"url\":\"https:\\\/\\\/folhapopular.info\\\/wp-content\\\/uploads\\\/2026\\\/04\\\/Folha-1.webp\",\"contentUrl\":\"https:\\\/\\\/folhapopular.info\\\/wp-content\\\/uploads\\\/2026\\\/04\\\/Folha-1.webp\",\"caption\":\"Reda\u00e7\u00e3o Folha Popular\"},\"url\":\"https:\\\/\\\/folhapopular.info\\\/index.php\\\/author\\\/redacao\\\/\"}]}<\/script>\n<!-- \/ Yoast SEO plugin. -->","yoast_head_json":{"title":"Jaque Weber quebra recorde e traz medalha para o Brasil - Folha Popular","robots":{"index":"index","follow":"follow","max-snippet":"max-snippet:-1","max-image-preview":"max-image-preview:large","max-video-preview":"max-video-preview:-1"},"canonical":"https:\/\/folhapopular.info\/index.php\/2022\/10\/14\/jaque-weber-quebra-recorde-e-traz-medalha-para-o-brasil\/","og_locale":"pt_BR","og_type":"article","og_title":"Jaque Weber quebra recorde e traz medalha para o Brasil - Folha Popular","og_description":"A atleta teutoniense, Jaqueline Beatriz Weber, conquistou um grande resultado na noite dessa quinta-feira (13\/10), em Assun\u00e7\u00e3o, no Paraguai. Ela obteve a medalha de bronze na prova dos 1.500 metros rasos, com a marca de 4min17seg50cen. Apesar da forte chuva que caia no momento da prova, Jaque fez sua melhor marca da carreira e superou [&hellip;]","og_url":"https:\/\/folhapopular.info\/index.php\/2022\/10\/14\/jaque-weber-quebra-recorde-e-traz-medalha-para-o-brasil\/","og_site_name":"Folha Popular","article_published_time":"2022-10-14T17:30:00+00:00","article_modified_time":"2022-10-14T17:30:09+00:00","og_image":[{"width":640,"height":800,"url":"http:\/\/folhapopular.info\/wp-content\/uploads\/2022\/10\/WhatsApp-Image-2022-10-14-at-11.27.58.jpeg","type":"image\/jpeg"}],"author":"Reda\u00e7\u00e3o Folha Popular","twitter_card":"summary_large_image","twitter_misc":{"Escrito por":"Reda\u00e7\u00e3o Folha Popular","Est. tempo de leitura":"2 minutos"},"schema":{"@context":"https:\/\/schema.org","@graph":[{"@type":"Article","@id":"https:\/\/folhapopular.info\/index.php\/2022\/10\/14\/jaque-weber-quebra-recorde-e-traz-medalha-para-o-brasil\/#article","isPartOf":{"@id":"https:\/\/folhapopular.info\/index.php\/2022\/10\/14\/jaque-weber-quebra-recorde-e-traz-medalha-para-o-brasil\/"},"author":{"name":"Reda\u00e7\u00e3o Folha Popular","@id":"https:\/\/folhapopular.info\/#\/schema\/person\/2814e8a0df7643585a9ca38bc6eb9d4b"},"headline":"Jaque Weber quebra recorde e traz medalha para o Brasil","datePublished":"2022-10-14T17:30:00+00:00","dateModified":"2022-10-14T17:30:09+00:00","mainEntityOfPage":{"@id":"https:\/\/folhapopular.info\/index.php\/2022\/10\/14\/jaque-weber-quebra-recorde-e-traz-medalha-para-o-brasil\/"},"wordCount":343,"commentCount":0,"image":{"@id":"https:\/\/folhapopular.info\/index.php\/2022\/10\/14\/jaque-weber-quebra-recorde-e-traz-medalha-para-o-brasil\/#primaryimage"},"thumbnailUrl":"https:\/\/folhapopular.info\/wp-content\/uploads\/2022\/10\/WhatsApp-Image-2022-10-14-at-11.27.58.jpeg","keywords":["1.500 metros","Atletismo","Esporte","Jaque Weber","Jogos Sul-Americanos"],"articleSection":["Esportes"],"inLanguage":"pt-BR","potentialAction":[{"@type":"CommentAction","name":"Comment","target":["https:\/\/folhapopular.info\/index.php\/2022\/10\/14\/jaque-weber-quebra-recorde-e-traz-medalha-para-o-brasil\/#respond"]}]},{"@type":"WebPage","@id":"https:\/\/folhapopular.info\/index.php\/2022\/10\/14\/jaque-weber-quebra-recorde-e-traz-medalha-para-o-brasil\/","url":"https:\/\/folhapopular.info\/index.php\/2022\/10\/14\/jaque-weber-quebra-recorde-e-traz-medalha-para-o-brasil\/","name":"Jaque Weber quebra recorde e traz medalha para o Brasil - Folha Popular","isPartOf":{"@id":"https:\/\/folhapopular.info\/#website"},"primaryImageOfPage":{"@id":"https:\/\/folhapopular.info\/index.php\/2022\/10\/14\/jaque-weber-quebra-recorde-e-traz-medalha-para-o-brasil\/#primaryimage"},"image":{"@id":"https:\/\/folhapopular.info\/index.php\/2022\/10\/14\/jaque-weber-quebra-recorde-e-traz-medalha-para-o-brasil\/#primaryimage"},"thumbnailUrl":"https:\/\/folhapopular.info\/wp-content\/uploads\/2022\/10\/WhatsApp-Image-2022-10-14-at-11.27.58.jpeg","datePublished":"2022-10-14T17:30:00+00:00","dateModified":"2022-10-14T17:30:09+00:00","author":{"@id":"https:\/\/folhapopular.info\/#\/schema\/person\/2814e8a0df7643585a9ca38bc6eb9d4b"},"breadcrumb":{"@id":"https:\/\/folhapopular.info\/index.php\/2022\/10\/14\/jaque-weber-quebra-recorde-e-traz-medalha-para-o-brasil\/#breadcrumb"},"inLanguage":"pt-BR","potentialAction":[{"@type":"ReadAction","target":["https:\/\/folhapopular.info\/index.php\/2022\/10\/14\/jaque-weber-quebra-recorde-e-traz-medalha-para-o-brasil\/"]}]},{"@type":"ImageObject","inLanguage":"pt-BR","@id":"https:\/\/folhapopular.info\/index.php\/2022\/10\/14\/jaque-weber-quebra-recorde-e-traz-medalha-para-o-brasil\/#primaryimage","url":"https:\/\/folhapopular.info\/wp-content\/uploads\/2022\/10\/WhatsApp-Image-2022-10-14-at-11.27.58.jpeg","contentUrl":"https:\/\/folhapopular.info\/wp-content\/uploads\/2022\/10\/WhatsApp-Image-2022-10-14-at-11.27.58.jpeg","width":640,"height":800,"caption":"Atleta volta \u00e0 pista amanh\u00e3 (15\/10) para disputa dos 800 metros"},{"@type":"BreadcrumbList","@id":"https:\/\/folhapopular.info\/index.php\/2022\/10\/14\/jaque-weber-quebra-recorde-e-traz-medalha-para-o-brasil\/#breadcrumb","itemListElement":[{"@type":"ListItem","position":1,"name":"In\u00edcio","item":"https:\/\/folhapopular.info\/"},{"@type":"ListItem","position":2,"name":"Jaque Weber quebra recorde e traz medalha para o Brasil"}]},{"@type":"WebSite","@id":"https:\/\/folhapopular.info\/#website","url":"https:\/\/folhapopular.info\/","name":"Folha Popular","description":"Onde voc\u00ea tem vez e voz","potentialAction":[{"@type":"SearchAction","target":{"@type":"EntryPoint","urlTemplate":"https:\/\/folhapopular.info\/?s={search_term_string}"},"query-input":{"@type":"PropertyValueSpecification","valueRequired":true,"valueName":"search_term_string"}}],"inLanguage":"pt-BR"},{"@type":"Person","@id":"https:\/\/folhapopular.info\/#\/schema\/person\/2814e8a0df7643585a9ca38bc6eb9d4b","name":"Reda\u00e7\u00e3o Folha Popular","image":{"@type":"ImageObject","inLanguage":"pt-BR","@id":"https:\/\/folhapopular.info\/wp-content\/uploads\/2026\/04\/Folha-1.webp","url":"https:\/\/folhapopular.info\/wp-content\/uploads\/2026\/04\/Folha-1.webp","contentUrl":"https:\/\/folhapopular.info\/wp-content\/uploads\/2026\/04\/Folha-1.webp","caption":"Reda\u00e7\u00e3o Folha Popular"},"url":"https:\/\/folhapopular.info\/index.php\/author\/redacao\/"}]}},"jetpack_featured_media_url":"https:\/\/folhapopular.info\/wp-content\/uploads\/2022\/10\/WhatsApp-Image-2022-10-14-at-11.27.58.jpeg","jetpack_sharing_enabled":true,"amp_enabled":true,"_links":{"self":[{"href":"https:\/\/folhapopular.info\/index.php\/wp-json\/wp\/v2\/posts\/114629","targetHints":{"allow":["GET"]}}],"collection":[{"href":"https:\/\/folhapopular.info\/index.php\/wp-json\/wp\/v2\/posts"}],"about":[{"href":"https:\/\/folhapopular.info\/index.php\/wp-json\/wp\/v2\/types\/post"}],"author":[{"embeddable":true,"href":"https:\/\/folhapopular.info\/index.php\/wp-json\/wp\/v2\/users\/8"}],"replies":[{"embeddable":true,"href":"https:\/\/folhapopular.info\/index.php\/wp-json\/wp\/v2\/comments?post=114629"}],"version-history":[{"count":0,"href":"https:\/\/folhapopular.info\/index.php\/wp-json\/wp\/v2\/posts\/114629\/revisions"}],"wp:featuredmedia":[{"embeddable":true,"href":"https:\/\/folhapopular.info\/index.php\/wp-json\/wp\/v2\/media\/114630"}],"wp:attachment":[{"href":"https:\/\/folhapopular.info\/index.php\/wp-json\/wp\/v2\/media?parent=114629"}],"wp:term":[{"taxonomy":"category","embeddable":true,"href":"https:\/\/folhapopular.info\/index.php\/wp-json\/wp\/v2\/categories?post=114629"},{"taxonomy":"post_tag","embeddable":true,"href":"https:\/\/folhapopular.info\/index.php\/wp-json\/wp\/v2\/tags?post=114629"}],"curies":[{"name":"wp","href":"https:\/\/api.w.org\/{rel}","templated":true}]}}