{"id":114712,"date":"2022-10-15T17:38:08","date_gmt":"2022-10-15T20:38:08","guid":{"rendered":"https:\/\/folhapopular.info\/?p=114712"},"modified":"2022-10-15T17:40:26","modified_gmt":"2022-10-15T20:40:26","slug":"homem-e-preso-por-trafico-de-drogas-e-porte-de-municao-em-lajeado","status":"publish","type":"post","link":"https:\/\/folhapopular.info\/index.php\/2022\/10\/15\/homem-e-preso-por-trafico-de-drogas-e-porte-de-municao-em-lajeado\/","title":{"rendered":"Homem \u00e9 preso por tr\u00e1fico de drogas e posse de muni\u00e7\u00e3o em Lajeado"},"content":{"rendered":"\n<p class=\"wp-block-paragraph\">Um homem foi preso por tr\u00e1fico de drogas e posse de muni\u00e7\u00e3o calibre 12. A pris\u00e3o em flagrante foi feita pela Draco de Lajeado na tarde deste s\u00e1bado (15\/10). <\/p>\n\n\n\n<p class=\"wp-block-paragraph\">Os policiais cumpriam mandado de busca em uma resid\u00eancia no Centro. As investiga\u00e7\u00f5es demonstraram que o indiv\u00edduo guardava grande quantidade de drogas em sua resid\u00eancia. Conforme a Pol\u00edcia, a droga pertence a uma fac\u00e7\u00e3o criminosa. <\/p>\n\n\n\n<p class=\"wp-block-paragraph\">Durante as buscas foram localizados cerca de 30 quilos de maconha, 13 muni\u00e7\u00f5es calibre 12, um colete bal\u00edstico, um carregador de pistola 380, duas balan\u00e7as de precis\u00e3o, uma por\u00e7\u00e3o de coca\u00edna e tamb\u00e9m maconha da esp\u00e9cie camar\u00e3o. <\/p>\n\n\n\n<p class=\"wp-block-paragraph\">Ap\u00f3s os procedimentos padr\u00f5es, o preso foi encaminhado ao Pres\u00eddio Estadual de Lajeado.<\/p>\n","protected":false},"excerpt":{"rendered":"<p>Um homem foi preso por tr\u00e1fico de drogas e posse de muni\u00e7\u00e3o calibre 12. A pris\u00e3o em flagrante foi feita pela Draco de Lajeado na tarde deste s\u00e1bado (15\/10). Os policiais cumpriam mandado de busca em uma resid\u00eancia no Centro. As investiga\u00e7\u00f5es demonstraram que o indiv\u00edduo guardava grande quantidade de drogas em sua resid\u00eancia. Conforme [&hellip;]<\/p>\n","protected":false},"author":8,"featured_media":114713,"comment_status":"open","ping_status":"open","sticky":false,"template":"","format":"standard","meta":{"pmpro_default_level":"","_jetpack_memberships_contains_paid_content":false,"footnotes":""},"categories":[2,7],"tags":[],"class_list":["post-114712","post","type-post","status-publish","format-standard","has-post-thumbnail","category-featured","category-seguranca","pmpro-has-access"],"yoast_head":"<!-- This site is optimized with the Yoast SEO plugin v28.4 - https:\/\/yoast.com\/product\/yoast-seo-wordpress\/ -->\n<title>Homem \u00e9 preso por tr\u00e1fico de drogas e posse de muni\u00e7\u00e3o em Lajeado - Folha Popular<\/title>\n<meta name=\"robots\" content=\"index, follow, max-snippet:-1, max-image-preview:large, max-video-preview:-1\" \/>\n<link rel=\"canonical\" href=\"https:\/\/folhapopular.info\/index.php\/2022\/10\/15\/homem-e-preso-por-trafico-de-drogas-e-porte-de-municao-em-lajeado\/\" \/>\n<meta property=\"og:locale\" content=\"pt_BR\" \/>\n<meta property=\"og:type\" content=\"article\" \/>\n<meta property=\"og:title\" content=\"Homem \u00e9 preso por tr\u00e1fico de drogas e posse de muni\u00e7\u00e3o em Lajeado - Folha Popular\" \/>\n<meta property=\"og:description\" content=\"Um homem foi preso por tr\u00e1fico de drogas e posse de muni\u00e7\u00e3o calibre 12. A pris\u00e3o em flagrante foi feita pela Draco de Lajeado na tarde deste s\u00e1bado (15\/10). Os policiais cumpriam mandado de busca em uma resid\u00eancia no Centro. As investiga\u00e7\u00f5es demonstraram que o indiv\u00edduo guardava grande quantidade de drogas em sua resid\u00eancia. Conforme [&hellip;]\" \/>\n<meta property=\"og:url\" content=\"https:\/\/folhapopular.info\/index.php\/2022\/10\/15\/homem-e-preso-por-trafico-de-drogas-e-porte-de-municao-em-lajeado\/\" \/>\n<meta property=\"og:site_name\" content=\"Folha Popular\" \/>\n<meta property=\"article:published_time\" content=\"2022-10-15T20:38:08+00:00\" \/>\n<meta property=\"article:modified_time\" content=\"2022-10-15T20:40:26+00:00\" \/>\n<meta property=\"og:image\" content=\"http:\/\/folhapopular.info\/wp-content\/uploads\/2022\/10\/WhatsApp-Image-2022-10-15-at-16.47.40.jpeg\" \/>\n\t<meta property=\"og:image:width\" content=\"1156\" \/>\n\t<meta property=\"og:image:height\" content=\"868\" \/>\n\t<meta property=\"og:image:type\" content=\"image\/jpeg\" \/>\n<meta name=\"author\" content=\"Reda\u00e7\u00e3o Folha Popular\" \/>\n<meta name=\"twitter:card\" content=\"summary_large_image\" \/>\n<meta name=\"twitter:label1\" content=\"Escrito por\" \/>\n\t<meta name=\"twitter:data1\" content=\"Reda\u00e7\u00e3o Folha Popular\" \/>\n\t<meta name=\"twitter:label2\" content=\"Est. tempo de leitura\" \/>\n\t<meta name=\"twitter:data2\" content=\"1 minuto\" \/>\n<script type=\"application\/ld+json\" class=\"yoast-schema-graph\">{\"@context\":\"https:\\\/\\\/schema.org\",\"@graph\":[{\"@type\":\"Article\",\"@id\":\"https:\\\/\\\/folhapopular.info\\\/index.php\\\/2022\\\/10\\\/15\\\/homem-e-preso-por-trafico-de-drogas-e-porte-de-municao-em-lajeado\\\/#article\",\"isPartOf\":{\"@id\":\"https:\\\/\\\/folhapopular.info\\\/index.php\\\/2022\\\/10\\\/15\\\/homem-e-preso-por-trafico-de-drogas-e-porte-de-municao-em-lajeado\\\/\"},\"author\":{\"name\":\"Reda\u00e7\u00e3o Folha Popular\",\"@id\":\"https:\\\/\\\/folhapopular.info\\\/#\\\/schema\\\/person\\\/2814e8a0df7643585a9ca38bc6eb9d4b\"},\"headline\":\"Homem \u00e9 preso por tr\u00e1fico de drogas e posse de muni\u00e7\u00e3o em Lajeado\",\"datePublished\":\"2022-10-15T20:38:08+00:00\",\"dateModified\":\"2022-10-15T20:40:26+00:00\",\"mainEntityOfPage\":{\"@id\":\"https:\\\/\\\/folhapopular.info\\\/index.php\\\/2022\\\/10\\\/15\\\/homem-e-preso-por-trafico-de-drogas-e-porte-de-municao-em-lajeado\\\/\"},\"wordCount\":144,\"commentCount\":0,\"image\":{\"@id\":\"https:\\\/\\\/folhapopular.info\\\/index.php\\\/2022\\\/10\\\/15\\\/homem-e-preso-por-trafico-de-drogas-e-porte-de-municao-em-lajeado\\\/#primaryimage\"},\"thumbnailUrl\":\"https:\\\/\\\/folhapopular.info\\\/wp-content\\\/uploads\\\/2022\\\/10\\\/WhatsApp-Image-2022-10-15-at-16.47.40.jpeg\",\"articleSection\":[\"Destaques\",\"Seguran\u00e7a\"],\"inLanguage\":\"pt-BR\",\"potentialAction\":[{\"@type\":\"CommentAction\",\"name\":\"Comment\",\"target\":[\"https:\\\/\\\/folhapopular.info\\\/index.php\\\/2022\\\/10\\\/15\\\/homem-e-preso-por-trafico-de-drogas-e-porte-de-municao-em-lajeado\\\/#respond\"]}]},{\"@type\":\"WebPage\",\"@id\":\"https:\\\/\\\/folhapopular.info\\\/index.php\\\/2022\\\/10\\\/15\\\/homem-e-preso-por-trafico-de-drogas-e-porte-de-municao-em-lajeado\\\/\",\"url\":\"https:\\\/\\\/folhapopular.info\\\/index.php\\\/2022\\\/10\\\/15\\\/homem-e-preso-por-trafico-de-drogas-e-porte-de-municao-em-lajeado\\\/\",\"name\":\"Homem \u00e9 preso por tr\u00e1fico de drogas e posse de muni\u00e7\u00e3o em Lajeado - Folha Popular\",\"isPartOf\":{\"@id\":\"https:\\\/\\\/folhapopular.info\\\/#website\"},\"primaryImageOfPage\":{\"@id\":\"https:\\\/\\\/folhapopular.info\\\/index.php\\\/2022\\\/10\\\/15\\\/homem-e-preso-por-trafico-de-drogas-e-porte-de-municao-em-lajeado\\\/#primaryimage\"},\"image\":{\"@id\":\"https:\\\/\\\/folhapopular.info\\\/index.php\\\/2022\\\/10\\\/15\\\/homem-e-preso-por-trafico-de-drogas-e-porte-de-municao-em-lajeado\\\/#primaryimage\"},\"thumbnailUrl\":\"https:\\\/\\\/folhapopular.info\\\/wp-content\\\/uploads\\\/2022\\\/10\\\/WhatsApp-Image-2022-10-15-at-16.47.40.jpeg\",\"datePublished\":\"2022-10-15T20:38:08+00:00\",\"dateModified\":\"2022-10-15T20:40:26+00:00\",\"author\":{\"@id\":\"https:\\\/\\\/folhapopular.info\\\/#\\\/schema\\\/person\\\/2814e8a0df7643585a9ca38bc6eb9d4b\"},\"breadcrumb\":{\"@id\":\"https:\\\/\\\/folhapopular.info\\\/index.php\\\/2022\\\/10\\\/15\\\/homem-e-preso-por-trafico-de-drogas-e-porte-de-municao-em-lajeado\\\/#breadcrumb\"},\"inLanguage\":\"pt-BR\",\"potentialAction\":[{\"@type\":\"ReadAction\",\"target\":[\"https:\\\/\\\/folhapopular.info\\\/index.php\\\/2022\\\/10\\\/15\\\/homem-e-preso-por-trafico-de-drogas-e-porte-de-municao-em-lajeado\\\/\"]}]},{\"@type\":\"ImageObject\",\"inLanguage\":\"pt-BR\",\"@id\":\"https:\\\/\\\/folhapopular.info\\\/index.php\\\/2022\\\/10\\\/15\\\/homem-e-preso-por-trafico-de-drogas-e-porte-de-municao-em-lajeado\\\/#primaryimage\",\"url\":\"https:\\\/\\\/folhapopular.info\\\/wp-content\\\/uploads\\\/2022\\\/10\\\/WhatsApp-Image-2022-10-15-at-16.47.40.jpeg\",\"contentUrl\":\"https:\\\/\\\/folhapopular.info\\\/wp-content\\\/uploads\\\/2022\\\/10\\\/WhatsApp-Image-2022-10-15-at-16.47.40.jpeg\",\"width\":1156,\"height\":868,\"caption\":\"Grande quantidade de drogas e outros itens foram apreendidos \\\/\"},{\"@type\":\"BreadcrumbList\",\"@id\":\"https:\\\/\\\/folhapopular.info\\\/index.php\\\/2022\\\/10\\\/15\\\/homem-e-preso-por-trafico-de-drogas-e-porte-de-municao-em-lajeado\\\/#breadcrumb\",\"itemListElement\":[{\"@type\":\"ListItem\",\"position\":1,\"name\":\"In\u00edcio\",\"item\":\"https:\\\/\\\/folhapopular.info\\\/\"},{\"@type\":\"ListItem\",\"position\":2,\"name\":\"Homem \u00e9 preso por tr\u00e1fico de drogas e posse de muni\u00e7\u00e3o em Lajeado\"}]},{\"@type\":\"WebSite\",\"@id\":\"https:\\\/\\\/folhapopular.info\\\/#website\",\"url\":\"https:\\\/\\\/folhapopular.info\\\/\",\"name\":\"Folha Popular\",\"description\":\"Onde voc\u00ea tem vez e voz\",\"potentialAction\":[{\"@type\":\"SearchAction\",\"target\":{\"@type\":\"EntryPoint\",\"urlTemplate\":\"https:\\\/\\\/folhapopular.info\\\/?s={search_term_string}\"},\"query-input\":{\"@type\":\"PropertyValueSpecification\",\"valueRequired\":true,\"valueName\":\"search_term_string\"}}],\"inLanguage\":\"pt-BR\"},{\"@type\":\"Person\",\"@id\":\"https:\\\/\\\/folhapopular.info\\\/#\\\/schema\\\/person\\\/2814e8a0df7643585a9ca38bc6eb9d4b\",\"name\":\"Reda\u00e7\u00e3o Folha Popular\",\"image\":{\"@type\":\"ImageObject\",\"inLanguage\":\"pt-BR\",\"@id\":\"https:\\\/\\\/folhapopular.info\\\/wp-content\\\/uploads\\\/2026\\\/04\\\/Folha-1.webp\",\"url\":\"https:\\\/\\\/folhapopular.info\\\/wp-content\\\/uploads\\\/2026\\\/04\\\/Folha-1.webp\",\"contentUrl\":\"https:\\\/\\\/folhapopular.info\\\/wp-content\\\/uploads\\\/2026\\\/04\\\/Folha-1.webp\",\"caption\":\"Reda\u00e7\u00e3o Folha Popular\"},\"url\":\"https:\\\/\\\/folhapopular.info\\\/index.php\\\/author\\\/redacao\\\/\"}]}<\/script>\n<!-- \/ Yoast SEO plugin. -->","yoast_head_json":{"title":"Homem \u00e9 preso por tr\u00e1fico de drogas e posse de muni\u00e7\u00e3o em Lajeado - Folha Popular","robots":{"index":"index","follow":"follow","max-snippet":"max-snippet:-1","max-image-preview":"max-image-preview:large","max-video-preview":"max-video-preview:-1"},"canonical":"https:\/\/folhapopular.info\/index.php\/2022\/10\/15\/homem-e-preso-por-trafico-de-drogas-e-porte-de-municao-em-lajeado\/","og_locale":"pt_BR","og_type":"article","og_title":"Homem \u00e9 preso por tr\u00e1fico de drogas e posse de muni\u00e7\u00e3o em Lajeado - Folha Popular","og_description":"Um homem foi preso por tr\u00e1fico de drogas e posse de muni\u00e7\u00e3o calibre 12. A pris\u00e3o em flagrante foi feita pela Draco de Lajeado na tarde deste s\u00e1bado (15\/10). Os policiais cumpriam mandado de busca em uma resid\u00eancia no Centro. As investiga\u00e7\u00f5es demonstraram que o indiv\u00edduo guardava grande quantidade de drogas em sua resid\u00eancia. Conforme [&hellip;]","og_url":"https:\/\/folhapopular.info\/index.php\/2022\/10\/15\/homem-e-preso-por-trafico-de-drogas-e-porte-de-municao-em-lajeado\/","og_site_name":"Folha Popular","article_published_time":"2022-10-15T20:38:08+00:00","article_modified_time":"2022-10-15T20:40:26+00:00","og_image":[{"width":1156,"height":868,"url":"http:\/\/folhapopular.info\/wp-content\/uploads\/2022\/10\/WhatsApp-Image-2022-10-15-at-16.47.40.jpeg","type":"image\/jpeg"}],"author":"Reda\u00e7\u00e3o Folha Popular","twitter_card":"summary_large_image","twitter_misc":{"Escrito por":"Reda\u00e7\u00e3o Folha Popular","Est. tempo de leitura":"1 minuto"},"schema":{"@context":"https:\/\/schema.org","@graph":[{"@type":"Article","@id":"https:\/\/folhapopular.info\/index.php\/2022\/10\/15\/homem-e-preso-por-trafico-de-drogas-e-porte-de-municao-em-lajeado\/#article","isPartOf":{"@id":"https:\/\/folhapopular.info\/index.php\/2022\/10\/15\/homem-e-preso-por-trafico-de-drogas-e-porte-de-municao-em-lajeado\/"},"author":{"name":"Reda\u00e7\u00e3o Folha Popular","@id":"https:\/\/folhapopular.info\/#\/schema\/person\/2814e8a0df7643585a9ca38bc6eb9d4b"},"headline":"Homem \u00e9 preso por tr\u00e1fico de drogas e posse de muni\u00e7\u00e3o em Lajeado","datePublished":"2022-10-15T20:38:08+00:00","dateModified":"2022-10-15T20:40:26+00:00","mainEntityOfPage":{"@id":"https:\/\/folhapopular.info\/index.php\/2022\/10\/15\/homem-e-preso-por-trafico-de-drogas-e-porte-de-municao-em-lajeado\/"},"wordCount":144,"commentCount":0,"image":{"@id":"https:\/\/folhapopular.info\/index.php\/2022\/10\/15\/homem-e-preso-por-trafico-de-drogas-e-porte-de-municao-em-lajeado\/#primaryimage"},"thumbnailUrl":"https:\/\/folhapopular.info\/wp-content\/uploads\/2022\/10\/WhatsApp-Image-2022-10-15-at-16.47.40.jpeg","articleSection":["Destaques","Seguran\u00e7a"],"inLanguage":"pt-BR","potentialAction":[{"@type":"CommentAction","name":"Comment","target":["https:\/\/folhapopular.info\/index.php\/2022\/10\/15\/homem-e-preso-por-trafico-de-drogas-e-porte-de-municao-em-lajeado\/#respond"]}]},{"@type":"WebPage","@id":"https:\/\/folhapopular.info\/index.php\/2022\/10\/15\/homem-e-preso-por-trafico-de-drogas-e-porte-de-municao-em-lajeado\/","url":"https:\/\/folhapopular.info\/index.php\/2022\/10\/15\/homem-e-preso-por-trafico-de-drogas-e-porte-de-municao-em-lajeado\/","name":"Homem \u00e9 preso por tr\u00e1fico de drogas e posse de muni\u00e7\u00e3o em Lajeado - Folha Popular","isPartOf":{"@id":"https:\/\/folhapopular.info\/#website"},"primaryImageOfPage":{"@id":"https:\/\/folhapopular.info\/index.php\/2022\/10\/15\/homem-e-preso-por-trafico-de-drogas-e-porte-de-municao-em-lajeado\/#primaryimage"},"image":{"@id":"https:\/\/folhapopular.info\/index.php\/2022\/10\/15\/homem-e-preso-por-trafico-de-drogas-e-porte-de-municao-em-lajeado\/#primaryimage"},"thumbnailUrl":"https:\/\/folhapopular.info\/wp-content\/uploads\/2022\/10\/WhatsApp-Image-2022-10-15-at-16.47.40.jpeg","datePublished":"2022-10-15T20:38:08+00:00","dateModified":"2022-10-15T20:40:26+00:00","author":{"@id":"https:\/\/folhapopular.info\/#\/schema\/person\/2814e8a0df7643585a9ca38bc6eb9d4b"},"breadcrumb":{"@id":"https:\/\/folhapopular.info\/index.php\/2022\/10\/15\/homem-e-preso-por-trafico-de-drogas-e-porte-de-municao-em-lajeado\/#breadcrumb"},"inLanguage":"pt-BR","potentialAction":[{"@type":"ReadAction","target":["https:\/\/folhapopular.info\/index.php\/2022\/10\/15\/homem-e-preso-por-trafico-de-drogas-e-porte-de-municao-em-lajeado\/"]}]},{"@type":"ImageObject","inLanguage":"pt-BR","@id":"https:\/\/folhapopular.info\/index.php\/2022\/10\/15\/homem-e-preso-por-trafico-de-drogas-e-porte-de-municao-em-lajeado\/#primaryimage","url":"https:\/\/folhapopular.info\/wp-content\/uploads\/2022\/10\/WhatsApp-Image-2022-10-15-at-16.47.40.jpeg","contentUrl":"https:\/\/folhapopular.info\/wp-content\/uploads\/2022\/10\/WhatsApp-Image-2022-10-15-at-16.47.40.jpeg","width":1156,"height":868,"caption":"Grande quantidade de drogas e outros itens foram apreendidos \/"},{"@type":"BreadcrumbList","@id":"https:\/\/folhapopular.info\/index.php\/2022\/10\/15\/homem-e-preso-por-trafico-de-drogas-e-porte-de-municao-em-lajeado\/#breadcrumb","itemListElement":[{"@type":"ListItem","position":1,"name":"In\u00edcio","item":"https:\/\/folhapopular.info\/"},{"@type":"ListItem","position":2,"name":"Homem \u00e9 preso por tr\u00e1fico de drogas e posse de muni\u00e7\u00e3o em Lajeado"}]},{"@type":"WebSite","@id":"https:\/\/folhapopular.info\/#website","url":"https:\/\/folhapopular.info\/","name":"Folha Popular","description":"Onde voc\u00ea tem vez e voz","potentialAction":[{"@type":"SearchAction","target":{"@type":"EntryPoint","urlTemplate":"https:\/\/folhapopular.info\/?s={search_term_string}"},"query-input":{"@type":"PropertyValueSpecification","valueRequired":true,"valueName":"search_term_string"}}],"inLanguage":"pt-BR"},{"@type":"Person","@id":"https:\/\/folhapopular.info\/#\/schema\/person\/2814e8a0df7643585a9ca38bc6eb9d4b","name":"Reda\u00e7\u00e3o Folha Popular","image":{"@type":"ImageObject","inLanguage":"pt-BR","@id":"https:\/\/folhapopular.info\/wp-content\/uploads\/2026\/04\/Folha-1.webp","url":"https:\/\/folhapopular.info\/wp-content\/uploads\/2026\/04\/Folha-1.webp","contentUrl":"https:\/\/folhapopular.info\/wp-content\/uploads\/2026\/04\/Folha-1.webp","caption":"Reda\u00e7\u00e3o Folha Popular"},"url":"https:\/\/folhapopular.info\/index.php\/author\/redacao\/"}]}},"jetpack_sharing_enabled":true,"amp_enabled":true,"jetpack_featured_media_url":"https:\/\/folhapopular.info\/wp-content\/uploads\/2022\/10\/WhatsApp-Image-2022-10-15-at-16.47.40.jpeg","_links":{"self":[{"href":"https:\/\/folhapopular.info\/index.php\/wp-json\/wp\/v2\/posts\/114712","targetHints":{"allow":["GET"]}}],"collection":[{"href":"https:\/\/folhapopular.info\/index.php\/wp-json\/wp\/v2\/posts"}],"about":[{"href":"https:\/\/folhapopular.info\/index.php\/wp-json\/wp\/v2\/types\/post"}],"author":[{"embeddable":true,"href":"https:\/\/folhapopular.info\/index.php\/wp-json\/wp\/v2\/users\/8"}],"replies":[{"embeddable":true,"href":"https:\/\/folhapopular.info\/index.php\/wp-json\/wp\/v2\/comments?post=114712"}],"version-history":[{"count":0,"href":"https:\/\/folhapopular.info\/index.php\/wp-json\/wp\/v2\/posts\/114712\/revisions"}],"wp:featuredmedia":[{"embeddable":true,"href":"https:\/\/folhapopular.info\/index.php\/wp-json\/wp\/v2\/media\/114713"}],"wp:attachment":[{"href":"https:\/\/folhapopular.info\/index.php\/wp-json\/wp\/v2\/media?parent=114712"}],"wp:term":[{"taxonomy":"category","embeddable":true,"href":"https:\/\/folhapopular.info\/index.php\/wp-json\/wp\/v2\/categories?post=114712"},{"taxonomy":"post_tag","embeddable":true,"href":"https:\/\/folhapopular.info\/index.php\/wp-json\/wp\/v2\/tags?post=114712"}],"curies":[{"name":"wp","href":"https:\/\/api.w.org\/{rel}","templated":true}]}}