{"id":114782,"date":"2022-10-17T15:18:51","date_gmt":"2022-10-17T18:18:51","guid":{"rendered":"https:\/\/folhapopular.info\/?p=114782"},"modified":"2022-10-18T06:24:09","modified_gmt":"2022-10-18T09:24:09","slug":"jaque-weber-conquista-mais-uma-medalha-nos-jogos-sul-americanos","status":"publish","type":"post","link":"https:\/\/folhapopular.info\/index.php\/2022\/10\/17\/jaque-weber-conquista-mais-uma-medalha-nos-jogos-sul-americanos\/","title":{"rendered":"Jaque Weber conquista mais uma medalha nos Jogos Sul-Americanos"},"content":{"rendered":"\n<p>Os Jogos Sul-Americanos de Assun\u00e7\u00e3o ainda reservavam mais um momento especial para a atleta teutoniense, Jaqueline Beatriz Weber. A corredora voltou para pista no s\u00e1bado (15\/10) para a disputa da prova de 800 metros rasos e conquistou a medalha de prata, com a marca de 2min8seg14cen, sendo superada apenas pela atleta ol\u00edmpica e favorita D\u00e9bora Rodrigues, do Uruguai.<\/p>\n\n\n\n<p>&#8220;Essa prata fecha meu ano com chave de ouro. Uma temporada repleta de resultados muito importantes que come\u00e7aram no in\u00edcio do ano com a prata no Sul-Americano Indoor, seguido pelas minhas participa\u00e7\u00f5es em provas no Circuito Europeu, na qual obtive uma medalha de ouro. Este ano tamb\u00e9m voltei a conquistar duas medalhas no campeonato nacional e os dois t\u00edtulos no Brasileiro Universit\u00e1rio. Fecho o ano liderando o ranking brasileiro dos 800 pela primeira vez da carreira, o que me traz \u00f3timas expectativas para 2023 e 2024. O melhor est\u00e1 por vir\u201d, relata Jaque.<\/p>\n\n\n\n<p>O treinador Fabiano Pe\u00e7anha tamb\u00e9m comemora. &#8220;Conquistar duas medalhas em um evento desta grandeza \u00e9 algo muito dif\u00edcil e pouco comum, mesmo entre os maiores nomes internacionais que estiveram l\u00e1 em Assun\u00e7\u00e3o. A Jaque tem se mostrado cada vez mais consistente em suas participa\u00e7\u00f5es e fechando cada temporada melhor que a anterior. Uma crescente que ainda vai longe\u201d, destaca.<\/p>\n\n\n\n<p>Na quinta-feira (13\/10), Jaque obteve a medalha de bronze na prova de 1.500 metros rasos, com a marca de 4min17seg50cen.<\/p>\n\n\n\n<p>Agora, a atleta entra em um per\u00edodo de f\u00e9rias de cerca de um m\u00eas, quando retomar\u00e1 sua prepara\u00e7\u00e3o para 2023, na qual os principais objetivos ser\u00e3o os Jogos Pan-Americanos e o Campeonato Mundial.<\/p>\n","protected":false},"excerpt":{"rendered":"<p>Os Jogos Sul-Americanos de Assun\u00e7\u00e3o ainda reservavam mais um momento especial para a atleta teutoniense, Jaqueline Beatriz Weber. A corredora voltou para pista no s\u00e1bado (15\/10) para a disputa da prova de 800 metros rasos e conquistou a medalha de prata, com a marca de 2min8seg14cen, sendo superada apenas pela atleta ol\u00edmpica e favorita D\u00e9bora [&hellip;]<\/p>\n","protected":false},"author":8,"featured_media":114783,"comment_status":"open","ping_status":"open","sticky":false,"template":"","format":"standard","meta":{"pmpro_default_level":"","_jetpack_memberships_contains_paid_content":false,"footnotes":""},"categories":[5],"tags":[9447,4939,10131,1678],"class_list":{"0":"post-114782","1":"post","2":"type-post","3":"status-publish","4":"format-standard","5":"has-post-thumbnail","7":"category-esportes","8":"tag-800-metros","9":"tag-jaque-weber","10":"tag-jogos-sul-americanos","11":"tag-medalha","12":"pmpro-has-access"},"yoast_head":"<!-- This site is optimized with the Yoast SEO plugin v27.5 - https:\/\/yoast.com\/product\/yoast-seo-wordpress\/ -->\n<title>Jaque Weber conquista mais uma medalha nos Jogos Sul-Americanos - Folha Popular<\/title>\n<meta name=\"robots\" content=\"index, follow, max-snippet:-1, max-image-preview:large, max-video-preview:-1\" \/>\n<link rel=\"canonical\" href=\"https:\/\/folhapopular.info\/index.php\/2022\/10\/17\/jaque-weber-conquista-mais-uma-medalha-nos-jogos-sul-americanos\/\" \/>\n<meta property=\"og:locale\" content=\"pt_BR\" \/>\n<meta property=\"og:type\" content=\"article\" \/>\n<meta property=\"og:title\" content=\"Jaque Weber conquista mais uma medalha nos Jogos Sul-Americanos - Folha Popular\" \/>\n<meta property=\"og:description\" content=\"Os Jogos Sul-Americanos de Assun\u00e7\u00e3o ainda reservavam mais um momento especial para a atleta teutoniense, Jaqueline Beatriz Weber. A corredora voltou para pista no s\u00e1bado (15\/10) para a disputa da prova de 800 metros rasos e conquistou a medalha de prata, com a marca de 2min8seg14cen, sendo superada apenas pela atleta ol\u00edmpica e favorita D\u00e9bora [&hellip;]\" \/>\n<meta property=\"og:url\" content=\"https:\/\/folhapopular.info\/index.php\/2022\/10\/17\/jaque-weber-conquista-mais-uma-medalha-nos-jogos-sul-americanos\/\" \/>\n<meta property=\"og:site_name\" content=\"Folha Popular\" \/>\n<meta property=\"article:published_time\" content=\"2022-10-17T18:18:51+00:00\" \/>\n<meta property=\"article:modified_time\" content=\"2022-10-18T09:24:09+00:00\" \/>\n<meta property=\"og:image\" content=\"http:\/\/folhapopular.info\/wp-content\/uploads\/2022\/10\/WhatsApp-Image-2022-10-15-at-16.48.58-e1666030696837.jpeg\" \/>\n\t<meta property=\"og:image:width\" content=\"961\" \/>\n\t<meta property=\"og:image:height\" content=\"1200\" \/>\n\t<meta property=\"og:image:type\" content=\"image\/jpeg\" \/>\n<meta name=\"author\" content=\"Reda\u00e7\u00e3o Folha Popular\" \/>\n<meta name=\"twitter:card\" content=\"summary_large_image\" \/>\n<meta name=\"twitter:label1\" content=\"Escrito por\" \/>\n\t<meta name=\"twitter:data1\" content=\"Reda\u00e7\u00e3o Folha Popular\" \/>\n\t<meta name=\"twitter:label2\" content=\"Est. tempo de leitura\" \/>\n\t<meta name=\"twitter:data2\" content=\"2 minutos\" \/>\n<script type=\"application\/ld+json\" class=\"yoast-schema-graph\">{\"@context\":\"https:\\\/\\\/schema.org\",\"@graph\":[{\"@type\":\"Article\",\"@id\":\"https:\\\/\\\/folhapopular.info\\\/index.php\\\/2022\\\/10\\\/17\\\/jaque-weber-conquista-mais-uma-medalha-nos-jogos-sul-americanos\\\/#article\",\"isPartOf\":{\"@id\":\"https:\\\/\\\/folhapopular.info\\\/index.php\\\/2022\\\/10\\\/17\\\/jaque-weber-conquista-mais-uma-medalha-nos-jogos-sul-americanos\\\/\"},\"author\":{\"name\":\"Reda\u00e7\u00e3o Folha Popular\",\"@id\":\"https:\\\/\\\/folhapopular.info\\\/#\\\/schema\\\/person\\\/2814e8a0df7643585a9ca38bc6eb9d4b\"},\"headline\":\"Jaque Weber conquista mais uma medalha nos Jogos Sul-Americanos\",\"datePublished\":\"2022-10-17T18:18:51+00:00\",\"dateModified\":\"2022-10-18T09:24:09+00:00\",\"mainEntityOfPage\":{\"@id\":\"https:\\\/\\\/folhapopular.info\\\/index.php\\\/2022\\\/10\\\/17\\\/jaque-weber-conquista-mais-uma-medalha-nos-jogos-sul-americanos\\\/\"},\"wordCount\":287,\"commentCount\":0,\"image\":{\"@id\":\"https:\\\/\\\/folhapopular.info\\\/index.php\\\/2022\\\/10\\\/17\\\/jaque-weber-conquista-mais-uma-medalha-nos-jogos-sul-americanos\\\/#primaryimage\"},\"thumbnailUrl\":\"https:\\\/\\\/folhapopular.info\\\/wp-content\\\/uploads\\\/2022\\\/10\\\/WhatsApp-Image-2022-10-15-at-16.48.58-e1666030696837.jpeg\",\"keywords\":[\"800 metros\",\"Jaque Weber\",\"Jogos Sul-Americanos\",\"Medalha\"],\"articleSection\":[\"Esportes\"],\"inLanguage\":\"pt-BR\",\"potentialAction\":[{\"@type\":\"CommentAction\",\"name\":\"Comment\",\"target\":[\"https:\\\/\\\/folhapopular.info\\\/index.php\\\/2022\\\/10\\\/17\\\/jaque-weber-conquista-mais-uma-medalha-nos-jogos-sul-americanos\\\/#respond\"]}]},{\"@type\":\"WebPage\",\"@id\":\"https:\\\/\\\/folhapopular.info\\\/index.php\\\/2022\\\/10\\\/17\\\/jaque-weber-conquista-mais-uma-medalha-nos-jogos-sul-americanos\\\/\",\"url\":\"https:\\\/\\\/folhapopular.info\\\/index.php\\\/2022\\\/10\\\/17\\\/jaque-weber-conquista-mais-uma-medalha-nos-jogos-sul-americanos\\\/\",\"name\":\"Jaque Weber conquista mais uma medalha nos Jogos Sul-Americanos - Folha Popular\",\"isPartOf\":{\"@id\":\"https:\\\/\\\/folhapopular.info\\\/#website\"},\"primaryImageOfPage\":{\"@id\":\"https:\\\/\\\/folhapopular.info\\\/index.php\\\/2022\\\/10\\\/17\\\/jaque-weber-conquista-mais-uma-medalha-nos-jogos-sul-americanos\\\/#primaryimage\"},\"image\":{\"@id\":\"https:\\\/\\\/folhapopular.info\\\/index.php\\\/2022\\\/10\\\/17\\\/jaque-weber-conquista-mais-uma-medalha-nos-jogos-sul-americanos\\\/#primaryimage\"},\"thumbnailUrl\":\"https:\\\/\\\/folhapopular.info\\\/wp-content\\\/uploads\\\/2022\\\/10\\\/WhatsApp-Image-2022-10-15-at-16.48.58-e1666030696837.jpeg\",\"datePublished\":\"2022-10-17T18:18:51+00:00\",\"dateModified\":\"2022-10-18T09:24:09+00:00\",\"author\":{\"@id\":\"https:\\\/\\\/folhapopular.info\\\/#\\\/schema\\\/person\\\/2814e8a0df7643585a9ca38bc6eb9d4b\"},\"breadcrumb\":{\"@id\":\"https:\\\/\\\/folhapopular.info\\\/index.php\\\/2022\\\/10\\\/17\\\/jaque-weber-conquista-mais-uma-medalha-nos-jogos-sul-americanos\\\/#breadcrumb\"},\"inLanguage\":\"pt-BR\",\"potentialAction\":[{\"@type\":\"ReadAction\",\"target\":[\"https:\\\/\\\/folhapopular.info\\\/index.php\\\/2022\\\/10\\\/17\\\/jaque-weber-conquista-mais-uma-medalha-nos-jogos-sul-americanos\\\/\"]}]},{\"@type\":\"ImageObject\",\"inLanguage\":\"pt-BR\",\"@id\":\"https:\\\/\\\/folhapopular.info\\\/index.php\\\/2022\\\/10\\\/17\\\/jaque-weber-conquista-mais-uma-medalha-nos-jogos-sul-americanos\\\/#primaryimage\",\"url\":\"https:\\\/\\\/folhapopular.info\\\/wp-content\\\/uploads\\\/2022\\\/10\\\/WhatsApp-Image-2022-10-15-at-16.48.58-e1666030696837.jpeg\",\"contentUrl\":\"https:\\\/\\\/folhapopular.info\\\/wp-content\\\/uploads\\\/2022\\\/10\\\/WhatsApp-Image-2022-10-15-at-16.48.58-e1666030696837.jpeg\",\"width\":961,\"height\":1200,\"caption\":\"Jaque fez a marca de 2min8seg14 na prova de 800 metros \\\/ Cr\u00e9dito: da foto: Marcelo Szwarcfiter \\\/ Divulga\u00e7\u00e3o\"},{\"@type\":\"BreadcrumbList\",\"@id\":\"https:\\\/\\\/folhapopular.info\\\/index.php\\\/2022\\\/10\\\/17\\\/jaque-weber-conquista-mais-uma-medalha-nos-jogos-sul-americanos\\\/#breadcrumb\",\"itemListElement\":[{\"@type\":\"ListItem\",\"position\":1,\"name\":\"In\u00edcio\",\"item\":\"https:\\\/\\\/folhapopular.info\\\/\"},{\"@type\":\"ListItem\",\"position\":2,\"name\":\"Jaque Weber conquista mais uma medalha nos Jogos Sul-Americanos\"}]},{\"@type\":\"WebSite\",\"@id\":\"https:\\\/\\\/folhapopular.info\\\/#website\",\"url\":\"https:\\\/\\\/folhapopular.info\\\/\",\"name\":\"Folha Popular\",\"description\":\"Onde voc\u00ea tem vez e voz\",\"potentialAction\":[{\"@type\":\"SearchAction\",\"target\":{\"@type\":\"EntryPoint\",\"urlTemplate\":\"https:\\\/\\\/folhapopular.info\\\/?s={search_term_string}\"},\"query-input\":{\"@type\":\"PropertyValueSpecification\",\"valueRequired\":true,\"valueName\":\"search_term_string\"}}],\"inLanguage\":\"pt-BR\"},{\"@type\":\"Person\",\"@id\":\"https:\\\/\\\/folhapopular.info\\\/#\\\/schema\\\/person\\\/2814e8a0df7643585a9ca38bc6eb9d4b\",\"name\":\"Reda\u00e7\u00e3o Folha Popular\",\"image\":{\"@type\":\"ImageObject\",\"inLanguage\":\"pt-BR\",\"@id\":\"https:\\\/\\\/folhapopular.info\\\/wp-content\\\/uploads\\\/2026\\\/04\\\/Folha-1.webp\",\"url\":\"https:\\\/\\\/folhapopular.info\\\/wp-content\\\/uploads\\\/2026\\\/04\\\/Folha-1.webp\",\"contentUrl\":\"https:\\\/\\\/folhapopular.info\\\/wp-content\\\/uploads\\\/2026\\\/04\\\/Folha-1.webp\",\"caption\":\"Reda\u00e7\u00e3o Folha Popular\"},\"url\":\"https:\\\/\\\/folhapopular.info\\\/index.php\\\/author\\\/redacao\\\/\"}]}<\/script>\n<!-- \/ Yoast SEO plugin. -->","yoast_head_json":{"title":"Jaque Weber conquista mais uma medalha nos Jogos Sul-Americanos - Folha Popular","robots":{"index":"index","follow":"follow","max-snippet":"max-snippet:-1","max-image-preview":"max-image-preview:large","max-video-preview":"max-video-preview:-1"},"canonical":"https:\/\/folhapopular.info\/index.php\/2022\/10\/17\/jaque-weber-conquista-mais-uma-medalha-nos-jogos-sul-americanos\/","og_locale":"pt_BR","og_type":"article","og_title":"Jaque Weber conquista mais uma medalha nos Jogos Sul-Americanos - Folha Popular","og_description":"Os Jogos Sul-Americanos de Assun\u00e7\u00e3o ainda reservavam mais um momento especial para a atleta teutoniense, Jaqueline Beatriz Weber. A corredora voltou para pista no s\u00e1bado (15\/10) para a disputa da prova de 800 metros rasos e conquistou a medalha de prata, com a marca de 2min8seg14cen, sendo superada apenas pela atleta ol\u00edmpica e favorita D\u00e9bora [&hellip;]","og_url":"https:\/\/folhapopular.info\/index.php\/2022\/10\/17\/jaque-weber-conquista-mais-uma-medalha-nos-jogos-sul-americanos\/","og_site_name":"Folha Popular","article_published_time":"2022-10-17T18:18:51+00:00","article_modified_time":"2022-10-18T09:24:09+00:00","og_image":[{"width":961,"height":1200,"url":"http:\/\/folhapopular.info\/wp-content\/uploads\/2022\/10\/WhatsApp-Image-2022-10-15-at-16.48.58-e1666030696837.jpeg","type":"image\/jpeg"}],"author":"Reda\u00e7\u00e3o Folha Popular","twitter_card":"summary_large_image","twitter_misc":{"Escrito por":"Reda\u00e7\u00e3o Folha Popular","Est. tempo de leitura":"2 minutos"},"schema":{"@context":"https:\/\/schema.org","@graph":[{"@type":"Article","@id":"https:\/\/folhapopular.info\/index.php\/2022\/10\/17\/jaque-weber-conquista-mais-uma-medalha-nos-jogos-sul-americanos\/#article","isPartOf":{"@id":"https:\/\/folhapopular.info\/index.php\/2022\/10\/17\/jaque-weber-conquista-mais-uma-medalha-nos-jogos-sul-americanos\/"},"author":{"name":"Reda\u00e7\u00e3o Folha Popular","@id":"https:\/\/folhapopular.info\/#\/schema\/person\/2814e8a0df7643585a9ca38bc6eb9d4b"},"headline":"Jaque Weber conquista mais uma medalha nos Jogos Sul-Americanos","datePublished":"2022-10-17T18:18:51+00:00","dateModified":"2022-10-18T09:24:09+00:00","mainEntityOfPage":{"@id":"https:\/\/folhapopular.info\/index.php\/2022\/10\/17\/jaque-weber-conquista-mais-uma-medalha-nos-jogos-sul-americanos\/"},"wordCount":287,"commentCount":0,"image":{"@id":"https:\/\/folhapopular.info\/index.php\/2022\/10\/17\/jaque-weber-conquista-mais-uma-medalha-nos-jogos-sul-americanos\/#primaryimage"},"thumbnailUrl":"https:\/\/folhapopular.info\/wp-content\/uploads\/2022\/10\/WhatsApp-Image-2022-10-15-at-16.48.58-e1666030696837.jpeg","keywords":["800 metros","Jaque Weber","Jogos Sul-Americanos","Medalha"],"articleSection":["Esportes"],"inLanguage":"pt-BR","potentialAction":[{"@type":"CommentAction","name":"Comment","target":["https:\/\/folhapopular.info\/index.php\/2022\/10\/17\/jaque-weber-conquista-mais-uma-medalha-nos-jogos-sul-americanos\/#respond"]}]},{"@type":"WebPage","@id":"https:\/\/folhapopular.info\/index.php\/2022\/10\/17\/jaque-weber-conquista-mais-uma-medalha-nos-jogos-sul-americanos\/","url":"https:\/\/folhapopular.info\/index.php\/2022\/10\/17\/jaque-weber-conquista-mais-uma-medalha-nos-jogos-sul-americanos\/","name":"Jaque Weber conquista mais uma medalha nos Jogos Sul-Americanos - Folha Popular","isPartOf":{"@id":"https:\/\/folhapopular.info\/#website"},"primaryImageOfPage":{"@id":"https:\/\/folhapopular.info\/index.php\/2022\/10\/17\/jaque-weber-conquista-mais-uma-medalha-nos-jogos-sul-americanos\/#primaryimage"},"image":{"@id":"https:\/\/folhapopular.info\/index.php\/2022\/10\/17\/jaque-weber-conquista-mais-uma-medalha-nos-jogos-sul-americanos\/#primaryimage"},"thumbnailUrl":"https:\/\/folhapopular.info\/wp-content\/uploads\/2022\/10\/WhatsApp-Image-2022-10-15-at-16.48.58-e1666030696837.jpeg","datePublished":"2022-10-17T18:18:51+00:00","dateModified":"2022-10-18T09:24:09+00:00","author":{"@id":"https:\/\/folhapopular.info\/#\/schema\/person\/2814e8a0df7643585a9ca38bc6eb9d4b"},"breadcrumb":{"@id":"https:\/\/folhapopular.info\/index.php\/2022\/10\/17\/jaque-weber-conquista-mais-uma-medalha-nos-jogos-sul-americanos\/#breadcrumb"},"inLanguage":"pt-BR","potentialAction":[{"@type":"ReadAction","target":["https:\/\/folhapopular.info\/index.php\/2022\/10\/17\/jaque-weber-conquista-mais-uma-medalha-nos-jogos-sul-americanos\/"]}]},{"@type":"ImageObject","inLanguage":"pt-BR","@id":"https:\/\/folhapopular.info\/index.php\/2022\/10\/17\/jaque-weber-conquista-mais-uma-medalha-nos-jogos-sul-americanos\/#primaryimage","url":"https:\/\/folhapopular.info\/wp-content\/uploads\/2022\/10\/WhatsApp-Image-2022-10-15-at-16.48.58-e1666030696837.jpeg","contentUrl":"https:\/\/folhapopular.info\/wp-content\/uploads\/2022\/10\/WhatsApp-Image-2022-10-15-at-16.48.58-e1666030696837.jpeg","width":961,"height":1200,"caption":"Jaque fez a marca de 2min8seg14 na prova de 800 metros \/ Cr\u00e9dito: da foto: Marcelo Szwarcfiter \/ Divulga\u00e7\u00e3o"},{"@type":"BreadcrumbList","@id":"https:\/\/folhapopular.info\/index.php\/2022\/10\/17\/jaque-weber-conquista-mais-uma-medalha-nos-jogos-sul-americanos\/#breadcrumb","itemListElement":[{"@type":"ListItem","position":1,"name":"In\u00edcio","item":"https:\/\/folhapopular.info\/"},{"@type":"ListItem","position":2,"name":"Jaque Weber conquista mais uma medalha nos Jogos Sul-Americanos"}]},{"@type":"WebSite","@id":"https:\/\/folhapopular.info\/#website","url":"https:\/\/folhapopular.info\/","name":"Folha Popular","description":"Onde voc\u00ea tem vez e voz","potentialAction":[{"@type":"SearchAction","target":{"@type":"EntryPoint","urlTemplate":"https:\/\/folhapopular.info\/?s={search_term_string}"},"query-input":{"@type":"PropertyValueSpecification","valueRequired":true,"valueName":"search_term_string"}}],"inLanguage":"pt-BR"},{"@type":"Person","@id":"https:\/\/folhapopular.info\/#\/schema\/person\/2814e8a0df7643585a9ca38bc6eb9d4b","name":"Reda\u00e7\u00e3o Folha Popular","image":{"@type":"ImageObject","inLanguage":"pt-BR","@id":"https:\/\/folhapopular.info\/wp-content\/uploads\/2026\/04\/Folha-1.webp","url":"https:\/\/folhapopular.info\/wp-content\/uploads\/2026\/04\/Folha-1.webp","contentUrl":"https:\/\/folhapopular.info\/wp-content\/uploads\/2026\/04\/Folha-1.webp","caption":"Reda\u00e7\u00e3o Folha Popular"},"url":"https:\/\/folhapopular.info\/index.php\/author\/redacao\/"}]}},"jetpack_featured_media_url":"https:\/\/folhapopular.info\/wp-content\/uploads\/2022\/10\/WhatsApp-Image-2022-10-15-at-16.48.58-e1666030696837.jpeg","jetpack_sharing_enabled":true,"amp_enabled":true,"_links":{"self":[{"href":"https:\/\/folhapopular.info\/index.php\/wp-json\/wp\/v2\/posts\/114782","targetHints":{"allow":["GET"]}}],"collection":[{"href":"https:\/\/folhapopular.info\/index.php\/wp-json\/wp\/v2\/posts"}],"about":[{"href":"https:\/\/folhapopular.info\/index.php\/wp-json\/wp\/v2\/types\/post"}],"author":[{"embeddable":true,"href":"https:\/\/folhapopular.info\/index.php\/wp-json\/wp\/v2\/users\/8"}],"replies":[{"embeddable":true,"href":"https:\/\/folhapopular.info\/index.php\/wp-json\/wp\/v2\/comments?post=114782"}],"version-history":[{"count":0,"href":"https:\/\/folhapopular.info\/index.php\/wp-json\/wp\/v2\/posts\/114782\/revisions"}],"wp:featuredmedia":[{"embeddable":true,"href":"https:\/\/folhapopular.info\/index.php\/wp-json\/wp\/v2\/media\/114783"}],"wp:attachment":[{"href":"https:\/\/folhapopular.info\/index.php\/wp-json\/wp\/v2\/media?parent=114782"}],"wp:term":[{"taxonomy":"category","embeddable":true,"href":"https:\/\/folhapopular.info\/index.php\/wp-json\/wp\/v2\/categories?post=114782"},{"taxonomy":"post_tag","embeddable":true,"href":"https:\/\/folhapopular.info\/index.php\/wp-json\/wp\/v2\/tags?post=114782"}],"curies":[{"name":"wp","href":"https:\/\/api.w.org\/{rel}","templated":true}]}}