{"id":115178,"date":"2022-10-25T08:13:12","date_gmt":"2022-10-25T11:13:12","guid":{"rendered":"https:\/\/folhapopular.info\/?p=115178"},"modified":"2022-10-25T08:13:15","modified_gmt":"2022-10-25T11:13:15","slug":"cartilha-do-lixo-e-lancada-durante-a-2a-semana-municipal-lixo-zero-em-lajeado","status":"publish","type":"post","link":"https:\/\/folhapopular.info\/index.php\/2022\/10\/25\/cartilha-do-lixo-e-lancada-durante-a-2a-semana-municipal-lixo-zero-em-lajeado\/","title":{"rendered":"Cartilha do Lixo \u00e9 lan\u00e7ada durante a 2\u00aa Semana Municipal Lixo Zero em Lajeado"},"content":{"rendered":"\n<p>A programa\u00e7\u00e3o da 2\u00aa Semana Municipal Lixo Zero, promovida pela Prefeitura de Lajeado em parceria com o Instituto Lixo Zero Vale do Taquari, come\u00e7ou no domingo (23\/10) no Parque Professor Theobaldo Dick, com feira ecol\u00f3gica e drive-thru de recolhimento de res\u00edduos. <\/p>\n\n\n\n<p>A programa\u00e7\u00e3o segue at\u00e9 o dia 29\/10 envolvendo a comunidade em diversas atividades relacionadas ao tema. O objetivo da Semana Lixo Zero \u00e9 estimular a reciclagem, a reutiliza\u00e7\u00e3o, a n\u00e3o gera\u00e7\u00e3o de res\u00edduos e o debate sobre o tema. No domingo, cerca de 10kg de res\u00edduos foram recolhidos, entre pilhas, l\u00e2mpadas e materiais recicl\u00e1veis.<\/p>\n\n\n\n<p>Na manh\u00e3 da segunda-feira ocorreu o lan\u00e7amento da <a href=\"https:\/\/grp.lajeado.rs.gov.br\/erp\/portal\/servlet\/download?codigo=24886&amp;validacao=MjQvMTAvMjAyMg==\">Cartilha do Lixo<\/a> e do <a href=\"https:\/\/grp.lajeado.rs.gov.br\/erp\/portal\/servlet\/download?codigo=24883&amp;validacao=MjQvMTAvMjAyMg==\">Panorama do Lixo 2022<\/a>. A Cartilha do Lixo esclarece os tipos de res\u00edduos, formas de reaproveitamento, dias e bairros da coleta seletiva e coleta de lixo comum, orienta\u00e7\u00f5es sobre diminui\u00e7\u00e3o de res\u00edduos, entre outros. J\u00e1 o Panorama do Lixo apresenta o volume de lixo recolhido no munic\u00edpio ao longo dos anos e esclarece servi\u00e7os e projetos do munic\u00edpio sobre res\u00edduos.<\/p>\n\n\n\n<p>Entre as atividades oferecidas \u00e0 comunidade est\u00e1 a campanha de troca de alimentos por uma sacola de pano, mesa redonda sobre inova\u00e7\u00e3o na gest\u00e3o de res\u00edduos s\u00f3lidos e constru\u00e7\u00e3o de composteira na EMEF S\u00e3o Bento. Os alimentos arrecadados ser\u00e3o destinados ao Centro de Refer\u00eancia de Atendimento Social (CRAS) do munic\u00edpio.<\/p>\n\n\n\n<p>A mesa redonda ocorre na quarta-feira, 26\/10, sobre inova\u00e7\u00e3o na gest\u00e3o de res\u00edduos s\u00f3lidos, a partir das 19h, no audit\u00f3rio do pr\u00e9dio 20 da Univates (Tecnovates). O evento ser\u00e1 um espa\u00e7o para debater o problema do lixo e suas solu\u00e7\u00f5es, trazendo exemplos positivos. A palestra conta com os palestrantes Tain\u00e1 Wanderley, S\u00e9rgio Diefenbach, Luciane Eschberger Ferreira e Odorico Konrad.<\/p>\n\n\n\n<p>A programa\u00e7\u00e3o completa pode ser acompanhada nas <a href=\"https:\/\/www.instagram.com\/semalajeado\/\">redes sociais da Sema<\/a> e do <a href=\"https:\/\/www.instagram.com\/lixozerovt\/\">Instituto Lixo Zero Vale do Taquari<\/a> no Instagram.<\/p>\n\n\n\n<p><strong>Confira a programa\u00e7\u00e3o completa:<\/strong><\/p>\n\n\n\n<p><span style=\"text-decoration: underline;\">25\/10 &#8211; Ter\u00e7a-feira &#8211; Campanha Sacola de Pano<\/span><\/p>\n\n\n\n<p>Hor\u00e1rio: 14h \u00e0s 16h<\/p>\n\n\n\n<p>Local: Pr\u00e9dio Administrativo da Prefeitura de Lajeado<\/p>\n\n\n\n<p>Informa\u00e7\u00f5es pelo telefone (51) 3982-1099<\/p>\n\n\n\n<p><span style=\"text-decoration: underline;\">26\/10 &#8211; Quarta-feira Palestra &#8220;inova\u00e7\u00e3o na gest\u00e3o de res\u00edduos s\u00f3lidos&#8221;<\/span><\/p>\n\n\n\n<p>Hor\u00e1rio: 19h<\/p>\n\n\n\n<p>Local: Audit\u00f3rio do pr\u00e9dio 20 da Univates (Tecnovates)<\/p>\n\n\n\n<p>Inscri\u00e7\u00e3o <a href=\"https:\/\/docs.google.com\/forms\/d\/e\/1FAIpQLSeUHuGRfHiKEkisIp_Dxb_UoIGyOieNWm_ShfHjdR2cLUt02A\/viewform\">neste link<\/a>\u00a0ou pelo telefone e WhatsApp (51) 3982-1099<\/p>\n\n\n\n<p><span style=\"text-decoration: underline;\">28\/10 &#8211; Quinta-feira &#8211; Constru\u00e7\u00e3o de composteira na EMEF S\u00e3o Bento<\/span><\/p>\n\n\n\n<p>Local: EMEF S\u00e3o Bento<\/p>\n","protected":false},"excerpt":{"rendered":"<p>A programa\u00e7\u00e3o da 2\u00aa Semana Municipal Lixo Zero, promovida pela Prefeitura de Lajeado em parceria com o Instituto Lixo Zero Vale do Taquari, come\u00e7ou no domingo (23\/10) no Parque Professor Theobaldo Dick, com feira ecol\u00f3gica e drive-thru de recolhimento de res\u00edduos. A programa\u00e7\u00e3o segue at\u00e9 o dia 29\/10 envolvendo a comunidade em diversas atividades relacionadas [&hellip;]<\/p>\n","protected":false},"author":8,"featured_media":115179,"comment_status":"open","ping_status":"open","sticky":false,"template":"","format":"standard","meta":{"pmpro_default_level":"","_jetpack_memberships_contains_paid_content":false,"footnotes":""},"categories":[2,3],"tags":[27,10181,10180],"class_list":{"0":"post-115178","1":"post","2":"type-post","3":"status-publish","4":"format-standard","5":"has-post-thumbnail","7":"category-featured","8":"category-geral","9":"tag-lajeado","10":"tag-lixo-zero-vt","11":"tag-semana-lixo-zero","12":"pmpro-has-access"},"yoast_head":"<!-- This site is optimized with the Yoast SEO plugin v27.5 - https:\/\/yoast.com\/product\/yoast-seo-wordpress\/ -->\n<title>Cartilha do Lixo \u00e9 lan\u00e7ada durante a 2\u00aa Semana Municipal Lixo Zero em Lajeado - Folha Popular<\/title>\n<meta name=\"description\" content=\"Documento esclarece sobre tipos de res\u00edduos, formas de reaproveitamento, dias e bairros da coleta e traz orienta\u00e7\u00f5es sobre a diminui\u00e7\u00e3o de res\u00edduos.\" \/>\n<meta name=\"robots\" content=\"index, follow, max-snippet:-1, max-image-preview:large, max-video-preview:-1\" \/>\n<link rel=\"canonical\" href=\"https:\/\/folhapopular.info\/index.php\/2022\/10\/25\/cartilha-do-lixo-e-lancada-durante-a-2a-semana-municipal-lixo-zero-em-lajeado\/\" \/>\n<meta property=\"og:locale\" content=\"pt_BR\" \/>\n<meta property=\"og:type\" content=\"article\" \/>\n<meta property=\"og:title\" content=\"Cartilha do Lixo \u00e9 lan\u00e7ada durante a 2\u00aa Semana Municipal Lixo Zero em Lajeado - Folha Popular\" \/>\n<meta property=\"og:description\" content=\"Documento esclarece sobre tipos de res\u00edduos, formas de reaproveitamento, dias e bairros da coleta e traz orienta\u00e7\u00f5es sobre a diminui\u00e7\u00e3o de res\u00edduos.\" \/>\n<meta property=\"og:url\" content=\"https:\/\/folhapopular.info\/index.php\/2022\/10\/25\/cartilha-do-lixo-e-lancada-durante-a-2a-semana-municipal-lixo-zero-em-lajeado\/\" \/>\n<meta property=\"og:site_name\" content=\"Folha Popular\" \/>\n<meta property=\"article:published_time\" content=\"2022-10-25T11:13:12+00:00\" \/>\n<meta property=\"article:modified_time\" content=\"2022-10-25T11:13:15+00:00\" \/>\n<meta property=\"og:image\" content=\"http:\/\/folhapopular.info\/wp-content\/uploads\/2022\/10\/Lixo-certo-e1666696291417.jpeg\" \/>\n\t<meta property=\"og:image:width\" content=\"1200\" \/>\n\t<meta property=\"og:image:height\" content=\"804\" \/>\n\t<meta property=\"og:image:type\" content=\"image\/jpeg\" \/>\n<meta name=\"author\" content=\"Reda\u00e7\u00e3o Folha Popular\" \/>\n<meta name=\"twitter:card\" content=\"summary_large_image\" \/>\n<meta name=\"twitter:label1\" content=\"Escrito por\" \/>\n\t<meta name=\"twitter:data1\" content=\"Reda\u00e7\u00e3o Folha Popular\" \/>\n\t<meta name=\"twitter:label2\" content=\"Est. tempo de leitura\" \/>\n\t<meta name=\"twitter:data2\" content=\"3 minutos\" \/>\n<script type=\"application\/ld+json\" class=\"yoast-schema-graph\">{\"@context\":\"https:\\\/\\\/schema.org\",\"@graph\":[{\"@type\":\"Article\",\"@id\":\"https:\\\/\\\/folhapopular.info\\\/index.php\\\/2022\\\/10\\\/25\\\/cartilha-do-lixo-e-lancada-durante-a-2a-semana-municipal-lixo-zero-em-lajeado\\\/#article\",\"isPartOf\":{\"@id\":\"https:\\\/\\\/folhapopular.info\\\/index.php\\\/2022\\\/10\\\/25\\\/cartilha-do-lixo-e-lancada-durante-a-2a-semana-municipal-lixo-zero-em-lajeado\\\/\"},\"author\":{\"name\":\"Reda\u00e7\u00e3o Folha Popular\",\"@id\":\"https:\\\/\\\/folhapopular.info\\\/#\\\/schema\\\/person\\\/2814e8a0df7643585a9ca38bc6eb9d4b\"},\"headline\":\"Cartilha do Lixo \u00e9 lan\u00e7ada durante a 2\u00aa Semana Municipal Lixo Zero em Lajeado\",\"datePublished\":\"2022-10-25T11:13:12+00:00\",\"dateModified\":\"2022-10-25T11:13:15+00:00\",\"mainEntityOfPage\":{\"@id\":\"https:\\\/\\\/folhapopular.info\\\/index.php\\\/2022\\\/10\\\/25\\\/cartilha-do-lixo-e-lancada-durante-a-2a-semana-municipal-lixo-zero-em-lajeado\\\/\"},\"wordCount\":426,\"commentCount\":0,\"image\":{\"@id\":\"https:\\\/\\\/folhapopular.info\\\/index.php\\\/2022\\\/10\\\/25\\\/cartilha-do-lixo-e-lancada-durante-a-2a-semana-municipal-lixo-zero-em-lajeado\\\/#primaryimage\"},\"thumbnailUrl\":\"https:\\\/\\\/folhapopular.info\\\/wp-content\\\/uploads\\\/2022\\\/10\\\/Lixo-certo-e1666696291417.jpeg\",\"keywords\":[\"Lajeado\",\"lixo zero VT\",\"semana lixo zero\"],\"articleSection\":[\"Destaques\",\"Geral\"],\"inLanguage\":\"pt-BR\",\"potentialAction\":[{\"@type\":\"CommentAction\",\"name\":\"Comment\",\"target\":[\"https:\\\/\\\/folhapopular.info\\\/index.php\\\/2022\\\/10\\\/25\\\/cartilha-do-lixo-e-lancada-durante-a-2a-semana-municipal-lixo-zero-em-lajeado\\\/#respond\"]}]},{\"@type\":\"WebPage\",\"@id\":\"https:\\\/\\\/folhapopular.info\\\/index.php\\\/2022\\\/10\\\/25\\\/cartilha-do-lixo-e-lancada-durante-a-2a-semana-municipal-lixo-zero-em-lajeado\\\/\",\"url\":\"https:\\\/\\\/folhapopular.info\\\/index.php\\\/2022\\\/10\\\/25\\\/cartilha-do-lixo-e-lancada-durante-a-2a-semana-municipal-lixo-zero-em-lajeado\\\/\",\"name\":\"Cartilha do Lixo \u00e9 lan\u00e7ada durante a 2\u00aa Semana Municipal Lixo Zero em Lajeado - Folha Popular\",\"isPartOf\":{\"@id\":\"https:\\\/\\\/folhapopular.info\\\/#website\"},\"primaryImageOfPage\":{\"@id\":\"https:\\\/\\\/folhapopular.info\\\/index.php\\\/2022\\\/10\\\/25\\\/cartilha-do-lixo-e-lancada-durante-a-2a-semana-municipal-lixo-zero-em-lajeado\\\/#primaryimage\"},\"image\":{\"@id\":\"https:\\\/\\\/folhapopular.info\\\/index.php\\\/2022\\\/10\\\/25\\\/cartilha-do-lixo-e-lancada-durante-a-2a-semana-municipal-lixo-zero-em-lajeado\\\/#primaryimage\"},\"thumbnailUrl\":\"https:\\\/\\\/folhapopular.info\\\/wp-content\\\/uploads\\\/2022\\\/10\\\/Lixo-certo-e1666696291417.jpeg\",\"datePublished\":\"2022-10-25T11:13:12+00:00\",\"dateModified\":\"2022-10-25T11:13:15+00:00\",\"author\":{\"@id\":\"https:\\\/\\\/folhapopular.info\\\/#\\\/schema\\\/person\\\/2814e8a0df7643585a9ca38bc6eb9d4b\"},\"description\":\"Documento esclarece sobre tipos de res\u00edduos, formas de reaproveitamento, dias e bairros da coleta e traz orienta\u00e7\u00f5es sobre a diminui\u00e7\u00e3o de res\u00edduos.\",\"breadcrumb\":{\"@id\":\"https:\\\/\\\/folhapopular.info\\\/index.php\\\/2022\\\/10\\\/25\\\/cartilha-do-lixo-e-lancada-durante-a-2a-semana-municipal-lixo-zero-em-lajeado\\\/#breadcrumb\"},\"inLanguage\":\"pt-BR\",\"potentialAction\":[{\"@type\":\"ReadAction\",\"target\":[\"https:\\\/\\\/folhapopular.info\\\/index.php\\\/2022\\\/10\\\/25\\\/cartilha-do-lixo-e-lancada-durante-a-2a-semana-municipal-lixo-zero-em-lajeado\\\/\"]}]},{\"@type\":\"ImageObject\",\"inLanguage\":\"pt-BR\",\"@id\":\"https:\\\/\\\/folhapopular.info\\\/index.php\\\/2022\\\/10\\\/25\\\/cartilha-do-lixo-e-lancada-durante-a-2a-semana-municipal-lixo-zero-em-lajeado\\\/#primaryimage\",\"url\":\"https:\\\/\\\/folhapopular.info\\\/wp-content\\\/uploads\\\/2022\\\/10\\\/Lixo-certo-e1666696291417.jpeg\",\"contentUrl\":\"https:\\\/\\\/folhapopular.info\\\/wp-content\\\/uploads\\\/2022\\\/10\\\/Lixo-certo-e1666696291417.jpeg\",\"width\":1200,\"height\":804,\"caption\":\"Atividades ocorrem at\u00e9 o dia 29 de outubro. Cr\u00e9ditos: Divulga\u00e7\u00e3o\"},{\"@type\":\"BreadcrumbList\",\"@id\":\"https:\\\/\\\/folhapopular.info\\\/index.php\\\/2022\\\/10\\\/25\\\/cartilha-do-lixo-e-lancada-durante-a-2a-semana-municipal-lixo-zero-em-lajeado\\\/#breadcrumb\",\"itemListElement\":[{\"@type\":\"ListItem\",\"position\":1,\"name\":\"In\u00edcio\",\"item\":\"https:\\\/\\\/folhapopular.info\\\/\"},{\"@type\":\"ListItem\",\"position\":2,\"name\":\"Cartilha do Lixo \u00e9 lan\u00e7ada durante a 2\u00aa Semana Municipal Lixo Zero em Lajeado\"}]},{\"@type\":\"WebSite\",\"@id\":\"https:\\\/\\\/folhapopular.info\\\/#website\",\"url\":\"https:\\\/\\\/folhapopular.info\\\/\",\"name\":\"Folha Popular\",\"description\":\"Onde voc\u00ea tem vez e voz\",\"potentialAction\":[{\"@type\":\"SearchAction\",\"target\":{\"@type\":\"EntryPoint\",\"urlTemplate\":\"https:\\\/\\\/folhapopular.info\\\/?s={search_term_string}\"},\"query-input\":{\"@type\":\"PropertyValueSpecification\",\"valueRequired\":true,\"valueName\":\"search_term_string\"}}],\"inLanguage\":\"pt-BR\"},{\"@type\":\"Person\",\"@id\":\"https:\\\/\\\/folhapopular.info\\\/#\\\/schema\\\/person\\\/2814e8a0df7643585a9ca38bc6eb9d4b\",\"name\":\"Reda\u00e7\u00e3o Folha Popular\",\"image\":{\"@type\":\"ImageObject\",\"inLanguage\":\"pt-BR\",\"@id\":\"https:\\\/\\\/folhapopular.info\\\/wp-content\\\/uploads\\\/2026\\\/04\\\/Folha-1.webp\",\"url\":\"https:\\\/\\\/folhapopular.info\\\/wp-content\\\/uploads\\\/2026\\\/04\\\/Folha-1.webp\",\"contentUrl\":\"https:\\\/\\\/folhapopular.info\\\/wp-content\\\/uploads\\\/2026\\\/04\\\/Folha-1.webp\",\"caption\":\"Reda\u00e7\u00e3o Folha Popular\"},\"url\":\"https:\\\/\\\/folhapopular.info\\\/index.php\\\/author\\\/redacao\\\/\"}]}<\/script>\n<!-- \/ Yoast SEO plugin. -->","yoast_head_json":{"title":"Cartilha do Lixo \u00e9 lan\u00e7ada durante a 2\u00aa Semana Municipal Lixo Zero em Lajeado - Folha Popular","description":"Documento esclarece sobre tipos de res\u00edduos, formas de reaproveitamento, dias e bairros da coleta e traz orienta\u00e7\u00f5es sobre a diminui\u00e7\u00e3o de res\u00edduos.","robots":{"index":"index","follow":"follow","max-snippet":"max-snippet:-1","max-image-preview":"max-image-preview:large","max-video-preview":"max-video-preview:-1"},"canonical":"https:\/\/folhapopular.info\/index.php\/2022\/10\/25\/cartilha-do-lixo-e-lancada-durante-a-2a-semana-municipal-lixo-zero-em-lajeado\/","og_locale":"pt_BR","og_type":"article","og_title":"Cartilha do Lixo \u00e9 lan\u00e7ada durante a 2\u00aa Semana Municipal Lixo Zero em Lajeado - Folha Popular","og_description":"Documento esclarece sobre tipos de res\u00edduos, formas de reaproveitamento, dias e bairros da coleta e traz orienta\u00e7\u00f5es sobre a diminui\u00e7\u00e3o de res\u00edduos.","og_url":"https:\/\/folhapopular.info\/index.php\/2022\/10\/25\/cartilha-do-lixo-e-lancada-durante-a-2a-semana-municipal-lixo-zero-em-lajeado\/","og_site_name":"Folha Popular","article_published_time":"2022-10-25T11:13:12+00:00","article_modified_time":"2022-10-25T11:13:15+00:00","og_image":[{"width":1200,"height":804,"url":"http:\/\/folhapopular.info\/wp-content\/uploads\/2022\/10\/Lixo-certo-e1666696291417.jpeg","type":"image\/jpeg"}],"author":"Reda\u00e7\u00e3o Folha Popular","twitter_card":"summary_large_image","twitter_misc":{"Escrito por":"Reda\u00e7\u00e3o Folha Popular","Est. tempo de leitura":"3 minutos"},"schema":{"@context":"https:\/\/schema.org","@graph":[{"@type":"Article","@id":"https:\/\/folhapopular.info\/index.php\/2022\/10\/25\/cartilha-do-lixo-e-lancada-durante-a-2a-semana-municipal-lixo-zero-em-lajeado\/#article","isPartOf":{"@id":"https:\/\/folhapopular.info\/index.php\/2022\/10\/25\/cartilha-do-lixo-e-lancada-durante-a-2a-semana-municipal-lixo-zero-em-lajeado\/"},"author":{"name":"Reda\u00e7\u00e3o Folha Popular","@id":"https:\/\/folhapopular.info\/#\/schema\/person\/2814e8a0df7643585a9ca38bc6eb9d4b"},"headline":"Cartilha do Lixo \u00e9 lan\u00e7ada durante a 2\u00aa Semana Municipal Lixo Zero em Lajeado","datePublished":"2022-10-25T11:13:12+00:00","dateModified":"2022-10-25T11:13:15+00:00","mainEntityOfPage":{"@id":"https:\/\/folhapopular.info\/index.php\/2022\/10\/25\/cartilha-do-lixo-e-lancada-durante-a-2a-semana-municipal-lixo-zero-em-lajeado\/"},"wordCount":426,"commentCount":0,"image":{"@id":"https:\/\/folhapopular.info\/index.php\/2022\/10\/25\/cartilha-do-lixo-e-lancada-durante-a-2a-semana-municipal-lixo-zero-em-lajeado\/#primaryimage"},"thumbnailUrl":"https:\/\/folhapopular.info\/wp-content\/uploads\/2022\/10\/Lixo-certo-e1666696291417.jpeg","keywords":["Lajeado","lixo zero VT","semana lixo zero"],"articleSection":["Destaques","Geral"],"inLanguage":"pt-BR","potentialAction":[{"@type":"CommentAction","name":"Comment","target":["https:\/\/folhapopular.info\/index.php\/2022\/10\/25\/cartilha-do-lixo-e-lancada-durante-a-2a-semana-municipal-lixo-zero-em-lajeado\/#respond"]}]},{"@type":"WebPage","@id":"https:\/\/folhapopular.info\/index.php\/2022\/10\/25\/cartilha-do-lixo-e-lancada-durante-a-2a-semana-municipal-lixo-zero-em-lajeado\/","url":"https:\/\/folhapopular.info\/index.php\/2022\/10\/25\/cartilha-do-lixo-e-lancada-durante-a-2a-semana-municipal-lixo-zero-em-lajeado\/","name":"Cartilha do Lixo \u00e9 lan\u00e7ada durante a 2\u00aa Semana Municipal Lixo Zero em Lajeado - Folha Popular","isPartOf":{"@id":"https:\/\/folhapopular.info\/#website"},"primaryImageOfPage":{"@id":"https:\/\/folhapopular.info\/index.php\/2022\/10\/25\/cartilha-do-lixo-e-lancada-durante-a-2a-semana-municipal-lixo-zero-em-lajeado\/#primaryimage"},"image":{"@id":"https:\/\/folhapopular.info\/index.php\/2022\/10\/25\/cartilha-do-lixo-e-lancada-durante-a-2a-semana-municipal-lixo-zero-em-lajeado\/#primaryimage"},"thumbnailUrl":"https:\/\/folhapopular.info\/wp-content\/uploads\/2022\/10\/Lixo-certo-e1666696291417.jpeg","datePublished":"2022-10-25T11:13:12+00:00","dateModified":"2022-10-25T11:13:15+00:00","author":{"@id":"https:\/\/folhapopular.info\/#\/schema\/person\/2814e8a0df7643585a9ca38bc6eb9d4b"},"description":"Documento esclarece sobre tipos de res\u00edduos, formas de reaproveitamento, dias e bairros da coleta e traz orienta\u00e7\u00f5es sobre a diminui\u00e7\u00e3o de res\u00edduos.","breadcrumb":{"@id":"https:\/\/folhapopular.info\/index.php\/2022\/10\/25\/cartilha-do-lixo-e-lancada-durante-a-2a-semana-municipal-lixo-zero-em-lajeado\/#breadcrumb"},"inLanguage":"pt-BR","potentialAction":[{"@type":"ReadAction","target":["https:\/\/folhapopular.info\/index.php\/2022\/10\/25\/cartilha-do-lixo-e-lancada-durante-a-2a-semana-municipal-lixo-zero-em-lajeado\/"]}]},{"@type":"ImageObject","inLanguage":"pt-BR","@id":"https:\/\/folhapopular.info\/index.php\/2022\/10\/25\/cartilha-do-lixo-e-lancada-durante-a-2a-semana-municipal-lixo-zero-em-lajeado\/#primaryimage","url":"https:\/\/folhapopular.info\/wp-content\/uploads\/2022\/10\/Lixo-certo-e1666696291417.jpeg","contentUrl":"https:\/\/folhapopular.info\/wp-content\/uploads\/2022\/10\/Lixo-certo-e1666696291417.jpeg","width":1200,"height":804,"caption":"Atividades ocorrem at\u00e9 o dia 29 de outubro. Cr\u00e9ditos: Divulga\u00e7\u00e3o"},{"@type":"BreadcrumbList","@id":"https:\/\/folhapopular.info\/index.php\/2022\/10\/25\/cartilha-do-lixo-e-lancada-durante-a-2a-semana-municipal-lixo-zero-em-lajeado\/#breadcrumb","itemListElement":[{"@type":"ListItem","position":1,"name":"In\u00edcio","item":"https:\/\/folhapopular.info\/"},{"@type":"ListItem","position":2,"name":"Cartilha do Lixo \u00e9 lan\u00e7ada durante a 2\u00aa Semana Municipal Lixo Zero em Lajeado"}]},{"@type":"WebSite","@id":"https:\/\/folhapopular.info\/#website","url":"https:\/\/folhapopular.info\/","name":"Folha Popular","description":"Onde voc\u00ea tem vez e voz","potentialAction":[{"@type":"SearchAction","target":{"@type":"EntryPoint","urlTemplate":"https:\/\/folhapopular.info\/?s={search_term_string}"},"query-input":{"@type":"PropertyValueSpecification","valueRequired":true,"valueName":"search_term_string"}}],"inLanguage":"pt-BR"},{"@type":"Person","@id":"https:\/\/folhapopular.info\/#\/schema\/person\/2814e8a0df7643585a9ca38bc6eb9d4b","name":"Reda\u00e7\u00e3o Folha Popular","image":{"@type":"ImageObject","inLanguage":"pt-BR","@id":"https:\/\/folhapopular.info\/wp-content\/uploads\/2026\/04\/Folha-1.webp","url":"https:\/\/folhapopular.info\/wp-content\/uploads\/2026\/04\/Folha-1.webp","contentUrl":"https:\/\/folhapopular.info\/wp-content\/uploads\/2026\/04\/Folha-1.webp","caption":"Reda\u00e7\u00e3o Folha Popular"},"url":"https:\/\/folhapopular.info\/index.php\/author\/redacao\/"}]}},"jetpack_featured_media_url":"https:\/\/folhapopular.info\/wp-content\/uploads\/2022\/10\/Lixo-certo-e1666696291417.jpeg","jetpack_sharing_enabled":true,"amp_enabled":true,"_links":{"self":[{"href":"https:\/\/folhapopular.info\/index.php\/wp-json\/wp\/v2\/posts\/115178","targetHints":{"allow":["GET"]}}],"collection":[{"href":"https:\/\/folhapopular.info\/index.php\/wp-json\/wp\/v2\/posts"}],"about":[{"href":"https:\/\/folhapopular.info\/index.php\/wp-json\/wp\/v2\/types\/post"}],"author":[{"embeddable":true,"href":"https:\/\/folhapopular.info\/index.php\/wp-json\/wp\/v2\/users\/8"}],"replies":[{"embeddable":true,"href":"https:\/\/folhapopular.info\/index.php\/wp-json\/wp\/v2\/comments?post=115178"}],"version-history":[{"count":0,"href":"https:\/\/folhapopular.info\/index.php\/wp-json\/wp\/v2\/posts\/115178\/revisions"}],"wp:featuredmedia":[{"embeddable":true,"href":"https:\/\/folhapopular.info\/index.php\/wp-json\/wp\/v2\/media\/115179"}],"wp:attachment":[{"href":"https:\/\/folhapopular.info\/index.php\/wp-json\/wp\/v2\/media?parent=115178"}],"wp:term":[{"taxonomy":"category","embeddable":true,"href":"https:\/\/folhapopular.info\/index.php\/wp-json\/wp\/v2\/categories?post=115178"},{"taxonomy":"post_tag","embeddable":true,"href":"https:\/\/folhapopular.info\/index.php\/wp-json\/wp\/v2\/tags?post=115178"}],"curies":[{"name":"wp","href":"https:\/\/api.w.org\/{rel}","templated":true}]}}