{"id":115213,"date":"2022-10-25T14:11:39","date_gmt":"2022-10-25T17:11:39","guid":{"rendered":"https:\/\/folhapopular.info\/?p=115213"},"modified":"2022-10-25T14:11:42","modified_gmt":"2022-10-25T17:11:42","slug":"inscricoes-para-inclusao-de-eventos-no-calendario-de-lajeado-em-2023-seguem-ate-16-de-novembro","status":"publish","type":"post","link":"https:\/\/folhapopular.info\/index.php\/2022\/10\/25\/inscricoes-para-inclusao-de-eventos-no-calendario-de-lajeado-em-2023-seguem-ate-16-de-novembro\/","title":{"rendered":"Inscri\u00e7\u00f5es para inclus\u00e3o de eventos no Calend\u00e1rio de Lajeado em 2023 seguem at\u00e9 16 de novembro"},"content":{"rendered":"\n<p>Est\u00e1 aberto o prazo para inclus\u00e3o de eventos, por parte de entidades e secretarias municipais, no Calend\u00e1rio de Eventos do Munic\u00edpio de Lajeado para 2023. O prazo de inscri\u00e7\u00f5es se encerra na quarta-feira (16\/11). <\/p>\n\n\n\n<p>Neste ano, a Prefeitura de Lajeado regulamenta os crit\u00e9rios para inclus\u00e3o dos eventos por meio do Decreto 13.083, de 19 de Outubro de 2022, que pode ser conferido no site da Prefeitura.<\/p>\n\n\n\n<p>Para fazer a inclus\u00e3o, o organizador do evento deve responder o <a href=\"https:\/\/bit.ly\/calendario-eventos2023\">formul\u00e1rio<\/a>. Os eventos devem se enquadrar em uma destas categorias:<br>1 \u2013 Eventos oficiais do Munic\u00edpio, realizados pelas Secretarias Municipais;<br>2 \u2013 Eventos estabelecidos por Lei;<br>3 \u2013 Eventos realizados por terceiros, dos quais a Prefeitura seja parceira ou apoiadora;<br>4 \u2013 Eventos de car\u00e1ter tur\u00edstico ou que promovam o desenvolvimento econ\u00f4mico atrav\u00e9s da movimenta\u00e7\u00e3o do com\u00e9rcio em geral.<\/p>\n\n\n\n<p>O preenchimento do formul\u00e1rio n\u00e3o garante a publica\u00e7\u00e3o imediata no Calend\u00e1rio de Eventos do Munic\u00edpio. Os pedidos ser\u00e3o analisados por uma comiss\u00e3o designada pela Prefeitura de Lajeado.<\/p>\n\n\n\n<p><strong>2\u00ba Semestre<\/strong><br>O prazo para solicita\u00e7\u00e3o de inclus\u00e3o de novos eventos para o segundo semestre ser\u00e1 at\u00e9 o \u00faltimo dia do m\u00eas de maio. Neste caso, o Calend\u00e1rio passar\u00e1 por uma nova revis\u00e3o no m\u00eas de julho, quando ser\u00e3o inclu\u00eddos os eventos aprovados pela Secretaria da Cultura, Esporte e Lazer. O Decreto completo pode ser lido no <a href=\"https:\/\/www.lajeado.rs.gov.br\/arquivos\/download_anexo\/Decreto%20Calend%C3%A1rio%20de%20Eventos%202023.pdf\">pdf <\/a>dispon\u00edvel.\u00a0<\/p>\n\n\n\n<p><strong>Secretaria de Cultura, Esporte e Lazer (Secel)<\/strong><br>Telefone: (51) 3982-1003<br>Endere\u00e7o: Rua Alberto Torres, 452, 5\u00ba andar &#8211; Sala 01 &#8211; Bairro Centro<br>Hor\u00e1rio de atendimento: segunda a quinta-feira, das 8h as 11h30 e das 13h30 as 16h45, e sextas-feiras das 8h as 14h.<\/p>\n","protected":false},"excerpt":{"rendered":"<p>Est\u00e1 aberto o prazo para inclus\u00e3o de eventos, por parte de entidades e secretarias municipais, no Calend\u00e1rio de Eventos do Munic\u00edpio de Lajeado para 2023. O prazo de inscri\u00e7\u00f5es se encerra na quarta-feira (16\/11). Neste ano, a Prefeitura de Lajeado regulamenta os crit\u00e9rios para inclus\u00e3o dos eventos por meio do Decreto 13.083, de 19 de [&hellip;]<\/p>\n","protected":false},"author":8,"featured_media":115215,"comment_status":"open","ping_status":"open","sticky":false,"template":"","format":"standard","meta":{"pmpro_default_level":"","_jetpack_memberships_contains_paid_content":false,"footnotes":""},"categories":[2,3],"tags":[10187,946,27],"class_list":{"0":"post-115213","1":"post","2":"type-post","3":"status-publish","4":"format-standard","5":"has-post-thumbnail","7":"category-featured","8":"category-geral","9":"tag-calendario-municipal","10":"tag-inscricoes","11":"tag-lajeado","12":"pmpro-has-access"},"yoast_head":"<!-- This site is optimized with the Yoast SEO plugin v27.5 - https:\/\/yoast.com\/product\/yoast-seo-wordpress\/ -->\n<title>Inscri\u00e7\u00f5es para inclus\u00e3o de eventos no Calend\u00e1rio de Lajeado em 2023 seguem at\u00e9 16 de novembro - Folha Popular<\/title>\n<meta name=\"robots\" content=\"index, follow, max-snippet:-1, max-image-preview:large, max-video-preview:-1\" \/>\n<link rel=\"canonical\" href=\"https:\/\/folhapopular.info\/index.php\/2022\/10\/25\/inscricoes-para-inclusao-de-eventos-no-calendario-de-lajeado-em-2023-seguem-ate-16-de-novembro\/\" \/>\n<meta property=\"og:locale\" content=\"pt_BR\" \/>\n<meta property=\"og:type\" content=\"article\" \/>\n<meta property=\"og:title\" content=\"Inscri\u00e7\u00f5es para inclus\u00e3o de eventos no Calend\u00e1rio de Lajeado em 2023 seguem at\u00e9 16 de novembro - Folha Popular\" \/>\n<meta property=\"og:description\" content=\"Est\u00e1 aberto o prazo para inclus\u00e3o de eventos, por parte de entidades e secretarias municipais, no Calend\u00e1rio de Eventos do Munic\u00edpio de Lajeado para 2023. O prazo de inscri\u00e7\u00f5es se encerra na quarta-feira (16\/11). Neste ano, a Prefeitura de Lajeado regulamenta os crit\u00e9rios para inclus\u00e3o dos eventos por meio do Decreto 13.083, de 19 de [&hellip;]\" \/>\n<meta property=\"og:url\" content=\"https:\/\/folhapopular.info\/index.php\/2022\/10\/25\/inscricoes-para-inclusao-de-eventos-no-calendario-de-lajeado-em-2023-seguem-ate-16-de-novembro\/\" \/>\n<meta property=\"og:site_name\" content=\"Folha Popular\" \/>\n<meta property=\"article:published_time\" content=\"2022-10-25T17:11:39+00:00\" \/>\n<meta property=\"article:modified_time\" content=\"2022-10-25T17:11:42+00:00\" \/>\n<meta property=\"og:image\" content=\"http:\/\/folhapopular.info\/wp-content\/uploads\/2022\/10\/Inscricoes-para-o-calendario-de-eventos-2023.jpeg\" \/>\n\t<meta property=\"og:image:width\" content=\"1080\" \/>\n\t<meta property=\"og:image:height\" content=\"1080\" \/>\n\t<meta property=\"og:image:type\" content=\"image\/jpeg\" \/>\n<meta name=\"author\" content=\"Reda\u00e7\u00e3o Folha Popular\" \/>\n<meta name=\"twitter:card\" content=\"summary_large_image\" \/>\n<meta name=\"twitter:label1\" content=\"Escrito por\" \/>\n\t<meta name=\"twitter:data1\" content=\"Reda\u00e7\u00e3o Folha Popular\" \/>\n\t<meta name=\"twitter:label2\" content=\"Est. tempo de leitura\" \/>\n\t<meta name=\"twitter:data2\" content=\"2 minutos\" \/>\n<script type=\"application\/ld+json\" class=\"yoast-schema-graph\">{\"@context\":\"https:\\\/\\\/schema.org\",\"@graph\":[{\"@type\":\"Article\",\"@id\":\"https:\\\/\\\/folhapopular.info\\\/index.php\\\/2022\\\/10\\\/25\\\/inscricoes-para-inclusao-de-eventos-no-calendario-de-lajeado-em-2023-seguem-ate-16-de-novembro\\\/#article\",\"isPartOf\":{\"@id\":\"https:\\\/\\\/folhapopular.info\\\/index.php\\\/2022\\\/10\\\/25\\\/inscricoes-para-inclusao-de-eventos-no-calendario-de-lajeado-em-2023-seguem-ate-16-de-novembro\\\/\"},\"author\":{\"name\":\"Reda\u00e7\u00e3o Folha Popular\",\"@id\":\"https:\\\/\\\/folhapopular.info\\\/#\\\/schema\\\/person\\\/2814e8a0df7643585a9ca38bc6eb9d4b\"},\"headline\":\"Inscri\u00e7\u00f5es para inclus\u00e3o de eventos no Calend\u00e1rio de Lajeado em 2023 seguem at\u00e9 16 de novembro\",\"datePublished\":\"2022-10-25T17:11:39+00:00\",\"dateModified\":\"2022-10-25T17:11:42+00:00\",\"mainEntityOfPage\":{\"@id\":\"https:\\\/\\\/folhapopular.info\\\/index.php\\\/2022\\\/10\\\/25\\\/inscricoes-para-inclusao-de-eventos-no-calendario-de-lajeado-em-2023-seguem-ate-16-de-novembro\\\/\"},\"wordCount\":297,\"commentCount\":0,\"image\":{\"@id\":\"https:\\\/\\\/folhapopular.info\\\/index.php\\\/2022\\\/10\\\/25\\\/inscricoes-para-inclusao-de-eventos-no-calendario-de-lajeado-em-2023-seguem-ate-16-de-novembro\\\/#primaryimage\"},\"thumbnailUrl\":\"https:\\\/\\\/folhapopular.info\\\/wp-content\\\/uploads\\\/2022\\\/10\\\/Inscricoes-para-o-calendario-de-eventos-2023.jpeg\",\"keywords\":[\"Calend\u00e1rio Municipal\",\"Inscri\u00e7\u00f5es\",\"Lajeado\"],\"articleSection\":[\"Destaques\",\"Geral\"],\"inLanguage\":\"pt-BR\",\"potentialAction\":[{\"@type\":\"CommentAction\",\"name\":\"Comment\",\"target\":[\"https:\\\/\\\/folhapopular.info\\\/index.php\\\/2022\\\/10\\\/25\\\/inscricoes-para-inclusao-de-eventos-no-calendario-de-lajeado-em-2023-seguem-ate-16-de-novembro\\\/#respond\"]}]},{\"@type\":\"WebPage\",\"@id\":\"https:\\\/\\\/folhapopular.info\\\/index.php\\\/2022\\\/10\\\/25\\\/inscricoes-para-inclusao-de-eventos-no-calendario-de-lajeado-em-2023-seguem-ate-16-de-novembro\\\/\",\"url\":\"https:\\\/\\\/folhapopular.info\\\/index.php\\\/2022\\\/10\\\/25\\\/inscricoes-para-inclusao-de-eventos-no-calendario-de-lajeado-em-2023-seguem-ate-16-de-novembro\\\/\",\"name\":\"Inscri\u00e7\u00f5es para inclus\u00e3o de eventos no Calend\u00e1rio de Lajeado em 2023 seguem at\u00e9 16 de novembro - Folha Popular\",\"isPartOf\":{\"@id\":\"https:\\\/\\\/folhapopular.info\\\/#website\"},\"primaryImageOfPage\":{\"@id\":\"https:\\\/\\\/folhapopular.info\\\/index.php\\\/2022\\\/10\\\/25\\\/inscricoes-para-inclusao-de-eventos-no-calendario-de-lajeado-em-2023-seguem-ate-16-de-novembro\\\/#primaryimage\"},\"image\":{\"@id\":\"https:\\\/\\\/folhapopular.info\\\/index.php\\\/2022\\\/10\\\/25\\\/inscricoes-para-inclusao-de-eventos-no-calendario-de-lajeado-em-2023-seguem-ate-16-de-novembro\\\/#primaryimage\"},\"thumbnailUrl\":\"https:\\\/\\\/folhapopular.info\\\/wp-content\\\/uploads\\\/2022\\\/10\\\/Inscricoes-para-o-calendario-de-eventos-2023.jpeg\",\"datePublished\":\"2022-10-25T17:11:39+00:00\",\"dateModified\":\"2022-10-25T17:11:42+00:00\",\"author\":{\"@id\":\"https:\\\/\\\/folhapopular.info\\\/#\\\/schema\\\/person\\\/2814e8a0df7643585a9ca38bc6eb9d4b\"},\"breadcrumb\":{\"@id\":\"https:\\\/\\\/folhapopular.info\\\/index.php\\\/2022\\\/10\\\/25\\\/inscricoes-para-inclusao-de-eventos-no-calendario-de-lajeado-em-2023-seguem-ate-16-de-novembro\\\/#breadcrumb\"},\"inLanguage\":\"pt-BR\",\"potentialAction\":[{\"@type\":\"ReadAction\",\"target\":[\"https:\\\/\\\/folhapopular.info\\\/index.php\\\/2022\\\/10\\\/25\\\/inscricoes-para-inclusao-de-eventos-no-calendario-de-lajeado-em-2023-seguem-ate-16-de-novembro\\\/\"]}]},{\"@type\":\"ImageObject\",\"inLanguage\":\"pt-BR\",\"@id\":\"https:\\\/\\\/folhapopular.info\\\/index.php\\\/2022\\\/10\\\/25\\\/inscricoes-para-inclusao-de-eventos-no-calendario-de-lajeado-em-2023-seguem-ate-16-de-novembro\\\/#primaryimage\",\"url\":\"https:\\\/\\\/folhapopular.info\\\/wp-content\\\/uploads\\\/2022\\\/10\\\/Inscricoes-para-o-calendario-de-eventos-2023.jpeg\",\"contentUrl\":\"https:\\\/\\\/folhapopular.info\\\/wp-content\\\/uploads\\\/2022\\\/10\\\/Inscricoes-para-o-calendario-de-eventos-2023.jpeg\",\"width\":1080,\"height\":1080,\"caption\":\"Cr\u00e9dito: Divulga\u00e7\u00e3o\"},{\"@type\":\"BreadcrumbList\",\"@id\":\"https:\\\/\\\/folhapopular.info\\\/index.php\\\/2022\\\/10\\\/25\\\/inscricoes-para-inclusao-de-eventos-no-calendario-de-lajeado-em-2023-seguem-ate-16-de-novembro\\\/#breadcrumb\",\"itemListElement\":[{\"@type\":\"ListItem\",\"position\":1,\"name\":\"In\u00edcio\",\"item\":\"https:\\\/\\\/folhapopular.info\\\/\"},{\"@type\":\"ListItem\",\"position\":2,\"name\":\"Inscri\u00e7\u00f5es para inclus\u00e3o de eventos no Calend\u00e1rio de Lajeado em 2023 seguem at\u00e9 16 de novembro\"}]},{\"@type\":\"WebSite\",\"@id\":\"https:\\\/\\\/folhapopular.info\\\/#website\",\"url\":\"https:\\\/\\\/folhapopular.info\\\/\",\"name\":\"Folha Popular\",\"description\":\"Onde voc\u00ea tem vez e voz\",\"potentialAction\":[{\"@type\":\"SearchAction\",\"target\":{\"@type\":\"EntryPoint\",\"urlTemplate\":\"https:\\\/\\\/folhapopular.info\\\/?s={search_term_string}\"},\"query-input\":{\"@type\":\"PropertyValueSpecification\",\"valueRequired\":true,\"valueName\":\"search_term_string\"}}],\"inLanguage\":\"pt-BR\"},{\"@type\":\"Person\",\"@id\":\"https:\\\/\\\/folhapopular.info\\\/#\\\/schema\\\/person\\\/2814e8a0df7643585a9ca38bc6eb9d4b\",\"name\":\"Reda\u00e7\u00e3o Folha Popular\",\"image\":{\"@type\":\"ImageObject\",\"inLanguage\":\"pt-BR\",\"@id\":\"https:\\\/\\\/folhapopular.info\\\/wp-content\\\/uploads\\\/2026\\\/04\\\/Folha-1.webp\",\"url\":\"https:\\\/\\\/folhapopular.info\\\/wp-content\\\/uploads\\\/2026\\\/04\\\/Folha-1.webp\",\"contentUrl\":\"https:\\\/\\\/folhapopular.info\\\/wp-content\\\/uploads\\\/2026\\\/04\\\/Folha-1.webp\",\"caption\":\"Reda\u00e7\u00e3o Folha Popular\"},\"url\":\"https:\\\/\\\/folhapopular.info\\\/index.php\\\/author\\\/redacao\\\/\"}]}<\/script>\n<!-- \/ Yoast SEO plugin. -->","yoast_head_json":{"title":"Inscri\u00e7\u00f5es para inclus\u00e3o de eventos no Calend\u00e1rio de Lajeado em 2023 seguem at\u00e9 16 de novembro - Folha Popular","robots":{"index":"index","follow":"follow","max-snippet":"max-snippet:-1","max-image-preview":"max-image-preview:large","max-video-preview":"max-video-preview:-1"},"canonical":"https:\/\/folhapopular.info\/index.php\/2022\/10\/25\/inscricoes-para-inclusao-de-eventos-no-calendario-de-lajeado-em-2023-seguem-ate-16-de-novembro\/","og_locale":"pt_BR","og_type":"article","og_title":"Inscri\u00e7\u00f5es para inclus\u00e3o de eventos no Calend\u00e1rio de Lajeado em 2023 seguem at\u00e9 16 de novembro - Folha Popular","og_description":"Est\u00e1 aberto o prazo para inclus\u00e3o de eventos, por parte de entidades e secretarias municipais, no Calend\u00e1rio de Eventos do Munic\u00edpio de Lajeado para 2023. O prazo de inscri\u00e7\u00f5es se encerra na quarta-feira (16\/11). Neste ano, a Prefeitura de Lajeado regulamenta os crit\u00e9rios para inclus\u00e3o dos eventos por meio do Decreto 13.083, de 19 de [&hellip;]","og_url":"https:\/\/folhapopular.info\/index.php\/2022\/10\/25\/inscricoes-para-inclusao-de-eventos-no-calendario-de-lajeado-em-2023-seguem-ate-16-de-novembro\/","og_site_name":"Folha Popular","article_published_time":"2022-10-25T17:11:39+00:00","article_modified_time":"2022-10-25T17:11:42+00:00","og_image":[{"width":1080,"height":1080,"url":"http:\/\/folhapopular.info\/wp-content\/uploads\/2022\/10\/Inscricoes-para-o-calendario-de-eventos-2023.jpeg","type":"image\/jpeg"}],"author":"Reda\u00e7\u00e3o Folha Popular","twitter_card":"summary_large_image","twitter_misc":{"Escrito por":"Reda\u00e7\u00e3o Folha Popular","Est. tempo de leitura":"2 minutos"},"schema":{"@context":"https:\/\/schema.org","@graph":[{"@type":"Article","@id":"https:\/\/folhapopular.info\/index.php\/2022\/10\/25\/inscricoes-para-inclusao-de-eventos-no-calendario-de-lajeado-em-2023-seguem-ate-16-de-novembro\/#article","isPartOf":{"@id":"https:\/\/folhapopular.info\/index.php\/2022\/10\/25\/inscricoes-para-inclusao-de-eventos-no-calendario-de-lajeado-em-2023-seguem-ate-16-de-novembro\/"},"author":{"name":"Reda\u00e7\u00e3o Folha Popular","@id":"https:\/\/folhapopular.info\/#\/schema\/person\/2814e8a0df7643585a9ca38bc6eb9d4b"},"headline":"Inscri\u00e7\u00f5es para inclus\u00e3o de eventos no Calend\u00e1rio de Lajeado em 2023 seguem at\u00e9 16 de novembro","datePublished":"2022-10-25T17:11:39+00:00","dateModified":"2022-10-25T17:11:42+00:00","mainEntityOfPage":{"@id":"https:\/\/folhapopular.info\/index.php\/2022\/10\/25\/inscricoes-para-inclusao-de-eventos-no-calendario-de-lajeado-em-2023-seguem-ate-16-de-novembro\/"},"wordCount":297,"commentCount":0,"image":{"@id":"https:\/\/folhapopular.info\/index.php\/2022\/10\/25\/inscricoes-para-inclusao-de-eventos-no-calendario-de-lajeado-em-2023-seguem-ate-16-de-novembro\/#primaryimage"},"thumbnailUrl":"https:\/\/folhapopular.info\/wp-content\/uploads\/2022\/10\/Inscricoes-para-o-calendario-de-eventos-2023.jpeg","keywords":["Calend\u00e1rio Municipal","Inscri\u00e7\u00f5es","Lajeado"],"articleSection":["Destaques","Geral"],"inLanguage":"pt-BR","potentialAction":[{"@type":"CommentAction","name":"Comment","target":["https:\/\/folhapopular.info\/index.php\/2022\/10\/25\/inscricoes-para-inclusao-de-eventos-no-calendario-de-lajeado-em-2023-seguem-ate-16-de-novembro\/#respond"]}]},{"@type":"WebPage","@id":"https:\/\/folhapopular.info\/index.php\/2022\/10\/25\/inscricoes-para-inclusao-de-eventos-no-calendario-de-lajeado-em-2023-seguem-ate-16-de-novembro\/","url":"https:\/\/folhapopular.info\/index.php\/2022\/10\/25\/inscricoes-para-inclusao-de-eventos-no-calendario-de-lajeado-em-2023-seguem-ate-16-de-novembro\/","name":"Inscri\u00e7\u00f5es para inclus\u00e3o de eventos no Calend\u00e1rio de Lajeado em 2023 seguem at\u00e9 16 de novembro - Folha Popular","isPartOf":{"@id":"https:\/\/folhapopular.info\/#website"},"primaryImageOfPage":{"@id":"https:\/\/folhapopular.info\/index.php\/2022\/10\/25\/inscricoes-para-inclusao-de-eventos-no-calendario-de-lajeado-em-2023-seguem-ate-16-de-novembro\/#primaryimage"},"image":{"@id":"https:\/\/folhapopular.info\/index.php\/2022\/10\/25\/inscricoes-para-inclusao-de-eventos-no-calendario-de-lajeado-em-2023-seguem-ate-16-de-novembro\/#primaryimage"},"thumbnailUrl":"https:\/\/folhapopular.info\/wp-content\/uploads\/2022\/10\/Inscricoes-para-o-calendario-de-eventos-2023.jpeg","datePublished":"2022-10-25T17:11:39+00:00","dateModified":"2022-10-25T17:11:42+00:00","author":{"@id":"https:\/\/folhapopular.info\/#\/schema\/person\/2814e8a0df7643585a9ca38bc6eb9d4b"},"breadcrumb":{"@id":"https:\/\/folhapopular.info\/index.php\/2022\/10\/25\/inscricoes-para-inclusao-de-eventos-no-calendario-de-lajeado-em-2023-seguem-ate-16-de-novembro\/#breadcrumb"},"inLanguage":"pt-BR","potentialAction":[{"@type":"ReadAction","target":["https:\/\/folhapopular.info\/index.php\/2022\/10\/25\/inscricoes-para-inclusao-de-eventos-no-calendario-de-lajeado-em-2023-seguem-ate-16-de-novembro\/"]}]},{"@type":"ImageObject","inLanguage":"pt-BR","@id":"https:\/\/folhapopular.info\/index.php\/2022\/10\/25\/inscricoes-para-inclusao-de-eventos-no-calendario-de-lajeado-em-2023-seguem-ate-16-de-novembro\/#primaryimage","url":"https:\/\/folhapopular.info\/wp-content\/uploads\/2022\/10\/Inscricoes-para-o-calendario-de-eventos-2023.jpeg","contentUrl":"https:\/\/folhapopular.info\/wp-content\/uploads\/2022\/10\/Inscricoes-para-o-calendario-de-eventos-2023.jpeg","width":1080,"height":1080,"caption":"Cr\u00e9dito: Divulga\u00e7\u00e3o"},{"@type":"BreadcrumbList","@id":"https:\/\/folhapopular.info\/index.php\/2022\/10\/25\/inscricoes-para-inclusao-de-eventos-no-calendario-de-lajeado-em-2023-seguem-ate-16-de-novembro\/#breadcrumb","itemListElement":[{"@type":"ListItem","position":1,"name":"In\u00edcio","item":"https:\/\/folhapopular.info\/"},{"@type":"ListItem","position":2,"name":"Inscri\u00e7\u00f5es para inclus\u00e3o de eventos no Calend\u00e1rio de Lajeado em 2023 seguem at\u00e9 16 de novembro"}]},{"@type":"WebSite","@id":"https:\/\/folhapopular.info\/#website","url":"https:\/\/folhapopular.info\/","name":"Folha Popular","description":"Onde voc\u00ea tem vez e voz","potentialAction":[{"@type":"SearchAction","target":{"@type":"EntryPoint","urlTemplate":"https:\/\/folhapopular.info\/?s={search_term_string}"},"query-input":{"@type":"PropertyValueSpecification","valueRequired":true,"valueName":"search_term_string"}}],"inLanguage":"pt-BR"},{"@type":"Person","@id":"https:\/\/folhapopular.info\/#\/schema\/person\/2814e8a0df7643585a9ca38bc6eb9d4b","name":"Reda\u00e7\u00e3o Folha Popular","image":{"@type":"ImageObject","inLanguage":"pt-BR","@id":"https:\/\/folhapopular.info\/wp-content\/uploads\/2026\/04\/Folha-1.webp","url":"https:\/\/folhapopular.info\/wp-content\/uploads\/2026\/04\/Folha-1.webp","contentUrl":"https:\/\/folhapopular.info\/wp-content\/uploads\/2026\/04\/Folha-1.webp","caption":"Reda\u00e7\u00e3o Folha Popular"},"url":"https:\/\/folhapopular.info\/index.php\/author\/redacao\/"}]}},"jetpack_featured_media_url":"https:\/\/folhapopular.info\/wp-content\/uploads\/2022\/10\/Inscricoes-para-o-calendario-de-eventos-2023.jpeg","jetpack_sharing_enabled":true,"amp_enabled":true,"_links":{"self":[{"href":"https:\/\/folhapopular.info\/index.php\/wp-json\/wp\/v2\/posts\/115213","targetHints":{"allow":["GET"]}}],"collection":[{"href":"https:\/\/folhapopular.info\/index.php\/wp-json\/wp\/v2\/posts"}],"about":[{"href":"https:\/\/folhapopular.info\/index.php\/wp-json\/wp\/v2\/types\/post"}],"author":[{"embeddable":true,"href":"https:\/\/folhapopular.info\/index.php\/wp-json\/wp\/v2\/users\/8"}],"replies":[{"embeddable":true,"href":"https:\/\/folhapopular.info\/index.php\/wp-json\/wp\/v2\/comments?post=115213"}],"version-history":[{"count":0,"href":"https:\/\/folhapopular.info\/index.php\/wp-json\/wp\/v2\/posts\/115213\/revisions"}],"wp:featuredmedia":[{"embeddable":true,"href":"https:\/\/folhapopular.info\/index.php\/wp-json\/wp\/v2\/media\/115215"}],"wp:attachment":[{"href":"https:\/\/folhapopular.info\/index.php\/wp-json\/wp\/v2\/media?parent=115213"}],"wp:term":[{"taxonomy":"category","embeddable":true,"href":"https:\/\/folhapopular.info\/index.php\/wp-json\/wp\/v2\/categories?post=115213"},{"taxonomy":"post_tag","embeddable":true,"href":"https:\/\/folhapopular.info\/index.php\/wp-json\/wp\/v2\/tags?post=115213"}],"curies":[{"name":"wp","href":"https:\/\/api.w.org\/{rel}","templated":true}]}}