{"id":115305,"date":"2022-10-26T09:51:11","date_gmt":"2022-10-26T12:51:11","guid":{"rendered":"https:\/\/folhapopular.info\/?p=115305"},"modified":"2022-10-26T09:51:45","modified_gmt":"2022-10-26T12:51:45","slug":"sarau-natalino-de-teutonia-esta-com-inscricoes-abertas","status":"publish","type":"post","link":"https:\/\/folhapopular.info\/index.php\/2022\/10\/26\/sarau-natalino-de-teutonia-esta-com-inscricoes-abertas\/","title":{"rendered":"Sarau Natalino de Teut\u00f4nia est\u00e1 com inscri\u00e7\u00f5es abertas"},"content":{"rendered":"\n<p>Nos dias 20 de novembro e 11 de dezembro a Secretaria de Juventude, Cultura, Esporte e Lazer de Teut\u00f4nia abrir\u00e1 espa\u00e7o para pessoas, associa\u00e7\u00f5es e entidades que tenham interesse em apresentar seus talentos, seja por meio da m\u00fasica, canto, dan\u00e7a, poesia, teatro ou qualquer outra manifesta\u00e7\u00e3o cultural.<\/p>\n\n\n\n<p>As apresenta\u00e7\u00f5es volunt\u00e1rias do Sarau Natalino ocorrer\u00e3o a partir das 18h, no centro c\u00edvico, em um ambiente ornamentado e preparado para a celebra\u00e7\u00e3o natalina. As inscri\u00e7\u00f5es podem ser realizadas at\u00e9 o dia 10 de novembro, na Secretaria de Juventude, Cultura, Esporte e Lazer, sala 17 do Centro Administrativo.<\/p>\n\n\n\n<p>O evento visa valorizar os talentos locais e abrir espa\u00e7o para exposi\u00e7\u00e3o dos trabalhos desenvolvidos pelos teutonienses, al\u00e9m de incentivar e estimular a cultura no munic\u00edpio. <\/p>\n","protected":false},"excerpt":{"rendered":"<p>Nos dias 20 de novembro e 11 de dezembro a Secretaria de Juventude, Cultura, Esporte e Lazer de Teut\u00f4nia abrir\u00e1 espa\u00e7o para pessoas, associa\u00e7\u00f5es e entidades que tenham interesse em apresentar seus talentos, seja por meio da m\u00fasica, canto, dan\u00e7a, poesia, teatro ou qualquer outra manifesta\u00e7\u00e3o cultural. As apresenta\u00e7\u00f5es volunt\u00e1rias do Sarau Natalino ocorrer\u00e3o a [&hellip;]<\/p>\n","protected":false},"author":8,"featured_media":115306,"comment_status":"open","ping_status":"open","sticky":false,"template":"","format":"standard","meta":{"pmpro_default_level":"","_jetpack_memberships_contains_paid_content":false,"footnotes":""},"categories":[2,6],"tags":[946,10192,26],"class_list":{"0":"post-115305","1":"post","2":"type-post","3":"status-publish","4":"format-standard","5":"has-post-thumbnail","7":"category-featured","8":"category-inclusive","9":"tag-inscricoes","10":"tag-sarau-natalino","11":"tag-teutonia","12":"pmpro-has-access"},"yoast_head":"<!-- This site is optimized with the Yoast SEO plugin v27.5 - https:\/\/yoast.com\/product\/yoast-seo-wordpress\/ -->\n<title>Sarau Natalino de Teut\u00f4nia est\u00e1 com inscri\u00e7\u00f5es abertas - Folha Popular<\/title>\n<meta name=\"robots\" content=\"index, follow, max-snippet:-1, max-image-preview:large, max-video-preview:-1\" \/>\n<link rel=\"canonical\" href=\"https:\/\/folhapopular.info\/index.php\/2022\/10\/26\/sarau-natalino-de-teutonia-esta-com-inscricoes-abertas\/\" \/>\n<meta property=\"og:locale\" content=\"pt_BR\" \/>\n<meta property=\"og:type\" content=\"article\" \/>\n<meta property=\"og:title\" content=\"Sarau Natalino de Teut\u00f4nia est\u00e1 com inscri\u00e7\u00f5es abertas - Folha Popular\" \/>\n<meta property=\"og:description\" content=\"Nos dias 20 de novembro e 11 de dezembro a Secretaria de Juventude, Cultura, Esporte e Lazer de Teut\u00f4nia abrir\u00e1 espa\u00e7o para pessoas, associa\u00e7\u00f5es e entidades que tenham interesse em apresentar seus talentos, seja por meio da m\u00fasica, canto, dan\u00e7a, poesia, teatro ou qualquer outra manifesta\u00e7\u00e3o cultural. As apresenta\u00e7\u00f5es volunt\u00e1rias do Sarau Natalino ocorrer\u00e3o a [&hellip;]\" \/>\n<meta property=\"og:url\" content=\"https:\/\/folhapopular.info\/index.php\/2022\/10\/26\/sarau-natalino-de-teutonia-esta-com-inscricoes-abertas\/\" \/>\n<meta property=\"og:site_name\" content=\"Folha Popular\" \/>\n<meta property=\"article:published_time\" content=\"2022-10-26T12:51:11+00:00\" \/>\n<meta property=\"article:modified_time\" content=\"2022-10-26T12:51:45+00:00\" \/>\n<meta property=\"og:image\" content=\"http:\/\/folhapopular.info\/wp-content\/uploads\/2022\/10\/2022_10_26_Inscricoes-estao-abertas-para-o-Sarau-Natalino-2-scaled-e1666788648224.jpg\" \/>\n\t<meta property=\"og:image:width\" content=\"1200\" \/>\n\t<meta property=\"og:image:height\" content=\"800\" \/>\n\t<meta property=\"og:image:type\" content=\"image\/jpeg\" \/>\n<meta name=\"author\" content=\"Reda\u00e7\u00e3o Folha Popular\" \/>\n<meta name=\"twitter:card\" content=\"summary_large_image\" \/>\n<meta name=\"twitter:label1\" content=\"Escrito por\" \/>\n\t<meta name=\"twitter:data1\" content=\"Reda\u00e7\u00e3o Folha Popular\" \/>\n\t<meta name=\"twitter:label2\" content=\"Est. tempo de leitura\" \/>\n\t<meta name=\"twitter:data2\" content=\"1 minuto\" \/>\n<script type=\"application\/ld+json\" class=\"yoast-schema-graph\">{\"@context\":\"https:\\\/\\\/schema.org\",\"@graph\":[{\"@type\":\"Article\",\"@id\":\"https:\\\/\\\/folhapopular.info\\\/index.php\\\/2022\\\/10\\\/26\\\/sarau-natalino-de-teutonia-esta-com-inscricoes-abertas\\\/#article\",\"isPartOf\":{\"@id\":\"https:\\\/\\\/folhapopular.info\\\/index.php\\\/2022\\\/10\\\/26\\\/sarau-natalino-de-teutonia-esta-com-inscricoes-abertas\\\/\"},\"author\":{\"name\":\"Reda\u00e7\u00e3o Folha Popular\",\"@id\":\"https:\\\/\\\/folhapopular.info\\\/#\\\/schema\\\/person\\\/2814e8a0df7643585a9ca38bc6eb9d4b\"},\"headline\":\"Sarau Natalino de Teut\u00f4nia est\u00e1 com inscri\u00e7\u00f5es abertas\",\"datePublished\":\"2022-10-26T12:51:11+00:00\",\"dateModified\":\"2022-10-26T12:51:45+00:00\",\"mainEntityOfPage\":{\"@id\":\"https:\\\/\\\/folhapopular.info\\\/index.php\\\/2022\\\/10\\\/26\\\/sarau-natalino-de-teutonia-esta-com-inscricoes-abertas\\\/\"},\"wordCount\":143,\"commentCount\":0,\"image\":{\"@id\":\"https:\\\/\\\/folhapopular.info\\\/index.php\\\/2022\\\/10\\\/26\\\/sarau-natalino-de-teutonia-esta-com-inscricoes-abertas\\\/#primaryimage\"},\"thumbnailUrl\":\"https:\\\/\\\/folhapopular.info\\\/wp-content\\\/uploads\\\/2022\\\/10\\\/2022_10_26_Inscricoes-estao-abertas-para-o-Sarau-Natalino-2-scaled-e1666788648224.jpg\",\"keywords\":[\"Inscri\u00e7\u00f5es\",\"Sarau Natalino\",\"Teut\u00f4nia\"],\"articleSection\":[\"Destaques\",\"Inclusive\"],\"inLanguage\":\"pt-BR\",\"potentialAction\":[{\"@type\":\"CommentAction\",\"name\":\"Comment\",\"target\":[\"https:\\\/\\\/folhapopular.info\\\/index.php\\\/2022\\\/10\\\/26\\\/sarau-natalino-de-teutonia-esta-com-inscricoes-abertas\\\/#respond\"]}]},{\"@type\":\"WebPage\",\"@id\":\"https:\\\/\\\/folhapopular.info\\\/index.php\\\/2022\\\/10\\\/26\\\/sarau-natalino-de-teutonia-esta-com-inscricoes-abertas\\\/\",\"url\":\"https:\\\/\\\/folhapopular.info\\\/index.php\\\/2022\\\/10\\\/26\\\/sarau-natalino-de-teutonia-esta-com-inscricoes-abertas\\\/\",\"name\":\"Sarau Natalino de Teut\u00f4nia est\u00e1 com inscri\u00e7\u00f5es abertas - Folha Popular\",\"isPartOf\":{\"@id\":\"https:\\\/\\\/folhapopular.info\\\/#website\"},\"primaryImageOfPage\":{\"@id\":\"https:\\\/\\\/folhapopular.info\\\/index.php\\\/2022\\\/10\\\/26\\\/sarau-natalino-de-teutonia-esta-com-inscricoes-abertas\\\/#primaryimage\"},\"image\":{\"@id\":\"https:\\\/\\\/folhapopular.info\\\/index.php\\\/2022\\\/10\\\/26\\\/sarau-natalino-de-teutonia-esta-com-inscricoes-abertas\\\/#primaryimage\"},\"thumbnailUrl\":\"https:\\\/\\\/folhapopular.info\\\/wp-content\\\/uploads\\\/2022\\\/10\\\/2022_10_26_Inscricoes-estao-abertas-para-o-Sarau-Natalino-2-scaled-e1666788648224.jpg\",\"datePublished\":\"2022-10-26T12:51:11+00:00\",\"dateModified\":\"2022-10-26T12:51:45+00:00\",\"author\":{\"@id\":\"https:\\\/\\\/folhapopular.info\\\/#\\\/schema\\\/person\\\/2814e8a0df7643585a9ca38bc6eb9d4b\"},\"breadcrumb\":{\"@id\":\"https:\\\/\\\/folhapopular.info\\\/index.php\\\/2022\\\/10\\\/26\\\/sarau-natalino-de-teutonia-esta-com-inscricoes-abertas\\\/#breadcrumb\"},\"inLanguage\":\"pt-BR\",\"potentialAction\":[{\"@type\":\"ReadAction\",\"target\":[\"https:\\\/\\\/folhapopular.info\\\/index.php\\\/2022\\\/10\\\/26\\\/sarau-natalino-de-teutonia-esta-com-inscricoes-abertas\\\/\"]}]},{\"@type\":\"ImageObject\",\"inLanguage\":\"pt-BR\",\"@id\":\"https:\\\/\\\/folhapopular.info\\\/index.php\\\/2022\\\/10\\\/26\\\/sarau-natalino-de-teutonia-esta-com-inscricoes-abertas\\\/#primaryimage\",\"url\":\"https:\\\/\\\/folhapopular.info\\\/wp-content\\\/uploads\\\/2022\\\/10\\\/2022_10_26_Inscricoes-estao-abertas-para-o-Sarau-Natalino-2-scaled-e1666788648224.jpg\",\"contentUrl\":\"https:\\\/\\\/folhapopular.info\\\/wp-content\\\/uploads\\\/2022\\\/10\\\/2022_10_26_Inscricoes-estao-abertas-para-o-Sarau-Natalino-2-scaled-e1666788648224.jpg\",\"width\":1200,\"height\":800},{\"@type\":\"BreadcrumbList\",\"@id\":\"https:\\\/\\\/folhapopular.info\\\/index.php\\\/2022\\\/10\\\/26\\\/sarau-natalino-de-teutonia-esta-com-inscricoes-abertas\\\/#breadcrumb\",\"itemListElement\":[{\"@type\":\"ListItem\",\"position\":1,\"name\":\"In\u00edcio\",\"item\":\"https:\\\/\\\/folhapopular.info\\\/\"},{\"@type\":\"ListItem\",\"position\":2,\"name\":\"Sarau Natalino de Teut\u00f4nia est\u00e1 com inscri\u00e7\u00f5es abertas\"}]},{\"@type\":\"WebSite\",\"@id\":\"https:\\\/\\\/folhapopular.info\\\/#website\",\"url\":\"https:\\\/\\\/folhapopular.info\\\/\",\"name\":\"Folha Popular\",\"description\":\"Onde voc\u00ea tem vez e voz\",\"potentialAction\":[{\"@type\":\"SearchAction\",\"target\":{\"@type\":\"EntryPoint\",\"urlTemplate\":\"https:\\\/\\\/folhapopular.info\\\/?s={search_term_string}\"},\"query-input\":{\"@type\":\"PropertyValueSpecification\",\"valueRequired\":true,\"valueName\":\"search_term_string\"}}],\"inLanguage\":\"pt-BR\"},{\"@type\":\"Person\",\"@id\":\"https:\\\/\\\/folhapopular.info\\\/#\\\/schema\\\/person\\\/2814e8a0df7643585a9ca38bc6eb9d4b\",\"name\":\"Reda\u00e7\u00e3o Folha Popular\",\"image\":{\"@type\":\"ImageObject\",\"inLanguage\":\"pt-BR\",\"@id\":\"https:\\\/\\\/folhapopular.info\\\/wp-content\\\/uploads\\\/2026\\\/04\\\/Folha-1.webp\",\"url\":\"https:\\\/\\\/folhapopular.info\\\/wp-content\\\/uploads\\\/2026\\\/04\\\/Folha-1.webp\",\"contentUrl\":\"https:\\\/\\\/folhapopular.info\\\/wp-content\\\/uploads\\\/2026\\\/04\\\/Folha-1.webp\",\"caption\":\"Reda\u00e7\u00e3o Folha Popular\"},\"url\":\"https:\\\/\\\/folhapopular.info\\\/index.php\\\/author\\\/redacao\\\/\"}]}<\/script>\n<!-- \/ Yoast SEO plugin. -->","yoast_head_json":{"title":"Sarau Natalino de Teut\u00f4nia est\u00e1 com inscri\u00e7\u00f5es abertas - Folha Popular","robots":{"index":"index","follow":"follow","max-snippet":"max-snippet:-1","max-image-preview":"max-image-preview:large","max-video-preview":"max-video-preview:-1"},"canonical":"https:\/\/folhapopular.info\/index.php\/2022\/10\/26\/sarau-natalino-de-teutonia-esta-com-inscricoes-abertas\/","og_locale":"pt_BR","og_type":"article","og_title":"Sarau Natalino de Teut\u00f4nia est\u00e1 com inscri\u00e7\u00f5es abertas - Folha Popular","og_description":"Nos dias 20 de novembro e 11 de dezembro a Secretaria de Juventude, Cultura, Esporte e Lazer de Teut\u00f4nia abrir\u00e1 espa\u00e7o para pessoas, associa\u00e7\u00f5es e entidades que tenham interesse em apresentar seus talentos, seja por meio da m\u00fasica, canto, dan\u00e7a, poesia, teatro ou qualquer outra manifesta\u00e7\u00e3o cultural. As apresenta\u00e7\u00f5es volunt\u00e1rias do Sarau Natalino ocorrer\u00e3o a [&hellip;]","og_url":"https:\/\/folhapopular.info\/index.php\/2022\/10\/26\/sarau-natalino-de-teutonia-esta-com-inscricoes-abertas\/","og_site_name":"Folha Popular","article_published_time":"2022-10-26T12:51:11+00:00","article_modified_time":"2022-10-26T12:51:45+00:00","og_image":[{"width":1200,"height":800,"url":"http:\/\/folhapopular.info\/wp-content\/uploads\/2022\/10\/2022_10_26_Inscricoes-estao-abertas-para-o-Sarau-Natalino-2-scaled-e1666788648224.jpg","type":"image\/jpeg"}],"author":"Reda\u00e7\u00e3o Folha Popular","twitter_card":"summary_large_image","twitter_misc":{"Escrito por":"Reda\u00e7\u00e3o Folha Popular","Est. tempo de leitura":"1 minuto"},"schema":{"@context":"https:\/\/schema.org","@graph":[{"@type":"Article","@id":"https:\/\/folhapopular.info\/index.php\/2022\/10\/26\/sarau-natalino-de-teutonia-esta-com-inscricoes-abertas\/#article","isPartOf":{"@id":"https:\/\/folhapopular.info\/index.php\/2022\/10\/26\/sarau-natalino-de-teutonia-esta-com-inscricoes-abertas\/"},"author":{"name":"Reda\u00e7\u00e3o Folha Popular","@id":"https:\/\/folhapopular.info\/#\/schema\/person\/2814e8a0df7643585a9ca38bc6eb9d4b"},"headline":"Sarau Natalino de Teut\u00f4nia est\u00e1 com inscri\u00e7\u00f5es abertas","datePublished":"2022-10-26T12:51:11+00:00","dateModified":"2022-10-26T12:51:45+00:00","mainEntityOfPage":{"@id":"https:\/\/folhapopular.info\/index.php\/2022\/10\/26\/sarau-natalino-de-teutonia-esta-com-inscricoes-abertas\/"},"wordCount":143,"commentCount":0,"image":{"@id":"https:\/\/folhapopular.info\/index.php\/2022\/10\/26\/sarau-natalino-de-teutonia-esta-com-inscricoes-abertas\/#primaryimage"},"thumbnailUrl":"https:\/\/folhapopular.info\/wp-content\/uploads\/2022\/10\/2022_10_26_Inscricoes-estao-abertas-para-o-Sarau-Natalino-2-scaled-e1666788648224.jpg","keywords":["Inscri\u00e7\u00f5es","Sarau Natalino","Teut\u00f4nia"],"articleSection":["Destaques","Inclusive"],"inLanguage":"pt-BR","potentialAction":[{"@type":"CommentAction","name":"Comment","target":["https:\/\/folhapopular.info\/index.php\/2022\/10\/26\/sarau-natalino-de-teutonia-esta-com-inscricoes-abertas\/#respond"]}]},{"@type":"WebPage","@id":"https:\/\/folhapopular.info\/index.php\/2022\/10\/26\/sarau-natalino-de-teutonia-esta-com-inscricoes-abertas\/","url":"https:\/\/folhapopular.info\/index.php\/2022\/10\/26\/sarau-natalino-de-teutonia-esta-com-inscricoes-abertas\/","name":"Sarau Natalino de Teut\u00f4nia est\u00e1 com inscri\u00e7\u00f5es abertas - Folha Popular","isPartOf":{"@id":"https:\/\/folhapopular.info\/#website"},"primaryImageOfPage":{"@id":"https:\/\/folhapopular.info\/index.php\/2022\/10\/26\/sarau-natalino-de-teutonia-esta-com-inscricoes-abertas\/#primaryimage"},"image":{"@id":"https:\/\/folhapopular.info\/index.php\/2022\/10\/26\/sarau-natalino-de-teutonia-esta-com-inscricoes-abertas\/#primaryimage"},"thumbnailUrl":"https:\/\/folhapopular.info\/wp-content\/uploads\/2022\/10\/2022_10_26_Inscricoes-estao-abertas-para-o-Sarau-Natalino-2-scaled-e1666788648224.jpg","datePublished":"2022-10-26T12:51:11+00:00","dateModified":"2022-10-26T12:51:45+00:00","author":{"@id":"https:\/\/folhapopular.info\/#\/schema\/person\/2814e8a0df7643585a9ca38bc6eb9d4b"},"breadcrumb":{"@id":"https:\/\/folhapopular.info\/index.php\/2022\/10\/26\/sarau-natalino-de-teutonia-esta-com-inscricoes-abertas\/#breadcrumb"},"inLanguage":"pt-BR","potentialAction":[{"@type":"ReadAction","target":["https:\/\/folhapopular.info\/index.php\/2022\/10\/26\/sarau-natalino-de-teutonia-esta-com-inscricoes-abertas\/"]}]},{"@type":"ImageObject","inLanguage":"pt-BR","@id":"https:\/\/folhapopular.info\/index.php\/2022\/10\/26\/sarau-natalino-de-teutonia-esta-com-inscricoes-abertas\/#primaryimage","url":"https:\/\/folhapopular.info\/wp-content\/uploads\/2022\/10\/2022_10_26_Inscricoes-estao-abertas-para-o-Sarau-Natalino-2-scaled-e1666788648224.jpg","contentUrl":"https:\/\/folhapopular.info\/wp-content\/uploads\/2022\/10\/2022_10_26_Inscricoes-estao-abertas-para-o-Sarau-Natalino-2-scaled-e1666788648224.jpg","width":1200,"height":800},{"@type":"BreadcrumbList","@id":"https:\/\/folhapopular.info\/index.php\/2022\/10\/26\/sarau-natalino-de-teutonia-esta-com-inscricoes-abertas\/#breadcrumb","itemListElement":[{"@type":"ListItem","position":1,"name":"In\u00edcio","item":"https:\/\/folhapopular.info\/"},{"@type":"ListItem","position":2,"name":"Sarau Natalino de Teut\u00f4nia est\u00e1 com inscri\u00e7\u00f5es abertas"}]},{"@type":"WebSite","@id":"https:\/\/folhapopular.info\/#website","url":"https:\/\/folhapopular.info\/","name":"Folha Popular","description":"Onde voc\u00ea tem vez e voz","potentialAction":[{"@type":"SearchAction","target":{"@type":"EntryPoint","urlTemplate":"https:\/\/folhapopular.info\/?s={search_term_string}"},"query-input":{"@type":"PropertyValueSpecification","valueRequired":true,"valueName":"search_term_string"}}],"inLanguage":"pt-BR"},{"@type":"Person","@id":"https:\/\/folhapopular.info\/#\/schema\/person\/2814e8a0df7643585a9ca38bc6eb9d4b","name":"Reda\u00e7\u00e3o Folha Popular","image":{"@type":"ImageObject","inLanguage":"pt-BR","@id":"https:\/\/folhapopular.info\/wp-content\/uploads\/2026\/04\/Folha-1.webp","url":"https:\/\/folhapopular.info\/wp-content\/uploads\/2026\/04\/Folha-1.webp","contentUrl":"https:\/\/folhapopular.info\/wp-content\/uploads\/2026\/04\/Folha-1.webp","caption":"Reda\u00e7\u00e3o Folha Popular"},"url":"https:\/\/folhapopular.info\/index.php\/author\/redacao\/"}]}},"jetpack_featured_media_url":"https:\/\/folhapopular.info\/wp-content\/uploads\/2022\/10\/2022_10_26_Inscricoes-estao-abertas-para-o-Sarau-Natalino-2-scaled-e1666788648224.jpg","jetpack_sharing_enabled":true,"amp_enabled":true,"_links":{"self":[{"href":"https:\/\/folhapopular.info\/index.php\/wp-json\/wp\/v2\/posts\/115305","targetHints":{"allow":["GET"]}}],"collection":[{"href":"https:\/\/folhapopular.info\/index.php\/wp-json\/wp\/v2\/posts"}],"about":[{"href":"https:\/\/folhapopular.info\/index.php\/wp-json\/wp\/v2\/types\/post"}],"author":[{"embeddable":true,"href":"https:\/\/folhapopular.info\/index.php\/wp-json\/wp\/v2\/users\/8"}],"replies":[{"embeddable":true,"href":"https:\/\/folhapopular.info\/index.php\/wp-json\/wp\/v2\/comments?post=115305"}],"version-history":[{"count":0,"href":"https:\/\/folhapopular.info\/index.php\/wp-json\/wp\/v2\/posts\/115305\/revisions"}],"wp:featuredmedia":[{"embeddable":true,"href":"https:\/\/folhapopular.info\/index.php\/wp-json\/wp\/v2\/media\/115306"}],"wp:attachment":[{"href":"https:\/\/folhapopular.info\/index.php\/wp-json\/wp\/v2\/media?parent=115305"}],"wp:term":[{"taxonomy":"category","embeddable":true,"href":"https:\/\/folhapopular.info\/index.php\/wp-json\/wp\/v2\/categories?post=115305"},{"taxonomy":"post_tag","embeddable":true,"href":"https:\/\/folhapopular.info\/index.php\/wp-json\/wp\/v2\/tags?post=115305"}],"curies":[{"name":"wp","href":"https:\/\/api.w.org\/{rel}","templated":true}]}}