{"id":115417,"date":"2022-10-28T11:17:09","date_gmt":"2022-10-28T14:17:09","guid":{"rendered":"https:\/\/folhapopular.info\/?p=115417"},"modified":"2022-10-28T11:17:26","modified_gmt":"2022-10-28T14:17:26","slug":"gelson-conte-deixa-comando-tecnico-do-lajeadense","status":"publish","type":"post","link":"https:\/\/folhapopular.info\/index.php\/2022\/10\/28\/gelson-conte-deixa-comando-tecnico-do-lajeadense\/","title":{"rendered":"Gelson Conte deixa comando t\u00e9cnico do Lajeadense"},"content":{"rendered":"\n<p>O t\u00e9cnico Gelson Conte anunciou a sua sa\u00edda do Clube Esportivo Lajeadense na manh\u00e3 dessa quinta-feira (27\/10). O comunicado ocorreu por meio de sua rede social. \u201cForam dois anos de muito trabalho, venho por meio dessa publica\u00e7\u00e3o anunciar minha sa\u00edda e agradecer a dire\u00e7\u00e3o, comiss\u00e3o e todos os funcion\u00e1rios. Principalmente o carinho desse torcedor. Voc\u00eas sabem o que esse clube representa para mim e inclusive para minha fam\u00edlia. Seguimos em frente. Obrigado Lajeadense\u201d.<\/p>\n\n\n\n<p>Conte esteve no comando t\u00e9cnico do Alviazul nas Divis\u00f5es de Acesso de 2021 e 2022 e na disputa da Copa FGF.<\/p>\n","protected":false},"excerpt":{"rendered":"<p>O t\u00e9cnico Gelson Conte anunciou a sua sa\u00edda do Clube Esportivo Lajeadense na manh\u00e3 dessa quinta-feira (27\/10). O comunicado ocorreu por meio de sua rede social. \u201cForam dois anos de muito trabalho, venho por meio dessa publica\u00e7\u00e3o anunciar minha sa\u00edda e agradecer a dire\u00e7\u00e3o, comiss\u00e3o e todos os funcion\u00e1rios. Principalmente o carinho desse torcedor. Voc\u00eas [&hellip;]<\/p>\n","protected":false},"author":601,"featured_media":104245,"comment_status":"open","ping_status":"open","sticky":false,"template":"","format":"standard","meta":{"pmpro_default_level":"","_jetpack_memberships_contains_paid_content":false,"footnotes":""},"categories":[5,2243],"tags":[137,498,8185],"class_list":{"0":"post-115417","1":"post","2":"type-post","3":"status-publish","4":"format-standard","5":"has-post-thumbnail","7":"category-esportes","8":"category-futebol-profissional","9":"tag-esporte","10":"tag-futebol","11":"tag-gelson-conte","12":"pmpro-has-access"},"yoast_head":"<!-- This site is optimized with the Yoast SEO plugin v27.5 - https:\/\/yoast.com\/product\/yoast-seo-wordpress\/ -->\n<title>Gelson Conte deixa comando t\u00e9cnico do Lajeadense - Folha Popular<\/title>\n<meta name=\"robots\" content=\"index, follow, max-snippet:-1, max-image-preview:large, max-video-preview:-1\" \/>\n<link rel=\"canonical\" href=\"https:\/\/folhapopular.info\/index.php\/2022\/10\/28\/gelson-conte-deixa-comando-tecnico-do-lajeadense\/\" \/>\n<meta property=\"og:locale\" content=\"pt_BR\" \/>\n<meta property=\"og:type\" content=\"article\" \/>\n<meta property=\"og:title\" content=\"Gelson Conte deixa comando t\u00e9cnico do Lajeadense - Folha Popular\" \/>\n<meta property=\"og:description\" content=\"O t\u00e9cnico Gelson Conte anunciou a sua sa\u00edda do Clube Esportivo Lajeadense na manh\u00e3 dessa quinta-feira (27\/10). O comunicado ocorreu por meio de sua rede social. \u201cForam dois anos de muito trabalho, venho por meio dessa publica\u00e7\u00e3o anunciar minha sa\u00edda e agradecer a dire\u00e7\u00e3o, comiss\u00e3o e todos os funcion\u00e1rios. Principalmente o carinho desse torcedor. Voc\u00eas [&hellip;]\" \/>\n<meta property=\"og:url\" content=\"https:\/\/folhapopular.info\/index.php\/2022\/10\/28\/gelson-conte-deixa-comando-tecnico-do-lajeadense\/\" \/>\n<meta property=\"og:site_name\" content=\"Folha Popular\" \/>\n<meta property=\"article:published_time\" content=\"2022-10-28T14:17:09+00:00\" \/>\n<meta property=\"article:modified_time\" content=\"2022-10-28T14:17:26+00:00\" \/>\n<meta property=\"og:image\" content=\"http:\/\/folhapopular.info\/wp-content\/uploads\/2022\/05\/WhatsApp-Image-2022-05-07-at-23.14.02-e1652447530975.jpeg\" \/>\n\t<meta property=\"og:image:width\" content=\"722\" \/>\n\t<meta property=\"og:image:height\" content=\"800\" \/>\n\t<meta property=\"og:image:type\" content=\"image\/jpeg\" \/>\n<meta name=\"author\" content=\"Carla Beckmann\" \/>\n<meta name=\"twitter:card\" content=\"summary_large_image\" \/>\n<meta name=\"twitter:label1\" content=\"Escrito por\" \/>\n\t<meta name=\"twitter:data1\" content=\"Carla Beckmann\" \/>\n\t<meta name=\"twitter:label2\" content=\"Est. tempo de leitura\" \/>\n\t<meta name=\"twitter:data2\" content=\"1 minuto\" \/>\n<script type=\"application\/ld+json\" class=\"yoast-schema-graph\">{\"@context\":\"https:\\\/\\\/schema.org\",\"@graph\":[{\"@type\":\"Article\",\"@id\":\"https:\\\/\\\/folhapopular.info\\\/index.php\\\/2022\\\/10\\\/28\\\/gelson-conte-deixa-comando-tecnico-do-lajeadense\\\/#article\",\"isPartOf\":{\"@id\":\"https:\\\/\\\/folhapopular.info\\\/index.php\\\/2022\\\/10\\\/28\\\/gelson-conte-deixa-comando-tecnico-do-lajeadense\\\/\"},\"author\":{\"name\":\"Carla Beckmann\",\"@id\":\"https:\\\/\\\/folhapopular.info\\\/#\\\/schema\\\/person\\\/c9138938e4781f3e1ca513f9bea5659c\"},\"headline\":\"Gelson Conte deixa comando t\u00e9cnico do Lajeadense\",\"datePublished\":\"2022-10-28T14:17:09+00:00\",\"dateModified\":\"2022-10-28T14:17:26+00:00\",\"mainEntityOfPage\":{\"@id\":\"https:\\\/\\\/folhapopular.info\\\/index.php\\\/2022\\\/10\\\/28\\\/gelson-conte-deixa-comando-tecnico-do-lajeadense\\\/\"},\"wordCount\":110,\"commentCount\":0,\"image\":{\"@id\":\"https:\\\/\\\/folhapopular.info\\\/index.php\\\/2022\\\/10\\\/28\\\/gelson-conte-deixa-comando-tecnico-do-lajeadense\\\/#primaryimage\"},\"thumbnailUrl\":\"https:\\\/\\\/folhapopular.info\\\/wp-content\\\/uploads\\\/2022\\\/05\\\/WhatsApp-Image-2022-05-07-at-23.14.02-e1652447530975.jpeg\",\"keywords\":[\"Esporte\",\"Futebol\",\"Gelson Conte\"],\"articleSection\":[\"Esportes\",\"Futebol Profissional\"],\"inLanguage\":\"pt-BR\",\"potentialAction\":[{\"@type\":\"CommentAction\",\"name\":\"Comment\",\"target\":[\"https:\\\/\\\/folhapopular.info\\\/index.php\\\/2022\\\/10\\\/28\\\/gelson-conte-deixa-comando-tecnico-do-lajeadense\\\/#respond\"]}]},{\"@type\":\"WebPage\",\"@id\":\"https:\\\/\\\/folhapopular.info\\\/index.php\\\/2022\\\/10\\\/28\\\/gelson-conte-deixa-comando-tecnico-do-lajeadense\\\/\",\"url\":\"https:\\\/\\\/folhapopular.info\\\/index.php\\\/2022\\\/10\\\/28\\\/gelson-conte-deixa-comando-tecnico-do-lajeadense\\\/\",\"name\":\"Gelson Conte deixa comando t\u00e9cnico do Lajeadense - Folha Popular\",\"isPartOf\":{\"@id\":\"https:\\\/\\\/folhapopular.info\\\/#website\"},\"primaryImageOfPage\":{\"@id\":\"https:\\\/\\\/folhapopular.info\\\/index.php\\\/2022\\\/10\\\/28\\\/gelson-conte-deixa-comando-tecnico-do-lajeadense\\\/#primaryimage\"},\"image\":{\"@id\":\"https:\\\/\\\/folhapopular.info\\\/index.php\\\/2022\\\/10\\\/28\\\/gelson-conte-deixa-comando-tecnico-do-lajeadense\\\/#primaryimage\"},\"thumbnailUrl\":\"https:\\\/\\\/folhapopular.info\\\/wp-content\\\/uploads\\\/2022\\\/05\\\/WhatsApp-Image-2022-05-07-at-23.14.02-e1652447530975.jpeg\",\"datePublished\":\"2022-10-28T14:17:09+00:00\",\"dateModified\":\"2022-10-28T14:17:26+00:00\",\"author\":{\"@id\":\"https:\\\/\\\/folhapopular.info\\\/#\\\/schema\\\/person\\\/c9138938e4781f3e1ca513f9bea5659c\"},\"breadcrumb\":{\"@id\":\"https:\\\/\\\/folhapopular.info\\\/index.php\\\/2022\\\/10\\\/28\\\/gelson-conte-deixa-comando-tecnico-do-lajeadense\\\/#breadcrumb\"},\"inLanguage\":\"pt-BR\",\"potentialAction\":[{\"@type\":\"ReadAction\",\"target\":[\"https:\\\/\\\/folhapopular.info\\\/index.php\\\/2022\\\/10\\\/28\\\/gelson-conte-deixa-comando-tecnico-do-lajeadense\\\/\"]}]},{\"@type\":\"ImageObject\",\"inLanguage\":\"pt-BR\",\"@id\":\"https:\\\/\\\/folhapopular.info\\\/index.php\\\/2022\\\/10\\\/28\\\/gelson-conte-deixa-comando-tecnico-do-lajeadense\\\/#primaryimage\",\"url\":\"https:\\\/\\\/folhapopular.info\\\/wp-content\\\/uploads\\\/2022\\\/05\\\/WhatsApp-Image-2022-05-07-at-23.14.02-e1652447530975.jpeg\",\"contentUrl\":\"https:\\\/\\\/folhapopular.info\\\/wp-content\\\/uploads\\\/2022\\\/05\\\/WhatsApp-Image-2022-05-07-at-23.14.02-e1652447530975.jpeg\",\"width\":722,\"height\":800,\"caption\":\"Gelson Conte \\\/ Cr\u00e9dito: Jos\u00e9 Roberto Gasparotto \\\/ Divulga\u00e7\u00e3o\"},{\"@type\":\"BreadcrumbList\",\"@id\":\"https:\\\/\\\/folhapopular.info\\\/index.php\\\/2022\\\/10\\\/28\\\/gelson-conte-deixa-comando-tecnico-do-lajeadense\\\/#breadcrumb\",\"itemListElement\":[{\"@type\":\"ListItem\",\"position\":1,\"name\":\"In\u00edcio\",\"item\":\"https:\\\/\\\/folhapopular.info\\\/\"},{\"@type\":\"ListItem\",\"position\":2,\"name\":\"Gelson Conte deixa comando t\u00e9cnico do Lajeadense\"}]},{\"@type\":\"WebSite\",\"@id\":\"https:\\\/\\\/folhapopular.info\\\/#website\",\"url\":\"https:\\\/\\\/folhapopular.info\\\/\",\"name\":\"Folha Popular\",\"description\":\"Onde voc\u00ea tem vez e voz\",\"potentialAction\":[{\"@type\":\"SearchAction\",\"target\":{\"@type\":\"EntryPoint\",\"urlTemplate\":\"https:\\\/\\\/folhapopular.info\\\/?s={search_term_string}\"},\"query-input\":{\"@type\":\"PropertyValueSpecification\",\"valueRequired\":true,\"valueName\":\"search_term_string\"}}],\"inLanguage\":\"pt-BR\"},{\"@type\":\"Person\",\"@id\":\"https:\\\/\\\/folhapopular.info\\\/#\\\/schema\\\/person\\\/c9138938e4781f3e1ca513f9bea5659c\",\"name\":\"Carla Beckmann\",\"image\":{\"@type\":\"ImageObject\",\"inLanguage\":\"pt-BR\",\"@id\":\"https:\\\/\\\/secure.gravatar.com\\\/avatar\\\/790078f6ade9f70c31db5a673b88c15df0904c2847c456b3599f72843ac11eb9?s=96&d=mm&r=g\",\"url\":\"https:\\\/\\\/secure.gravatar.com\\\/avatar\\\/790078f6ade9f70c31db5a673b88c15df0904c2847c456b3599f72843ac11eb9?s=96&d=mm&r=g\",\"contentUrl\":\"https:\\\/\\\/secure.gravatar.com\\\/avatar\\\/790078f6ade9f70c31db5a673b88c15df0904c2847c456b3599f72843ac11eb9?s=96&d=mm&r=g\",\"caption\":\"Carla Beckmann\"},\"url\":\"https:\\\/\\\/folhapopular.info\\\/index.php\\\/author\\\/carlabeckmann03gmail-com\\\/\"}]}<\/script>\n<!-- \/ Yoast SEO plugin. -->","yoast_head_json":{"title":"Gelson Conte deixa comando t\u00e9cnico do Lajeadense - Folha Popular","robots":{"index":"index","follow":"follow","max-snippet":"max-snippet:-1","max-image-preview":"max-image-preview:large","max-video-preview":"max-video-preview:-1"},"canonical":"https:\/\/folhapopular.info\/index.php\/2022\/10\/28\/gelson-conte-deixa-comando-tecnico-do-lajeadense\/","og_locale":"pt_BR","og_type":"article","og_title":"Gelson Conte deixa comando t\u00e9cnico do Lajeadense - Folha Popular","og_description":"O t\u00e9cnico Gelson Conte anunciou a sua sa\u00edda do Clube Esportivo Lajeadense na manh\u00e3 dessa quinta-feira (27\/10). O comunicado ocorreu por meio de sua rede social. \u201cForam dois anos de muito trabalho, venho por meio dessa publica\u00e7\u00e3o anunciar minha sa\u00edda e agradecer a dire\u00e7\u00e3o, comiss\u00e3o e todos os funcion\u00e1rios. Principalmente o carinho desse torcedor. Voc\u00eas [&hellip;]","og_url":"https:\/\/folhapopular.info\/index.php\/2022\/10\/28\/gelson-conte-deixa-comando-tecnico-do-lajeadense\/","og_site_name":"Folha Popular","article_published_time":"2022-10-28T14:17:09+00:00","article_modified_time":"2022-10-28T14:17:26+00:00","og_image":[{"width":722,"height":800,"url":"http:\/\/folhapopular.info\/wp-content\/uploads\/2022\/05\/WhatsApp-Image-2022-05-07-at-23.14.02-e1652447530975.jpeg","type":"image\/jpeg"}],"author":"Carla Beckmann","twitter_card":"summary_large_image","twitter_misc":{"Escrito por":"Carla Beckmann","Est. tempo de leitura":"1 minuto"},"schema":{"@context":"https:\/\/schema.org","@graph":[{"@type":"Article","@id":"https:\/\/folhapopular.info\/index.php\/2022\/10\/28\/gelson-conte-deixa-comando-tecnico-do-lajeadense\/#article","isPartOf":{"@id":"https:\/\/folhapopular.info\/index.php\/2022\/10\/28\/gelson-conte-deixa-comando-tecnico-do-lajeadense\/"},"author":{"name":"Carla Beckmann","@id":"https:\/\/folhapopular.info\/#\/schema\/person\/c9138938e4781f3e1ca513f9bea5659c"},"headline":"Gelson Conte deixa comando t\u00e9cnico do Lajeadense","datePublished":"2022-10-28T14:17:09+00:00","dateModified":"2022-10-28T14:17:26+00:00","mainEntityOfPage":{"@id":"https:\/\/folhapopular.info\/index.php\/2022\/10\/28\/gelson-conte-deixa-comando-tecnico-do-lajeadense\/"},"wordCount":110,"commentCount":0,"image":{"@id":"https:\/\/folhapopular.info\/index.php\/2022\/10\/28\/gelson-conte-deixa-comando-tecnico-do-lajeadense\/#primaryimage"},"thumbnailUrl":"https:\/\/folhapopular.info\/wp-content\/uploads\/2022\/05\/WhatsApp-Image-2022-05-07-at-23.14.02-e1652447530975.jpeg","keywords":["Esporte","Futebol","Gelson Conte"],"articleSection":["Esportes","Futebol Profissional"],"inLanguage":"pt-BR","potentialAction":[{"@type":"CommentAction","name":"Comment","target":["https:\/\/folhapopular.info\/index.php\/2022\/10\/28\/gelson-conte-deixa-comando-tecnico-do-lajeadense\/#respond"]}]},{"@type":"WebPage","@id":"https:\/\/folhapopular.info\/index.php\/2022\/10\/28\/gelson-conte-deixa-comando-tecnico-do-lajeadense\/","url":"https:\/\/folhapopular.info\/index.php\/2022\/10\/28\/gelson-conte-deixa-comando-tecnico-do-lajeadense\/","name":"Gelson Conte deixa comando t\u00e9cnico do Lajeadense - Folha Popular","isPartOf":{"@id":"https:\/\/folhapopular.info\/#website"},"primaryImageOfPage":{"@id":"https:\/\/folhapopular.info\/index.php\/2022\/10\/28\/gelson-conte-deixa-comando-tecnico-do-lajeadense\/#primaryimage"},"image":{"@id":"https:\/\/folhapopular.info\/index.php\/2022\/10\/28\/gelson-conte-deixa-comando-tecnico-do-lajeadense\/#primaryimage"},"thumbnailUrl":"https:\/\/folhapopular.info\/wp-content\/uploads\/2022\/05\/WhatsApp-Image-2022-05-07-at-23.14.02-e1652447530975.jpeg","datePublished":"2022-10-28T14:17:09+00:00","dateModified":"2022-10-28T14:17:26+00:00","author":{"@id":"https:\/\/folhapopular.info\/#\/schema\/person\/c9138938e4781f3e1ca513f9bea5659c"},"breadcrumb":{"@id":"https:\/\/folhapopular.info\/index.php\/2022\/10\/28\/gelson-conte-deixa-comando-tecnico-do-lajeadense\/#breadcrumb"},"inLanguage":"pt-BR","potentialAction":[{"@type":"ReadAction","target":["https:\/\/folhapopular.info\/index.php\/2022\/10\/28\/gelson-conte-deixa-comando-tecnico-do-lajeadense\/"]}]},{"@type":"ImageObject","inLanguage":"pt-BR","@id":"https:\/\/folhapopular.info\/index.php\/2022\/10\/28\/gelson-conte-deixa-comando-tecnico-do-lajeadense\/#primaryimage","url":"https:\/\/folhapopular.info\/wp-content\/uploads\/2022\/05\/WhatsApp-Image-2022-05-07-at-23.14.02-e1652447530975.jpeg","contentUrl":"https:\/\/folhapopular.info\/wp-content\/uploads\/2022\/05\/WhatsApp-Image-2022-05-07-at-23.14.02-e1652447530975.jpeg","width":722,"height":800,"caption":"Gelson Conte \/ Cr\u00e9dito: Jos\u00e9 Roberto Gasparotto \/ Divulga\u00e7\u00e3o"},{"@type":"BreadcrumbList","@id":"https:\/\/folhapopular.info\/index.php\/2022\/10\/28\/gelson-conte-deixa-comando-tecnico-do-lajeadense\/#breadcrumb","itemListElement":[{"@type":"ListItem","position":1,"name":"In\u00edcio","item":"https:\/\/folhapopular.info\/"},{"@type":"ListItem","position":2,"name":"Gelson Conte deixa comando t\u00e9cnico do Lajeadense"}]},{"@type":"WebSite","@id":"https:\/\/folhapopular.info\/#website","url":"https:\/\/folhapopular.info\/","name":"Folha Popular","description":"Onde voc\u00ea tem vez e voz","potentialAction":[{"@type":"SearchAction","target":{"@type":"EntryPoint","urlTemplate":"https:\/\/folhapopular.info\/?s={search_term_string}"},"query-input":{"@type":"PropertyValueSpecification","valueRequired":true,"valueName":"search_term_string"}}],"inLanguage":"pt-BR"},{"@type":"Person","@id":"https:\/\/folhapopular.info\/#\/schema\/person\/c9138938e4781f3e1ca513f9bea5659c","name":"Carla Beckmann","image":{"@type":"ImageObject","inLanguage":"pt-BR","@id":"https:\/\/secure.gravatar.com\/avatar\/790078f6ade9f70c31db5a673b88c15df0904c2847c456b3599f72843ac11eb9?s=96&d=mm&r=g","url":"https:\/\/secure.gravatar.com\/avatar\/790078f6ade9f70c31db5a673b88c15df0904c2847c456b3599f72843ac11eb9?s=96&d=mm&r=g","contentUrl":"https:\/\/secure.gravatar.com\/avatar\/790078f6ade9f70c31db5a673b88c15df0904c2847c456b3599f72843ac11eb9?s=96&d=mm&r=g","caption":"Carla Beckmann"},"url":"https:\/\/folhapopular.info\/index.php\/author\/carlabeckmann03gmail-com\/"}]}},"jetpack_featured_media_url":"https:\/\/folhapopular.info\/wp-content\/uploads\/2022\/05\/WhatsApp-Image-2022-05-07-at-23.14.02-e1652447530975.jpeg","jetpack_sharing_enabled":true,"amp_enabled":true,"_links":{"self":[{"href":"https:\/\/folhapopular.info\/index.php\/wp-json\/wp\/v2\/posts\/115417","targetHints":{"allow":["GET"]}}],"collection":[{"href":"https:\/\/folhapopular.info\/index.php\/wp-json\/wp\/v2\/posts"}],"about":[{"href":"https:\/\/folhapopular.info\/index.php\/wp-json\/wp\/v2\/types\/post"}],"author":[{"embeddable":true,"href":"https:\/\/folhapopular.info\/index.php\/wp-json\/wp\/v2\/users\/601"}],"replies":[{"embeddable":true,"href":"https:\/\/folhapopular.info\/index.php\/wp-json\/wp\/v2\/comments?post=115417"}],"version-history":[{"count":0,"href":"https:\/\/folhapopular.info\/index.php\/wp-json\/wp\/v2\/posts\/115417\/revisions"}],"wp:featuredmedia":[{"embeddable":true,"href":"https:\/\/folhapopular.info\/index.php\/wp-json\/wp\/v2\/media\/104245"}],"wp:attachment":[{"href":"https:\/\/folhapopular.info\/index.php\/wp-json\/wp\/v2\/media?parent=115417"}],"wp:term":[{"taxonomy":"category","embeddable":true,"href":"https:\/\/folhapopular.info\/index.php\/wp-json\/wp\/v2\/categories?post=115417"},{"taxonomy":"post_tag","embeddable":true,"href":"https:\/\/folhapopular.info\/index.php\/wp-json\/wp\/v2\/tags?post=115417"}],"curies":[{"name":"wp","href":"https:\/\/api.w.org\/{rel}","templated":true}]}}