{"id":115564,"date":"2022-10-30T19:57:34","date_gmt":"2022-10-30T22:57:34","guid":{"rendered":"https:\/\/folhapopular.info\/?p=115564"},"modified":"2022-10-31T08:27:48","modified_gmt":"2022-10-31T11:27:48","slug":"lula-e-eleito-presidente-do-brasil","status":"publish","type":"post","link":"https:\/\/folhapopular.info\/index.php\/2022\/10\/30\/lula-e-eleito-presidente-do-brasil\/","title":{"rendered":"Lula \u00e9 eleito presidente do Brasil"},"content":{"rendered":"\n<p>O candidato \u00e0 presid\u00eancia do pa\u00eds, Luiz In\u00e1cio Lula da Silva (PT), est\u00e1 matematicamente eleito com 59.563.912 dos votos v\u00e1lidos (50,83%), ante 57.627.462 votos (49,17%) para Jair Messias Bolsonaro (PL), em disputa acirrada at\u00e9 o \u00faltimo minuto.<\/p>\n\n\n\n<p>Aos 77 anos, o candidato assume oficialmente a presid\u00eancia no dia 1\u00ba de janeiro de 2023, finalizando este, que \u00e9 o seu terceiro mandato, em 31 de dezembro de 2024 ou, caso seja reeleito, permanecendo ainda por mais quatro anos. <\/p>\n\n\n\n<p><strong>Confira o hist\u00f3rico do 39\u00ba presidente da rep\u00fablica<\/strong><\/p>\n\n\n\n<p>Em 1982, Lula participou das elei\u00e7\u00f5es para o governo de S\u00e3o Paulo e perdeu. Em 1984, participou da campanha Diretas J\u00e1, que clamava pela volta de elei\u00e7\u00f5es presidenciais diretas no pa\u00eds. Em 1986, foi eleito deputado federal por S\u00e3o Paulo com a maior vota\u00e7\u00e3o para a C\u00e2mara Federal at\u00e9 aquele momento, tendo participado da elabora\u00e7\u00e3o da Constitui\u00e7\u00e3o Federal de 1988. <\/p>\n\n\n\n<p>Em 1989, Lula candidatou-se a presidente e ficou em segundo lugar na primeira elei\u00e7\u00e3o direta para presidente desde o golpe militar de 1964. Voltou a candidatar-se \u00e0 presid\u00eancia em 1994 e 1998 e foi novamente derrotado. Em 27 de outubro de 2002, Lula foi eleito 39\u00ba presidente do Brasil. Em 2006, foi novamente eleito, com a posterior presidente Dilma Rousseff como vice-presidente. <\/p>\n","protected":false},"excerpt":{"rendered":"<p>O candidato \u00e0 presid\u00eancia do pa\u00eds, Luiz In\u00e1cio Lula da Silva (PT), est\u00e1 matematicamente eleito com 59.563.912 dos votos v\u00e1lidos (50,83%), ante 57.627.462 votos (49,17%) para Jair Messias Bolsonaro (PL), em disputa acirrada at\u00e9 o \u00faltimo minuto. Aos 77 anos, o candidato assume oficialmente a presid\u00eancia no dia 1\u00ba de janeiro de 2023, finalizando este, [&hellip;]<\/p>\n","protected":false},"author":639,"featured_media":115579,"comment_status":"open","ping_status":"open","sticky":false,"template":"","format":"standard","meta":{"pmpro_default_level":"","_jetpack_memberships_contains_paid_content":false,"footnotes":""},"categories":[2,3553],"tags":[3474,8116,10075,10235],"class_list":{"0":"post-115564","1":"post","2":"type-post","3":"status-publish","4":"format-standard","5":"has-post-thumbnail","7":"category-featured","8":"category-eleicoes","9":"tag-bolsonaro","10":"tag-eleicoes-2022","11":"tag-lula","12":"tag-presidente-2022","13":"pmpro-has-access"},"yoast_head":"<!-- This site is optimized with the Yoast SEO plugin v27.5 - https:\/\/yoast.com\/product\/yoast-seo-wordpress\/ -->\n<title>Lula \u00e9 eleito presidente do Brasil - Folha Popular<\/title>\n<meta name=\"description\" content=\"Aos 77 anos, o candidato assume oficialmente a presid\u00eancia no dia 1\u00ba de janeiro de 2023 at\u00e9 31 de dezembro de 2026.\" \/>\n<meta name=\"robots\" content=\"index, follow, max-snippet:-1, max-image-preview:large, max-video-preview:-1\" \/>\n<link rel=\"canonical\" href=\"https:\/\/folhapopular.info\/index.php\/2022\/10\/30\/lula-e-eleito-presidente-do-brasil\/\" \/>\n<meta property=\"og:locale\" content=\"pt_BR\" \/>\n<meta property=\"og:type\" content=\"article\" \/>\n<meta property=\"og:title\" content=\"Lula \u00e9 eleito presidente do Brasil - Folha Popular\" \/>\n<meta property=\"og:description\" content=\"Aos 77 anos, o candidato assume oficialmente a presid\u00eancia no dia 1\u00ba de janeiro de 2023 at\u00e9 31 de dezembro de 2026.\" \/>\n<meta property=\"og:url\" content=\"https:\/\/folhapopular.info\/index.php\/2022\/10\/30\/lula-e-eleito-presidente-do-brasil\/\" \/>\n<meta property=\"og:site_name\" content=\"Folha Popular\" \/>\n<meta property=\"article:published_time\" content=\"2022-10-30T22:57:34+00:00\" \/>\n<meta property=\"article:modified_time\" content=\"2022-10-31T11:27:48+00:00\" \/>\n<meta property=\"og:image\" content=\"http:\/\/folhapopular.info\/wp-content\/uploads\/2022\/10\/lula-caminhada-belford-roxo-rio-de-janeiro-ricardostuckert-32.jpg\" \/>\n\t<meta property=\"og:image:width\" content=\"750\" \/>\n\t<meta property=\"og:image:height\" content=\"500\" \/>\n\t<meta property=\"og:image:type\" content=\"image\/jpeg\" \/>\n<meta name=\"author\" content=\"Camille Lenz da Silva\" \/>\n<meta name=\"twitter:card\" content=\"summary_large_image\" \/>\n<meta name=\"twitter:label1\" content=\"Escrito por\" \/>\n\t<meta name=\"twitter:data1\" content=\"Camille Lenz da Silva\" \/>\n\t<meta name=\"twitter:label2\" content=\"Est. tempo de leitura\" \/>\n\t<meta name=\"twitter:data2\" content=\"2 minutos\" \/>\n<script type=\"application\/ld+json\" class=\"yoast-schema-graph\">{\"@context\":\"https:\\\/\\\/schema.org\",\"@graph\":[{\"@type\":\"Article\",\"@id\":\"https:\\\/\\\/folhapopular.info\\\/index.php\\\/2022\\\/10\\\/30\\\/lula-e-eleito-presidente-do-brasil\\\/#article\",\"isPartOf\":{\"@id\":\"https:\\\/\\\/folhapopular.info\\\/index.php\\\/2022\\\/10\\\/30\\\/lula-e-eleito-presidente-do-brasil\\\/\"},\"author\":{\"name\":\"Camille Lenz da Silva\",\"@id\":\"https:\\\/\\\/folhapopular.info\\\/#\\\/schema\\\/person\\\/f0b811f932ef2505faf473ffaef49df5\"},\"headline\":\"Lula \u00e9 eleito presidente do Brasil\",\"datePublished\":\"2022-10-30T22:57:34+00:00\",\"dateModified\":\"2022-10-31T11:27:48+00:00\",\"mainEntityOfPage\":{\"@id\":\"https:\\\/\\\/folhapopular.info\\\/index.php\\\/2022\\\/10\\\/30\\\/lula-e-eleito-presidente-do-brasil\\\/\"},\"wordCount\":205,\"commentCount\":0,\"image\":{\"@id\":\"https:\\\/\\\/folhapopular.info\\\/index.php\\\/2022\\\/10\\\/30\\\/lula-e-eleito-presidente-do-brasil\\\/#primaryimage\"},\"thumbnailUrl\":\"https:\\\/\\\/folhapopular.info\\\/wp-content\\\/uploads\\\/2022\\\/10\\\/lula-caminhada-belford-roxo-rio-de-janeiro-ricardostuckert-32.jpg\",\"keywords\":[\"Bolsonaro\",\"Elei\u00e7\u00f5es 2022\",\"Lula\",\"presidente 2022\"],\"articleSection\":[\"Destaques\",\"Elei\u00e7\u00f5es\"],\"inLanguage\":\"pt-BR\",\"potentialAction\":[{\"@type\":\"CommentAction\",\"name\":\"Comment\",\"target\":[\"https:\\\/\\\/folhapopular.info\\\/index.php\\\/2022\\\/10\\\/30\\\/lula-e-eleito-presidente-do-brasil\\\/#respond\"]}]},{\"@type\":\"WebPage\",\"@id\":\"https:\\\/\\\/folhapopular.info\\\/index.php\\\/2022\\\/10\\\/30\\\/lula-e-eleito-presidente-do-brasil\\\/\",\"url\":\"https:\\\/\\\/folhapopular.info\\\/index.php\\\/2022\\\/10\\\/30\\\/lula-e-eleito-presidente-do-brasil\\\/\",\"name\":\"Lula \u00e9 eleito presidente do Brasil - Folha Popular\",\"isPartOf\":{\"@id\":\"https:\\\/\\\/folhapopular.info\\\/#website\"},\"primaryImageOfPage\":{\"@id\":\"https:\\\/\\\/folhapopular.info\\\/index.php\\\/2022\\\/10\\\/30\\\/lula-e-eleito-presidente-do-brasil\\\/#primaryimage\"},\"image\":{\"@id\":\"https:\\\/\\\/folhapopular.info\\\/index.php\\\/2022\\\/10\\\/30\\\/lula-e-eleito-presidente-do-brasil\\\/#primaryimage\"},\"thumbnailUrl\":\"https:\\\/\\\/folhapopular.info\\\/wp-content\\\/uploads\\\/2022\\\/10\\\/lula-caminhada-belford-roxo-rio-de-janeiro-ricardostuckert-32.jpg\",\"datePublished\":\"2022-10-30T22:57:34+00:00\",\"dateModified\":\"2022-10-31T11:27:48+00:00\",\"author\":{\"@id\":\"https:\\\/\\\/folhapopular.info\\\/#\\\/schema\\\/person\\\/f0b811f932ef2505faf473ffaef49df5\"},\"description\":\"Aos 77 anos, o candidato assume oficialmente a presid\u00eancia no dia 1\u00ba de janeiro de 2023 at\u00e9 31 de dezembro de 2026.\",\"breadcrumb\":{\"@id\":\"https:\\\/\\\/folhapopular.info\\\/index.php\\\/2022\\\/10\\\/30\\\/lula-e-eleito-presidente-do-brasil\\\/#breadcrumb\"},\"inLanguage\":\"pt-BR\",\"potentialAction\":[{\"@type\":\"ReadAction\",\"target\":[\"https:\\\/\\\/folhapopular.info\\\/index.php\\\/2022\\\/10\\\/30\\\/lula-e-eleito-presidente-do-brasil\\\/\"]}]},{\"@type\":\"ImageObject\",\"inLanguage\":\"pt-BR\",\"@id\":\"https:\\\/\\\/folhapopular.info\\\/index.php\\\/2022\\\/10\\\/30\\\/lula-e-eleito-presidente-do-brasil\\\/#primaryimage\",\"url\":\"https:\\\/\\\/folhapopular.info\\\/wp-content\\\/uploads\\\/2022\\\/10\\\/lula-caminhada-belford-roxo-rio-de-janeiro-ricardostuckert-32.jpg\",\"contentUrl\":\"https:\\\/\\\/folhapopular.info\\\/wp-content\\\/uploads\\\/2022\\\/10\\\/lula-caminhada-belford-roxo-rio-de-janeiro-ricardostuckert-32.jpg\",\"width\":750,\"height\":500,\"caption\":\"Candidato \u00e9 eleito para o segundo mandato ap\u00f3s vota\u00e7\u00e3o acirrada. Cr\u00e9ditos: Ricardo Stuckert\\\/Divulga\u00e7\u00e3o PT\"},{\"@type\":\"BreadcrumbList\",\"@id\":\"https:\\\/\\\/folhapopular.info\\\/index.php\\\/2022\\\/10\\\/30\\\/lula-e-eleito-presidente-do-brasil\\\/#breadcrumb\",\"itemListElement\":[{\"@type\":\"ListItem\",\"position\":1,\"name\":\"In\u00edcio\",\"item\":\"https:\\\/\\\/folhapopular.info\\\/\"},{\"@type\":\"ListItem\",\"position\":2,\"name\":\"Lula \u00e9 eleito presidente do Brasil\"}]},{\"@type\":\"WebSite\",\"@id\":\"https:\\\/\\\/folhapopular.info\\\/#website\",\"url\":\"https:\\\/\\\/folhapopular.info\\\/\",\"name\":\"Folha Popular\",\"description\":\"Onde voc\u00ea tem vez e voz\",\"potentialAction\":[{\"@type\":\"SearchAction\",\"target\":{\"@type\":\"EntryPoint\",\"urlTemplate\":\"https:\\\/\\\/folhapopular.info\\\/?s={search_term_string}\"},\"query-input\":{\"@type\":\"PropertyValueSpecification\",\"valueRequired\":true,\"valueName\":\"search_term_string\"}}],\"inLanguage\":\"pt-BR\"},{\"@type\":\"Person\",\"@id\":\"https:\\\/\\\/folhapopular.info\\\/#\\\/schema\\\/person\\\/f0b811f932ef2505faf473ffaef49df5\",\"name\":\"Camille Lenz da Silva\",\"image\":{\"@type\":\"ImageObject\",\"inLanguage\":\"pt-BR\",\"@id\":\"https:\\\/\\\/secure.gravatar.com\\\/avatar\\\/50be826d73ca259ec0e0a88a407f5de800c576c46cfdc57e50ef28551e216fff?s=96&d=mm&r=g\",\"url\":\"https:\\\/\\\/secure.gravatar.com\\\/avatar\\\/50be826d73ca259ec0e0a88a407f5de800c576c46cfdc57e50ef28551e216fff?s=96&d=mm&r=g\",\"contentUrl\":\"https:\\\/\\\/secure.gravatar.com\\\/avatar\\\/50be826d73ca259ec0e0a88a407f5de800c576c46cfdc57e50ef28551e216fff?s=96&d=mm&r=g\",\"caption\":\"Camille Lenz da Silva\"},\"url\":\"https:\\\/\\\/folhapopular.info\\\/index.php\\\/author\\\/camillelenzgmail-com\\\/\"}]}<\/script>\n<!-- \/ Yoast SEO plugin. -->","yoast_head_json":{"title":"Lula \u00e9 eleito presidente do Brasil - Folha Popular","description":"Aos 77 anos, o candidato assume oficialmente a presid\u00eancia no dia 1\u00ba de janeiro de 2023 at\u00e9 31 de dezembro de 2026.","robots":{"index":"index","follow":"follow","max-snippet":"max-snippet:-1","max-image-preview":"max-image-preview:large","max-video-preview":"max-video-preview:-1"},"canonical":"https:\/\/folhapopular.info\/index.php\/2022\/10\/30\/lula-e-eleito-presidente-do-brasil\/","og_locale":"pt_BR","og_type":"article","og_title":"Lula \u00e9 eleito presidente do Brasil - Folha Popular","og_description":"Aos 77 anos, o candidato assume oficialmente a presid\u00eancia no dia 1\u00ba de janeiro de 2023 at\u00e9 31 de dezembro de 2026.","og_url":"https:\/\/folhapopular.info\/index.php\/2022\/10\/30\/lula-e-eleito-presidente-do-brasil\/","og_site_name":"Folha Popular","article_published_time":"2022-10-30T22:57:34+00:00","article_modified_time":"2022-10-31T11:27:48+00:00","og_image":[{"width":750,"height":500,"url":"http:\/\/folhapopular.info\/wp-content\/uploads\/2022\/10\/lula-caminhada-belford-roxo-rio-de-janeiro-ricardostuckert-32.jpg","type":"image\/jpeg"}],"author":"Camille Lenz da Silva","twitter_card":"summary_large_image","twitter_misc":{"Escrito por":"Camille Lenz da Silva","Est. tempo de leitura":"2 minutos"},"schema":{"@context":"https:\/\/schema.org","@graph":[{"@type":"Article","@id":"https:\/\/folhapopular.info\/index.php\/2022\/10\/30\/lula-e-eleito-presidente-do-brasil\/#article","isPartOf":{"@id":"https:\/\/folhapopular.info\/index.php\/2022\/10\/30\/lula-e-eleito-presidente-do-brasil\/"},"author":{"name":"Camille Lenz da Silva","@id":"https:\/\/folhapopular.info\/#\/schema\/person\/f0b811f932ef2505faf473ffaef49df5"},"headline":"Lula \u00e9 eleito presidente do Brasil","datePublished":"2022-10-30T22:57:34+00:00","dateModified":"2022-10-31T11:27:48+00:00","mainEntityOfPage":{"@id":"https:\/\/folhapopular.info\/index.php\/2022\/10\/30\/lula-e-eleito-presidente-do-brasil\/"},"wordCount":205,"commentCount":0,"image":{"@id":"https:\/\/folhapopular.info\/index.php\/2022\/10\/30\/lula-e-eleito-presidente-do-brasil\/#primaryimage"},"thumbnailUrl":"https:\/\/folhapopular.info\/wp-content\/uploads\/2022\/10\/lula-caminhada-belford-roxo-rio-de-janeiro-ricardostuckert-32.jpg","keywords":["Bolsonaro","Elei\u00e7\u00f5es 2022","Lula","presidente 2022"],"articleSection":["Destaques","Elei\u00e7\u00f5es"],"inLanguage":"pt-BR","potentialAction":[{"@type":"CommentAction","name":"Comment","target":["https:\/\/folhapopular.info\/index.php\/2022\/10\/30\/lula-e-eleito-presidente-do-brasil\/#respond"]}]},{"@type":"WebPage","@id":"https:\/\/folhapopular.info\/index.php\/2022\/10\/30\/lula-e-eleito-presidente-do-brasil\/","url":"https:\/\/folhapopular.info\/index.php\/2022\/10\/30\/lula-e-eleito-presidente-do-brasil\/","name":"Lula \u00e9 eleito presidente do Brasil - Folha Popular","isPartOf":{"@id":"https:\/\/folhapopular.info\/#website"},"primaryImageOfPage":{"@id":"https:\/\/folhapopular.info\/index.php\/2022\/10\/30\/lula-e-eleito-presidente-do-brasil\/#primaryimage"},"image":{"@id":"https:\/\/folhapopular.info\/index.php\/2022\/10\/30\/lula-e-eleito-presidente-do-brasil\/#primaryimage"},"thumbnailUrl":"https:\/\/folhapopular.info\/wp-content\/uploads\/2022\/10\/lula-caminhada-belford-roxo-rio-de-janeiro-ricardostuckert-32.jpg","datePublished":"2022-10-30T22:57:34+00:00","dateModified":"2022-10-31T11:27:48+00:00","author":{"@id":"https:\/\/folhapopular.info\/#\/schema\/person\/f0b811f932ef2505faf473ffaef49df5"},"description":"Aos 77 anos, o candidato assume oficialmente a presid\u00eancia no dia 1\u00ba de janeiro de 2023 at\u00e9 31 de dezembro de 2026.","breadcrumb":{"@id":"https:\/\/folhapopular.info\/index.php\/2022\/10\/30\/lula-e-eleito-presidente-do-brasil\/#breadcrumb"},"inLanguage":"pt-BR","potentialAction":[{"@type":"ReadAction","target":["https:\/\/folhapopular.info\/index.php\/2022\/10\/30\/lula-e-eleito-presidente-do-brasil\/"]}]},{"@type":"ImageObject","inLanguage":"pt-BR","@id":"https:\/\/folhapopular.info\/index.php\/2022\/10\/30\/lula-e-eleito-presidente-do-brasil\/#primaryimage","url":"https:\/\/folhapopular.info\/wp-content\/uploads\/2022\/10\/lula-caminhada-belford-roxo-rio-de-janeiro-ricardostuckert-32.jpg","contentUrl":"https:\/\/folhapopular.info\/wp-content\/uploads\/2022\/10\/lula-caminhada-belford-roxo-rio-de-janeiro-ricardostuckert-32.jpg","width":750,"height":500,"caption":"Candidato \u00e9 eleito para o segundo mandato ap\u00f3s vota\u00e7\u00e3o acirrada. Cr\u00e9ditos: Ricardo Stuckert\/Divulga\u00e7\u00e3o PT"},{"@type":"BreadcrumbList","@id":"https:\/\/folhapopular.info\/index.php\/2022\/10\/30\/lula-e-eleito-presidente-do-brasil\/#breadcrumb","itemListElement":[{"@type":"ListItem","position":1,"name":"In\u00edcio","item":"https:\/\/folhapopular.info\/"},{"@type":"ListItem","position":2,"name":"Lula \u00e9 eleito presidente do Brasil"}]},{"@type":"WebSite","@id":"https:\/\/folhapopular.info\/#website","url":"https:\/\/folhapopular.info\/","name":"Folha Popular","description":"Onde voc\u00ea tem vez e voz","potentialAction":[{"@type":"SearchAction","target":{"@type":"EntryPoint","urlTemplate":"https:\/\/folhapopular.info\/?s={search_term_string}"},"query-input":{"@type":"PropertyValueSpecification","valueRequired":true,"valueName":"search_term_string"}}],"inLanguage":"pt-BR"},{"@type":"Person","@id":"https:\/\/folhapopular.info\/#\/schema\/person\/f0b811f932ef2505faf473ffaef49df5","name":"Camille Lenz da Silva","image":{"@type":"ImageObject","inLanguage":"pt-BR","@id":"https:\/\/secure.gravatar.com\/avatar\/50be826d73ca259ec0e0a88a407f5de800c576c46cfdc57e50ef28551e216fff?s=96&d=mm&r=g","url":"https:\/\/secure.gravatar.com\/avatar\/50be826d73ca259ec0e0a88a407f5de800c576c46cfdc57e50ef28551e216fff?s=96&d=mm&r=g","contentUrl":"https:\/\/secure.gravatar.com\/avatar\/50be826d73ca259ec0e0a88a407f5de800c576c46cfdc57e50ef28551e216fff?s=96&d=mm&r=g","caption":"Camille Lenz da Silva"},"url":"https:\/\/folhapopular.info\/index.php\/author\/camillelenzgmail-com\/"}]}},"jetpack_featured_media_url":"https:\/\/folhapopular.info\/wp-content\/uploads\/2022\/10\/lula-caminhada-belford-roxo-rio-de-janeiro-ricardostuckert-32.jpg","jetpack_sharing_enabled":true,"amp_enabled":true,"_links":{"self":[{"href":"https:\/\/folhapopular.info\/index.php\/wp-json\/wp\/v2\/posts\/115564","targetHints":{"allow":["GET"]}}],"collection":[{"href":"https:\/\/folhapopular.info\/index.php\/wp-json\/wp\/v2\/posts"}],"about":[{"href":"https:\/\/folhapopular.info\/index.php\/wp-json\/wp\/v2\/types\/post"}],"author":[{"embeddable":true,"href":"https:\/\/folhapopular.info\/index.php\/wp-json\/wp\/v2\/users\/639"}],"replies":[{"embeddable":true,"href":"https:\/\/folhapopular.info\/index.php\/wp-json\/wp\/v2\/comments?post=115564"}],"version-history":[{"count":0,"href":"https:\/\/folhapopular.info\/index.php\/wp-json\/wp\/v2\/posts\/115564\/revisions"}],"wp:featuredmedia":[{"embeddable":true,"href":"https:\/\/folhapopular.info\/index.php\/wp-json\/wp\/v2\/media\/115579"}],"wp:attachment":[{"href":"https:\/\/folhapopular.info\/index.php\/wp-json\/wp\/v2\/media?parent=115564"}],"wp:term":[{"taxonomy":"category","embeddable":true,"href":"https:\/\/folhapopular.info\/index.php\/wp-json\/wp\/v2\/categories?post=115564"},{"taxonomy":"post_tag","embeddable":true,"href":"https:\/\/folhapopular.info\/index.php\/wp-json\/wp\/v2\/tags?post=115564"}],"curies":[{"name":"wp","href":"https:\/\/api.w.org\/{rel}","templated":true}]}}