{"id":115968,"date":"2022-11-08T08:24:44","date_gmt":"2022-11-08T11:24:44","guid":{"rendered":"https:\/\/folhapopular.info\/?p=115968"},"modified":"2022-11-08T08:24:55","modified_gmt":"2022-11-08T11:24:55","slug":"incendio-consome-casa-em-boqueirao-do-leao","status":"publish","type":"post","link":"https:\/\/folhapopular.info\/index.php\/2022\/11\/08\/incendio-consome-casa-em-boqueirao-do-leao\/","title":{"rendered":"Inc\u00eandio consome casa em Boqueir\u00e3o do Le\u00e3o"},"content":{"rendered":"\n<p>Um inc\u00eandio consumiu uma casa no interior de Boqueir\u00e3o do Le\u00e3o na manh\u00e3 dessa segunda-feira (7\/11). A resid\u00eancia tinha, aproximadamente, 110 metros quadrados. Segundo os Bombeiros Militares, a queima foi total, n\u00e3o sendo necess\u00e1rio o rescaldo. O propriet\u00e1rio, de 55 anos, n\u00e3o estava no local.<\/p>\n","protected":false},"excerpt":{"rendered":"<p>Um inc\u00eandio consumiu uma casa no interior de Boqueir\u00e3o do Le\u00e3o na manh\u00e3 dessa segunda-feira (7\/11). A resid\u00eancia tinha, aproximadamente, 110 metros quadrados. Segundo os Bombeiros Militares, a queima foi total, n\u00e3o sendo necess\u00e1rio o rescaldo. O propriet\u00e1rio, de 55 anos, n\u00e3o estava no local.<\/p>\n","protected":false},"author":8,"featured_media":115969,"comment_status":"open","ping_status":"open","sticky":false,"template":"","format":"standard","meta":{"pmpro_default_level":"","_jetpack_memberships_contains_paid_content":false,"footnotes":""},"categories":[3],"tags":[3288,4357,42,10276],"class_list":{"0":"post-115968","1":"post","2":"type-post","3":"status-publish","4":"format-standard","5":"has-post-thumbnail","7":"category-geral","8":"tag-boqueirao-do-leao","9":"tag-casa","10":"tag-incendio","11":"tag-queima-total","12":"pmpro-has-access"},"yoast_head":"<!-- This site is optimized with the Yoast SEO plugin v27.5 - https:\/\/yoast.com\/product\/yoast-seo-wordpress\/ -->\n<title>Inc\u00eandio consome casa em Boqueir\u00e3o do Le\u00e3o - Folha Popular<\/title>\n<meta name=\"robots\" content=\"index, follow, max-snippet:-1, max-image-preview:large, max-video-preview:-1\" \/>\n<link rel=\"canonical\" href=\"https:\/\/folhapopular.info\/index.php\/2022\/11\/08\/incendio-consome-casa-em-boqueirao-do-leao\/\" \/>\n<meta property=\"og:locale\" content=\"pt_BR\" \/>\n<meta property=\"og:type\" content=\"article\" \/>\n<meta property=\"og:title\" content=\"Inc\u00eandio consome casa em Boqueir\u00e3o do Le\u00e3o - Folha Popular\" \/>\n<meta property=\"og:description\" content=\"Um inc\u00eandio consumiu uma casa no interior de Boqueir\u00e3o do Le\u00e3o na manh\u00e3 dessa segunda-feira (7\/11). A resid\u00eancia tinha, aproximadamente, 110 metros quadrados. Segundo os Bombeiros Militares, a queima foi total, n\u00e3o sendo necess\u00e1rio o rescaldo. O propriet\u00e1rio, de 55 anos, n\u00e3o estava no local.\" \/>\n<meta property=\"og:url\" content=\"https:\/\/folhapopular.info\/index.php\/2022\/11\/08\/incendio-consome-casa-em-boqueirao-do-leao\/\" \/>\n<meta property=\"og:site_name\" content=\"Folha Popular\" \/>\n<meta property=\"article:published_time\" content=\"2022-11-08T11:24:44+00:00\" \/>\n<meta property=\"article:modified_time\" content=\"2022-11-08T11:24:55+00:00\" \/>\n<meta property=\"og:image\" content=\"http:\/\/folhapopular.info\/wp-content\/uploads\/2022\/11\/WhatsApp-Image-2022-11-07-at-20.22.50-e1667906651126.jpeg\" \/>\n\t<meta property=\"og:image:width\" content=\"900\" \/>\n\t<meta property=\"og:image:height\" content=\"1200\" \/>\n\t<meta property=\"og:image:type\" content=\"image\/jpeg\" \/>\n<meta name=\"author\" content=\"Reda\u00e7\u00e3o Folha Popular\" \/>\n<meta name=\"twitter:card\" content=\"summary_large_image\" \/>\n<meta name=\"twitter:label1\" content=\"Escrito por\" \/>\n\t<meta name=\"twitter:data1\" content=\"Reda\u00e7\u00e3o Folha Popular\" \/>\n\t<meta name=\"twitter:label2\" content=\"Est. tempo de leitura\" \/>\n\t<meta name=\"twitter:data2\" content=\"1 minuto\" \/>\n<script type=\"application\/ld+json\" class=\"yoast-schema-graph\">{\"@context\":\"https:\\\/\\\/schema.org\",\"@graph\":[{\"@type\":\"Article\",\"@id\":\"https:\\\/\\\/folhapopular.info\\\/index.php\\\/2022\\\/11\\\/08\\\/incendio-consome-casa-em-boqueirao-do-leao\\\/#article\",\"isPartOf\":{\"@id\":\"https:\\\/\\\/folhapopular.info\\\/index.php\\\/2022\\\/11\\\/08\\\/incendio-consome-casa-em-boqueirao-do-leao\\\/\"},\"author\":{\"name\":\"Reda\u00e7\u00e3o Folha Popular\",\"@id\":\"https:\\\/\\\/folhapopular.info\\\/#\\\/schema\\\/person\\\/2814e8a0df7643585a9ca38bc6eb9d4b\"},\"headline\":\"Inc\u00eandio consome casa em Boqueir\u00e3o do Le\u00e3o\",\"datePublished\":\"2022-11-08T11:24:44+00:00\",\"dateModified\":\"2022-11-08T11:24:55+00:00\",\"mainEntityOfPage\":{\"@id\":\"https:\\\/\\\/folhapopular.info\\\/index.php\\\/2022\\\/11\\\/08\\\/incendio-consome-casa-em-boqueirao-do-leao\\\/\"},\"wordCount\":60,\"commentCount\":0,\"image\":{\"@id\":\"https:\\\/\\\/folhapopular.info\\\/index.php\\\/2022\\\/11\\\/08\\\/incendio-consome-casa-em-boqueirao-do-leao\\\/#primaryimage\"},\"thumbnailUrl\":\"https:\\\/\\\/folhapopular.info\\\/wp-content\\\/uploads\\\/2022\\\/11\\\/WhatsApp-Image-2022-11-07-at-20.22.50-e1667906651126.jpeg\",\"keywords\":[\"Boqueir\u00e3o do Le\u00e3o\",\"Casa\",\"Inc\u00eandio\",\"Queima total\"],\"articleSection\":[\"Geral\"],\"inLanguage\":\"pt-BR\",\"potentialAction\":[{\"@type\":\"CommentAction\",\"name\":\"Comment\",\"target\":[\"https:\\\/\\\/folhapopular.info\\\/index.php\\\/2022\\\/11\\\/08\\\/incendio-consome-casa-em-boqueirao-do-leao\\\/#respond\"]}]},{\"@type\":\"WebPage\",\"@id\":\"https:\\\/\\\/folhapopular.info\\\/index.php\\\/2022\\\/11\\\/08\\\/incendio-consome-casa-em-boqueirao-do-leao\\\/\",\"url\":\"https:\\\/\\\/folhapopular.info\\\/index.php\\\/2022\\\/11\\\/08\\\/incendio-consome-casa-em-boqueirao-do-leao\\\/\",\"name\":\"Inc\u00eandio consome casa em Boqueir\u00e3o do Le\u00e3o - Folha Popular\",\"isPartOf\":{\"@id\":\"https:\\\/\\\/folhapopular.info\\\/#website\"},\"primaryImageOfPage\":{\"@id\":\"https:\\\/\\\/folhapopular.info\\\/index.php\\\/2022\\\/11\\\/08\\\/incendio-consome-casa-em-boqueirao-do-leao\\\/#primaryimage\"},\"image\":{\"@id\":\"https:\\\/\\\/folhapopular.info\\\/index.php\\\/2022\\\/11\\\/08\\\/incendio-consome-casa-em-boqueirao-do-leao\\\/#primaryimage\"},\"thumbnailUrl\":\"https:\\\/\\\/folhapopular.info\\\/wp-content\\\/uploads\\\/2022\\\/11\\\/WhatsApp-Image-2022-11-07-at-20.22.50-e1667906651126.jpeg\",\"datePublished\":\"2022-11-08T11:24:44+00:00\",\"dateModified\":\"2022-11-08T11:24:55+00:00\",\"author\":{\"@id\":\"https:\\\/\\\/folhapopular.info\\\/#\\\/schema\\\/person\\\/2814e8a0df7643585a9ca38bc6eb9d4b\"},\"breadcrumb\":{\"@id\":\"https:\\\/\\\/folhapopular.info\\\/index.php\\\/2022\\\/11\\\/08\\\/incendio-consome-casa-em-boqueirao-do-leao\\\/#breadcrumb\"},\"inLanguage\":\"pt-BR\",\"potentialAction\":[{\"@type\":\"ReadAction\",\"target\":[\"https:\\\/\\\/folhapopular.info\\\/index.php\\\/2022\\\/11\\\/08\\\/incendio-consome-casa-em-boqueirao-do-leao\\\/\"]}]},{\"@type\":\"ImageObject\",\"inLanguage\":\"pt-BR\",\"@id\":\"https:\\\/\\\/folhapopular.info\\\/index.php\\\/2022\\\/11\\\/08\\\/incendio-consome-casa-em-boqueirao-do-leao\\\/#primaryimage\",\"url\":\"https:\\\/\\\/folhapopular.info\\\/wp-content\\\/uploads\\\/2022\\\/11\\\/WhatsApp-Image-2022-11-07-at-20.22.50-e1667906651126.jpeg\",\"contentUrl\":\"https:\\\/\\\/folhapopular.info\\\/wp-content\\\/uploads\\\/2022\\\/11\\\/WhatsApp-Image-2022-11-07-at-20.22.50-e1667906651126.jpeg\",\"width\":900,\"height\":1200,\"caption\":\"Cr\u00e9dito: Bombeiros Militares \\\/ Divulga\u00e7\u00e3o\"},{\"@type\":\"BreadcrumbList\",\"@id\":\"https:\\\/\\\/folhapopular.info\\\/index.php\\\/2022\\\/11\\\/08\\\/incendio-consome-casa-em-boqueirao-do-leao\\\/#breadcrumb\",\"itemListElement\":[{\"@type\":\"ListItem\",\"position\":1,\"name\":\"In\u00edcio\",\"item\":\"https:\\\/\\\/folhapopular.info\\\/\"},{\"@type\":\"ListItem\",\"position\":2,\"name\":\"Inc\u00eandio consome casa em Boqueir\u00e3o do Le\u00e3o\"}]},{\"@type\":\"WebSite\",\"@id\":\"https:\\\/\\\/folhapopular.info\\\/#website\",\"url\":\"https:\\\/\\\/folhapopular.info\\\/\",\"name\":\"Folha Popular\",\"description\":\"Onde voc\u00ea tem vez e voz\",\"potentialAction\":[{\"@type\":\"SearchAction\",\"target\":{\"@type\":\"EntryPoint\",\"urlTemplate\":\"https:\\\/\\\/folhapopular.info\\\/?s={search_term_string}\"},\"query-input\":{\"@type\":\"PropertyValueSpecification\",\"valueRequired\":true,\"valueName\":\"search_term_string\"}}],\"inLanguage\":\"pt-BR\"},{\"@type\":\"Person\",\"@id\":\"https:\\\/\\\/folhapopular.info\\\/#\\\/schema\\\/person\\\/2814e8a0df7643585a9ca38bc6eb9d4b\",\"name\":\"Reda\u00e7\u00e3o Folha Popular\",\"image\":{\"@type\":\"ImageObject\",\"inLanguage\":\"pt-BR\",\"@id\":\"https:\\\/\\\/folhapopular.info\\\/wp-content\\\/uploads\\\/2026\\\/04\\\/Folha-1.webp\",\"url\":\"https:\\\/\\\/folhapopular.info\\\/wp-content\\\/uploads\\\/2026\\\/04\\\/Folha-1.webp\",\"contentUrl\":\"https:\\\/\\\/folhapopular.info\\\/wp-content\\\/uploads\\\/2026\\\/04\\\/Folha-1.webp\",\"caption\":\"Reda\u00e7\u00e3o Folha Popular\"},\"url\":\"https:\\\/\\\/folhapopular.info\\\/index.php\\\/author\\\/redacao\\\/\"}]}<\/script>\n<!-- \/ Yoast SEO plugin. -->","yoast_head_json":{"title":"Inc\u00eandio consome casa em Boqueir\u00e3o do Le\u00e3o - Folha Popular","robots":{"index":"index","follow":"follow","max-snippet":"max-snippet:-1","max-image-preview":"max-image-preview:large","max-video-preview":"max-video-preview:-1"},"canonical":"https:\/\/folhapopular.info\/index.php\/2022\/11\/08\/incendio-consome-casa-em-boqueirao-do-leao\/","og_locale":"pt_BR","og_type":"article","og_title":"Inc\u00eandio consome casa em Boqueir\u00e3o do Le\u00e3o - Folha Popular","og_description":"Um inc\u00eandio consumiu uma casa no interior de Boqueir\u00e3o do Le\u00e3o na manh\u00e3 dessa segunda-feira (7\/11). A resid\u00eancia tinha, aproximadamente, 110 metros quadrados. Segundo os Bombeiros Militares, a queima foi total, n\u00e3o sendo necess\u00e1rio o rescaldo. O propriet\u00e1rio, de 55 anos, n\u00e3o estava no local.","og_url":"https:\/\/folhapopular.info\/index.php\/2022\/11\/08\/incendio-consome-casa-em-boqueirao-do-leao\/","og_site_name":"Folha Popular","article_published_time":"2022-11-08T11:24:44+00:00","article_modified_time":"2022-11-08T11:24:55+00:00","og_image":[{"width":900,"height":1200,"url":"http:\/\/folhapopular.info\/wp-content\/uploads\/2022\/11\/WhatsApp-Image-2022-11-07-at-20.22.50-e1667906651126.jpeg","type":"image\/jpeg"}],"author":"Reda\u00e7\u00e3o Folha Popular","twitter_card":"summary_large_image","twitter_misc":{"Escrito por":"Reda\u00e7\u00e3o Folha Popular","Est. tempo de leitura":"1 minuto"},"schema":{"@context":"https:\/\/schema.org","@graph":[{"@type":"Article","@id":"https:\/\/folhapopular.info\/index.php\/2022\/11\/08\/incendio-consome-casa-em-boqueirao-do-leao\/#article","isPartOf":{"@id":"https:\/\/folhapopular.info\/index.php\/2022\/11\/08\/incendio-consome-casa-em-boqueirao-do-leao\/"},"author":{"name":"Reda\u00e7\u00e3o Folha Popular","@id":"https:\/\/folhapopular.info\/#\/schema\/person\/2814e8a0df7643585a9ca38bc6eb9d4b"},"headline":"Inc\u00eandio consome casa em Boqueir\u00e3o do Le\u00e3o","datePublished":"2022-11-08T11:24:44+00:00","dateModified":"2022-11-08T11:24:55+00:00","mainEntityOfPage":{"@id":"https:\/\/folhapopular.info\/index.php\/2022\/11\/08\/incendio-consome-casa-em-boqueirao-do-leao\/"},"wordCount":60,"commentCount":0,"image":{"@id":"https:\/\/folhapopular.info\/index.php\/2022\/11\/08\/incendio-consome-casa-em-boqueirao-do-leao\/#primaryimage"},"thumbnailUrl":"https:\/\/folhapopular.info\/wp-content\/uploads\/2022\/11\/WhatsApp-Image-2022-11-07-at-20.22.50-e1667906651126.jpeg","keywords":["Boqueir\u00e3o do Le\u00e3o","Casa","Inc\u00eandio","Queima total"],"articleSection":["Geral"],"inLanguage":"pt-BR","potentialAction":[{"@type":"CommentAction","name":"Comment","target":["https:\/\/folhapopular.info\/index.php\/2022\/11\/08\/incendio-consome-casa-em-boqueirao-do-leao\/#respond"]}]},{"@type":"WebPage","@id":"https:\/\/folhapopular.info\/index.php\/2022\/11\/08\/incendio-consome-casa-em-boqueirao-do-leao\/","url":"https:\/\/folhapopular.info\/index.php\/2022\/11\/08\/incendio-consome-casa-em-boqueirao-do-leao\/","name":"Inc\u00eandio consome casa em Boqueir\u00e3o do Le\u00e3o - Folha Popular","isPartOf":{"@id":"https:\/\/folhapopular.info\/#website"},"primaryImageOfPage":{"@id":"https:\/\/folhapopular.info\/index.php\/2022\/11\/08\/incendio-consome-casa-em-boqueirao-do-leao\/#primaryimage"},"image":{"@id":"https:\/\/folhapopular.info\/index.php\/2022\/11\/08\/incendio-consome-casa-em-boqueirao-do-leao\/#primaryimage"},"thumbnailUrl":"https:\/\/folhapopular.info\/wp-content\/uploads\/2022\/11\/WhatsApp-Image-2022-11-07-at-20.22.50-e1667906651126.jpeg","datePublished":"2022-11-08T11:24:44+00:00","dateModified":"2022-11-08T11:24:55+00:00","author":{"@id":"https:\/\/folhapopular.info\/#\/schema\/person\/2814e8a0df7643585a9ca38bc6eb9d4b"},"breadcrumb":{"@id":"https:\/\/folhapopular.info\/index.php\/2022\/11\/08\/incendio-consome-casa-em-boqueirao-do-leao\/#breadcrumb"},"inLanguage":"pt-BR","potentialAction":[{"@type":"ReadAction","target":["https:\/\/folhapopular.info\/index.php\/2022\/11\/08\/incendio-consome-casa-em-boqueirao-do-leao\/"]}]},{"@type":"ImageObject","inLanguage":"pt-BR","@id":"https:\/\/folhapopular.info\/index.php\/2022\/11\/08\/incendio-consome-casa-em-boqueirao-do-leao\/#primaryimage","url":"https:\/\/folhapopular.info\/wp-content\/uploads\/2022\/11\/WhatsApp-Image-2022-11-07-at-20.22.50-e1667906651126.jpeg","contentUrl":"https:\/\/folhapopular.info\/wp-content\/uploads\/2022\/11\/WhatsApp-Image-2022-11-07-at-20.22.50-e1667906651126.jpeg","width":900,"height":1200,"caption":"Cr\u00e9dito: Bombeiros Militares \/ Divulga\u00e7\u00e3o"},{"@type":"BreadcrumbList","@id":"https:\/\/folhapopular.info\/index.php\/2022\/11\/08\/incendio-consome-casa-em-boqueirao-do-leao\/#breadcrumb","itemListElement":[{"@type":"ListItem","position":1,"name":"In\u00edcio","item":"https:\/\/folhapopular.info\/"},{"@type":"ListItem","position":2,"name":"Inc\u00eandio consome casa em Boqueir\u00e3o do Le\u00e3o"}]},{"@type":"WebSite","@id":"https:\/\/folhapopular.info\/#website","url":"https:\/\/folhapopular.info\/","name":"Folha Popular","description":"Onde voc\u00ea tem vez e voz","potentialAction":[{"@type":"SearchAction","target":{"@type":"EntryPoint","urlTemplate":"https:\/\/folhapopular.info\/?s={search_term_string}"},"query-input":{"@type":"PropertyValueSpecification","valueRequired":true,"valueName":"search_term_string"}}],"inLanguage":"pt-BR"},{"@type":"Person","@id":"https:\/\/folhapopular.info\/#\/schema\/person\/2814e8a0df7643585a9ca38bc6eb9d4b","name":"Reda\u00e7\u00e3o Folha Popular","image":{"@type":"ImageObject","inLanguage":"pt-BR","@id":"https:\/\/folhapopular.info\/wp-content\/uploads\/2026\/04\/Folha-1.webp","url":"https:\/\/folhapopular.info\/wp-content\/uploads\/2026\/04\/Folha-1.webp","contentUrl":"https:\/\/folhapopular.info\/wp-content\/uploads\/2026\/04\/Folha-1.webp","caption":"Reda\u00e7\u00e3o Folha Popular"},"url":"https:\/\/folhapopular.info\/index.php\/author\/redacao\/"}]}},"jetpack_featured_media_url":"https:\/\/folhapopular.info\/wp-content\/uploads\/2022\/11\/WhatsApp-Image-2022-11-07-at-20.22.50-e1667906651126.jpeg","jetpack_sharing_enabled":true,"amp_enabled":true,"_links":{"self":[{"href":"https:\/\/folhapopular.info\/index.php\/wp-json\/wp\/v2\/posts\/115968","targetHints":{"allow":["GET"]}}],"collection":[{"href":"https:\/\/folhapopular.info\/index.php\/wp-json\/wp\/v2\/posts"}],"about":[{"href":"https:\/\/folhapopular.info\/index.php\/wp-json\/wp\/v2\/types\/post"}],"author":[{"embeddable":true,"href":"https:\/\/folhapopular.info\/index.php\/wp-json\/wp\/v2\/users\/8"}],"replies":[{"embeddable":true,"href":"https:\/\/folhapopular.info\/index.php\/wp-json\/wp\/v2\/comments?post=115968"}],"version-history":[{"count":0,"href":"https:\/\/folhapopular.info\/index.php\/wp-json\/wp\/v2\/posts\/115968\/revisions"}],"wp:featuredmedia":[{"embeddable":true,"href":"https:\/\/folhapopular.info\/index.php\/wp-json\/wp\/v2\/media\/115969"}],"wp:attachment":[{"href":"https:\/\/folhapopular.info\/index.php\/wp-json\/wp\/v2\/media?parent=115968"}],"wp:term":[{"taxonomy":"category","embeddable":true,"href":"https:\/\/folhapopular.info\/index.php\/wp-json\/wp\/v2\/categories?post=115968"},{"taxonomy":"post_tag","embeddable":true,"href":"https:\/\/folhapopular.info\/index.php\/wp-json\/wp\/v2\/tags?post=115968"}],"curies":[{"name":"wp","href":"https:\/\/api.w.org\/{rel}","templated":true}]}}