{"id":116092,"date":"2022-11-10T15:31:36","date_gmt":"2022-11-10T18:31:36","guid":{"rendered":"https:\/\/folhapopular.info\/?p=116092"},"modified":"2022-11-10T15:37:20","modified_gmt":"2022-11-10T18:37:20","slug":"estrela-e-unica-cidade-do-rs-em-programa-de-instituto-global-de-meio-ambiente","status":"publish","type":"post","link":"https:\/\/folhapopular.info\/index.php\/2022\/11\/10\/estrela-e-unica-cidade-do-rs-em-programa-de-instituto-global-de-meio-ambiente\/","title":{"rendered":"Estrela \u00e9 \u00fanica cidade do RS em programa de instituto global de meio ambiente"},"content":{"rendered":"\n<p class=\"wp-block-paragraph\">\u201cVerde Urbano\u00a0\u2013 a\u00a0natureza como aliada para os impactos impostos pelo concreto urbano&#8221; foi o \u00fanico projeto ga\u00facho selecionado para o programa do <em>World Resources Institution<\/em> (WRI) Brasil. <\/p>\n\n\n\n<p class=\"wp-block-paragraph\">O n\u00facleo nacional da institui\u00e7\u00e3o mundial com atua\u00e7\u00e3o em mais de 50 pa\u00edses escolheu dez projetos urbanos em est\u00e1gio inicial, de munic\u00edpios de grande, m\u00e9dio e pequeno porte de diferentes regi\u00f5es do pa\u00eds. O projeto do departamento de Meio Ambiente da secretaria municipal de Desenvolvimento, Inova\u00e7\u00e3o e Sustentabilidade (Sedis) de Estrela foi pr\u00e9-selecionado e participar\u00e1 do programa de capacita\u00e7\u00e3o e mentoria do Acelerador de Solu\u00e7\u00f5es Baseadas na Natureza (SBN) em Cidades. \u00a0\u00a0<\/p>\n\n\n\n<p class=\"wp-block-paragraph\">Primeiro programa brasileiro de acelera\u00e7\u00e3o de projetos urbanos de SBN, a WRI busca impulsionar essas solu\u00e7\u00f5es e caminhos efetivos para mitigar os efeitos das mudan\u00e7as do clima e adaptar os centros urbanos aos eventos clim\u00e1ticos extremos cada vez mais frequentes. Al\u00e9m de Estrela, projetos dos munic\u00edpios de Cama\u00e7ari (BA), Campo Grande (MS), Maring\u00e1 (PR), Maranguape (CE), Raposos (MG), Santos (SP), S\u00e3o Carlos (SP), S\u00e3o Jos\u00e9 dos Campos (SP), Sobral (CE). <\/p>\n\n\n\n<p class=\"wp-block-paragraph\">Em comum, eles t\u00eam o foco em reintegrar a natureza como aliada na redu\u00e7\u00e3o de desastres e de vulnerabilidades nas cidades brasileiras. Para a diretora do Meio Ambiente de Estrela, Tanara Schmidt, o munic\u00edpio mais uma vez vai al\u00e9m de suas fronteiras para a busca do bem comum. \u201cO nosso departamento tem como obriga\u00e7\u00e3o fazer licenciamentos e fiscaliza\u00e7\u00e3o ambiental, e isso estamos conseguindo com muita agilidade, sucesso e responsabilidade. Mas aqui sempre buscamos mais. Tanto que s\u00e3o muitos os projetos desenvolvidos e colocados em pr\u00e1tica que visam o bem-estar social, pois cuidar do meio ambiente \u00e9 cuidar das pessoas\u201d, comenta.\u00a0 \u00a0\u00a0\u00a0\u00a0<\/p>\n\n\n\n<p class=\"wp-block-paragraph\"><strong>Verde Urbano<\/strong><\/p>\n\n\n\n<p class=\"wp-block-paragraph\">O projeto estrelense elaborado pela bi\u00f3loga Paula Fagundes e ge\u00f3loga Evelin Schnorr, com colabora\u00e7\u00e3o da engenharia, busca aliar-se \u00e0 natureza para promover qualidade de vida, conforto t\u00e9rmico, permeabilidade do solo e agregar valor paisag\u00edstico \u00e0 cidade. O \u201cVerde Urbano\u201d pretende mitigar os efeitos dos per\u00edodos de chuvas mais fortes, al\u00e9m de promover a drenagem sustent\u00e1vel e a redu\u00e7\u00e3o das ilhas de calor. <\/p>\n\n\n\n<p class=\"wp-block-paragraph\">No centro, jardins de chuva seriam constru\u00eddos para reduzir as inunda\u00e7\u00f5es que ocorrem em \u00e1reas mais baixas da cidade. No parque Princesa do Vale e na rua dos Marinheiros, \u00e1reas que sofrem com inunda\u00e7\u00f5es recorrentes, o projeto prop\u00f5e a constru\u00e7\u00e3o de biovaletas para reduzir alagamentos, filtrar poluentes e proteger popula\u00e7\u00f5es vulner\u00e1veis, beneficiando \u00e1reas vulner\u00e1veis do munic\u00edpio.<\/p>\n\n\n\n<p class=\"wp-block-paragraph\"><strong>Capacita\u00e7\u00e3o<\/strong><\/p>\n\n\n\n<p class=\"wp-block-paragraph\">Por meio do Acelerador de SBN em Cidades, o WRI Brasil apoiar\u00e1 os munic\u00edpios no que \u00e9 um dos gargalos para o avan\u00e7o destas solu\u00e7\u00f5es inovadoras: a constru\u00e7\u00e3o de capacidades t\u00e9cnicas e institucionais para elaborar projetos robustos e banc\u00e1veis. At\u00e9 agosto de 2023, os selecionados que enviarem a documenta\u00e7\u00e3o requerida para participar do Acelerador receber\u00e3o capacita\u00e7\u00e3o, mentoria e apoio na estrutura\u00e7\u00e3o dos projetos, al\u00e9m de oportunidades de conex\u00e3o com financiadores. Os dois projetos que conseguirem avan\u00e7ar mais em sua estrutura\u00e7\u00e3o ainda contar\u00e3o com apoio adicional at\u00e9 2024.<\/p>\n\n\n\n<p class=\"wp-block-paragraph\">O diretor do programa de Cidades do WRI Brasil, Luis Antonio Lindau, destaca a diversidade de projetos selecionados como um dos trunfos do novo acelerador: \u201cA mudan\u00e7a do clima j\u00e1 impacta todas as regi\u00f5es do pa\u00eds. As SBN s\u00e3o uma das formas mais custo-efetivas pelas quais as cidades podem se tornar mais resilientes e inclusivas, olhando para as popula\u00e7\u00f5es mais vulner\u00e1veis aos impactos clim\u00e1ticos\u201d, comenta. <\/p>\n\n\n\n<p class=\"wp-block-paragraph\">Juliana Baladelli Ribeiro, especialista em SBN da Funda\u00e7\u00e3o Grupo Botic\u00e1rio de Prote\u00e7\u00e3o \u00e0 Natureza, apoiadora do Acelerador desde a sua concep\u00e7\u00e3o at\u00e9 a avalia\u00e7\u00e3o e sele\u00e7\u00e3o dos projetos, comenta: \u201cAs solu\u00e7\u00f5es baseadas na natureza s\u00e3o a\u00e7\u00f5es pautadas no uso de servi\u00e7os ecossist\u00eamicos para superar os maiores desafios do nosso tempo, e sabemos que s\u00f3 existem SBN onde existe natureza preservada. Acreditamos na cocria\u00e7\u00e3o de ideias e na constru\u00e7\u00e3o de capacidades a partir de parcerias entre diferentes setores da sociedade\u201d, pontua.<\/p>\n\n\n\n<p class=\"wp-block-paragraph\"><strong>Saiba mais<\/strong><\/p>\n\n\n\n<p class=\"wp-block-paragraph\">O World Resources Institute (WRI) \u00e9 uma institui\u00e7\u00e3o global de pesquisa com atua\u00e7\u00e3o em mais de 50 pa\u00edses. Conta com o conhecimento de aproximadamente 1.700 profissionais em 12 escrit\u00f3rios internacionais, entre eles Brasil, China, Estados Unidos, Europa, M\u00e9xico, \u00cdndia, Indon\u00e9sia e \u00c1frica. Tem como objetivo transformar ideias em a\u00e7\u00f5es para promover a prote\u00e7\u00e3o do meio ambiente, oportunidades econ\u00f4micas e bem-estar humano. <\/p>\n\n\n\n<p class=\"wp-block-paragraph\">Atua no desenvolvimento de estudos e implementa\u00e7\u00e3o de solu\u00e7\u00f5es sustent\u00e1veis em clima, florestas e cidades. Alia excel\u00eancia t\u00e9cnica \u00e0 articula\u00e7\u00e3o pol\u00edtica e trabalha em parceria com governos, empresas, academia e sociedade civil. A equipe no Brasil se divide em dois escrit\u00f3rios, localizados em S\u00e3o Paulo e Porto Alegre. S\u00e3o mais de 70 pessoas especialistas em cidades, clima e florestas, al\u00e9m de profissionais de pesquisa, comunica\u00e7\u00e3o e opera\u00e7\u00f5es.<\/p>\n","protected":false},"excerpt":{"rendered":"<p>\u201cVerde Urbano\u00a0\u2013 a\u00a0natureza como aliada para os impactos impostos pelo concreto urbano&#8221; foi o \u00fanico projeto ga\u00facho selecionado para o programa do World Resources Institution (WRI) Brasil. O n\u00facleo nacional da institui\u00e7\u00e3o mundial com atua\u00e7\u00e3o em mais de 50 pa\u00edses escolheu dez projetos urbanos em est\u00e1gio inicial, de munic\u00edpios de grande, m\u00e9dio e pequeno porte [&hellip;]<\/p>\n","protected":false},"author":8,"featured_media":116093,"comment_status":"open","ping_status":"open","sticky":false,"template":"","format":"standard","meta":{"pmpro_default_level":"","_jetpack_memberships_contains_paid_content":false,"footnotes":""},"categories":[2,3],"tags":[8],"class_list":["post-116092","post","type-post","status-publish","format-standard","has-post-thumbnail","category-featured","category-geral","tag-estrela","pmpro-has-access"],"yoast_head":"<!-- This site is optimized with the Yoast SEO plugin v28.4 - https:\/\/yoast.com\/product\/yoast-seo-wordpress\/ -->\n<title>Estrela \u00e9 \u00fanica cidade do RS em programa de instituto global de meio ambiente - Folha Popular<\/title>\n<meta name=\"description\" content=\"O projeto estrelense busca promover qualidade de vida, conforto t\u00e9rmico, permeabilidade do solo e valor paisag\u00edstico \u00e0 cidade.\" \/>\n<meta name=\"robots\" content=\"index, follow, max-snippet:-1, max-image-preview:large, max-video-preview:-1\" \/>\n<link rel=\"canonical\" href=\"https:\/\/folhapopular.info\/index.php\/2022\/11\/10\/estrela-e-unica-cidade-do-rs-em-programa-de-instituto-global-de-meio-ambiente\/\" \/>\n<meta property=\"og:locale\" content=\"pt_BR\" \/>\n<meta property=\"og:type\" content=\"article\" \/>\n<meta property=\"og:title\" content=\"Estrela \u00e9 \u00fanica cidade do RS em programa de instituto global de meio ambiente - Folha Popular\" \/>\n<meta property=\"og:description\" content=\"O projeto estrelense busca promover qualidade de vida, conforto t\u00e9rmico, permeabilidade do solo e valor paisag\u00edstico \u00e0 cidade.\" \/>\n<meta property=\"og:url\" content=\"https:\/\/folhapopular.info\/index.php\/2022\/11\/10\/estrela-e-unica-cidade-do-rs-em-programa-de-instituto-global-de-meio-ambiente\/\" \/>\n<meta property=\"og:site_name\" content=\"Folha Popular\" \/>\n<meta property=\"article:published_time\" content=\"2022-11-10T18:31:36+00:00\" \/>\n<meta property=\"article:modified_time\" content=\"2022-11-10T18:37:20+00:00\" \/>\n<meta property=\"og:image\" content=\"http:\/\/folhapopular.info\/wp-content\/uploads\/2022\/11\/Verde-Urbano-equipe-de-desenvolvimento-Meio-Ambiente-Angeli-scaled.jpg\" \/>\n\t<meta property=\"og:image:width\" content=\"2560\" \/>\n\t<meta property=\"og:image:height\" content=\"1440\" \/>\n\t<meta property=\"og:image:type\" content=\"image\/jpeg\" \/>\n<meta name=\"author\" content=\"Reda\u00e7\u00e3o Folha Popular\" \/>\n<meta name=\"twitter:card\" content=\"summary_large_image\" \/>\n<meta name=\"twitter:label1\" content=\"Escrito por\" \/>\n\t<meta name=\"twitter:data1\" content=\"Reda\u00e7\u00e3o Folha Popular\" \/>\n\t<meta name=\"twitter:label2\" content=\"Est. tempo de leitura\" \/>\n\t<meta name=\"twitter:data2\" content=\"5 minutos\" \/>\n<script type=\"application\/ld+json\" class=\"yoast-schema-graph\">{\"@context\":\"https:\\\/\\\/schema.org\",\"@graph\":[{\"@type\":\"Article\",\"@id\":\"https:\\\/\\\/folhapopular.info\\\/index.php\\\/2022\\\/11\\\/10\\\/estrela-e-unica-cidade-do-rs-em-programa-de-instituto-global-de-meio-ambiente\\\/#article\",\"isPartOf\":{\"@id\":\"https:\\\/\\\/folhapopular.info\\\/index.php\\\/2022\\\/11\\\/10\\\/estrela-e-unica-cidade-do-rs-em-programa-de-instituto-global-de-meio-ambiente\\\/\"},\"author\":{\"name\":\"Reda\u00e7\u00e3o Folha Popular\",\"@id\":\"https:\\\/\\\/folhapopular.info\\\/#\\\/schema\\\/person\\\/2814e8a0df7643585a9ca38bc6eb9d4b\"},\"headline\":\"Estrela \u00e9 \u00fanica cidade do RS em programa de instituto global de meio ambiente\",\"datePublished\":\"2022-11-10T18:31:36+00:00\",\"dateModified\":\"2022-11-10T18:37:20+00:00\",\"mainEntityOfPage\":{\"@id\":\"https:\\\/\\\/folhapopular.info\\\/index.php\\\/2022\\\/11\\\/10\\\/estrela-e-unica-cidade-do-rs-em-programa-de-instituto-global-de-meio-ambiente\\\/\"},\"wordCount\":858,\"commentCount\":0,\"image\":{\"@id\":\"https:\\\/\\\/folhapopular.info\\\/index.php\\\/2022\\\/11\\\/10\\\/estrela-e-unica-cidade-do-rs-em-programa-de-instituto-global-de-meio-ambiente\\\/#primaryimage\"},\"thumbnailUrl\":\"https:\\\/\\\/folhapopular.info\\\/wp-content\\\/uploads\\\/2022\\\/11\\\/Verde-Urbano-equipe-de-desenvolvimento-Meio-Ambiente-Angeli-scaled.jpg\",\"keywords\":[\"Estrela\"],\"articleSection\":[\"Destaques\",\"Geral\"],\"inLanguage\":\"pt-BR\",\"potentialAction\":[{\"@type\":\"CommentAction\",\"name\":\"Comment\",\"target\":[\"https:\\\/\\\/folhapopular.info\\\/index.php\\\/2022\\\/11\\\/10\\\/estrela-e-unica-cidade-do-rs-em-programa-de-instituto-global-de-meio-ambiente\\\/#respond\"]}]},{\"@type\":\"WebPage\",\"@id\":\"https:\\\/\\\/folhapopular.info\\\/index.php\\\/2022\\\/11\\\/10\\\/estrela-e-unica-cidade-do-rs-em-programa-de-instituto-global-de-meio-ambiente\\\/\",\"url\":\"https:\\\/\\\/folhapopular.info\\\/index.php\\\/2022\\\/11\\\/10\\\/estrela-e-unica-cidade-do-rs-em-programa-de-instituto-global-de-meio-ambiente\\\/\",\"name\":\"Estrela \u00e9 \u00fanica cidade do RS em programa de instituto global de meio ambiente - Folha Popular\",\"isPartOf\":{\"@id\":\"https:\\\/\\\/folhapopular.info\\\/#website\"},\"primaryImageOfPage\":{\"@id\":\"https:\\\/\\\/folhapopular.info\\\/index.php\\\/2022\\\/11\\\/10\\\/estrela-e-unica-cidade-do-rs-em-programa-de-instituto-global-de-meio-ambiente\\\/#primaryimage\"},\"image\":{\"@id\":\"https:\\\/\\\/folhapopular.info\\\/index.php\\\/2022\\\/11\\\/10\\\/estrela-e-unica-cidade-do-rs-em-programa-de-instituto-global-de-meio-ambiente\\\/#primaryimage\"},\"thumbnailUrl\":\"https:\\\/\\\/folhapopular.info\\\/wp-content\\\/uploads\\\/2022\\\/11\\\/Verde-Urbano-equipe-de-desenvolvimento-Meio-Ambiente-Angeli-scaled.jpg\",\"datePublished\":\"2022-11-10T18:31:36+00:00\",\"dateModified\":\"2022-11-10T18:37:20+00:00\",\"author\":{\"@id\":\"https:\\\/\\\/folhapopular.info\\\/#\\\/schema\\\/person\\\/2814e8a0df7643585a9ca38bc6eb9d4b\"},\"description\":\"O projeto estrelense busca promover qualidade de vida, conforto t\u00e9rmico, permeabilidade do solo e valor paisag\u00edstico \u00e0 cidade.\",\"breadcrumb\":{\"@id\":\"https:\\\/\\\/folhapopular.info\\\/index.php\\\/2022\\\/11\\\/10\\\/estrela-e-unica-cidade-do-rs-em-programa-de-instituto-global-de-meio-ambiente\\\/#breadcrumb\"},\"inLanguage\":\"pt-BR\",\"potentialAction\":[{\"@type\":\"ReadAction\",\"target\":[\"https:\\\/\\\/folhapopular.info\\\/index.php\\\/2022\\\/11\\\/10\\\/estrela-e-unica-cidade-do-rs-em-programa-de-instituto-global-de-meio-ambiente\\\/\"]}]},{\"@type\":\"ImageObject\",\"inLanguage\":\"pt-BR\",\"@id\":\"https:\\\/\\\/folhapopular.info\\\/index.php\\\/2022\\\/11\\\/10\\\/estrela-e-unica-cidade-do-rs-em-programa-de-instituto-global-de-meio-ambiente\\\/#primaryimage\",\"url\":\"https:\\\/\\\/folhapopular.info\\\/wp-content\\\/uploads\\\/2022\\\/11\\\/Verde-Urbano-equipe-de-desenvolvimento-Meio-Ambiente-Angeli-scaled.jpg\",\"contentUrl\":\"https:\\\/\\\/folhapopular.info\\\/wp-content\\\/uploads\\\/2022\\\/11\\\/Verde-Urbano-equipe-de-desenvolvimento-Meio-Ambiente-Angeli-scaled.jpg\",\"width\":2560,\"height\":1440,\"caption\":\"Equipes da Sedis trabalham na busca de programas e na elabora\u00e7\u00e3o de projetos como o da WRI Brasil. Cr\u00e9ditos: Rodrigo Angeli\"},{\"@type\":\"BreadcrumbList\",\"@id\":\"https:\\\/\\\/folhapopular.info\\\/index.php\\\/2022\\\/11\\\/10\\\/estrela-e-unica-cidade-do-rs-em-programa-de-instituto-global-de-meio-ambiente\\\/#breadcrumb\",\"itemListElement\":[{\"@type\":\"ListItem\",\"position\":1,\"name\":\"In\u00edcio\",\"item\":\"https:\\\/\\\/folhapopular.info\\\/\"},{\"@type\":\"ListItem\",\"position\":2,\"name\":\"Estrela \u00e9 \u00fanica cidade do RS em programa de instituto global de meio ambiente\"}]},{\"@type\":\"WebSite\",\"@id\":\"https:\\\/\\\/folhapopular.info\\\/#website\",\"url\":\"https:\\\/\\\/folhapopular.info\\\/\",\"name\":\"Folha Popular\",\"description\":\"Onde voc\u00ea tem vez e voz\",\"potentialAction\":[{\"@type\":\"SearchAction\",\"target\":{\"@type\":\"EntryPoint\",\"urlTemplate\":\"https:\\\/\\\/folhapopular.info\\\/?s={search_term_string}\"},\"query-input\":{\"@type\":\"PropertyValueSpecification\",\"valueRequired\":true,\"valueName\":\"search_term_string\"}}],\"inLanguage\":\"pt-BR\"},{\"@type\":\"Person\",\"@id\":\"https:\\\/\\\/folhapopular.info\\\/#\\\/schema\\\/person\\\/2814e8a0df7643585a9ca38bc6eb9d4b\",\"name\":\"Reda\u00e7\u00e3o Folha Popular\",\"image\":{\"@type\":\"ImageObject\",\"inLanguage\":\"pt-BR\",\"@id\":\"https:\\\/\\\/folhapopular.info\\\/wp-content\\\/uploads\\\/2026\\\/04\\\/Folha-1.webp\",\"url\":\"https:\\\/\\\/folhapopular.info\\\/wp-content\\\/uploads\\\/2026\\\/04\\\/Folha-1.webp\",\"contentUrl\":\"https:\\\/\\\/folhapopular.info\\\/wp-content\\\/uploads\\\/2026\\\/04\\\/Folha-1.webp\",\"caption\":\"Reda\u00e7\u00e3o Folha Popular\"},\"url\":\"https:\\\/\\\/folhapopular.info\\\/index.php\\\/author\\\/redacao\\\/\"}]}<\/script>\n<!-- \/ Yoast SEO plugin. -->","yoast_head_json":{"title":"Estrela \u00e9 \u00fanica cidade do RS em programa de instituto global de meio ambiente - Folha Popular","description":"O projeto estrelense busca promover qualidade de vida, conforto t\u00e9rmico, permeabilidade do solo e valor paisag\u00edstico \u00e0 cidade.","robots":{"index":"index","follow":"follow","max-snippet":"max-snippet:-1","max-image-preview":"max-image-preview:large","max-video-preview":"max-video-preview:-1"},"canonical":"https:\/\/folhapopular.info\/index.php\/2022\/11\/10\/estrela-e-unica-cidade-do-rs-em-programa-de-instituto-global-de-meio-ambiente\/","og_locale":"pt_BR","og_type":"article","og_title":"Estrela \u00e9 \u00fanica cidade do RS em programa de instituto global de meio ambiente - Folha Popular","og_description":"O projeto estrelense busca promover qualidade de vida, conforto t\u00e9rmico, permeabilidade do solo e valor paisag\u00edstico \u00e0 cidade.","og_url":"https:\/\/folhapopular.info\/index.php\/2022\/11\/10\/estrela-e-unica-cidade-do-rs-em-programa-de-instituto-global-de-meio-ambiente\/","og_site_name":"Folha Popular","article_published_time":"2022-11-10T18:31:36+00:00","article_modified_time":"2022-11-10T18:37:20+00:00","og_image":[{"width":2560,"height":1440,"url":"http:\/\/folhapopular.info\/wp-content\/uploads\/2022\/11\/Verde-Urbano-equipe-de-desenvolvimento-Meio-Ambiente-Angeli-scaled.jpg","type":"image\/jpeg"}],"author":"Reda\u00e7\u00e3o Folha Popular","twitter_card":"summary_large_image","twitter_misc":{"Escrito por":"Reda\u00e7\u00e3o Folha Popular","Est. tempo de leitura":"5 minutos"},"schema":{"@context":"https:\/\/schema.org","@graph":[{"@type":"Article","@id":"https:\/\/folhapopular.info\/index.php\/2022\/11\/10\/estrela-e-unica-cidade-do-rs-em-programa-de-instituto-global-de-meio-ambiente\/#article","isPartOf":{"@id":"https:\/\/folhapopular.info\/index.php\/2022\/11\/10\/estrela-e-unica-cidade-do-rs-em-programa-de-instituto-global-de-meio-ambiente\/"},"author":{"name":"Reda\u00e7\u00e3o Folha Popular","@id":"https:\/\/folhapopular.info\/#\/schema\/person\/2814e8a0df7643585a9ca38bc6eb9d4b"},"headline":"Estrela \u00e9 \u00fanica cidade do RS em programa de instituto global de meio ambiente","datePublished":"2022-11-10T18:31:36+00:00","dateModified":"2022-11-10T18:37:20+00:00","mainEntityOfPage":{"@id":"https:\/\/folhapopular.info\/index.php\/2022\/11\/10\/estrela-e-unica-cidade-do-rs-em-programa-de-instituto-global-de-meio-ambiente\/"},"wordCount":858,"commentCount":0,"image":{"@id":"https:\/\/folhapopular.info\/index.php\/2022\/11\/10\/estrela-e-unica-cidade-do-rs-em-programa-de-instituto-global-de-meio-ambiente\/#primaryimage"},"thumbnailUrl":"https:\/\/folhapopular.info\/wp-content\/uploads\/2022\/11\/Verde-Urbano-equipe-de-desenvolvimento-Meio-Ambiente-Angeli-scaled.jpg","keywords":["Estrela"],"articleSection":["Destaques","Geral"],"inLanguage":"pt-BR","potentialAction":[{"@type":"CommentAction","name":"Comment","target":["https:\/\/folhapopular.info\/index.php\/2022\/11\/10\/estrela-e-unica-cidade-do-rs-em-programa-de-instituto-global-de-meio-ambiente\/#respond"]}]},{"@type":"WebPage","@id":"https:\/\/folhapopular.info\/index.php\/2022\/11\/10\/estrela-e-unica-cidade-do-rs-em-programa-de-instituto-global-de-meio-ambiente\/","url":"https:\/\/folhapopular.info\/index.php\/2022\/11\/10\/estrela-e-unica-cidade-do-rs-em-programa-de-instituto-global-de-meio-ambiente\/","name":"Estrela \u00e9 \u00fanica cidade do RS em programa de instituto global de meio ambiente - Folha Popular","isPartOf":{"@id":"https:\/\/folhapopular.info\/#website"},"primaryImageOfPage":{"@id":"https:\/\/folhapopular.info\/index.php\/2022\/11\/10\/estrela-e-unica-cidade-do-rs-em-programa-de-instituto-global-de-meio-ambiente\/#primaryimage"},"image":{"@id":"https:\/\/folhapopular.info\/index.php\/2022\/11\/10\/estrela-e-unica-cidade-do-rs-em-programa-de-instituto-global-de-meio-ambiente\/#primaryimage"},"thumbnailUrl":"https:\/\/folhapopular.info\/wp-content\/uploads\/2022\/11\/Verde-Urbano-equipe-de-desenvolvimento-Meio-Ambiente-Angeli-scaled.jpg","datePublished":"2022-11-10T18:31:36+00:00","dateModified":"2022-11-10T18:37:20+00:00","author":{"@id":"https:\/\/folhapopular.info\/#\/schema\/person\/2814e8a0df7643585a9ca38bc6eb9d4b"},"description":"O projeto estrelense busca promover qualidade de vida, conforto t\u00e9rmico, permeabilidade do solo e valor paisag\u00edstico \u00e0 cidade.","breadcrumb":{"@id":"https:\/\/folhapopular.info\/index.php\/2022\/11\/10\/estrela-e-unica-cidade-do-rs-em-programa-de-instituto-global-de-meio-ambiente\/#breadcrumb"},"inLanguage":"pt-BR","potentialAction":[{"@type":"ReadAction","target":["https:\/\/folhapopular.info\/index.php\/2022\/11\/10\/estrela-e-unica-cidade-do-rs-em-programa-de-instituto-global-de-meio-ambiente\/"]}]},{"@type":"ImageObject","inLanguage":"pt-BR","@id":"https:\/\/folhapopular.info\/index.php\/2022\/11\/10\/estrela-e-unica-cidade-do-rs-em-programa-de-instituto-global-de-meio-ambiente\/#primaryimage","url":"https:\/\/folhapopular.info\/wp-content\/uploads\/2022\/11\/Verde-Urbano-equipe-de-desenvolvimento-Meio-Ambiente-Angeli-scaled.jpg","contentUrl":"https:\/\/folhapopular.info\/wp-content\/uploads\/2022\/11\/Verde-Urbano-equipe-de-desenvolvimento-Meio-Ambiente-Angeli-scaled.jpg","width":2560,"height":1440,"caption":"Equipes da Sedis trabalham na busca de programas e na elabora\u00e7\u00e3o de projetos como o da WRI Brasil. Cr\u00e9ditos: Rodrigo Angeli"},{"@type":"BreadcrumbList","@id":"https:\/\/folhapopular.info\/index.php\/2022\/11\/10\/estrela-e-unica-cidade-do-rs-em-programa-de-instituto-global-de-meio-ambiente\/#breadcrumb","itemListElement":[{"@type":"ListItem","position":1,"name":"In\u00edcio","item":"https:\/\/folhapopular.info\/"},{"@type":"ListItem","position":2,"name":"Estrela \u00e9 \u00fanica cidade do RS em programa de instituto global de meio ambiente"}]},{"@type":"WebSite","@id":"https:\/\/folhapopular.info\/#website","url":"https:\/\/folhapopular.info\/","name":"Folha Popular","description":"Onde voc\u00ea tem vez e voz","potentialAction":[{"@type":"SearchAction","target":{"@type":"EntryPoint","urlTemplate":"https:\/\/folhapopular.info\/?s={search_term_string}"},"query-input":{"@type":"PropertyValueSpecification","valueRequired":true,"valueName":"search_term_string"}}],"inLanguage":"pt-BR"},{"@type":"Person","@id":"https:\/\/folhapopular.info\/#\/schema\/person\/2814e8a0df7643585a9ca38bc6eb9d4b","name":"Reda\u00e7\u00e3o Folha Popular","image":{"@type":"ImageObject","inLanguage":"pt-BR","@id":"https:\/\/folhapopular.info\/wp-content\/uploads\/2026\/04\/Folha-1.webp","url":"https:\/\/folhapopular.info\/wp-content\/uploads\/2026\/04\/Folha-1.webp","contentUrl":"https:\/\/folhapopular.info\/wp-content\/uploads\/2026\/04\/Folha-1.webp","caption":"Reda\u00e7\u00e3o Folha Popular"},"url":"https:\/\/folhapopular.info\/index.php\/author\/redacao\/"}]}},"jetpack_sharing_enabled":true,"amp_enabled":true,"jetpack_featured_media_url":"https:\/\/folhapopular.info\/wp-content\/uploads\/2022\/11\/Verde-Urbano-equipe-de-desenvolvimento-Meio-Ambiente-Angeli-scaled.jpg","_links":{"self":[{"href":"https:\/\/folhapopular.info\/index.php\/wp-json\/wp\/v2\/posts\/116092","targetHints":{"allow":["GET"]}}],"collection":[{"href":"https:\/\/folhapopular.info\/index.php\/wp-json\/wp\/v2\/posts"}],"about":[{"href":"https:\/\/folhapopular.info\/index.php\/wp-json\/wp\/v2\/types\/post"}],"author":[{"embeddable":true,"href":"https:\/\/folhapopular.info\/index.php\/wp-json\/wp\/v2\/users\/8"}],"replies":[{"embeddable":true,"href":"https:\/\/folhapopular.info\/index.php\/wp-json\/wp\/v2\/comments?post=116092"}],"version-history":[{"count":0,"href":"https:\/\/folhapopular.info\/index.php\/wp-json\/wp\/v2\/posts\/116092\/revisions"}],"wp:featuredmedia":[{"embeddable":true,"href":"https:\/\/folhapopular.info\/index.php\/wp-json\/wp\/v2\/media\/116093"}],"wp:attachment":[{"href":"https:\/\/folhapopular.info\/index.php\/wp-json\/wp\/v2\/media?parent=116092"}],"wp:term":[{"taxonomy":"category","embeddable":true,"href":"https:\/\/folhapopular.info\/index.php\/wp-json\/wp\/v2\/categories?post=116092"},{"taxonomy":"post_tag","embeddable":true,"href":"https:\/\/folhapopular.info\/index.php\/wp-json\/wp\/v2\/tags?post=116092"}],"curies":[{"name":"wp","href":"https:\/\/api.w.org\/{rel}","templated":true}]}}