{"id":116104,"date":"2022-11-10T17:22:54","date_gmt":"2022-11-10T20:22:54","guid":{"rendered":"https:\/\/folhapopular.info\/?p=116104"},"modified":"2022-11-10T17:22:56","modified_gmt":"2022-11-10T20:22:56","slug":"poco-das-antas-tera-1a-conferencia-municipal-dos-direitos-da-crianca-e-do-adolescente","status":"publish","type":"post","link":"https:\/\/folhapopular.info\/index.php\/2022\/11\/10\/poco-das-antas-tera-1a-conferencia-municipal-dos-direitos-da-crianca-e-do-adolescente\/","title":{"rendered":"Po\u00e7o das Antas ter\u00e1\u00a01\u00aa Confer\u00eancia Municipal dos Direitos da Crian\u00e7a e do Adolescente"},"content":{"rendered":"\n<p>Est\u00e1 marcada para sexta-feira (18\/11) a 1\u00aa Confer\u00eancia Municipal dos Direitos da Crian\u00e7a e do Adolescente de Po\u00e7o das Antas. A programa\u00e7\u00e3o ser\u00e1 no audit\u00f3rio da Prefeitura e ter\u00e1 como tema central\u00a0\u201cA situa\u00e7\u00e3o dos direitos humanos de crian\u00e7as e adolescentes em tempos de pandemia pela covid-19: viola\u00e7\u00f5es e vulnerabilidades, a\u00e7\u00f5es necess\u00e1rias para a repara\u00e7\u00e3o e garantia de pol\u00edticas de prote\u00e7\u00e3o integral, com respeito \u00e0 diversidade\u201d. <\/p>\n\n\n\n<p>O objetivo do encontro \u00e9\u00a0favorecer a discuss\u00e3o no processo conferencial das etapas estadual e federal, sendo a atividade dividida em cinco eixos tem\u00e1ticos segundo delibera\u00e7\u00e3o do Conselho Nacional Dos Direitos da Crian\u00e7a e do Adolescente (CONANDA), conforme o Documento Orientador da 12\u00aa Confer\u00eancia Nacional dos Direitos da Crian\u00e7a e do Adolescente a ser realizada em novembro de 2022.<\/p>\n\n\n\n<p>O evento \u00e9 uma iniciativa do Conselho Municipal dos Direitos da Crian\u00e7a e do Adolescente (COMDICA) de Po\u00e7o das Antas, com apoio da Secretaria de Assist\u00eancia Social do Munic\u00edpio e tamb\u00e9m leva em considera\u00e7\u00e3o a necessidade de avaliar e propor diretrizes para a atualiza\u00e7\u00e3o da Pol\u00edtica Municipal de Promo\u00e7\u00e3o, Prote\u00e7\u00e3o e Defesa da Crian\u00e7a e do Adolescente no Munic\u00edpio. Confira:<\/p>\n\n\n\n<p><strong>13h30 &#8211;<\/strong>\u00a0Recep\u00e7\u00e3o a Convidados, Inscri\u00e7\u00e3o dos Candidatos a Delegados da Etapa Estadual.<br><strong>13h40 &#8211;<\/strong>\u00a0Solenidade Abertura da Confer\u00eancia Municipal.<br><strong>13h45 &#8211;<\/strong>\u00a0Atividade Cultural Recreativa \/ Crian\u00e7as &amp; Adolescentes.<br><strong>14h &#8211;<\/strong>\u00a0Palestra Magna\/Tema: \u201cA situa\u00e7\u00e3o dos direitos humanos de crian\u00e7as e adolescentes em tempos de pandemia pela covid-19: viola\u00e7\u00f5es e vulnerabilidades, a\u00e7\u00f5es necess\u00e1rias para a repara\u00e7\u00e3o e garantia de pol\u00edticas de prote\u00e7\u00e3o integral, com respeito \u00e0 diversidade.<br><strong>15h &#8211;<\/strong>\u00a0Atividade de Grupo: discuss\u00e3o e apresenta\u00e7\u00e3o dos resultados identificados no diagn\u00f3stico da realidade local e aprova\u00e7\u00e3o das delibera\u00e7\u00f5es ao Relat\u00f3rio Final da Confer\u00eancia Crian\u00e7a &amp; Adolescente 2022.<br><strong>15h45 &#8211;<\/strong>\u00a0<em>Coffee break<\/em>.<br><strong>16h15 &#8211;<\/strong>\u00a0Elei\u00e7\u00e3o dos delegados \u00e0 etapa estadual.<br><strong>16h30 &#8211;<\/strong>\u00a0Apresenta\u00e7\u00e3o das Indica\u00e7\u00f5es da Plen\u00e1ria e aprova\u00e7\u00e3o das Delibera\u00e7\u00f5es Finais da Confer\u00eancia.<br><strong>17h &#8211;<\/strong>\u00a0Encerramento.<\/p>\n\n\n\n<p>Para participar, n\u00e3o \u00e9 necess\u00e1ria inscri\u00e7\u00e3o. Toda a comunidade est\u00e1 convidada a acompanhar os trabalhos.<\/p>\n","protected":false},"excerpt":{"rendered":"<p>Est\u00e1 marcada para sexta-feira (18\/11) a 1\u00aa Confer\u00eancia Municipal dos Direitos da Crian\u00e7a e do Adolescente de Po\u00e7o das Antas. A programa\u00e7\u00e3o ser\u00e1 no audit\u00f3rio da Prefeitura e ter\u00e1 como tema central\u00a0\u201cA situa\u00e7\u00e3o dos direitos humanos de crian\u00e7as e adolescentes em tempos de pandemia pela covid-19: viola\u00e7\u00f5es e vulnerabilidades, a\u00e7\u00f5es necess\u00e1rias para a repara\u00e7\u00e3o e [&hellip;]<\/p>\n","protected":false},"author":8,"featured_media":116105,"comment_status":"open","ping_status":"open","sticky":false,"template":"","format":"standard","meta":{"pmpro_default_level":"","_jetpack_memberships_contains_paid_content":false,"footnotes":""},"categories":[2,3],"tags":[4509,3962,40],"class_list":{"0":"post-116104","1":"post","2":"type-post","3":"status-publish","4":"format-standard","5":"has-post-thumbnail","7":"category-featured","8":"category-geral","9":"tag-conferencia-municipal","10":"tag-direitos-da-crianca-e-do-adolescente","11":"tag-poco-das-antas","12":"pmpro-has-access"},"yoast_head":"<!-- This site is optimized with the Yoast SEO plugin v27.5 - https:\/\/yoast.com\/product\/yoast-seo-wordpress\/ -->\n<title>Po\u00e7o das Antas ter\u00e1\u00a01\u00aa Confer\u00eancia Municipal dos Direitos da Crian\u00e7a e do Adolescente - Folha Popular<\/title>\n<meta name=\"robots\" content=\"index, follow, max-snippet:-1, max-image-preview:large, max-video-preview:-1\" \/>\n<link rel=\"canonical\" href=\"https:\/\/folhapopular.info\/index.php\/2022\/11\/10\/poco-das-antas-tera-1a-conferencia-municipal-dos-direitos-da-crianca-e-do-adolescente\/\" \/>\n<meta property=\"og:locale\" content=\"pt_BR\" \/>\n<meta property=\"og:type\" content=\"article\" \/>\n<meta property=\"og:title\" content=\"Po\u00e7o das Antas ter\u00e1\u00a01\u00aa Confer\u00eancia Municipal dos Direitos da Crian\u00e7a e do Adolescente - Folha Popular\" \/>\n<meta property=\"og:description\" content=\"Est\u00e1 marcada para sexta-feira (18\/11) a 1\u00aa Confer\u00eancia Municipal dos Direitos da Crian\u00e7a e do Adolescente de Po\u00e7o das Antas. A programa\u00e7\u00e3o ser\u00e1 no audit\u00f3rio da Prefeitura e ter\u00e1 como tema central\u00a0\u201cA situa\u00e7\u00e3o dos direitos humanos de crian\u00e7as e adolescentes em tempos de pandemia pela covid-19: viola\u00e7\u00f5es e vulnerabilidades, a\u00e7\u00f5es necess\u00e1rias para a repara\u00e7\u00e3o e [&hellip;]\" \/>\n<meta property=\"og:url\" content=\"https:\/\/folhapopular.info\/index.php\/2022\/11\/10\/poco-das-antas-tera-1a-conferencia-municipal-dos-direitos-da-crianca-e-do-adolescente\/\" \/>\n<meta property=\"og:site_name\" content=\"Folha Popular\" \/>\n<meta property=\"article:published_time\" content=\"2022-11-10T20:22:54+00:00\" \/>\n<meta property=\"article:modified_time\" content=\"2022-11-10T20:22:56+00:00\" \/>\n<meta property=\"og:image\" content=\"http:\/\/folhapopular.info\/wp-content\/uploads\/2022\/11\/1-Municipio-tera-1a-Conferencia-Municipal-dos-Direitos-da-Crianca-e-do-Adolescente-scaled-e1668111668533.jpg\" \/>\n\t<meta property=\"og:image:width\" content=\"1200\" \/>\n\t<meta property=\"og:image:height\" content=\"800\" \/>\n\t<meta property=\"og:image:type\" content=\"image\/jpeg\" \/>\n<meta name=\"author\" content=\"Reda\u00e7\u00e3o Folha Popular\" \/>\n<meta name=\"twitter:card\" content=\"summary_large_image\" \/>\n<meta name=\"twitter:label1\" content=\"Escrito por\" \/>\n\t<meta name=\"twitter:data1\" content=\"Reda\u00e7\u00e3o Folha Popular\" \/>\n\t<meta name=\"twitter:label2\" content=\"Est. tempo de leitura\" \/>\n\t<meta name=\"twitter:data2\" content=\"2 minutos\" \/>\n<script type=\"application\/ld+json\" class=\"yoast-schema-graph\">{\"@context\":\"https:\\\/\\\/schema.org\",\"@graph\":[{\"@type\":\"Article\",\"@id\":\"https:\\\/\\\/folhapopular.info\\\/index.php\\\/2022\\\/11\\\/10\\\/poco-das-antas-tera-1a-conferencia-municipal-dos-direitos-da-crianca-e-do-adolescente\\\/#article\",\"isPartOf\":{\"@id\":\"https:\\\/\\\/folhapopular.info\\\/index.php\\\/2022\\\/11\\\/10\\\/poco-das-antas-tera-1a-conferencia-municipal-dos-direitos-da-crianca-e-do-adolescente\\\/\"},\"author\":{\"name\":\"Reda\u00e7\u00e3o Folha Popular\",\"@id\":\"https:\\\/\\\/folhapopular.info\\\/#\\\/schema\\\/person\\\/2814e8a0df7643585a9ca38bc6eb9d4b\"},\"headline\":\"Po\u00e7o das Antas ter\u00e1\u00a01\u00aa Confer\u00eancia Municipal dos Direitos da Crian\u00e7a e do Adolescente\",\"datePublished\":\"2022-11-10T20:22:54+00:00\",\"dateModified\":\"2022-11-10T20:22:56+00:00\",\"mainEntityOfPage\":{\"@id\":\"https:\\\/\\\/folhapopular.info\\\/index.php\\\/2022\\\/11\\\/10\\\/poco-das-antas-tera-1a-conferencia-municipal-dos-direitos-da-crianca-e-do-adolescente\\\/\"},\"wordCount\":391,\"commentCount\":0,\"image\":{\"@id\":\"https:\\\/\\\/folhapopular.info\\\/index.php\\\/2022\\\/11\\\/10\\\/poco-das-antas-tera-1a-conferencia-municipal-dos-direitos-da-crianca-e-do-adolescente\\\/#primaryimage\"},\"thumbnailUrl\":\"https:\\\/\\\/folhapopular.info\\\/wp-content\\\/uploads\\\/2022\\\/11\\\/1-Municipio-tera-1a-Conferencia-Municipal-dos-Direitos-da-Crianca-e-do-Adolescente-scaled-e1668111668533.jpg\",\"keywords\":[\"Confer\u00eancia Municipal\",\"Direitos da Crian\u00e7a e do Adolescente\",\"Po\u00e7o das Antas\"],\"articleSection\":[\"Destaques\",\"Geral\"],\"inLanguage\":\"pt-BR\",\"potentialAction\":[{\"@type\":\"CommentAction\",\"name\":\"Comment\",\"target\":[\"https:\\\/\\\/folhapopular.info\\\/index.php\\\/2022\\\/11\\\/10\\\/poco-das-antas-tera-1a-conferencia-municipal-dos-direitos-da-crianca-e-do-adolescente\\\/#respond\"]}]},{\"@type\":\"WebPage\",\"@id\":\"https:\\\/\\\/folhapopular.info\\\/index.php\\\/2022\\\/11\\\/10\\\/poco-das-antas-tera-1a-conferencia-municipal-dos-direitos-da-crianca-e-do-adolescente\\\/\",\"url\":\"https:\\\/\\\/folhapopular.info\\\/index.php\\\/2022\\\/11\\\/10\\\/poco-das-antas-tera-1a-conferencia-municipal-dos-direitos-da-crianca-e-do-adolescente\\\/\",\"name\":\"Po\u00e7o das Antas ter\u00e1\u00a01\u00aa Confer\u00eancia Municipal dos Direitos da Crian\u00e7a e do Adolescente - Folha Popular\",\"isPartOf\":{\"@id\":\"https:\\\/\\\/folhapopular.info\\\/#website\"},\"primaryImageOfPage\":{\"@id\":\"https:\\\/\\\/folhapopular.info\\\/index.php\\\/2022\\\/11\\\/10\\\/poco-das-antas-tera-1a-conferencia-municipal-dos-direitos-da-crianca-e-do-adolescente\\\/#primaryimage\"},\"image\":{\"@id\":\"https:\\\/\\\/folhapopular.info\\\/index.php\\\/2022\\\/11\\\/10\\\/poco-das-antas-tera-1a-conferencia-municipal-dos-direitos-da-crianca-e-do-adolescente\\\/#primaryimage\"},\"thumbnailUrl\":\"https:\\\/\\\/folhapopular.info\\\/wp-content\\\/uploads\\\/2022\\\/11\\\/1-Municipio-tera-1a-Conferencia-Municipal-dos-Direitos-da-Crianca-e-do-Adolescente-scaled-e1668111668533.jpg\",\"datePublished\":\"2022-11-10T20:22:54+00:00\",\"dateModified\":\"2022-11-10T20:22:56+00:00\",\"author\":{\"@id\":\"https:\\\/\\\/folhapopular.info\\\/#\\\/schema\\\/person\\\/2814e8a0df7643585a9ca38bc6eb9d4b\"},\"breadcrumb\":{\"@id\":\"https:\\\/\\\/folhapopular.info\\\/index.php\\\/2022\\\/11\\\/10\\\/poco-das-antas-tera-1a-conferencia-municipal-dos-direitos-da-crianca-e-do-adolescente\\\/#breadcrumb\"},\"inLanguage\":\"pt-BR\",\"potentialAction\":[{\"@type\":\"ReadAction\",\"target\":[\"https:\\\/\\\/folhapopular.info\\\/index.php\\\/2022\\\/11\\\/10\\\/poco-das-antas-tera-1a-conferencia-municipal-dos-direitos-da-crianca-e-do-adolescente\\\/\"]}]},{\"@type\":\"ImageObject\",\"inLanguage\":\"pt-BR\",\"@id\":\"https:\\\/\\\/folhapopular.info\\\/index.php\\\/2022\\\/11\\\/10\\\/poco-das-antas-tera-1a-conferencia-municipal-dos-direitos-da-crianca-e-do-adolescente\\\/#primaryimage\",\"url\":\"https:\\\/\\\/folhapopular.info\\\/wp-content\\\/uploads\\\/2022\\\/11\\\/1-Municipio-tera-1a-Conferencia-Municipal-dos-Direitos-da-Crianca-e-do-Adolescente-scaled-e1668111668533.jpg\",\"contentUrl\":\"https:\\\/\\\/folhapopular.info\\\/wp-content\\\/uploads\\\/2022\\\/11\\\/1-Municipio-tera-1a-Conferencia-Municipal-dos-Direitos-da-Crianca-e-do-Adolescente-scaled-e1668111668533.jpg\",\"width\":1200,\"height\":800,\"caption\":\"Eixos de trabalho levam em conta os direitos e a prote\u00e7\u00e3o de crian\u00e7as e adolescentes \\\/ Cr\u00e9dito: Pexels\"},{\"@type\":\"BreadcrumbList\",\"@id\":\"https:\\\/\\\/folhapopular.info\\\/index.php\\\/2022\\\/11\\\/10\\\/poco-das-antas-tera-1a-conferencia-municipal-dos-direitos-da-crianca-e-do-adolescente\\\/#breadcrumb\",\"itemListElement\":[{\"@type\":\"ListItem\",\"position\":1,\"name\":\"In\u00edcio\",\"item\":\"https:\\\/\\\/folhapopular.info\\\/\"},{\"@type\":\"ListItem\",\"position\":2,\"name\":\"Po\u00e7o das Antas ter\u00e1\u00a01\u00aa Confer\u00eancia Municipal dos Direitos da Crian\u00e7a e do Adolescente\"}]},{\"@type\":\"WebSite\",\"@id\":\"https:\\\/\\\/folhapopular.info\\\/#website\",\"url\":\"https:\\\/\\\/folhapopular.info\\\/\",\"name\":\"Folha Popular\",\"description\":\"Onde voc\u00ea tem vez e voz\",\"potentialAction\":[{\"@type\":\"SearchAction\",\"target\":{\"@type\":\"EntryPoint\",\"urlTemplate\":\"https:\\\/\\\/folhapopular.info\\\/?s={search_term_string}\"},\"query-input\":{\"@type\":\"PropertyValueSpecification\",\"valueRequired\":true,\"valueName\":\"search_term_string\"}}],\"inLanguage\":\"pt-BR\"},{\"@type\":\"Person\",\"@id\":\"https:\\\/\\\/folhapopular.info\\\/#\\\/schema\\\/person\\\/2814e8a0df7643585a9ca38bc6eb9d4b\",\"name\":\"Reda\u00e7\u00e3o Folha Popular\",\"image\":{\"@type\":\"ImageObject\",\"inLanguage\":\"pt-BR\",\"@id\":\"https:\\\/\\\/folhapopular.info\\\/wp-content\\\/uploads\\\/2026\\\/04\\\/Folha-1.webp\",\"url\":\"https:\\\/\\\/folhapopular.info\\\/wp-content\\\/uploads\\\/2026\\\/04\\\/Folha-1.webp\",\"contentUrl\":\"https:\\\/\\\/folhapopular.info\\\/wp-content\\\/uploads\\\/2026\\\/04\\\/Folha-1.webp\",\"caption\":\"Reda\u00e7\u00e3o Folha Popular\"},\"url\":\"https:\\\/\\\/folhapopular.info\\\/index.php\\\/author\\\/redacao\\\/\"}]}<\/script>\n<!-- \/ Yoast SEO plugin. -->","yoast_head_json":{"title":"Po\u00e7o das Antas ter\u00e1\u00a01\u00aa Confer\u00eancia Municipal dos Direitos da Crian\u00e7a e do Adolescente - Folha Popular","robots":{"index":"index","follow":"follow","max-snippet":"max-snippet:-1","max-image-preview":"max-image-preview:large","max-video-preview":"max-video-preview:-1"},"canonical":"https:\/\/folhapopular.info\/index.php\/2022\/11\/10\/poco-das-antas-tera-1a-conferencia-municipal-dos-direitos-da-crianca-e-do-adolescente\/","og_locale":"pt_BR","og_type":"article","og_title":"Po\u00e7o das Antas ter\u00e1\u00a01\u00aa Confer\u00eancia Municipal dos Direitos da Crian\u00e7a e do Adolescente - Folha Popular","og_description":"Est\u00e1 marcada para sexta-feira (18\/11) a 1\u00aa Confer\u00eancia Municipal dos Direitos da Crian\u00e7a e do Adolescente de Po\u00e7o das Antas. A programa\u00e7\u00e3o ser\u00e1 no audit\u00f3rio da Prefeitura e ter\u00e1 como tema central\u00a0\u201cA situa\u00e7\u00e3o dos direitos humanos de crian\u00e7as e adolescentes em tempos de pandemia pela covid-19: viola\u00e7\u00f5es e vulnerabilidades, a\u00e7\u00f5es necess\u00e1rias para a repara\u00e7\u00e3o e [&hellip;]","og_url":"https:\/\/folhapopular.info\/index.php\/2022\/11\/10\/poco-das-antas-tera-1a-conferencia-municipal-dos-direitos-da-crianca-e-do-adolescente\/","og_site_name":"Folha Popular","article_published_time":"2022-11-10T20:22:54+00:00","article_modified_time":"2022-11-10T20:22:56+00:00","og_image":[{"width":1200,"height":800,"url":"http:\/\/folhapopular.info\/wp-content\/uploads\/2022\/11\/1-Municipio-tera-1a-Conferencia-Municipal-dos-Direitos-da-Crianca-e-do-Adolescente-scaled-e1668111668533.jpg","type":"image\/jpeg"}],"author":"Reda\u00e7\u00e3o Folha Popular","twitter_card":"summary_large_image","twitter_misc":{"Escrito por":"Reda\u00e7\u00e3o Folha Popular","Est. tempo de leitura":"2 minutos"},"schema":{"@context":"https:\/\/schema.org","@graph":[{"@type":"Article","@id":"https:\/\/folhapopular.info\/index.php\/2022\/11\/10\/poco-das-antas-tera-1a-conferencia-municipal-dos-direitos-da-crianca-e-do-adolescente\/#article","isPartOf":{"@id":"https:\/\/folhapopular.info\/index.php\/2022\/11\/10\/poco-das-antas-tera-1a-conferencia-municipal-dos-direitos-da-crianca-e-do-adolescente\/"},"author":{"name":"Reda\u00e7\u00e3o Folha Popular","@id":"https:\/\/folhapopular.info\/#\/schema\/person\/2814e8a0df7643585a9ca38bc6eb9d4b"},"headline":"Po\u00e7o das Antas ter\u00e1\u00a01\u00aa Confer\u00eancia Municipal dos Direitos da Crian\u00e7a e do Adolescente","datePublished":"2022-11-10T20:22:54+00:00","dateModified":"2022-11-10T20:22:56+00:00","mainEntityOfPage":{"@id":"https:\/\/folhapopular.info\/index.php\/2022\/11\/10\/poco-das-antas-tera-1a-conferencia-municipal-dos-direitos-da-crianca-e-do-adolescente\/"},"wordCount":391,"commentCount":0,"image":{"@id":"https:\/\/folhapopular.info\/index.php\/2022\/11\/10\/poco-das-antas-tera-1a-conferencia-municipal-dos-direitos-da-crianca-e-do-adolescente\/#primaryimage"},"thumbnailUrl":"https:\/\/folhapopular.info\/wp-content\/uploads\/2022\/11\/1-Municipio-tera-1a-Conferencia-Municipal-dos-Direitos-da-Crianca-e-do-Adolescente-scaled-e1668111668533.jpg","keywords":["Confer\u00eancia Municipal","Direitos da Crian\u00e7a e do Adolescente","Po\u00e7o das Antas"],"articleSection":["Destaques","Geral"],"inLanguage":"pt-BR","potentialAction":[{"@type":"CommentAction","name":"Comment","target":["https:\/\/folhapopular.info\/index.php\/2022\/11\/10\/poco-das-antas-tera-1a-conferencia-municipal-dos-direitos-da-crianca-e-do-adolescente\/#respond"]}]},{"@type":"WebPage","@id":"https:\/\/folhapopular.info\/index.php\/2022\/11\/10\/poco-das-antas-tera-1a-conferencia-municipal-dos-direitos-da-crianca-e-do-adolescente\/","url":"https:\/\/folhapopular.info\/index.php\/2022\/11\/10\/poco-das-antas-tera-1a-conferencia-municipal-dos-direitos-da-crianca-e-do-adolescente\/","name":"Po\u00e7o das Antas ter\u00e1\u00a01\u00aa Confer\u00eancia Municipal dos Direitos da Crian\u00e7a e do Adolescente - Folha Popular","isPartOf":{"@id":"https:\/\/folhapopular.info\/#website"},"primaryImageOfPage":{"@id":"https:\/\/folhapopular.info\/index.php\/2022\/11\/10\/poco-das-antas-tera-1a-conferencia-municipal-dos-direitos-da-crianca-e-do-adolescente\/#primaryimage"},"image":{"@id":"https:\/\/folhapopular.info\/index.php\/2022\/11\/10\/poco-das-antas-tera-1a-conferencia-municipal-dos-direitos-da-crianca-e-do-adolescente\/#primaryimage"},"thumbnailUrl":"https:\/\/folhapopular.info\/wp-content\/uploads\/2022\/11\/1-Municipio-tera-1a-Conferencia-Municipal-dos-Direitos-da-Crianca-e-do-Adolescente-scaled-e1668111668533.jpg","datePublished":"2022-11-10T20:22:54+00:00","dateModified":"2022-11-10T20:22:56+00:00","author":{"@id":"https:\/\/folhapopular.info\/#\/schema\/person\/2814e8a0df7643585a9ca38bc6eb9d4b"},"breadcrumb":{"@id":"https:\/\/folhapopular.info\/index.php\/2022\/11\/10\/poco-das-antas-tera-1a-conferencia-municipal-dos-direitos-da-crianca-e-do-adolescente\/#breadcrumb"},"inLanguage":"pt-BR","potentialAction":[{"@type":"ReadAction","target":["https:\/\/folhapopular.info\/index.php\/2022\/11\/10\/poco-das-antas-tera-1a-conferencia-municipal-dos-direitos-da-crianca-e-do-adolescente\/"]}]},{"@type":"ImageObject","inLanguage":"pt-BR","@id":"https:\/\/folhapopular.info\/index.php\/2022\/11\/10\/poco-das-antas-tera-1a-conferencia-municipal-dos-direitos-da-crianca-e-do-adolescente\/#primaryimage","url":"https:\/\/folhapopular.info\/wp-content\/uploads\/2022\/11\/1-Municipio-tera-1a-Conferencia-Municipal-dos-Direitos-da-Crianca-e-do-Adolescente-scaled-e1668111668533.jpg","contentUrl":"https:\/\/folhapopular.info\/wp-content\/uploads\/2022\/11\/1-Municipio-tera-1a-Conferencia-Municipal-dos-Direitos-da-Crianca-e-do-Adolescente-scaled-e1668111668533.jpg","width":1200,"height":800,"caption":"Eixos de trabalho levam em conta os direitos e a prote\u00e7\u00e3o de crian\u00e7as e adolescentes \/ Cr\u00e9dito: Pexels"},{"@type":"BreadcrumbList","@id":"https:\/\/folhapopular.info\/index.php\/2022\/11\/10\/poco-das-antas-tera-1a-conferencia-municipal-dos-direitos-da-crianca-e-do-adolescente\/#breadcrumb","itemListElement":[{"@type":"ListItem","position":1,"name":"In\u00edcio","item":"https:\/\/folhapopular.info\/"},{"@type":"ListItem","position":2,"name":"Po\u00e7o das Antas ter\u00e1\u00a01\u00aa Confer\u00eancia Municipal dos Direitos da Crian\u00e7a e do Adolescente"}]},{"@type":"WebSite","@id":"https:\/\/folhapopular.info\/#website","url":"https:\/\/folhapopular.info\/","name":"Folha Popular","description":"Onde voc\u00ea tem vez e voz","potentialAction":[{"@type":"SearchAction","target":{"@type":"EntryPoint","urlTemplate":"https:\/\/folhapopular.info\/?s={search_term_string}"},"query-input":{"@type":"PropertyValueSpecification","valueRequired":true,"valueName":"search_term_string"}}],"inLanguage":"pt-BR"},{"@type":"Person","@id":"https:\/\/folhapopular.info\/#\/schema\/person\/2814e8a0df7643585a9ca38bc6eb9d4b","name":"Reda\u00e7\u00e3o Folha Popular","image":{"@type":"ImageObject","inLanguage":"pt-BR","@id":"https:\/\/folhapopular.info\/wp-content\/uploads\/2026\/04\/Folha-1.webp","url":"https:\/\/folhapopular.info\/wp-content\/uploads\/2026\/04\/Folha-1.webp","contentUrl":"https:\/\/folhapopular.info\/wp-content\/uploads\/2026\/04\/Folha-1.webp","caption":"Reda\u00e7\u00e3o Folha Popular"},"url":"https:\/\/folhapopular.info\/index.php\/author\/redacao\/"}]}},"jetpack_featured_media_url":"https:\/\/folhapopular.info\/wp-content\/uploads\/2022\/11\/1-Municipio-tera-1a-Conferencia-Municipal-dos-Direitos-da-Crianca-e-do-Adolescente-scaled-e1668111668533.jpg","jetpack_sharing_enabled":true,"amp_enabled":true,"_links":{"self":[{"href":"https:\/\/folhapopular.info\/index.php\/wp-json\/wp\/v2\/posts\/116104","targetHints":{"allow":["GET"]}}],"collection":[{"href":"https:\/\/folhapopular.info\/index.php\/wp-json\/wp\/v2\/posts"}],"about":[{"href":"https:\/\/folhapopular.info\/index.php\/wp-json\/wp\/v2\/types\/post"}],"author":[{"embeddable":true,"href":"https:\/\/folhapopular.info\/index.php\/wp-json\/wp\/v2\/users\/8"}],"replies":[{"embeddable":true,"href":"https:\/\/folhapopular.info\/index.php\/wp-json\/wp\/v2\/comments?post=116104"}],"version-history":[{"count":0,"href":"https:\/\/folhapopular.info\/index.php\/wp-json\/wp\/v2\/posts\/116104\/revisions"}],"wp:featuredmedia":[{"embeddable":true,"href":"https:\/\/folhapopular.info\/index.php\/wp-json\/wp\/v2\/media\/116105"}],"wp:attachment":[{"href":"https:\/\/folhapopular.info\/index.php\/wp-json\/wp\/v2\/media?parent=116104"}],"wp:term":[{"taxonomy":"category","embeddable":true,"href":"https:\/\/folhapopular.info\/index.php\/wp-json\/wp\/v2\/categories?post=116104"},{"taxonomy":"post_tag","embeddable":true,"href":"https:\/\/folhapopular.info\/index.php\/wp-json\/wp\/v2\/tags?post=116104"}],"curies":[{"name":"wp","href":"https:\/\/api.w.org\/{rel}","templated":true}]}}