{"id":116152,"date":"2022-11-11T15:55:49","date_gmt":"2022-11-11T18:55:49","guid":{"rendered":"https:\/\/folhapopular.info\/?p=116152"},"modified":"2022-11-11T15:55:52","modified_gmt":"2022-11-11T18:55:52","slug":"equilibrio-e-emocao-marcam-primeiras-finais-da-8a-copa-guri-em-estrela","status":"publish","type":"post","link":"https:\/\/folhapopular.info\/index.php\/2022\/11\/11\/equilibrio-e-emocao-marcam-primeiras-finais-da-8a-copa-guri-em-estrela\/","title":{"rendered":"Equil\u00edbrio e emo\u00e7\u00e3o marcam primeiras finais da 8\u00aa Copa Guri em Estrela"},"content":{"rendered":"\n<p class=\"wp-block-paragraph\">Na noite de quinta-feira (10\/11) o Parque Princesa do Vale foi palco de mais uma jornada da Copa Guri. A 8\u00aa temporada da competi\u00e7\u00e3o regional oferecida pela Secretaria Municipal de Turismo, Cultura, Esporte e Lazer (Setcel) de Estrela j\u00e1 deixa marcas entre os mais de 500 participantes. A disputa ser\u00e1 encerrada na segunda-feira (14\/11), com as decis\u00f5es das categorias 2011\/12 e 2013\/14.<\/p>\n\n\n\n<p class=\"wp-block-paragraph\">Seis partidas foram realizadas. As duas semifinais de ambas as categorias e as duas decis\u00f5es. Das seis partidas, quatro acabaram decididas nas penalidades: tr\u00eas semifinais e uma decis\u00e3o. A disputa pelo t\u00edtulo da 2007\/08, no cl\u00e1ssico entre as equipes \u201cA\u201d e \u201cB\u201d da Ale\/Lajeado foi parar na marca da \u201ccal\u201d. <\/p>\n\n\n\n<figure class=\"wp-block-image size-large is-resized\"><img loading=\"lazy\" decoding=\"async\" src=\"https:\/\/folhapopular.info\/wp-content\/uploads\/2022\/11\/Copa-Guri-Ale-Lajeado-A-campeao-2007-2008-1024x529.jpeg\" alt=\"\" class=\"wp-image-116154\" width=\"684\" height=\"354\" srcset=\"https:\/\/folhapopular.info\/wp-content\/uploads\/2022\/11\/Copa-Guri-Ale-Lajeado-A-campeao-2007-2008-1024x529.jpeg 1024w, https:\/\/folhapopular.info\/wp-content\/uploads\/2022\/11\/Copa-Guri-Ale-Lajeado-A-campeao-2007-2008-300x155.jpeg 300w, https:\/\/folhapopular.info\/wp-content\/uploads\/2022\/11\/Copa-Guri-Ale-Lajeado-A-campeao-2007-2008-768x397.jpeg 768w, https:\/\/folhapopular.info\/wp-content\/uploads\/2022\/11\/Copa-Guri-Ale-Lajeado-A-campeao-2007-2008-696x360.jpeg 696w, https:\/\/folhapopular.info\/wp-content\/uploads\/2022\/11\/Copa-Guri-Ale-Lajeado-A-campeao-2007-2008-1068x552.jpeg 1068w, https:\/\/folhapopular.info\/wp-content\/uploads\/2022\/11\/Copa-Guri-Ale-Lajeado-A-campeao-2007-2008.jpeg 1453w\" sizes=\"auto, (max-width: 684px) 100vw, 684px\" \/><figcaption>&#8220;<em>Guris\u201d do elenco \u201cA\u201d do time Ale Lajeado venceu cl\u00e1ssico contra o time \u201cB\u201d e faturou o t\u00edtulo da 2007\/08<\/em> \/ <br>Cr\u00e9dito: Setcel \/ Governo de Estrela \/ Divulga\u00e7\u00e3o<br><\/figcaption><\/figure>\n\n\n\n<p class=\"wp-block-paragraph\">Os garotos do elenco \u201cA\u201d tiveram melhor pontaria e acabaram campe\u00f5es. Na decis\u00e3o da 2009\/10, o grupo do Acessus Gr\u00eamio \u201cA\u201d venceu ao Rui Barbosa por 2 a 0 e faturou a ta\u00e7a da categoria. As classifica\u00e7\u00f5es finais e destaques podem ser conferidas abaixo. \u00a0<\/p>\n\n\n\n<p class=\"wp-block-paragraph\">Na ter\u00e7a (8\/11) e quarta-feira (9\/11) foi a vez dos times da categoria 2015\/2016 entrarem em campo. Envolvendo os atletas mais jovens de toda a competi\u00e7\u00e3o, j\u00e1 distribuiu medalhas de participa\u00e7\u00e3o a todos os atletas, j\u00e1 que n\u00e3o registrar\u00e1 finais.<\/p>\n\n\n\n<p class=\"wp-block-paragraph\"><strong>Saiba mais<\/strong><br>A temporada 2022 da Copa Guri, a oitava desde que deixou as quadras para ir aos gramados, conta com 54 elencos de 12 escolas\/clubes\/times oriundos de quatro munic\u00edpios divididos em cinco categorias: Estrela \u2013 Estrelas do Futuro; Nova Estrela; Col\u00e9gio Santo Ant\u00f4nio &#8211; CSA; Barcelona FC; Xaropinho. De Lajeado \u2013 Ale\/Lajeadense; Guarani Mirim; Acessus Gr\u00eamio; Diasfut. <\/p>\n\n\n\n<p class=\"wp-block-paragraph\">De Arroio do Meio \u2013 Moonson\/Pratas da Casa e Rui Barbosa. De Santa Clara do Sul \u2013 Edufut. respira futebol infantil. At\u00e9 ent\u00e3o realizou 87 partidas \u2013 dos 93 programados \u2013 com 307 gols marcados pelos jovens artilheiros.<\/p>\n\n\n\n<p class=\"wp-block-paragraph\">A copa regional tem cinco categorias: 2007\/08 (dez equipes, tr\u00eas chaves); 2009\/10 (12 equipes, tr\u00eas chaves); 2011\/12 (12 equipes, tr\u00eas chaves); 2013\/14 (12 equipes, tr\u00eas chaves); e 2015\/16 (8 equipes; duas chaves). <\/p>\n\n\n\n<p class=\"wp-block-paragraph\">Nesta quinta-feira, a 14\u00aa rodada das 15 programadas valer\u00e1 os t\u00edtulos das categorias 2007\/2008 e 2009\/2010. Ser\u00e3o seis partidas. Duas semifinais por cada uma delas e as decis\u00f5es.<\/p>\n","protected":false},"excerpt":{"rendered":"<p>Na noite de quinta-feira (10\/11) o Parque Princesa do Vale foi palco de mais uma jornada da Copa Guri. A 8\u00aa temporada da competi\u00e7\u00e3o regional oferecida pela Secretaria Municipal de Turismo, Cultura, Esporte e Lazer (Setcel) de Estrela j\u00e1 deixa marcas entre os mais de 500 participantes. A disputa ser\u00e1 encerrada na segunda-feira (14\/11), com [&hellip;]<\/p>\n","protected":false},"author":8,"featured_media":116153,"comment_status":"open","ping_status":"open","sticky":false,"template":"","format":"standard","meta":{"pmpro_default_level":"","_jetpack_memberships_contains_paid_content":false,"footnotes":""},"categories":[5],"tags":[],"class_list":["post-116152","post","type-post","status-publish","format-standard","has-post-thumbnail","category-esportes","pmpro-has-access"],"yoast_head":"<!-- This site is optimized with the Yoast SEO plugin v28.4 - https:\/\/yoast.com\/product\/yoast-seo-wordpress\/ -->\n<title>Equil\u00edbrio e emo\u00e7\u00e3o marcam primeiras finais da 8\u00aa Copa Guri em Estrela - Folha Popular<\/title>\n<meta name=\"robots\" content=\"index, follow, max-snippet:-1, max-image-preview:large, max-video-preview:-1\" \/>\n<link rel=\"canonical\" href=\"https:\/\/folhapopular.info\/index.php\/2022\/11\/11\/equilibrio-e-emocao-marcam-primeiras-finais-da-8a-copa-guri-em-estrela\/\" \/>\n<meta property=\"og:locale\" content=\"pt_BR\" \/>\n<meta property=\"og:type\" content=\"article\" \/>\n<meta property=\"og:title\" content=\"Equil\u00edbrio e emo\u00e7\u00e3o marcam primeiras finais da 8\u00aa Copa Guri em Estrela - Folha Popular\" \/>\n<meta property=\"og:description\" content=\"Na noite de quinta-feira (10\/11) o Parque Princesa do Vale foi palco de mais uma jornada da Copa Guri. A 8\u00aa temporada da competi\u00e7\u00e3o regional oferecida pela Secretaria Municipal de Turismo, Cultura, Esporte e Lazer (Setcel) de Estrela j\u00e1 deixa marcas entre os mais de 500 participantes. A disputa ser\u00e1 encerrada na segunda-feira (14\/11), com [&hellip;]\" \/>\n<meta property=\"og:url\" content=\"https:\/\/folhapopular.info\/index.php\/2022\/11\/11\/equilibrio-e-emocao-marcam-primeiras-finais-da-8a-copa-guri-em-estrela\/\" \/>\n<meta property=\"og:site_name\" content=\"Folha Popular\" \/>\n<meta property=\"article:published_time\" content=\"2022-11-11T18:55:49+00:00\" \/>\n<meta property=\"article:modified_time\" content=\"2022-11-11T18:55:52+00:00\" \/>\n<meta property=\"og:image\" content=\"http:\/\/folhapopular.info\/wp-content\/uploads\/2022\/11\/Copa-Guri-campeoes-Acessus-Gremio-2008-2009-e1668189694414.jpeg\" \/>\n\t<meta property=\"og:image:width\" content=\"1200\" \/>\n\t<meta property=\"og:image:height\" content=\"721\" \/>\n\t<meta property=\"og:image:type\" content=\"image\/jpeg\" \/>\n<meta name=\"author\" content=\"Reda\u00e7\u00e3o Folha Popular\" \/>\n<meta name=\"twitter:card\" content=\"summary_large_image\" \/>\n<meta name=\"twitter:label1\" content=\"Escrito por\" \/>\n\t<meta name=\"twitter:data1\" content=\"Reda\u00e7\u00e3o Folha Popular\" \/>\n\t<meta name=\"twitter:label2\" content=\"Est. tempo de leitura\" \/>\n\t<meta name=\"twitter:data2\" content=\"3 minutos\" \/>\n<script type=\"application\/ld+json\" class=\"yoast-schema-graph\">{\"@context\":\"https:\\\/\\\/schema.org\",\"@graph\":[{\"@type\":\"Article\",\"@id\":\"https:\\\/\\\/folhapopular.info\\\/index.php\\\/2022\\\/11\\\/11\\\/equilibrio-e-emocao-marcam-primeiras-finais-da-8a-copa-guri-em-estrela\\\/#article\",\"isPartOf\":{\"@id\":\"https:\\\/\\\/folhapopular.info\\\/index.php\\\/2022\\\/11\\\/11\\\/equilibrio-e-emocao-marcam-primeiras-finais-da-8a-copa-guri-em-estrela\\\/\"},\"author\":{\"name\":\"Reda\u00e7\u00e3o Folha Popular\",\"@id\":\"https:\\\/\\\/folhapopular.info\\\/#\\\/schema\\\/person\\\/2814e8a0df7643585a9ca38bc6eb9d4b\"},\"headline\":\"Equil\u00edbrio e emo\u00e7\u00e3o marcam primeiras finais da 8\u00aa Copa Guri em Estrela\",\"datePublished\":\"2022-11-11T18:55:49+00:00\",\"dateModified\":\"2022-11-11T18:55:52+00:00\",\"mainEntityOfPage\":{\"@id\":\"https:\\\/\\\/folhapopular.info\\\/index.php\\\/2022\\\/11\\\/11\\\/equilibrio-e-emocao-marcam-primeiras-finais-da-8a-copa-guri-em-estrela\\\/\"},\"wordCount\":389,\"commentCount\":0,\"image\":{\"@id\":\"https:\\\/\\\/folhapopular.info\\\/index.php\\\/2022\\\/11\\\/11\\\/equilibrio-e-emocao-marcam-primeiras-finais-da-8a-copa-guri-em-estrela\\\/#primaryimage\"},\"thumbnailUrl\":\"https:\\\/\\\/folhapopular.info\\\/wp-content\\\/uploads\\\/2022\\\/11\\\/Copa-Guri-campeoes-Acessus-Gremio-2008-2009-e1668189694414.jpeg\",\"articleSection\":[\"Esportes\"],\"inLanguage\":\"pt-BR\",\"potentialAction\":[{\"@type\":\"CommentAction\",\"name\":\"Comment\",\"target\":[\"https:\\\/\\\/folhapopular.info\\\/index.php\\\/2022\\\/11\\\/11\\\/equilibrio-e-emocao-marcam-primeiras-finais-da-8a-copa-guri-em-estrela\\\/#respond\"]}]},{\"@type\":\"WebPage\",\"@id\":\"https:\\\/\\\/folhapopular.info\\\/index.php\\\/2022\\\/11\\\/11\\\/equilibrio-e-emocao-marcam-primeiras-finais-da-8a-copa-guri-em-estrela\\\/\",\"url\":\"https:\\\/\\\/folhapopular.info\\\/index.php\\\/2022\\\/11\\\/11\\\/equilibrio-e-emocao-marcam-primeiras-finais-da-8a-copa-guri-em-estrela\\\/\",\"name\":\"Equil\u00edbrio e emo\u00e7\u00e3o marcam primeiras finais da 8\u00aa Copa Guri em Estrela - Folha Popular\",\"isPartOf\":{\"@id\":\"https:\\\/\\\/folhapopular.info\\\/#website\"},\"primaryImageOfPage\":{\"@id\":\"https:\\\/\\\/folhapopular.info\\\/index.php\\\/2022\\\/11\\\/11\\\/equilibrio-e-emocao-marcam-primeiras-finais-da-8a-copa-guri-em-estrela\\\/#primaryimage\"},\"image\":{\"@id\":\"https:\\\/\\\/folhapopular.info\\\/index.php\\\/2022\\\/11\\\/11\\\/equilibrio-e-emocao-marcam-primeiras-finais-da-8a-copa-guri-em-estrela\\\/#primaryimage\"},\"thumbnailUrl\":\"https:\\\/\\\/folhapopular.info\\\/wp-content\\\/uploads\\\/2022\\\/11\\\/Copa-Guri-campeoes-Acessus-Gremio-2008-2009-e1668189694414.jpeg\",\"datePublished\":\"2022-11-11T18:55:49+00:00\",\"dateModified\":\"2022-11-11T18:55:52+00:00\",\"author\":{\"@id\":\"https:\\\/\\\/folhapopular.info\\\/#\\\/schema\\\/person\\\/2814e8a0df7643585a9ca38bc6eb9d4b\"},\"breadcrumb\":{\"@id\":\"https:\\\/\\\/folhapopular.info\\\/index.php\\\/2022\\\/11\\\/11\\\/equilibrio-e-emocao-marcam-primeiras-finais-da-8a-copa-guri-em-estrela\\\/#breadcrumb\"},\"inLanguage\":\"pt-BR\",\"potentialAction\":[{\"@type\":\"ReadAction\",\"target\":[\"https:\\\/\\\/folhapopular.info\\\/index.php\\\/2022\\\/11\\\/11\\\/equilibrio-e-emocao-marcam-primeiras-finais-da-8a-copa-guri-em-estrela\\\/\"]}]},{\"@type\":\"ImageObject\",\"inLanguage\":\"pt-BR\",\"@id\":\"https:\\\/\\\/folhapopular.info\\\/index.php\\\/2022\\\/11\\\/11\\\/equilibrio-e-emocao-marcam-primeiras-finais-da-8a-copa-guri-em-estrela\\\/#primaryimage\",\"url\":\"https:\\\/\\\/folhapopular.info\\\/wp-content\\\/uploads\\\/2022\\\/11\\\/Copa-Guri-campeoes-Acessus-Gremio-2008-2009-e1668189694414.jpeg\",\"contentUrl\":\"https:\\\/\\\/folhapopular.info\\\/wp-content\\\/uploads\\\/2022\\\/11\\\/Copa-Guri-campeoes-Acessus-Gremio-2008-2009-e1668189694414.jpeg\",\"width\":1200,\"height\":721,\"caption\":\"Acessus Gr\u00eamio faturou a ta\u00e7a da 2008\\\/09 \\\/ Cr\u00e9dito: Setcel \\\/ Governo de Estrela \\\/ Divulga\u00e7\u00e3o\"},{\"@type\":\"BreadcrumbList\",\"@id\":\"https:\\\/\\\/folhapopular.info\\\/index.php\\\/2022\\\/11\\\/11\\\/equilibrio-e-emocao-marcam-primeiras-finais-da-8a-copa-guri-em-estrela\\\/#breadcrumb\",\"itemListElement\":[{\"@type\":\"ListItem\",\"position\":1,\"name\":\"In\u00edcio\",\"item\":\"https:\\\/\\\/folhapopular.info\\\/\"},{\"@type\":\"ListItem\",\"position\":2,\"name\":\"Equil\u00edbrio e emo\u00e7\u00e3o marcam primeiras finais da 8\u00aa Copa Guri em Estrela\"}]},{\"@type\":\"WebSite\",\"@id\":\"https:\\\/\\\/folhapopular.info\\\/#website\",\"url\":\"https:\\\/\\\/folhapopular.info\\\/\",\"name\":\"Folha Popular\",\"description\":\"Onde voc\u00ea tem vez e voz\",\"potentialAction\":[{\"@type\":\"SearchAction\",\"target\":{\"@type\":\"EntryPoint\",\"urlTemplate\":\"https:\\\/\\\/folhapopular.info\\\/?s={search_term_string}\"},\"query-input\":{\"@type\":\"PropertyValueSpecification\",\"valueRequired\":true,\"valueName\":\"search_term_string\"}}],\"inLanguage\":\"pt-BR\"},{\"@type\":\"Person\",\"@id\":\"https:\\\/\\\/folhapopular.info\\\/#\\\/schema\\\/person\\\/2814e8a0df7643585a9ca38bc6eb9d4b\",\"name\":\"Reda\u00e7\u00e3o Folha Popular\",\"image\":{\"@type\":\"ImageObject\",\"inLanguage\":\"pt-BR\",\"@id\":\"https:\\\/\\\/folhapopular.info\\\/wp-content\\\/uploads\\\/2026\\\/04\\\/Folha-1.webp\",\"url\":\"https:\\\/\\\/folhapopular.info\\\/wp-content\\\/uploads\\\/2026\\\/04\\\/Folha-1.webp\",\"contentUrl\":\"https:\\\/\\\/folhapopular.info\\\/wp-content\\\/uploads\\\/2026\\\/04\\\/Folha-1.webp\",\"caption\":\"Reda\u00e7\u00e3o Folha Popular\"},\"url\":\"https:\\\/\\\/folhapopular.info\\\/index.php\\\/author\\\/redacao\\\/\"}]}<\/script>\n<!-- \/ Yoast SEO plugin. -->","yoast_head_json":{"title":"Equil\u00edbrio e emo\u00e7\u00e3o marcam primeiras finais da 8\u00aa Copa Guri em Estrela - Folha Popular","robots":{"index":"index","follow":"follow","max-snippet":"max-snippet:-1","max-image-preview":"max-image-preview:large","max-video-preview":"max-video-preview:-1"},"canonical":"https:\/\/folhapopular.info\/index.php\/2022\/11\/11\/equilibrio-e-emocao-marcam-primeiras-finais-da-8a-copa-guri-em-estrela\/","og_locale":"pt_BR","og_type":"article","og_title":"Equil\u00edbrio e emo\u00e7\u00e3o marcam primeiras finais da 8\u00aa Copa Guri em Estrela - Folha Popular","og_description":"Na noite de quinta-feira (10\/11) o Parque Princesa do Vale foi palco de mais uma jornada da Copa Guri. A 8\u00aa temporada da competi\u00e7\u00e3o regional oferecida pela Secretaria Municipal de Turismo, Cultura, Esporte e Lazer (Setcel) de Estrela j\u00e1 deixa marcas entre os mais de 500 participantes. A disputa ser\u00e1 encerrada na segunda-feira (14\/11), com [&hellip;]","og_url":"https:\/\/folhapopular.info\/index.php\/2022\/11\/11\/equilibrio-e-emocao-marcam-primeiras-finais-da-8a-copa-guri-em-estrela\/","og_site_name":"Folha Popular","article_published_time":"2022-11-11T18:55:49+00:00","article_modified_time":"2022-11-11T18:55:52+00:00","og_image":[{"width":1200,"height":721,"url":"http:\/\/folhapopular.info\/wp-content\/uploads\/2022\/11\/Copa-Guri-campeoes-Acessus-Gremio-2008-2009-e1668189694414.jpeg","type":"image\/jpeg"}],"author":"Reda\u00e7\u00e3o Folha Popular","twitter_card":"summary_large_image","twitter_misc":{"Escrito por":"Reda\u00e7\u00e3o Folha Popular","Est. tempo de leitura":"3 minutos"},"schema":{"@context":"https:\/\/schema.org","@graph":[{"@type":"Article","@id":"https:\/\/folhapopular.info\/index.php\/2022\/11\/11\/equilibrio-e-emocao-marcam-primeiras-finais-da-8a-copa-guri-em-estrela\/#article","isPartOf":{"@id":"https:\/\/folhapopular.info\/index.php\/2022\/11\/11\/equilibrio-e-emocao-marcam-primeiras-finais-da-8a-copa-guri-em-estrela\/"},"author":{"name":"Reda\u00e7\u00e3o Folha Popular","@id":"https:\/\/folhapopular.info\/#\/schema\/person\/2814e8a0df7643585a9ca38bc6eb9d4b"},"headline":"Equil\u00edbrio e emo\u00e7\u00e3o marcam primeiras finais da 8\u00aa Copa Guri em Estrela","datePublished":"2022-11-11T18:55:49+00:00","dateModified":"2022-11-11T18:55:52+00:00","mainEntityOfPage":{"@id":"https:\/\/folhapopular.info\/index.php\/2022\/11\/11\/equilibrio-e-emocao-marcam-primeiras-finais-da-8a-copa-guri-em-estrela\/"},"wordCount":389,"commentCount":0,"image":{"@id":"https:\/\/folhapopular.info\/index.php\/2022\/11\/11\/equilibrio-e-emocao-marcam-primeiras-finais-da-8a-copa-guri-em-estrela\/#primaryimage"},"thumbnailUrl":"https:\/\/folhapopular.info\/wp-content\/uploads\/2022\/11\/Copa-Guri-campeoes-Acessus-Gremio-2008-2009-e1668189694414.jpeg","articleSection":["Esportes"],"inLanguage":"pt-BR","potentialAction":[{"@type":"CommentAction","name":"Comment","target":["https:\/\/folhapopular.info\/index.php\/2022\/11\/11\/equilibrio-e-emocao-marcam-primeiras-finais-da-8a-copa-guri-em-estrela\/#respond"]}]},{"@type":"WebPage","@id":"https:\/\/folhapopular.info\/index.php\/2022\/11\/11\/equilibrio-e-emocao-marcam-primeiras-finais-da-8a-copa-guri-em-estrela\/","url":"https:\/\/folhapopular.info\/index.php\/2022\/11\/11\/equilibrio-e-emocao-marcam-primeiras-finais-da-8a-copa-guri-em-estrela\/","name":"Equil\u00edbrio e emo\u00e7\u00e3o marcam primeiras finais da 8\u00aa Copa Guri em Estrela - Folha Popular","isPartOf":{"@id":"https:\/\/folhapopular.info\/#website"},"primaryImageOfPage":{"@id":"https:\/\/folhapopular.info\/index.php\/2022\/11\/11\/equilibrio-e-emocao-marcam-primeiras-finais-da-8a-copa-guri-em-estrela\/#primaryimage"},"image":{"@id":"https:\/\/folhapopular.info\/index.php\/2022\/11\/11\/equilibrio-e-emocao-marcam-primeiras-finais-da-8a-copa-guri-em-estrela\/#primaryimage"},"thumbnailUrl":"https:\/\/folhapopular.info\/wp-content\/uploads\/2022\/11\/Copa-Guri-campeoes-Acessus-Gremio-2008-2009-e1668189694414.jpeg","datePublished":"2022-11-11T18:55:49+00:00","dateModified":"2022-11-11T18:55:52+00:00","author":{"@id":"https:\/\/folhapopular.info\/#\/schema\/person\/2814e8a0df7643585a9ca38bc6eb9d4b"},"breadcrumb":{"@id":"https:\/\/folhapopular.info\/index.php\/2022\/11\/11\/equilibrio-e-emocao-marcam-primeiras-finais-da-8a-copa-guri-em-estrela\/#breadcrumb"},"inLanguage":"pt-BR","potentialAction":[{"@type":"ReadAction","target":["https:\/\/folhapopular.info\/index.php\/2022\/11\/11\/equilibrio-e-emocao-marcam-primeiras-finais-da-8a-copa-guri-em-estrela\/"]}]},{"@type":"ImageObject","inLanguage":"pt-BR","@id":"https:\/\/folhapopular.info\/index.php\/2022\/11\/11\/equilibrio-e-emocao-marcam-primeiras-finais-da-8a-copa-guri-em-estrela\/#primaryimage","url":"https:\/\/folhapopular.info\/wp-content\/uploads\/2022\/11\/Copa-Guri-campeoes-Acessus-Gremio-2008-2009-e1668189694414.jpeg","contentUrl":"https:\/\/folhapopular.info\/wp-content\/uploads\/2022\/11\/Copa-Guri-campeoes-Acessus-Gremio-2008-2009-e1668189694414.jpeg","width":1200,"height":721,"caption":"Acessus Gr\u00eamio faturou a ta\u00e7a da 2008\/09 \/ Cr\u00e9dito: Setcel \/ Governo de Estrela \/ Divulga\u00e7\u00e3o"},{"@type":"BreadcrumbList","@id":"https:\/\/folhapopular.info\/index.php\/2022\/11\/11\/equilibrio-e-emocao-marcam-primeiras-finais-da-8a-copa-guri-em-estrela\/#breadcrumb","itemListElement":[{"@type":"ListItem","position":1,"name":"In\u00edcio","item":"https:\/\/folhapopular.info\/"},{"@type":"ListItem","position":2,"name":"Equil\u00edbrio e emo\u00e7\u00e3o marcam primeiras finais da 8\u00aa Copa Guri em Estrela"}]},{"@type":"WebSite","@id":"https:\/\/folhapopular.info\/#website","url":"https:\/\/folhapopular.info\/","name":"Folha Popular","description":"Onde voc\u00ea tem vez e voz","potentialAction":[{"@type":"SearchAction","target":{"@type":"EntryPoint","urlTemplate":"https:\/\/folhapopular.info\/?s={search_term_string}"},"query-input":{"@type":"PropertyValueSpecification","valueRequired":true,"valueName":"search_term_string"}}],"inLanguage":"pt-BR"},{"@type":"Person","@id":"https:\/\/folhapopular.info\/#\/schema\/person\/2814e8a0df7643585a9ca38bc6eb9d4b","name":"Reda\u00e7\u00e3o Folha Popular","image":{"@type":"ImageObject","inLanguage":"pt-BR","@id":"https:\/\/folhapopular.info\/wp-content\/uploads\/2026\/04\/Folha-1.webp","url":"https:\/\/folhapopular.info\/wp-content\/uploads\/2026\/04\/Folha-1.webp","contentUrl":"https:\/\/folhapopular.info\/wp-content\/uploads\/2026\/04\/Folha-1.webp","caption":"Reda\u00e7\u00e3o Folha Popular"},"url":"https:\/\/folhapopular.info\/index.php\/author\/redacao\/"}]}},"jetpack_sharing_enabled":true,"amp_enabled":true,"jetpack_featured_media_url":"https:\/\/folhapopular.info\/wp-content\/uploads\/2022\/11\/Copa-Guri-campeoes-Acessus-Gremio-2008-2009-e1668189694414.jpeg","_links":{"self":[{"href":"https:\/\/folhapopular.info\/index.php\/wp-json\/wp\/v2\/posts\/116152","targetHints":{"allow":["GET"]}}],"collection":[{"href":"https:\/\/folhapopular.info\/index.php\/wp-json\/wp\/v2\/posts"}],"about":[{"href":"https:\/\/folhapopular.info\/index.php\/wp-json\/wp\/v2\/types\/post"}],"author":[{"embeddable":true,"href":"https:\/\/folhapopular.info\/index.php\/wp-json\/wp\/v2\/users\/8"}],"replies":[{"embeddable":true,"href":"https:\/\/folhapopular.info\/index.php\/wp-json\/wp\/v2\/comments?post=116152"}],"version-history":[{"count":0,"href":"https:\/\/folhapopular.info\/index.php\/wp-json\/wp\/v2\/posts\/116152\/revisions"}],"wp:featuredmedia":[{"embeddable":true,"href":"https:\/\/folhapopular.info\/index.php\/wp-json\/wp\/v2\/media\/116153"}],"wp:attachment":[{"href":"https:\/\/folhapopular.info\/index.php\/wp-json\/wp\/v2\/media?parent=116152"}],"wp:term":[{"taxonomy":"category","embeddable":true,"href":"https:\/\/folhapopular.info\/index.php\/wp-json\/wp\/v2\/categories?post=116152"},{"taxonomy":"post_tag","embeddable":true,"href":"https:\/\/folhapopular.info\/index.php\/wp-json\/wp\/v2\/tags?post=116152"}],"curies":[{"name":"wp","href":"https:\/\/api.w.org\/{rel}","templated":true}]}}