{"id":116296,"date":"2022-11-13T12:34:18","date_gmt":"2022-11-13T15:34:18","guid":{"rendered":"https:\/\/folhapopular.info\/?p=116296"},"modified":"2022-11-13T18:10:33","modified_gmt":"2022-11-13T21:10:33","slug":"fluminense-conquista-regional-de-veteranos-nos-penaltis","status":"publish","type":"post","link":"https:\/\/folhapopular.info\/index.php\/2022\/11\/13\/fluminense-conquista-regional-de-veteranos-nos-penaltis\/","title":{"rendered":"Fluminense conquista Regional de Veteranos nos p\u00eanaltis"},"content":{"rendered":"\n<p>A decis\u00e3o da categoria Veterano da 23\u00aa Copa Certel Sicredi Aslivata foi disputada na manh\u00e3 deste domingo (13\/11), no Est\u00e1dio da Montanha, em Mato Leit\u00e3o. O Fluminense conquistou o t\u00edtulo da competi\u00e7\u00e3o e entra no grupo de campe\u00f5es regionais.<\/p>\n\n\n\n<p>No tempo normal de jogo, o Fluminense devolveu para o Rudibar o resultado de 2 a 1 e for\u00e7ou a decis\u00e3o por p\u00eanaltis. Nas cobran\u00e7as, vit\u00f3ria do Fluminense por 3 a 0 e levou a ta\u00e7a.<\/p>\n\n\n\n<p>Precisando vencer ap\u00f3s a derrota no primeiro jogo, o Fluminense abriu o marcador aos 15min da etapa inicial com gol do centroavante Pedro. Ele converteu o p\u00eanalti sofrido por Nen\u00ea. O Rudibar sentiu o baque e n\u00e3o conseguiu responder. Aos 30min, Pedro marcou o segundo gol do Flu: 2&#215;0. O primeiro tempo terminou quente, com muita discuss\u00e3o e cart\u00f5es amarelos.<\/p>\n\n\n\n<p>A segunda etapa teve intensa disputa e as equipes tentaram fazer o gol. O primeiro lance claro se ofereceu para Dad\u00e1 do Rudibar, aos 15min, quando o goleiro Rodrigo saiu e evitou a finaliza\u00e7\u00e3o. Aos 22min, o Flu teve a chance de ampliar. Gravina recuou, Xande n\u00e3o conseguiu segurar e Pedro sozinho, sem goleiro, botou por cima.<\/p>\n\n\n\n<p>Aos 26min do segundo tempo, depois de cobran\u00e7a de escanteio, Marcinho escorou para a rede e diminuiu para o Rudibar. Apesar da press\u00e3o, o Rudibar n\u00e3o empatou e a decis\u00e3o foi para os p\u00eanaltis.<\/p>\n\n\n\n<p>Na disputa, o goleiro Rodrigo pegou as tr\u00eas cobran\u00e7as do Rudibar: Marcinho, Bui\u00fa e Ricardo. O goleiro Xande defendeu a batida de M\u00e1rcio, mas foi insuficiente, porque Pedro, Jacson e Paulinho converteram e confirmaram a vit\u00f3ria do Flu por 3&#215;0.<\/p>\n\n\n\n<figure class=\"wp-block-gallery has-nested-images columns-default is-cropped wp-block-gallery-1 is-layout-flex wp-block-gallery-is-layout-flex\">\n<figure class=\"wp-block-image size-large\"><img loading=\"lazy\" decoding=\"async\" width=\"1280\" height=\"720\" data-id=\"116300\" src=\"https:\/\/folhapopular.info\/wp-content\/uploads\/2022\/11\/IMG_0570.jpg\" alt=\"\" class=\"wp-image-116300\" srcset=\"https:\/\/folhapopular.info\/wp-content\/uploads\/2022\/11\/IMG_0570.jpg 1280w, https:\/\/folhapopular.info\/wp-content\/uploads\/2022\/11\/IMG_0570-300x169.jpg 300w, https:\/\/folhapopular.info\/wp-content\/uploads\/2022\/11\/IMG_0570-1024x576.jpg 1024w, https:\/\/folhapopular.info\/wp-content\/uploads\/2022\/11\/IMG_0570-768x432.jpg 768w, https:\/\/folhapopular.info\/wp-content\/uploads\/2022\/11\/IMG_0570-696x392.jpg 696w, https:\/\/folhapopular.info\/wp-content\/uploads\/2022\/11\/IMG_0570-1068x601.jpg 1068w\" sizes=\"auto, (max-width: 1280px) 100vw, 1280px\" \/><figcaption>Decis\u00e3o do t\u00edtulo foi nas cobran\u00e7as de penalidades m\u00e1ximas \/\/\/ Cr\u00e9dito: Lucas Leandro Brune<\/figcaption><\/figure>\n\n\n\n<figure class=\"wp-block-image size-large\"><img loading=\"lazy\" decoding=\"async\" width=\"1200\" height=\"900\" data-id=\"116297\" src=\"https:\/\/folhapopular.info\/wp-content\/uploads\/2022\/11\/IMG_0543-e1668353501257.jpg\" alt=\"\" class=\"wp-image-116297\" srcset=\"https:\/\/folhapopular.info\/wp-content\/uploads\/2022\/11\/IMG_0543-e1668353501257.jpg 1200w, https:\/\/folhapopular.info\/wp-content\/uploads\/2022\/11\/IMG_0543-e1668353501257-300x225.jpg 300w, https:\/\/folhapopular.info\/wp-content\/uploads\/2022\/11\/IMG_0543-e1668353501257-1024x768.jpg 1024w, https:\/\/folhapopular.info\/wp-content\/uploads\/2022\/11\/IMG_0543-e1668353501257-768x576.jpg 768w, https:\/\/folhapopular.info\/wp-content\/uploads\/2022\/11\/IMG_0543-e1668353501257-696x522.jpg 696w, https:\/\/folhapopular.info\/wp-content\/uploads\/2022\/11\/IMG_0543-e1668353501257-1068x801.jpg 1068w\" sizes=\"auto, (max-width: 1200px) 100vw, 1200px\" \/><figcaption>Fluminense foi a primeira equipe a soltar o grito de campe\u00e3o em 2022 \/ Cr\u00e9dito: Lucas Leandro Brune <\/figcaption><\/figure>\n\n\n\n<figure class=\"wp-block-image size-large\"><img loading=\"lazy\" decoding=\"async\" width=\"1280\" height=\"960\" data-id=\"116301\" src=\"https:\/\/folhapopular.info\/wp-content\/uploads\/2022\/11\/IMG_0576.jpg\" alt=\"\" class=\"wp-image-116301\" srcset=\"https:\/\/folhapopular.info\/wp-content\/uploads\/2022\/11\/IMG_0576.jpg 1280w, https:\/\/folhapopular.info\/wp-content\/uploads\/2022\/11\/IMG_0576-300x225.jpg 300w, https:\/\/folhapopular.info\/wp-content\/uploads\/2022\/11\/IMG_0576-1024x768.jpg 1024w, https:\/\/folhapopular.info\/wp-content\/uploads\/2022\/11\/IMG_0576-768x576.jpg 768w, https:\/\/folhapopular.info\/wp-content\/uploads\/2022\/11\/IMG_0576-696x522.jpg 696w, https:\/\/folhapopular.info\/wp-content\/uploads\/2022\/11\/IMG_0576-1068x801.jpg 1068w\" sizes=\"auto, (max-width: 1280px) 100vw, 1280px\" \/><figcaption>Rudibar \u00e9 vice-campe\u00e3o de Veteranos \/\/ Cr\u00e9dito: Lucas Leandro Brune<\/figcaption><\/figure>\n\n\n\n<figure class=\"wp-block-image size-large\"><img loading=\"lazy\" decoding=\"async\" width=\"2016\" height=\"1512\" data-id=\"116307\" src=\"https:\/\/folhapopular.info\/wp-content\/uploads\/2022\/11\/IMG_0546.jpg\" alt=\"\" class=\"wp-image-116307\" srcset=\"https:\/\/folhapopular.info\/wp-content\/uploads\/2022\/11\/IMG_0546.jpg 2016w, https:\/\/folhapopular.info\/wp-content\/uploads\/2022\/11\/IMG_0546-300x225.jpg 300w, https:\/\/folhapopular.info\/wp-content\/uploads\/2022\/11\/IMG_0546-1024x768.jpg 1024w, https:\/\/folhapopular.info\/wp-content\/uploads\/2022\/11\/IMG_0546-768x576.jpg 768w, https:\/\/folhapopular.info\/wp-content\/uploads\/2022\/11\/IMG_0546-1536x1152.jpg 1536w, https:\/\/folhapopular.info\/wp-content\/uploads\/2022\/11\/IMG_0546-696x522.jpg 696w, https:\/\/folhapopular.info\/wp-content\/uploads\/2022\/11\/IMG_0546-1068x801.jpg 1068w, https:\/\/folhapopular.info\/wp-content\/uploads\/2022\/11\/IMG_0546-1920x1440.jpg 1920w\" sizes=\"auto, (max-width: 2016px) 100vw, 2016px\" \/><\/figure>\n\n\n\n<figure class=\"wp-block-image size-large\"><img loading=\"lazy\" decoding=\"async\" width=\"1512\" height=\"2016\" data-id=\"116304\" src=\"https:\/\/folhapopular.info\/wp-content\/uploads\/2022\/11\/IMG_0562-rotated.jpg\" alt=\"\" class=\"wp-image-116304\" srcset=\"https:\/\/folhapopular.info\/wp-content\/uploads\/2022\/11\/IMG_0562-rotated.jpg 1512w, https:\/\/folhapopular.info\/wp-content\/uploads\/2022\/11\/IMG_0562-225x300.jpg 225w, https:\/\/folhapopular.info\/wp-content\/uploads\/2022\/11\/IMG_0562-768x1024.jpg 768w, https:\/\/folhapopular.info\/wp-content\/uploads\/2022\/11\/IMG_0562-1152x1536.jpg 1152w, https:\/\/folhapopular.info\/wp-content\/uploads\/2022\/11\/IMG_0562-696x928.jpg 696w, https:\/\/folhapopular.info\/wp-content\/uploads\/2022\/11\/IMG_0562-1068x1424.jpg 1068w\" sizes=\"auto, (max-width: 1512px) 100vw, 1512px\" \/><\/figure>\n\n\n\n<figure class=\"wp-block-image size-large\"><img loading=\"lazy\" decoding=\"async\" width=\"2016\" height=\"1512\" data-id=\"116305\" src=\"https:\/\/folhapopular.info\/wp-content\/uploads\/2022\/11\/IMG_0567.jpg\" alt=\"\" class=\"wp-image-116305\" srcset=\"https:\/\/folhapopular.info\/wp-content\/uploads\/2022\/11\/IMG_0567.jpg 2016w, https:\/\/folhapopular.info\/wp-content\/uploads\/2022\/11\/IMG_0567-300x225.jpg 300w, https:\/\/folhapopular.info\/wp-content\/uploads\/2022\/11\/IMG_0567-1024x768.jpg 1024w, https:\/\/folhapopular.info\/wp-content\/uploads\/2022\/11\/IMG_0567-768x576.jpg 768w, https:\/\/folhapopular.info\/wp-content\/uploads\/2022\/11\/IMG_0567-1536x1152.jpg 1536w, https:\/\/folhapopular.info\/wp-content\/uploads\/2022\/11\/IMG_0567-696x522.jpg 696w, https:\/\/folhapopular.info\/wp-content\/uploads\/2022\/11\/IMG_0567-1068x801.jpg 1068w, https:\/\/folhapopular.info\/wp-content\/uploads\/2022\/11\/IMG_0567-1920x1440.jpg 1920w\" sizes=\"auto, (max-width: 2016px) 100vw, 2016px\" \/><\/figure>\n\n\n\n<figure class=\"wp-block-image size-large\"><img loading=\"lazy\" decoding=\"async\" width=\"2016\" height=\"1512\" data-id=\"116306\" src=\"https:\/\/folhapopular.info\/wp-content\/uploads\/2022\/11\/IMG_0563.jpg\" alt=\"\" class=\"wp-image-116306\" srcset=\"https:\/\/folhapopular.info\/wp-content\/uploads\/2022\/11\/IMG_0563.jpg 2016w, https:\/\/folhapopular.info\/wp-content\/uploads\/2022\/11\/IMG_0563-300x225.jpg 300w, https:\/\/folhapopular.info\/wp-content\/uploads\/2022\/11\/IMG_0563-1024x768.jpg 1024w, https:\/\/folhapopular.info\/wp-content\/uploads\/2022\/11\/IMG_0563-768x576.jpg 768w, https:\/\/folhapopular.info\/wp-content\/uploads\/2022\/11\/IMG_0563-1536x1152.jpg 1536w, https:\/\/folhapopular.info\/wp-content\/uploads\/2022\/11\/IMG_0563-696x522.jpg 696w, https:\/\/folhapopular.info\/wp-content\/uploads\/2022\/11\/IMG_0563-1068x801.jpg 1068w, https:\/\/folhapopular.info\/wp-content\/uploads\/2022\/11\/IMG_0563-1920x1440.jpg 1920w\" sizes=\"auto, (max-width: 2016px) 100vw, 2016px\" \/><\/figure>\n<\/figure>\n","protected":false},"excerpt":{"rendered":"<p>A decis\u00e3o da categoria Veterano da 23\u00aa Copa Certel Sicredi Aslivata foi disputada na manh\u00e3 deste domingo (13\/11), no Est\u00e1dio da Montanha, em Mato Leit\u00e3o. O Fluminense conquistou o t\u00edtulo da competi\u00e7\u00e3o e entra no grupo de campe\u00f5es regionais. No tempo normal de jogo, o Fluminense devolveu para o Rudibar o resultado de 2 a [&hellip;]<\/p>\n","protected":false},"author":8,"featured_media":116302,"comment_status":"open","ping_status":"open","sticky":false,"template":"","format":"standard","meta":{"pmpro_default_level":"","_jetpack_memberships_contains_paid_content":false,"footnotes":""},"categories":[5,240,288],"tags":[6378,318,137,1584,2189,864],"class_list":{"0":"post-116296","1":"post","2":"type-post","3":"status-publish","4":"format-standard","5":"has-post-thumbnail","7":"category-esportes","8":"category-futebol-amador","9":"category-regional-da-aslivata","10":"tag-6378","11":"tag-copa-certel-sicredi","12":"tag-esporte","13":"tag-final","14":"tag-fluminense","15":"tag-veteranos","16":"pmpro-has-access"},"yoast_head":"<!-- This site is optimized with the Yoast SEO plugin v27.5 - https:\/\/yoast.com\/product\/yoast-seo-wordpress\/ -->\n<title>Fluminense conquista Regional de Veteranos nos p\u00eanaltis - Folha Popular<\/title>\n<meta name=\"robots\" content=\"index, follow, max-snippet:-1, max-image-preview:large, max-video-preview:-1\" \/>\n<link rel=\"canonical\" href=\"https:\/\/folhapopular.info\/index.php\/2022\/11\/13\/fluminense-conquista-regional-de-veteranos-nos-penaltis\/\" \/>\n<meta property=\"og:locale\" content=\"pt_BR\" \/>\n<meta property=\"og:type\" content=\"article\" \/>\n<meta property=\"og:title\" content=\"Fluminense conquista Regional de Veteranos nos p\u00eanaltis - Folha Popular\" \/>\n<meta property=\"og:description\" content=\"A decis\u00e3o da categoria Veterano da 23\u00aa Copa Certel Sicredi Aslivata foi disputada na manh\u00e3 deste domingo (13\/11), no Est\u00e1dio da Montanha, em Mato Leit\u00e3o. O Fluminense conquistou o t\u00edtulo da competi\u00e7\u00e3o e entra no grupo de campe\u00f5es regionais. No tempo normal de jogo, o Fluminense devolveu para o Rudibar o resultado de 2 a [&hellip;]\" \/>\n<meta property=\"og:url\" content=\"https:\/\/folhapopular.info\/index.php\/2022\/11\/13\/fluminense-conquista-regional-de-veteranos-nos-penaltis\/\" \/>\n<meta property=\"og:site_name\" content=\"Folha Popular\" \/>\n<meta property=\"article:published_time\" content=\"2022-11-13T15:34:18+00:00\" \/>\n<meta property=\"article:modified_time\" content=\"2022-11-13T21:10:33+00:00\" \/>\n<meta property=\"og:image\" content=\"http:\/\/folhapopular.info\/wp-content\/uploads\/2022\/11\/IMG_0582.jpg\" \/>\n\t<meta property=\"og:image:width\" content=\"1280\" \/>\n\t<meta property=\"og:image:height\" content=\"720\" \/>\n\t<meta property=\"og:image:type\" content=\"image\/jpeg\" \/>\n<meta name=\"author\" content=\"Reda\u00e7\u00e3o Folha Popular\" \/>\n<meta name=\"twitter:card\" content=\"summary_large_image\" \/>\n<meta name=\"twitter:label1\" content=\"Escrito por\" \/>\n\t<meta name=\"twitter:data1\" content=\"Reda\u00e7\u00e3o Folha Popular\" \/>\n\t<meta name=\"twitter:label2\" content=\"Est. tempo de leitura\" \/>\n\t<meta name=\"twitter:data2\" content=\"4 minutos\" \/>\n<script type=\"application\/ld+json\" class=\"yoast-schema-graph\">{\"@context\":\"https:\\\/\\\/schema.org\",\"@graph\":[{\"@type\":\"Article\",\"@id\":\"https:\\\/\\\/folhapopular.info\\\/index.php\\\/2022\\\/11\\\/13\\\/fluminense-conquista-regional-de-veteranos-nos-penaltis\\\/#article\",\"isPartOf\":{\"@id\":\"https:\\\/\\\/folhapopular.info\\\/index.php\\\/2022\\\/11\\\/13\\\/fluminense-conquista-regional-de-veteranos-nos-penaltis\\\/\"},\"author\":{\"name\":\"Reda\u00e7\u00e3o Folha Popular\",\"@id\":\"https:\\\/\\\/folhapopular.info\\\/#\\\/schema\\\/person\\\/2814e8a0df7643585a9ca38bc6eb9d4b\"},\"headline\":\"Fluminense conquista Regional de Veteranos nos p\u00eanaltis\",\"datePublished\":\"2022-11-13T15:34:18+00:00\",\"dateModified\":\"2022-11-13T21:10:33+00:00\",\"mainEntityOfPage\":{\"@id\":\"https:\\\/\\\/folhapopular.info\\\/index.php\\\/2022\\\/11\\\/13\\\/fluminense-conquista-regional-de-veteranos-nos-penaltis\\\/\"},\"wordCount\":342,\"commentCount\":0,\"image\":{\"@id\":\"https:\\\/\\\/folhapopular.info\\\/index.php\\\/2022\\\/11\\\/13\\\/fluminense-conquista-regional-de-veteranos-nos-penaltis\\\/#primaryimage\"},\"thumbnailUrl\":\"https:\\\/\\\/folhapopular.info\\\/wp-content\\\/uploads\\\/2022\\\/11\\\/IMG_0582.jpg\",\"keywords\":[\"2022\",\"Copa Certel Sicredi\",\"Esporte\",\"Final\",\"Fluminense\",\"Veteranos\"],\"articleSection\":[\"Esportes\",\"Futebol Amador\",\"Regional da Aslivata\"],\"inLanguage\":\"pt-BR\",\"potentialAction\":[{\"@type\":\"CommentAction\",\"name\":\"Comment\",\"target\":[\"https:\\\/\\\/folhapopular.info\\\/index.php\\\/2022\\\/11\\\/13\\\/fluminense-conquista-regional-de-veteranos-nos-penaltis\\\/#respond\"]}]},{\"@type\":\"WebPage\",\"@id\":\"https:\\\/\\\/folhapopular.info\\\/index.php\\\/2022\\\/11\\\/13\\\/fluminense-conquista-regional-de-veteranos-nos-penaltis\\\/\",\"url\":\"https:\\\/\\\/folhapopular.info\\\/index.php\\\/2022\\\/11\\\/13\\\/fluminense-conquista-regional-de-veteranos-nos-penaltis\\\/\",\"name\":\"Fluminense conquista Regional de Veteranos nos p\u00eanaltis - Folha Popular\",\"isPartOf\":{\"@id\":\"https:\\\/\\\/folhapopular.info\\\/#website\"},\"primaryImageOfPage\":{\"@id\":\"https:\\\/\\\/folhapopular.info\\\/index.php\\\/2022\\\/11\\\/13\\\/fluminense-conquista-regional-de-veteranos-nos-penaltis\\\/#primaryimage\"},\"image\":{\"@id\":\"https:\\\/\\\/folhapopular.info\\\/index.php\\\/2022\\\/11\\\/13\\\/fluminense-conquista-regional-de-veteranos-nos-penaltis\\\/#primaryimage\"},\"thumbnailUrl\":\"https:\\\/\\\/folhapopular.info\\\/wp-content\\\/uploads\\\/2022\\\/11\\\/IMG_0582.jpg\",\"datePublished\":\"2022-11-13T15:34:18+00:00\",\"dateModified\":\"2022-11-13T21:10:33+00:00\",\"author\":{\"@id\":\"https:\\\/\\\/folhapopular.info\\\/#\\\/schema\\\/person\\\/2814e8a0df7643585a9ca38bc6eb9d4b\"},\"breadcrumb\":{\"@id\":\"https:\\\/\\\/folhapopular.info\\\/index.php\\\/2022\\\/11\\\/13\\\/fluminense-conquista-regional-de-veteranos-nos-penaltis\\\/#breadcrumb\"},\"inLanguage\":\"pt-BR\",\"potentialAction\":[{\"@type\":\"ReadAction\",\"target\":[\"https:\\\/\\\/folhapopular.info\\\/index.php\\\/2022\\\/11\\\/13\\\/fluminense-conquista-regional-de-veteranos-nos-penaltis\\\/\"]}]},{\"@type\":\"ImageObject\",\"inLanguage\":\"pt-BR\",\"@id\":\"https:\\\/\\\/folhapopular.info\\\/index.php\\\/2022\\\/11\\\/13\\\/fluminense-conquista-regional-de-veteranos-nos-penaltis\\\/#primaryimage\",\"url\":\"https:\\\/\\\/folhapopular.info\\\/wp-content\\\/uploads\\\/2022\\\/11\\\/IMG_0582.jpg\",\"contentUrl\":\"https:\\\/\\\/folhapopular.info\\\/wp-content\\\/uploads\\\/2022\\\/11\\\/IMG_0582.jpg\",\"width\":1280,\"height\":720,\"caption\":\"Fluminense de Mato Leit\u00e3o foi o campe\u00e3o Regional de Veteranos em 2022 \\\/\\\/\\\/ Cr\u00e9dito: Lucas Leandro Brune\"},{\"@type\":\"BreadcrumbList\",\"@id\":\"https:\\\/\\\/folhapopular.info\\\/index.php\\\/2022\\\/11\\\/13\\\/fluminense-conquista-regional-de-veteranos-nos-penaltis\\\/#breadcrumb\",\"itemListElement\":[{\"@type\":\"ListItem\",\"position\":1,\"name\":\"In\u00edcio\",\"item\":\"https:\\\/\\\/folhapopular.info\\\/\"},{\"@type\":\"ListItem\",\"position\":2,\"name\":\"Fluminense conquista Regional de Veteranos nos p\u00eanaltis\"}]},{\"@type\":\"WebSite\",\"@id\":\"https:\\\/\\\/folhapopular.info\\\/#website\",\"url\":\"https:\\\/\\\/folhapopular.info\\\/\",\"name\":\"Folha Popular\",\"description\":\"Onde voc\u00ea tem vez e voz\",\"potentialAction\":[{\"@type\":\"SearchAction\",\"target\":{\"@type\":\"EntryPoint\",\"urlTemplate\":\"https:\\\/\\\/folhapopular.info\\\/?s={search_term_string}\"},\"query-input\":{\"@type\":\"PropertyValueSpecification\",\"valueRequired\":true,\"valueName\":\"search_term_string\"}}],\"inLanguage\":\"pt-BR\"},{\"@type\":\"Person\",\"@id\":\"https:\\\/\\\/folhapopular.info\\\/#\\\/schema\\\/person\\\/2814e8a0df7643585a9ca38bc6eb9d4b\",\"name\":\"Reda\u00e7\u00e3o Folha Popular\",\"image\":{\"@type\":\"ImageObject\",\"inLanguage\":\"pt-BR\",\"@id\":\"https:\\\/\\\/folhapopular.info\\\/wp-content\\\/uploads\\\/2026\\\/04\\\/Folha-1.webp\",\"url\":\"https:\\\/\\\/folhapopular.info\\\/wp-content\\\/uploads\\\/2026\\\/04\\\/Folha-1.webp\",\"contentUrl\":\"https:\\\/\\\/folhapopular.info\\\/wp-content\\\/uploads\\\/2026\\\/04\\\/Folha-1.webp\",\"caption\":\"Reda\u00e7\u00e3o Folha Popular\"},\"url\":\"https:\\\/\\\/folhapopular.info\\\/index.php\\\/author\\\/redacao\\\/\"}]}<\/script>\n<!-- \/ Yoast SEO plugin. -->","yoast_head_json":{"title":"Fluminense conquista Regional de Veteranos nos p\u00eanaltis - Folha Popular","robots":{"index":"index","follow":"follow","max-snippet":"max-snippet:-1","max-image-preview":"max-image-preview:large","max-video-preview":"max-video-preview:-1"},"canonical":"https:\/\/folhapopular.info\/index.php\/2022\/11\/13\/fluminense-conquista-regional-de-veteranos-nos-penaltis\/","og_locale":"pt_BR","og_type":"article","og_title":"Fluminense conquista Regional de Veteranos nos p\u00eanaltis - Folha Popular","og_description":"A decis\u00e3o da categoria Veterano da 23\u00aa Copa Certel Sicredi Aslivata foi disputada na manh\u00e3 deste domingo (13\/11), no Est\u00e1dio da Montanha, em Mato Leit\u00e3o. O Fluminense conquistou o t\u00edtulo da competi\u00e7\u00e3o e entra no grupo de campe\u00f5es regionais. No tempo normal de jogo, o Fluminense devolveu para o Rudibar o resultado de 2 a [&hellip;]","og_url":"https:\/\/folhapopular.info\/index.php\/2022\/11\/13\/fluminense-conquista-regional-de-veteranos-nos-penaltis\/","og_site_name":"Folha Popular","article_published_time":"2022-11-13T15:34:18+00:00","article_modified_time":"2022-11-13T21:10:33+00:00","og_image":[{"width":1280,"height":720,"url":"http:\/\/folhapopular.info\/wp-content\/uploads\/2022\/11\/IMG_0582.jpg","type":"image\/jpeg"}],"author":"Reda\u00e7\u00e3o Folha Popular","twitter_card":"summary_large_image","twitter_misc":{"Escrito por":"Reda\u00e7\u00e3o Folha Popular","Est. tempo de leitura":"4 minutos"},"schema":{"@context":"https:\/\/schema.org","@graph":[{"@type":"Article","@id":"https:\/\/folhapopular.info\/index.php\/2022\/11\/13\/fluminense-conquista-regional-de-veteranos-nos-penaltis\/#article","isPartOf":{"@id":"https:\/\/folhapopular.info\/index.php\/2022\/11\/13\/fluminense-conquista-regional-de-veteranos-nos-penaltis\/"},"author":{"name":"Reda\u00e7\u00e3o Folha Popular","@id":"https:\/\/folhapopular.info\/#\/schema\/person\/2814e8a0df7643585a9ca38bc6eb9d4b"},"headline":"Fluminense conquista Regional de Veteranos nos p\u00eanaltis","datePublished":"2022-11-13T15:34:18+00:00","dateModified":"2022-11-13T21:10:33+00:00","mainEntityOfPage":{"@id":"https:\/\/folhapopular.info\/index.php\/2022\/11\/13\/fluminense-conquista-regional-de-veteranos-nos-penaltis\/"},"wordCount":342,"commentCount":0,"image":{"@id":"https:\/\/folhapopular.info\/index.php\/2022\/11\/13\/fluminense-conquista-regional-de-veteranos-nos-penaltis\/#primaryimage"},"thumbnailUrl":"https:\/\/folhapopular.info\/wp-content\/uploads\/2022\/11\/IMG_0582.jpg","keywords":["2022","Copa Certel Sicredi","Esporte","Final","Fluminense","Veteranos"],"articleSection":["Esportes","Futebol Amador","Regional da Aslivata"],"inLanguage":"pt-BR","potentialAction":[{"@type":"CommentAction","name":"Comment","target":["https:\/\/folhapopular.info\/index.php\/2022\/11\/13\/fluminense-conquista-regional-de-veteranos-nos-penaltis\/#respond"]}]},{"@type":"WebPage","@id":"https:\/\/folhapopular.info\/index.php\/2022\/11\/13\/fluminense-conquista-regional-de-veteranos-nos-penaltis\/","url":"https:\/\/folhapopular.info\/index.php\/2022\/11\/13\/fluminense-conquista-regional-de-veteranos-nos-penaltis\/","name":"Fluminense conquista Regional de Veteranos nos p\u00eanaltis - Folha Popular","isPartOf":{"@id":"https:\/\/folhapopular.info\/#website"},"primaryImageOfPage":{"@id":"https:\/\/folhapopular.info\/index.php\/2022\/11\/13\/fluminense-conquista-regional-de-veteranos-nos-penaltis\/#primaryimage"},"image":{"@id":"https:\/\/folhapopular.info\/index.php\/2022\/11\/13\/fluminense-conquista-regional-de-veteranos-nos-penaltis\/#primaryimage"},"thumbnailUrl":"https:\/\/folhapopular.info\/wp-content\/uploads\/2022\/11\/IMG_0582.jpg","datePublished":"2022-11-13T15:34:18+00:00","dateModified":"2022-11-13T21:10:33+00:00","author":{"@id":"https:\/\/folhapopular.info\/#\/schema\/person\/2814e8a0df7643585a9ca38bc6eb9d4b"},"breadcrumb":{"@id":"https:\/\/folhapopular.info\/index.php\/2022\/11\/13\/fluminense-conquista-regional-de-veteranos-nos-penaltis\/#breadcrumb"},"inLanguage":"pt-BR","potentialAction":[{"@type":"ReadAction","target":["https:\/\/folhapopular.info\/index.php\/2022\/11\/13\/fluminense-conquista-regional-de-veteranos-nos-penaltis\/"]}]},{"@type":"ImageObject","inLanguage":"pt-BR","@id":"https:\/\/folhapopular.info\/index.php\/2022\/11\/13\/fluminense-conquista-regional-de-veteranos-nos-penaltis\/#primaryimage","url":"https:\/\/folhapopular.info\/wp-content\/uploads\/2022\/11\/IMG_0582.jpg","contentUrl":"https:\/\/folhapopular.info\/wp-content\/uploads\/2022\/11\/IMG_0582.jpg","width":1280,"height":720,"caption":"Fluminense de Mato Leit\u00e3o foi o campe\u00e3o Regional de Veteranos em 2022 \/\/\/ Cr\u00e9dito: Lucas Leandro Brune"},{"@type":"BreadcrumbList","@id":"https:\/\/folhapopular.info\/index.php\/2022\/11\/13\/fluminense-conquista-regional-de-veteranos-nos-penaltis\/#breadcrumb","itemListElement":[{"@type":"ListItem","position":1,"name":"In\u00edcio","item":"https:\/\/folhapopular.info\/"},{"@type":"ListItem","position":2,"name":"Fluminense conquista Regional de Veteranos nos p\u00eanaltis"}]},{"@type":"WebSite","@id":"https:\/\/folhapopular.info\/#website","url":"https:\/\/folhapopular.info\/","name":"Folha Popular","description":"Onde voc\u00ea tem vez e voz","potentialAction":[{"@type":"SearchAction","target":{"@type":"EntryPoint","urlTemplate":"https:\/\/folhapopular.info\/?s={search_term_string}"},"query-input":{"@type":"PropertyValueSpecification","valueRequired":true,"valueName":"search_term_string"}}],"inLanguage":"pt-BR"},{"@type":"Person","@id":"https:\/\/folhapopular.info\/#\/schema\/person\/2814e8a0df7643585a9ca38bc6eb9d4b","name":"Reda\u00e7\u00e3o Folha Popular","image":{"@type":"ImageObject","inLanguage":"pt-BR","@id":"https:\/\/folhapopular.info\/wp-content\/uploads\/2026\/04\/Folha-1.webp","url":"https:\/\/folhapopular.info\/wp-content\/uploads\/2026\/04\/Folha-1.webp","contentUrl":"https:\/\/folhapopular.info\/wp-content\/uploads\/2026\/04\/Folha-1.webp","caption":"Reda\u00e7\u00e3o Folha Popular"},"url":"https:\/\/folhapopular.info\/index.php\/author\/redacao\/"}]}},"jetpack_featured_media_url":"https:\/\/folhapopular.info\/wp-content\/uploads\/2022\/11\/IMG_0582.jpg","jetpack_sharing_enabled":true,"amp_enabled":true,"_links":{"self":[{"href":"https:\/\/folhapopular.info\/index.php\/wp-json\/wp\/v2\/posts\/116296","targetHints":{"allow":["GET"]}}],"collection":[{"href":"https:\/\/folhapopular.info\/index.php\/wp-json\/wp\/v2\/posts"}],"about":[{"href":"https:\/\/folhapopular.info\/index.php\/wp-json\/wp\/v2\/types\/post"}],"author":[{"embeddable":true,"href":"https:\/\/folhapopular.info\/index.php\/wp-json\/wp\/v2\/users\/8"}],"replies":[{"embeddable":true,"href":"https:\/\/folhapopular.info\/index.php\/wp-json\/wp\/v2\/comments?post=116296"}],"version-history":[{"count":0,"href":"https:\/\/folhapopular.info\/index.php\/wp-json\/wp\/v2\/posts\/116296\/revisions"}],"wp:featuredmedia":[{"embeddable":true,"href":"https:\/\/folhapopular.info\/index.php\/wp-json\/wp\/v2\/media\/116302"}],"wp:attachment":[{"href":"https:\/\/folhapopular.info\/index.php\/wp-json\/wp\/v2\/media?parent=116296"}],"wp:term":[{"taxonomy":"category","embeddable":true,"href":"https:\/\/folhapopular.info\/index.php\/wp-json\/wp\/v2\/categories?post=116296"},{"taxonomy":"post_tag","embeddable":true,"href":"https:\/\/folhapopular.info\/index.php\/wp-json\/wp\/v2\/tags?post=116296"}],"curies":[{"name":"wp","href":"https:\/\/api.w.org\/{rel}","templated":true}]}}