{"id":116542,"date":"2022-11-17T16:55:21","date_gmt":"2022-11-17T19:55:21","guid":{"rendered":"https:\/\/folhapopular.info\/?p=116542"},"modified":"2022-11-17T16:56:56","modified_gmt":"2022-11-17T19:56:56","slug":"reporteres-sao-vitimas-de-assedio-em-jogos-de-futebol","status":"publish","type":"post","link":"https:\/\/folhapopular.info\/index.php\/2022\/11\/17\/reporteres-sao-vitimas-de-assedio-em-jogos-de-futebol\/","title":{"rendered":"Rep\u00f3rteres s\u00e3o v\u00edtimas de ass\u00e9dio em jogos de futebol"},"content":{"rendered":"\n<p>Elas aguentaram por muito tempo caladas. Das arquibancadas ouviram &#8220;e a\u00ed gatinha&#8221;, &#8220;oh gostosa&#8221;, &#8220;quer casar comigo?&#8221;, &#8220;oh l\u00e1 em casa&#8221;. Agora elas decidiram falar. As mulheres rep\u00f3rteres do Grupo Popular da \u00e1rea de esporte decidiram falar sobre o &#8220;ass\u00e9dio&#8221; vindo de alguns torcedores no futebol amador.<\/p>\n\n\n\n<p>O estopim foi um novo epis\u00f3dio registrado no domingo (13\/11), durante a semifinal da S\u00e9rie A do Regional da Aslivata. A rep\u00f3rter ouviu manifesta\u00e7\u00f5es desrespeitosas por parte de alguns torcedores e interpretou as palavras como \u201cass\u00e9dio sexual\u201d. Infelizmente, ela n\u00e3o conseguiu identificar os autores, pois estavam em meio a um grupo maior de torcedores.<\/p>\n\n\n\n<p>A partir do fato, outras colegas de reportagem tamb\u00e9m relataram ocasi\u00f5es de constrangimento. Foram in\u00fameros momentos e elas ficavam caladas, pois ainda ouviam coment\u00e1rios &#8220;isso \u00e9 assim mesmo&#8221; ou &#8220;melhor se acostumar&#8221;. Elas decidiram dar voz e volume a situa\u00e7\u00f5es vividas por outras mulheres envolvidas no futebol amador: dirigentes, torcedoras, cozinheiras, m\u00e3es, namoradas, irm\u00e3s e at\u00e9 integrantes de arbitragem.<\/p>\n\n\n\n<p>A emissora informou a Aslivata dos acontecimentos e j\u00e1 manifestou-se no domingo ap\u00f3s o jogo \u2013 no Paparicando a Gorduchinha 2\u00ba Tempo \u2013 e na segunda-feira no programa Bola na Trave. &#8220;Imaginamos que nenhum dos \u201ctorcedores\u201d gostaria de ouvir estas e outras palavras dirigidas para uma mulher de sua fam\u00edlia (namorada, esposa, m\u00e3e ou filha)&#8221;, refor\u00e7a o diretor de Jornalismo, Lucas Leandro Brune.<\/p>\n\n\n\n<p>As mulheres ocupam v\u00e1rios campos profissionais e merecem total respeito e incentivo. &#8220;Algo muito valorizado h\u00e1 anos no Grupo Popular, com in\u00fameras mulheres exercendo diferentes fun\u00e7\u00f5es, inclusive no esporte&#8221;, refor\u00e7a Brune.<\/p>\n\n\n\n<p>Enviamos o manifesto com a sugest\u00e3o para a Aslivata orientar as equipes e os torcedores a adotarem atitudes de respeito n\u00e3o s\u00f3 com os profissionais do Grupo Popular, mas a todas as mulheres no campo de jogo \u2013 inclusive da arbitragem. &#8220;<strong>Se queremos mais fam\u00edlias nos campos, precisamos come\u00e7ar a respeitar as mulheres \u2013 genitoras de todos<\/strong>&#8220;, conclui o diretor.<\/p>\n\n\n\n<p>A entidade organizadora prontamente emitiu uma Nota de Rep\u00fadio. &#8220;\u00c9 lament\u00e1vel que atos repugnantes como este ainda aconte\u00e7am. Expressamos nossa solidariedade e apoio \u00e0 jornalista. Reafirmamos que o lugar de mulher \u00e9 onde ela queira estar, se sinta bem e possa sempre exercer sua profiss\u00e3o com toda liberdade e seja respeitada. <strong>A Aslivata condena atitudes machistas e desrespeitosas ao trabalho jornal\u00edstico das mulheres<\/strong> ou de qualquer profissional envolvido nos jogos&#8221;, diz trecho da nota assinada pelo presidente Volnei Kochhann.<\/p>\n","protected":false},"excerpt":{"rendered":"<p>Elas aguentaram por muito tempo caladas. Das arquibancadas ouviram &#8220;e a\u00ed gatinha&#8221;, &#8220;oh gostosa&#8221;, &#8220;quer casar comigo?&#8221;, &#8220;oh l\u00e1 em casa&#8221;. Agora elas decidiram falar. As mulheres rep\u00f3rteres do Grupo Popular da \u00e1rea de esporte decidiram falar sobre o &#8220;ass\u00e9dio&#8221; vindo de alguns torcedores no futebol amador. O estopim foi um novo epis\u00f3dio registrado no [&hellip;]<\/p>\n","protected":false},"author":8,"featured_media":116544,"comment_status":"open","ping_status":"open","sticky":false,"template":"","format":"standard","meta":{"pmpro_default_level":"","_jetpack_memberships_contains_paid_content":false,"footnotes":""},"categories":[2,3],"tags":[137,498,10323,7966],"class_list":{"0":"post-116542","1":"post","2":"type-post","3":"status-publish","4":"format-standard","5":"has-post-thumbnail","7":"category-featured","8":"category-geral","9":"tag-esporte","10":"tag-futebol","11":"tag-reporteres","12":"tag-vitimas","13":"pmpro-has-access"},"yoast_head":"<!-- This site is optimized with the Yoast SEO plugin v27.5 - https:\/\/yoast.com\/product\/yoast-seo-wordpress\/ -->\n<title>Rep\u00f3rteres s\u00e3o v\u00edtimas de ass\u00e9dio em jogos de futebol - Folha Popular<\/title>\n<meta name=\"robots\" content=\"index, follow, max-snippet:-1, max-image-preview:large, max-video-preview:-1\" \/>\n<link rel=\"canonical\" href=\"https:\/\/folhapopular.info\/index.php\/2022\/11\/17\/reporteres-sao-vitimas-de-assedio-em-jogos-de-futebol\/\" \/>\n<meta property=\"og:locale\" content=\"pt_BR\" \/>\n<meta property=\"og:type\" content=\"article\" \/>\n<meta property=\"og:title\" content=\"Rep\u00f3rteres s\u00e3o v\u00edtimas de ass\u00e9dio em jogos de futebol - Folha Popular\" \/>\n<meta property=\"og:description\" content=\"Elas aguentaram por muito tempo caladas. Das arquibancadas ouviram &#8220;e a\u00ed gatinha&#8221;, &#8220;oh gostosa&#8221;, &#8220;quer casar comigo?&#8221;, &#8220;oh l\u00e1 em casa&#8221;. Agora elas decidiram falar. As mulheres rep\u00f3rteres do Grupo Popular da \u00e1rea de esporte decidiram falar sobre o &#8220;ass\u00e9dio&#8221; vindo de alguns torcedores no futebol amador. O estopim foi um novo epis\u00f3dio registrado no [&hellip;]\" \/>\n<meta property=\"og:url\" content=\"https:\/\/folhapopular.info\/index.php\/2022\/11\/17\/reporteres-sao-vitimas-de-assedio-em-jogos-de-futebol\/\" \/>\n<meta property=\"og:site_name\" content=\"Folha Popular\" \/>\n<meta property=\"article:published_time\" content=\"2022-11-17T19:55:21+00:00\" \/>\n<meta property=\"article:modified_time\" content=\"2022-11-17T19:56:56+00:00\" \/>\n<meta property=\"og:image\" content=\"http:\/\/folhapopular.info\/wp-content\/uploads\/2022\/11\/pexels-juan-salamanca-61143-scaled-e1668714830941.jpg\" \/>\n\t<meta property=\"og:image:width\" content=\"1200\" \/>\n\t<meta property=\"og:image:height\" content=\"800\" \/>\n\t<meta property=\"og:image:type\" content=\"image\/jpeg\" \/>\n<meta name=\"author\" content=\"Reda\u00e7\u00e3o Folha Popular\" \/>\n<meta name=\"twitter:card\" content=\"summary_large_image\" \/>\n<meta name=\"twitter:label1\" content=\"Escrito por\" \/>\n\t<meta name=\"twitter:data1\" content=\"Reda\u00e7\u00e3o Folha Popular\" \/>\n\t<meta name=\"twitter:label2\" content=\"Est. tempo de leitura\" \/>\n\t<meta name=\"twitter:data2\" content=\"3 minutos\" \/>\n<script type=\"application\/ld+json\" class=\"yoast-schema-graph\">{\"@context\":\"https:\\\/\\\/schema.org\",\"@graph\":[{\"@type\":\"Article\",\"@id\":\"https:\\\/\\\/folhapopular.info\\\/index.php\\\/2022\\\/11\\\/17\\\/reporteres-sao-vitimas-de-assedio-em-jogos-de-futebol\\\/#article\",\"isPartOf\":{\"@id\":\"https:\\\/\\\/folhapopular.info\\\/index.php\\\/2022\\\/11\\\/17\\\/reporteres-sao-vitimas-de-assedio-em-jogos-de-futebol\\\/\"},\"author\":{\"name\":\"Reda\u00e7\u00e3o Folha Popular\",\"@id\":\"https:\\\/\\\/folhapopular.info\\\/#\\\/schema\\\/person\\\/2814e8a0df7643585a9ca38bc6eb9d4b\"},\"headline\":\"Rep\u00f3rteres s\u00e3o v\u00edtimas de ass\u00e9dio em jogos de futebol\",\"datePublished\":\"2022-11-17T19:55:21+00:00\",\"dateModified\":\"2022-11-17T19:56:56+00:00\",\"mainEntityOfPage\":{\"@id\":\"https:\\\/\\\/folhapopular.info\\\/index.php\\\/2022\\\/11\\\/17\\\/reporteres-sao-vitimas-de-assedio-em-jogos-de-futebol\\\/\"},\"wordCount\":428,\"commentCount\":0,\"image\":{\"@id\":\"https:\\\/\\\/folhapopular.info\\\/index.php\\\/2022\\\/11\\\/17\\\/reporteres-sao-vitimas-de-assedio-em-jogos-de-futebol\\\/#primaryimage\"},\"thumbnailUrl\":\"https:\\\/\\\/folhapopular.info\\\/wp-content\\\/uploads\\\/2022\\\/11\\\/pexels-juan-salamanca-61143-scaled-e1668714830941.jpg\",\"keywords\":[\"Esporte\",\"Futebol\",\"Rep\u00f3rteres\",\"V\u00edtimas\"],\"articleSection\":[\"Destaques\",\"Geral\"],\"inLanguage\":\"pt-BR\",\"potentialAction\":[{\"@type\":\"CommentAction\",\"name\":\"Comment\",\"target\":[\"https:\\\/\\\/folhapopular.info\\\/index.php\\\/2022\\\/11\\\/17\\\/reporteres-sao-vitimas-de-assedio-em-jogos-de-futebol\\\/#respond\"]}]},{\"@type\":\"WebPage\",\"@id\":\"https:\\\/\\\/folhapopular.info\\\/index.php\\\/2022\\\/11\\\/17\\\/reporteres-sao-vitimas-de-assedio-em-jogos-de-futebol\\\/\",\"url\":\"https:\\\/\\\/folhapopular.info\\\/index.php\\\/2022\\\/11\\\/17\\\/reporteres-sao-vitimas-de-assedio-em-jogos-de-futebol\\\/\",\"name\":\"Rep\u00f3rteres s\u00e3o v\u00edtimas de ass\u00e9dio em jogos de futebol - Folha Popular\",\"isPartOf\":{\"@id\":\"https:\\\/\\\/folhapopular.info\\\/#website\"},\"primaryImageOfPage\":{\"@id\":\"https:\\\/\\\/folhapopular.info\\\/index.php\\\/2022\\\/11\\\/17\\\/reporteres-sao-vitimas-de-assedio-em-jogos-de-futebol\\\/#primaryimage\"},\"image\":{\"@id\":\"https:\\\/\\\/folhapopular.info\\\/index.php\\\/2022\\\/11\\\/17\\\/reporteres-sao-vitimas-de-assedio-em-jogos-de-futebol\\\/#primaryimage\"},\"thumbnailUrl\":\"https:\\\/\\\/folhapopular.info\\\/wp-content\\\/uploads\\\/2022\\\/11\\\/pexels-juan-salamanca-61143-scaled-e1668714830941.jpg\",\"datePublished\":\"2022-11-17T19:55:21+00:00\",\"dateModified\":\"2022-11-17T19:56:56+00:00\",\"author\":{\"@id\":\"https:\\\/\\\/folhapopular.info\\\/#\\\/schema\\\/person\\\/2814e8a0df7643585a9ca38bc6eb9d4b\"},\"breadcrumb\":{\"@id\":\"https:\\\/\\\/folhapopular.info\\\/index.php\\\/2022\\\/11\\\/17\\\/reporteres-sao-vitimas-de-assedio-em-jogos-de-futebol\\\/#breadcrumb\"},\"inLanguage\":\"pt-BR\",\"potentialAction\":[{\"@type\":\"ReadAction\",\"target\":[\"https:\\\/\\\/folhapopular.info\\\/index.php\\\/2022\\\/11\\\/17\\\/reporteres-sao-vitimas-de-assedio-em-jogos-de-futebol\\\/\"]}]},{\"@type\":\"ImageObject\",\"inLanguage\":\"pt-BR\",\"@id\":\"https:\\\/\\\/folhapopular.info\\\/index.php\\\/2022\\\/11\\\/17\\\/reporteres-sao-vitimas-de-assedio-em-jogos-de-futebol\\\/#primaryimage\",\"url\":\"https:\\\/\\\/folhapopular.info\\\/wp-content\\\/uploads\\\/2022\\\/11\\\/pexels-juan-salamanca-61143-scaled-e1668714830941.jpg\",\"contentUrl\":\"https:\\\/\\\/folhapopular.info\\\/wp-content\\\/uploads\\\/2022\\\/11\\\/pexels-juan-salamanca-61143-scaled-e1668714830941.jpg\",\"width\":1200,\"height\":800,\"caption\":\"Cr\u00e9dito: Pexels\"},{\"@type\":\"BreadcrumbList\",\"@id\":\"https:\\\/\\\/folhapopular.info\\\/index.php\\\/2022\\\/11\\\/17\\\/reporteres-sao-vitimas-de-assedio-em-jogos-de-futebol\\\/#breadcrumb\",\"itemListElement\":[{\"@type\":\"ListItem\",\"position\":1,\"name\":\"In\u00edcio\",\"item\":\"https:\\\/\\\/folhapopular.info\\\/\"},{\"@type\":\"ListItem\",\"position\":2,\"name\":\"Rep\u00f3rteres s\u00e3o v\u00edtimas de ass\u00e9dio em jogos de futebol\"}]},{\"@type\":\"WebSite\",\"@id\":\"https:\\\/\\\/folhapopular.info\\\/#website\",\"url\":\"https:\\\/\\\/folhapopular.info\\\/\",\"name\":\"Folha Popular\",\"description\":\"Onde voc\u00ea tem vez e voz\",\"potentialAction\":[{\"@type\":\"SearchAction\",\"target\":{\"@type\":\"EntryPoint\",\"urlTemplate\":\"https:\\\/\\\/folhapopular.info\\\/?s={search_term_string}\"},\"query-input\":{\"@type\":\"PropertyValueSpecification\",\"valueRequired\":true,\"valueName\":\"search_term_string\"}}],\"inLanguage\":\"pt-BR\"},{\"@type\":\"Person\",\"@id\":\"https:\\\/\\\/folhapopular.info\\\/#\\\/schema\\\/person\\\/2814e8a0df7643585a9ca38bc6eb9d4b\",\"name\":\"Reda\u00e7\u00e3o Folha Popular\",\"image\":{\"@type\":\"ImageObject\",\"inLanguage\":\"pt-BR\",\"@id\":\"https:\\\/\\\/folhapopular.info\\\/wp-content\\\/uploads\\\/2026\\\/04\\\/Folha-1.webp\",\"url\":\"https:\\\/\\\/folhapopular.info\\\/wp-content\\\/uploads\\\/2026\\\/04\\\/Folha-1.webp\",\"contentUrl\":\"https:\\\/\\\/folhapopular.info\\\/wp-content\\\/uploads\\\/2026\\\/04\\\/Folha-1.webp\",\"caption\":\"Reda\u00e7\u00e3o Folha Popular\"},\"url\":\"https:\\\/\\\/folhapopular.info\\\/index.php\\\/author\\\/redacao\\\/\"}]}<\/script>\n<!-- \/ Yoast SEO plugin. -->","yoast_head_json":{"title":"Rep\u00f3rteres s\u00e3o v\u00edtimas de ass\u00e9dio em jogos de futebol - Folha Popular","robots":{"index":"index","follow":"follow","max-snippet":"max-snippet:-1","max-image-preview":"max-image-preview:large","max-video-preview":"max-video-preview:-1"},"canonical":"https:\/\/folhapopular.info\/index.php\/2022\/11\/17\/reporteres-sao-vitimas-de-assedio-em-jogos-de-futebol\/","og_locale":"pt_BR","og_type":"article","og_title":"Rep\u00f3rteres s\u00e3o v\u00edtimas de ass\u00e9dio em jogos de futebol - Folha Popular","og_description":"Elas aguentaram por muito tempo caladas. Das arquibancadas ouviram &#8220;e a\u00ed gatinha&#8221;, &#8220;oh gostosa&#8221;, &#8220;quer casar comigo?&#8221;, &#8220;oh l\u00e1 em casa&#8221;. Agora elas decidiram falar. As mulheres rep\u00f3rteres do Grupo Popular da \u00e1rea de esporte decidiram falar sobre o &#8220;ass\u00e9dio&#8221; vindo de alguns torcedores no futebol amador. O estopim foi um novo epis\u00f3dio registrado no [&hellip;]","og_url":"https:\/\/folhapopular.info\/index.php\/2022\/11\/17\/reporteres-sao-vitimas-de-assedio-em-jogos-de-futebol\/","og_site_name":"Folha Popular","article_published_time":"2022-11-17T19:55:21+00:00","article_modified_time":"2022-11-17T19:56:56+00:00","og_image":[{"width":1200,"height":800,"url":"http:\/\/folhapopular.info\/wp-content\/uploads\/2022\/11\/pexels-juan-salamanca-61143-scaled-e1668714830941.jpg","type":"image\/jpeg"}],"author":"Reda\u00e7\u00e3o Folha Popular","twitter_card":"summary_large_image","twitter_misc":{"Escrito por":"Reda\u00e7\u00e3o Folha Popular","Est. tempo de leitura":"3 minutos"},"schema":{"@context":"https:\/\/schema.org","@graph":[{"@type":"Article","@id":"https:\/\/folhapopular.info\/index.php\/2022\/11\/17\/reporteres-sao-vitimas-de-assedio-em-jogos-de-futebol\/#article","isPartOf":{"@id":"https:\/\/folhapopular.info\/index.php\/2022\/11\/17\/reporteres-sao-vitimas-de-assedio-em-jogos-de-futebol\/"},"author":{"name":"Reda\u00e7\u00e3o Folha Popular","@id":"https:\/\/folhapopular.info\/#\/schema\/person\/2814e8a0df7643585a9ca38bc6eb9d4b"},"headline":"Rep\u00f3rteres s\u00e3o v\u00edtimas de ass\u00e9dio em jogos de futebol","datePublished":"2022-11-17T19:55:21+00:00","dateModified":"2022-11-17T19:56:56+00:00","mainEntityOfPage":{"@id":"https:\/\/folhapopular.info\/index.php\/2022\/11\/17\/reporteres-sao-vitimas-de-assedio-em-jogos-de-futebol\/"},"wordCount":428,"commentCount":0,"image":{"@id":"https:\/\/folhapopular.info\/index.php\/2022\/11\/17\/reporteres-sao-vitimas-de-assedio-em-jogos-de-futebol\/#primaryimage"},"thumbnailUrl":"https:\/\/folhapopular.info\/wp-content\/uploads\/2022\/11\/pexels-juan-salamanca-61143-scaled-e1668714830941.jpg","keywords":["Esporte","Futebol","Rep\u00f3rteres","V\u00edtimas"],"articleSection":["Destaques","Geral"],"inLanguage":"pt-BR","potentialAction":[{"@type":"CommentAction","name":"Comment","target":["https:\/\/folhapopular.info\/index.php\/2022\/11\/17\/reporteres-sao-vitimas-de-assedio-em-jogos-de-futebol\/#respond"]}]},{"@type":"WebPage","@id":"https:\/\/folhapopular.info\/index.php\/2022\/11\/17\/reporteres-sao-vitimas-de-assedio-em-jogos-de-futebol\/","url":"https:\/\/folhapopular.info\/index.php\/2022\/11\/17\/reporteres-sao-vitimas-de-assedio-em-jogos-de-futebol\/","name":"Rep\u00f3rteres s\u00e3o v\u00edtimas de ass\u00e9dio em jogos de futebol - Folha Popular","isPartOf":{"@id":"https:\/\/folhapopular.info\/#website"},"primaryImageOfPage":{"@id":"https:\/\/folhapopular.info\/index.php\/2022\/11\/17\/reporteres-sao-vitimas-de-assedio-em-jogos-de-futebol\/#primaryimage"},"image":{"@id":"https:\/\/folhapopular.info\/index.php\/2022\/11\/17\/reporteres-sao-vitimas-de-assedio-em-jogos-de-futebol\/#primaryimage"},"thumbnailUrl":"https:\/\/folhapopular.info\/wp-content\/uploads\/2022\/11\/pexels-juan-salamanca-61143-scaled-e1668714830941.jpg","datePublished":"2022-11-17T19:55:21+00:00","dateModified":"2022-11-17T19:56:56+00:00","author":{"@id":"https:\/\/folhapopular.info\/#\/schema\/person\/2814e8a0df7643585a9ca38bc6eb9d4b"},"breadcrumb":{"@id":"https:\/\/folhapopular.info\/index.php\/2022\/11\/17\/reporteres-sao-vitimas-de-assedio-em-jogos-de-futebol\/#breadcrumb"},"inLanguage":"pt-BR","potentialAction":[{"@type":"ReadAction","target":["https:\/\/folhapopular.info\/index.php\/2022\/11\/17\/reporteres-sao-vitimas-de-assedio-em-jogos-de-futebol\/"]}]},{"@type":"ImageObject","inLanguage":"pt-BR","@id":"https:\/\/folhapopular.info\/index.php\/2022\/11\/17\/reporteres-sao-vitimas-de-assedio-em-jogos-de-futebol\/#primaryimage","url":"https:\/\/folhapopular.info\/wp-content\/uploads\/2022\/11\/pexels-juan-salamanca-61143-scaled-e1668714830941.jpg","contentUrl":"https:\/\/folhapopular.info\/wp-content\/uploads\/2022\/11\/pexels-juan-salamanca-61143-scaled-e1668714830941.jpg","width":1200,"height":800,"caption":"Cr\u00e9dito: Pexels"},{"@type":"BreadcrumbList","@id":"https:\/\/folhapopular.info\/index.php\/2022\/11\/17\/reporteres-sao-vitimas-de-assedio-em-jogos-de-futebol\/#breadcrumb","itemListElement":[{"@type":"ListItem","position":1,"name":"In\u00edcio","item":"https:\/\/folhapopular.info\/"},{"@type":"ListItem","position":2,"name":"Rep\u00f3rteres s\u00e3o v\u00edtimas de ass\u00e9dio em jogos de futebol"}]},{"@type":"WebSite","@id":"https:\/\/folhapopular.info\/#website","url":"https:\/\/folhapopular.info\/","name":"Folha Popular","description":"Onde voc\u00ea tem vez e voz","potentialAction":[{"@type":"SearchAction","target":{"@type":"EntryPoint","urlTemplate":"https:\/\/folhapopular.info\/?s={search_term_string}"},"query-input":{"@type":"PropertyValueSpecification","valueRequired":true,"valueName":"search_term_string"}}],"inLanguage":"pt-BR"},{"@type":"Person","@id":"https:\/\/folhapopular.info\/#\/schema\/person\/2814e8a0df7643585a9ca38bc6eb9d4b","name":"Reda\u00e7\u00e3o Folha Popular","image":{"@type":"ImageObject","inLanguage":"pt-BR","@id":"https:\/\/folhapopular.info\/wp-content\/uploads\/2026\/04\/Folha-1.webp","url":"https:\/\/folhapopular.info\/wp-content\/uploads\/2026\/04\/Folha-1.webp","contentUrl":"https:\/\/folhapopular.info\/wp-content\/uploads\/2026\/04\/Folha-1.webp","caption":"Reda\u00e7\u00e3o Folha Popular"},"url":"https:\/\/folhapopular.info\/index.php\/author\/redacao\/"}]}},"jetpack_featured_media_url":"https:\/\/folhapopular.info\/wp-content\/uploads\/2022\/11\/pexels-juan-salamanca-61143-scaled-e1668714830941.jpg","jetpack_sharing_enabled":true,"amp_enabled":true,"_links":{"self":[{"href":"https:\/\/folhapopular.info\/index.php\/wp-json\/wp\/v2\/posts\/116542","targetHints":{"allow":["GET"]}}],"collection":[{"href":"https:\/\/folhapopular.info\/index.php\/wp-json\/wp\/v2\/posts"}],"about":[{"href":"https:\/\/folhapopular.info\/index.php\/wp-json\/wp\/v2\/types\/post"}],"author":[{"embeddable":true,"href":"https:\/\/folhapopular.info\/index.php\/wp-json\/wp\/v2\/users\/8"}],"replies":[{"embeddable":true,"href":"https:\/\/folhapopular.info\/index.php\/wp-json\/wp\/v2\/comments?post=116542"}],"version-history":[{"count":0,"href":"https:\/\/folhapopular.info\/index.php\/wp-json\/wp\/v2\/posts\/116542\/revisions"}],"wp:featuredmedia":[{"embeddable":true,"href":"https:\/\/folhapopular.info\/index.php\/wp-json\/wp\/v2\/media\/116544"}],"wp:attachment":[{"href":"https:\/\/folhapopular.info\/index.php\/wp-json\/wp\/v2\/media?parent=116542"}],"wp:term":[{"taxonomy":"category","embeddable":true,"href":"https:\/\/folhapopular.info\/index.php\/wp-json\/wp\/v2\/categories?post=116542"},{"taxonomy":"post_tag","embeddable":true,"href":"https:\/\/folhapopular.info\/index.php\/wp-json\/wp\/v2\/tags?post=116542"}],"curies":[{"name":"wp","href":"https:\/\/api.w.org\/{rel}","templated":true}]}}