{"id":116545,"date":"2022-11-18T13:59:22","date_gmt":"2022-11-18T16:59:22","guid":{"rendered":"https:\/\/folhapopular.info\/?p=116545"},"modified":"2022-11-18T13:59:22","modified_gmt":"2022-11-18T16:59:22","slug":"2o-forum-do-pacto-lajeado-pela-paz-apresenta-resultados-dos-programas","status":"publish","type":"post","link":"https:\/\/folhapopular.info\/index.php\/2022\/11\/18\/2o-forum-do-pacto-lajeado-pela-paz-apresenta-resultados-dos-programas\/","title":{"rendered":"<strong>2\u00ba F\u00f3rum do Pacto Lajeado Pela Paz apresenta resultados dos programas<\/strong>"},"content":{"rendered":"\n<p>Apresenta\u00e7\u00f5es e relatos emocionantes marcaram a noite de quarta-feira (16\/11), durante o 2\u00ba F\u00f3rum do Pacto Lajeado Pela Paz. A comunidade p\u00f4de acompanhar a apresenta\u00e7\u00e3o de projetos, a\u00e7\u00f5es e os resultados do programa, que foi lan\u00e7ado em junho de 2019 no munic\u00edpio. <\/p>\n\n\n\n<p>O evento ocorreu no audit\u00f3rio do Col\u00e9gio Evang\u00e9lico Alberto Torres. Comunidade e autoridades do poder executivo, legislativo, judici\u00e1rio e das for\u00e7as de seguran\u00e7a da regi\u00e3o participaram do F\u00f3rum.<\/p>\n\n\n\n<p>Durante o evento, foram apresentadas as atividades desenvolvidas nos dois eixos de atua\u00e7\u00e3o do Pacto: da preven\u00e7\u00e3o e da aplica\u00e7\u00e3o da lei.&nbsp;O prefeito Marcelo Caumo foi o primeiro a subir ao palco para recordar o surgimento e a evolu\u00e7\u00e3o do Pacto no munic\u00edpio.<\/p>\n\n\n\n<p>&#8220;A analogia que eu fa\u00e7o \u00e9 que o Pacto ainda \u00e9 uma crian\u00e7a pequena, que a gente espera que com passar do tempo atinja a sua independ\u00eancia e crie vida pr\u00f3pria. Por enquanto, ele ainda depende de todos n\u00f3s, agentes de transforma\u00e7\u00e3o de cada projeto que forma o Pacto. \u00c9 fundamental que sigamos auxiliando o Pacto para que ele siga crescendo, assim como nosso munic\u00edpio&#8221;, ressaltou.<\/p>\n\n\n\n<p>A coordenadora do Pacto Lajeado pela Paz, T\u00e2nia Rodrigues, destaca que o eixo de preven\u00e7\u00e3o \u00e9 a dissemina\u00e7\u00e3o da paz com a aplica\u00e7\u00e3o de projetos socioemocionais, de c\u00edrculos de di\u00e1logo, de parentalidade positiva e outras ferramentas que contribuem para que as pessoas aprendam a lidar com seus conflitos.<\/p>\n\n\n\n<p>&#8220;Os programas do Pacto v\u00e3o desde a gesta\u00e7\u00e3o at\u00e9 a vida adulta. Eles t\u00eam avan\u00e7ado cada vez mais com apoio da comunidade e dos facilitadores da paz que atuam no nosso programa. Neste novo ano, vamos caminhar juntos com os eixos de preven\u00e7\u00e3o e aplica\u00e7\u00e3o da lei&#8221;, avalia.<\/p>\n\n\n\n<p>Na \u00e1rea da aplica\u00e7\u00e3o da lei, o secret\u00e1rio da Seguran\u00e7a P\u00fablica, Paulo Locatelli, enfatiza que o eixo \u00e9 um somat\u00f3rio de esfor\u00e7os entre os \u00f3rg\u00e3os de seguran\u00e7a de Lajeado e regi\u00e3o. <\/p>\n\n\n\n<p>&#8220;Quando trabalhamos de forma integrada com as pol\u00edcias, judici\u00e1rio e Minist\u00e9rio P\u00fablico, tudo funciona melhor. As a\u00e7\u00f5es integradas de fiscaliza\u00e7\u00e3o e policiamento s\u00e3o um exemplo disso. J\u00e1 realizamos mais de 120 a\u00e7\u00f5es para ampliar a sensa\u00e7\u00e3o de seguran\u00e7a no munic\u00edpio&#8221;, destaca.<\/p>\n\n\n\n<p><strong>Apresenta\u00e7\u00f5es<\/strong><br>Durante o F\u00f3rum, foram apresentados os projetos desenvolvidos no eixo de preven\u00e7\u00e3o como o AME (voltado para m\u00e3es, pais e cuidadores de crian\u00e7as atendidos em servi\u00e7os de sa\u00fade do munic\u00edpio), o Conte Comigo (programa de compartilhamento de livros para crian\u00e7as de 3 a 6 anos e fam\u00edlias), o Seja (programa que desenvolve habilidades socioemocionais voltado para jovens do 1\u00ba ao 9\u00ba do ensino fundamental), Cada Jovem Conta (programa de preven\u00e7\u00e3o voltado a identificar, de forma precoce, adolescentes e jovens com comportamentos de risco e desenvolver a\u00e7\u00f5es integradas entre as \u00e1reas de Educa\u00e7\u00e3o, Assist\u00eancia Social, Cultura, Esporte e Lazer) e o Sagaz (que utiliza t\u00e9cnicas cognitivo-comportamentais e est\u00e1 voltado para adolescentes e jovens entre 12 e 17 anos com problemas de comportamento em escolas ou em cumprimento de medidas socioeducativas).<\/p>\n\n\n\n<p>Al\u00e9m destes programas, o Pacto conta com os projetos da Justi\u00e7a Restaurativa e dos C\u00edrculos de Constru\u00e7\u00e3o de Paz. Os objetivos dos programas e de que forma eles est\u00e3o sendo executados no munic\u00edpio foram apresentados pelos coordenadores de cada projeto e por pessoas impactadas pelos programas.<\/p>\n\n\n\n<p>O eixo de aplica\u00e7\u00e3o da lei apresentou resultados do Pacto sobre a criminalidade, como a redu\u00e7\u00e3o de 45% no \u00edndice dos crimes violentos letais intencionais nos \u00faltimos 12 meses, assim como a queda no n\u00famero de homic\u00eddios e tentativas de homic\u00eddio desde o lan\u00e7amento do programa, e redu\u00e7\u00e3o de 17% no \u00edndice de crime de roubo a pedestre nos \u00faltimos seis meses.<\/p>\n\n\n\n<p>Durante o F\u00f3rum, o Pacto Lajeado pela Paz tamb\u00e9m formalizou parcerias com a empresa Docile e com o Centro de Integra\u00e7\u00e3o Empresa-Escola (Ciee) para o programa Banco de Oportunidades. O projeto visa oferecer inclus\u00e3o social para as pessoas inseridas nos programas de preven\u00e7\u00e3o da viol\u00eancia.<\/p>\n\n\n\n<p>O F\u00f3rum tamb\u00e9m contou com apresenta\u00e7\u00f5es do Grupo Musical Tocando e Cantando Alegria de Viver da Sociedade Lajeadense de Atendimento \u00e0 Crian\u00e7a e ao Adolescente (SLAN), e dos servidores p\u00fablicos Alexandre Fransozi e Let\u00edcia Craide Demaman.<\/p>\n\n\n\n<p>Confira o v\u00eddeo do F\u00f3rum no <a href=\"https:\/\/www.youtube.com\/watch?v=BodVvHZTEg8\">YouTube<\/a>.<\/p>\n","protected":false},"excerpt":{"rendered":"<p>Apresenta\u00e7\u00f5es e relatos emocionantes marcaram a noite de quarta-feira (16\/11), durante o 2\u00ba F\u00f3rum do Pacto Lajeado Pela Paz. A comunidade p\u00f4de acompanhar a apresenta\u00e7\u00e3o de projetos, a\u00e7\u00f5es e os resultados do programa, que foi lan\u00e7ado em junho de 2019 no munic\u00edpio. O evento ocorreu no audit\u00f3rio do Col\u00e9gio Evang\u00e9lico Alberto Torres. Comunidade e autoridades [&hellip;]<\/p>\n","protected":false},"author":8,"featured_media":116546,"comment_status":"open","ping_status":"open","sticky":false,"template":"","format":"standard","meta":{"pmpro_default_level":"","_jetpack_memberships_contains_paid_content":false,"footnotes":""},"categories":[2,3],"tags":[5366,27,4284,1507,6250],"class_list":{"0":"post-116545","1":"post","2":"type-post","3":"status-publish","4":"format-standard","5":"has-post-thumbnail","7":"category-featured","8":"category-geral","9":"tag-comunidade","10":"tag-lajeado","11":"tag-pacto-pela-paz","12":"tag-programacao","13":"tag-projetos","14":"pmpro-has-access"},"yoast_head":"<!-- This site is optimized with the Yoast SEO plugin v27.5 - https:\/\/yoast.com\/product\/yoast-seo-wordpress\/ -->\n<title>2\u00ba F\u00f3rum do Pacto Lajeado Pela Paz apresenta resultados dos programas - Folha Popular<\/title>\n<meta name=\"robots\" content=\"index, follow, max-snippet:-1, max-image-preview:large, max-video-preview:-1\" \/>\n<link rel=\"canonical\" href=\"https:\/\/folhapopular.info\/index.php\/2022\/11\/18\/2o-forum-do-pacto-lajeado-pela-paz-apresenta-resultados-dos-programas\/\" \/>\n<meta property=\"og:locale\" content=\"pt_BR\" \/>\n<meta property=\"og:type\" content=\"article\" \/>\n<meta property=\"og:title\" content=\"2\u00ba F\u00f3rum do Pacto Lajeado Pela Paz apresenta resultados dos programas - Folha Popular\" \/>\n<meta property=\"og:description\" content=\"Apresenta\u00e7\u00f5es e relatos emocionantes marcaram a noite de quarta-feira (16\/11), durante o 2\u00ba F\u00f3rum do Pacto Lajeado Pela Paz. A comunidade p\u00f4de acompanhar a apresenta\u00e7\u00e3o de projetos, a\u00e7\u00f5es e os resultados do programa, que foi lan\u00e7ado em junho de 2019 no munic\u00edpio. O evento ocorreu no audit\u00f3rio do Col\u00e9gio Evang\u00e9lico Alberto Torres. Comunidade e autoridades [&hellip;]\" \/>\n<meta property=\"og:url\" content=\"https:\/\/folhapopular.info\/index.php\/2022\/11\/18\/2o-forum-do-pacto-lajeado-pela-paz-apresenta-resultados-dos-programas\/\" \/>\n<meta property=\"og:site_name\" content=\"Folha Popular\" \/>\n<meta property=\"article:published_time\" content=\"2022-11-18T16:59:22+00:00\" \/>\n<meta name=\"author\" content=\"Reda\u00e7\u00e3o Folha Popular\" \/>\n<meta name=\"twitter:card\" content=\"summary_large_image\" \/>\n<meta name=\"twitter:label1\" content=\"Escrito por\" \/>\n\t<meta name=\"twitter:data1\" content=\"Reda\u00e7\u00e3o Folha Popular\" \/>\n\t<meta name=\"twitter:label2\" content=\"Est. tempo de leitura\" \/>\n\t<meta name=\"twitter:data2\" content=\"4 minutos\" \/>\n<script type=\"application\/ld+json\" class=\"yoast-schema-graph\">{\"@context\":\"https:\\\/\\\/schema.org\",\"@graph\":[{\"@type\":\"Article\",\"@id\":\"https:\\\/\\\/folhapopular.info\\\/index.php\\\/2022\\\/11\\\/18\\\/2o-forum-do-pacto-lajeado-pela-paz-apresenta-resultados-dos-programas\\\/#article\",\"isPartOf\":{\"@id\":\"https:\\\/\\\/folhapopular.info\\\/index.php\\\/2022\\\/11\\\/18\\\/2o-forum-do-pacto-lajeado-pela-paz-apresenta-resultados-dos-programas\\\/\"},\"author\":{\"name\":\"Reda\u00e7\u00e3o Folha Popular\",\"@id\":\"https:\\\/\\\/folhapopular.info\\\/#\\\/schema\\\/person\\\/2814e8a0df7643585a9ca38bc6eb9d4b\"},\"headline\":\"2\u00ba F\u00f3rum do Pacto Lajeado Pela Paz apresenta resultados dos programas\",\"datePublished\":\"2022-11-18T16:59:22+00:00\",\"mainEntityOfPage\":{\"@id\":\"https:\\\/\\\/folhapopular.info\\\/index.php\\\/2022\\\/11\\\/18\\\/2o-forum-do-pacto-lajeado-pela-paz-apresenta-resultados-dos-programas\\\/\"},\"wordCount\":768,\"commentCount\":0,\"image\":{\"@id\":\"https:\\\/\\\/folhapopular.info\\\/index.php\\\/2022\\\/11\\\/18\\\/2o-forum-do-pacto-lajeado-pela-paz-apresenta-resultados-dos-programas\\\/#primaryimage\"},\"thumbnailUrl\":\"https:\\\/\\\/folhapopular.info\\\/wp-content\\\/uploads\\\/2022\\\/11\\\/Forum-Pacto-Pela-Paz-scaled-e1668717152424.jpg\",\"keywords\":[\"Comunidade\",\"Lajeado\",\"Pacto pela Paz\",\"Programa\u00e7\u00e3o\",\"Projetos\"],\"articleSection\":[\"Destaques\",\"Geral\"],\"inLanguage\":\"pt-BR\",\"potentialAction\":[{\"@type\":\"CommentAction\",\"name\":\"Comment\",\"target\":[\"https:\\\/\\\/folhapopular.info\\\/index.php\\\/2022\\\/11\\\/18\\\/2o-forum-do-pacto-lajeado-pela-paz-apresenta-resultados-dos-programas\\\/#respond\"]}]},{\"@type\":\"WebPage\",\"@id\":\"https:\\\/\\\/folhapopular.info\\\/index.php\\\/2022\\\/11\\\/18\\\/2o-forum-do-pacto-lajeado-pela-paz-apresenta-resultados-dos-programas\\\/\",\"url\":\"https:\\\/\\\/folhapopular.info\\\/index.php\\\/2022\\\/11\\\/18\\\/2o-forum-do-pacto-lajeado-pela-paz-apresenta-resultados-dos-programas\\\/\",\"name\":\"2\u00ba F\u00f3rum do Pacto Lajeado Pela Paz apresenta resultados dos programas - Folha Popular\",\"isPartOf\":{\"@id\":\"https:\\\/\\\/folhapopular.info\\\/#website\"},\"primaryImageOfPage\":{\"@id\":\"https:\\\/\\\/folhapopular.info\\\/index.php\\\/2022\\\/11\\\/18\\\/2o-forum-do-pacto-lajeado-pela-paz-apresenta-resultados-dos-programas\\\/#primaryimage\"},\"image\":{\"@id\":\"https:\\\/\\\/folhapopular.info\\\/index.php\\\/2022\\\/11\\\/18\\\/2o-forum-do-pacto-lajeado-pela-paz-apresenta-resultados-dos-programas\\\/#primaryimage\"},\"thumbnailUrl\":\"https:\\\/\\\/folhapopular.info\\\/wp-content\\\/uploads\\\/2022\\\/11\\\/Forum-Pacto-Pela-Paz-scaled-e1668717152424.jpg\",\"datePublished\":\"2022-11-18T16:59:22+00:00\",\"author\":{\"@id\":\"https:\\\/\\\/folhapopular.info\\\/#\\\/schema\\\/person\\\/2814e8a0df7643585a9ca38bc6eb9d4b\"},\"breadcrumb\":{\"@id\":\"https:\\\/\\\/folhapopular.info\\\/index.php\\\/2022\\\/11\\\/18\\\/2o-forum-do-pacto-lajeado-pela-paz-apresenta-resultados-dos-programas\\\/#breadcrumb\"},\"inLanguage\":\"pt-BR\",\"potentialAction\":[{\"@type\":\"ReadAction\",\"target\":[\"https:\\\/\\\/folhapopular.info\\\/index.php\\\/2022\\\/11\\\/18\\\/2o-forum-do-pacto-lajeado-pela-paz-apresenta-resultados-dos-programas\\\/\"]}]},{\"@type\":\"ImageObject\",\"inLanguage\":\"pt-BR\",\"@id\":\"https:\\\/\\\/folhapopular.info\\\/index.php\\\/2022\\\/11\\\/18\\\/2o-forum-do-pacto-lajeado-pela-paz-apresenta-resultados-dos-programas\\\/#primaryimage\",\"url\":\"https:\\\/\\\/folhapopular.info\\\/wp-content\\\/uploads\\\/2022\\\/11\\\/Forum-Pacto-Pela-Paz-scaled-e1668717152424.jpg\",\"contentUrl\":\"https:\\\/\\\/folhapopular.info\\\/wp-content\\\/uploads\\\/2022\\\/11\\\/Forum-Pacto-Pela-Paz-scaled-e1668717152424.jpg\",\"width\":1200,\"height\":800,\"caption\":\"Cr\u00e9dito: Laura Mallmann\"},{\"@type\":\"BreadcrumbList\",\"@id\":\"https:\\\/\\\/folhapopular.info\\\/index.php\\\/2022\\\/11\\\/18\\\/2o-forum-do-pacto-lajeado-pela-paz-apresenta-resultados-dos-programas\\\/#breadcrumb\",\"itemListElement\":[{\"@type\":\"ListItem\",\"position\":1,\"name\":\"In\u00edcio\",\"item\":\"https:\\\/\\\/folhapopular.info\\\/\"},{\"@type\":\"ListItem\",\"position\":2,\"name\":\"2\u00ba F\u00f3rum do Pacto Lajeado Pela Paz apresenta resultados dos programas\"}]},{\"@type\":\"WebSite\",\"@id\":\"https:\\\/\\\/folhapopular.info\\\/#website\",\"url\":\"https:\\\/\\\/folhapopular.info\\\/\",\"name\":\"Folha Popular\",\"description\":\"Onde voc\u00ea tem vez e voz\",\"potentialAction\":[{\"@type\":\"SearchAction\",\"target\":{\"@type\":\"EntryPoint\",\"urlTemplate\":\"https:\\\/\\\/folhapopular.info\\\/?s={search_term_string}\"},\"query-input\":{\"@type\":\"PropertyValueSpecification\",\"valueRequired\":true,\"valueName\":\"search_term_string\"}}],\"inLanguage\":\"pt-BR\"},{\"@type\":\"Person\",\"@id\":\"https:\\\/\\\/folhapopular.info\\\/#\\\/schema\\\/person\\\/2814e8a0df7643585a9ca38bc6eb9d4b\",\"name\":\"Reda\u00e7\u00e3o Folha Popular\",\"image\":{\"@type\":\"ImageObject\",\"inLanguage\":\"pt-BR\",\"@id\":\"https:\\\/\\\/folhapopular.info\\\/wp-content\\\/uploads\\\/2026\\\/04\\\/Folha-1.webp\",\"url\":\"https:\\\/\\\/folhapopular.info\\\/wp-content\\\/uploads\\\/2026\\\/04\\\/Folha-1.webp\",\"contentUrl\":\"https:\\\/\\\/folhapopular.info\\\/wp-content\\\/uploads\\\/2026\\\/04\\\/Folha-1.webp\",\"caption\":\"Reda\u00e7\u00e3o Folha Popular\"},\"url\":\"https:\\\/\\\/folhapopular.info\\\/index.php\\\/author\\\/redacao\\\/\"}]}<\/script>\n<!-- \/ Yoast SEO plugin. -->","yoast_head_json":{"title":"2\u00ba F\u00f3rum do Pacto Lajeado Pela Paz apresenta resultados dos programas - Folha Popular","robots":{"index":"index","follow":"follow","max-snippet":"max-snippet:-1","max-image-preview":"max-image-preview:large","max-video-preview":"max-video-preview:-1"},"canonical":"https:\/\/folhapopular.info\/index.php\/2022\/11\/18\/2o-forum-do-pacto-lajeado-pela-paz-apresenta-resultados-dos-programas\/","og_locale":"pt_BR","og_type":"article","og_title":"2\u00ba F\u00f3rum do Pacto Lajeado Pela Paz apresenta resultados dos programas - Folha Popular","og_description":"Apresenta\u00e7\u00f5es e relatos emocionantes marcaram a noite de quarta-feira (16\/11), durante o 2\u00ba F\u00f3rum do Pacto Lajeado Pela Paz. A comunidade p\u00f4de acompanhar a apresenta\u00e7\u00e3o de projetos, a\u00e7\u00f5es e os resultados do programa, que foi lan\u00e7ado em junho de 2019 no munic\u00edpio. O evento ocorreu no audit\u00f3rio do Col\u00e9gio Evang\u00e9lico Alberto Torres. Comunidade e autoridades [&hellip;]","og_url":"https:\/\/folhapopular.info\/index.php\/2022\/11\/18\/2o-forum-do-pacto-lajeado-pela-paz-apresenta-resultados-dos-programas\/","og_site_name":"Folha Popular","article_published_time":"2022-11-18T16:59:22+00:00","author":"Reda\u00e7\u00e3o Folha Popular","twitter_card":"summary_large_image","twitter_misc":{"Escrito por":"Reda\u00e7\u00e3o Folha Popular","Est. tempo de leitura":"4 minutos"},"schema":{"@context":"https:\/\/schema.org","@graph":[{"@type":"Article","@id":"https:\/\/folhapopular.info\/index.php\/2022\/11\/18\/2o-forum-do-pacto-lajeado-pela-paz-apresenta-resultados-dos-programas\/#article","isPartOf":{"@id":"https:\/\/folhapopular.info\/index.php\/2022\/11\/18\/2o-forum-do-pacto-lajeado-pela-paz-apresenta-resultados-dos-programas\/"},"author":{"name":"Reda\u00e7\u00e3o Folha Popular","@id":"https:\/\/folhapopular.info\/#\/schema\/person\/2814e8a0df7643585a9ca38bc6eb9d4b"},"headline":"2\u00ba F\u00f3rum do Pacto Lajeado Pela Paz apresenta resultados dos programas","datePublished":"2022-11-18T16:59:22+00:00","mainEntityOfPage":{"@id":"https:\/\/folhapopular.info\/index.php\/2022\/11\/18\/2o-forum-do-pacto-lajeado-pela-paz-apresenta-resultados-dos-programas\/"},"wordCount":768,"commentCount":0,"image":{"@id":"https:\/\/folhapopular.info\/index.php\/2022\/11\/18\/2o-forum-do-pacto-lajeado-pela-paz-apresenta-resultados-dos-programas\/#primaryimage"},"thumbnailUrl":"https:\/\/folhapopular.info\/wp-content\/uploads\/2022\/11\/Forum-Pacto-Pela-Paz-scaled-e1668717152424.jpg","keywords":["Comunidade","Lajeado","Pacto pela Paz","Programa\u00e7\u00e3o","Projetos"],"articleSection":["Destaques","Geral"],"inLanguage":"pt-BR","potentialAction":[{"@type":"CommentAction","name":"Comment","target":["https:\/\/folhapopular.info\/index.php\/2022\/11\/18\/2o-forum-do-pacto-lajeado-pela-paz-apresenta-resultados-dos-programas\/#respond"]}]},{"@type":"WebPage","@id":"https:\/\/folhapopular.info\/index.php\/2022\/11\/18\/2o-forum-do-pacto-lajeado-pela-paz-apresenta-resultados-dos-programas\/","url":"https:\/\/folhapopular.info\/index.php\/2022\/11\/18\/2o-forum-do-pacto-lajeado-pela-paz-apresenta-resultados-dos-programas\/","name":"2\u00ba F\u00f3rum do Pacto Lajeado Pela Paz apresenta resultados dos programas - Folha Popular","isPartOf":{"@id":"https:\/\/folhapopular.info\/#website"},"primaryImageOfPage":{"@id":"https:\/\/folhapopular.info\/index.php\/2022\/11\/18\/2o-forum-do-pacto-lajeado-pela-paz-apresenta-resultados-dos-programas\/#primaryimage"},"image":{"@id":"https:\/\/folhapopular.info\/index.php\/2022\/11\/18\/2o-forum-do-pacto-lajeado-pela-paz-apresenta-resultados-dos-programas\/#primaryimage"},"thumbnailUrl":"https:\/\/folhapopular.info\/wp-content\/uploads\/2022\/11\/Forum-Pacto-Pela-Paz-scaled-e1668717152424.jpg","datePublished":"2022-11-18T16:59:22+00:00","author":{"@id":"https:\/\/folhapopular.info\/#\/schema\/person\/2814e8a0df7643585a9ca38bc6eb9d4b"},"breadcrumb":{"@id":"https:\/\/folhapopular.info\/index.php\/2022\/11\/18\/2o-forum-do-pacto-lajeado-pela-paz-apresenta-resultados-dos-programas\/#breadcrumb"},"inLanguage":"pt-BR","potentialAction":[{"@type":"ReadAction","target":["https:\/\/folhapopular.info\/index.php\/2022\/11\/18\/2o-forum-do-pacto-lajeado-pela-paz-apresenta-resultados-dos-programas\/"]}]},{"@type":"ImageObject","inLanguage":"pt-BR","@id":"https:\/\/folhapopular.info\/index.php\/2022\/11\/18\/2o-forum-do-pacto-lajeado-pela-paz-apresenta-resultados-dos-programas\/#primaryimage","url":"https:\/\/folhapopular.info\/wp-content\/uploads\/2022\/11\/Forum-Pacto-Pela-Paz-scaled-e1668717152424.jpg","contentUrl":"https:\/\/folhapopular.info\/wp-content\/uploads\/2022\/11\/Forum-Pacto-Pela-Paz-scaled-e1668717152424.jpg","width":1200,"height":800,"caption":"Cr\u00e9dito: Laura Mallmann"},{"@type":"BreadcrumbList","@id":"https:\/\/folhapopular.info\/index.php\/2022\/11\/18\/2o-forum-do-pacto-lajeado-pela-paz-apresenta-resultados-dos-programas\/#breadcrumb","itemListElement":[{"@type":"ListItem","position":1,"name":"In\u00edcio","item":"https:\/\/folhapopular.info\/"},{"@type":"ListItem","position":2,"name":"2\u00ba F\u00f3rum do Pacto Lajeado Pela Paz apresenta resultados dos programas"}]},{"@type":"WebSite","@id":"https:\/\/folhapopular.info\/#website","url":"https:\/\/folhapopular.info\/","name":"Folha Popular","description":"Onde voc\u00ea tem vez e voz","potentialAction":[{"@type":"SearchAction","target":{"@type":"EntryPoint","urlTemplate":"https:\/\/folhapopular.info\/?s={search_term_string}"},"query-input":{"@type":"PropertyValueSpecification","valueRequired":true,"valueName":"search_term_string"}}],"inLanguage":"pt-BR"},{"@type":"Person","@id":"https:\/\/folhapopular.info\/#\/schema\/person\/2814e8a0df7643585a9ca38bc6eb9d4b","name":"Reda\u00e7\u00e3o Folha Popular","image":{"@type":"ImageObject","inLanguage":"pt-BR","@id":"https:\/\/folhapopular.info\/wp-content\/uploads\/2026\/04\/Folha-1.webp","url":"https:\/\/folhapopular.info\/wp-content\/uploads\/2026\/04\/Folha-1.webp","contentUrl":"https:\/\/folhapopular.info\/wp-content\/uploads\/2026\/04\/Folha-1.webp","caption":"Reda\u00e7\u00e3o Folha Popular"},"url":"https:\/\/folhapopular.info\/index.php\/author\/redacao\/"}]}},"jetpack_featured_media_url":"https:\/\/folhapopular.info\/wp-content\/uploads\/2022\/11\/Forum-Pacto-Pela-Paz-scaled-e1668717152424.jpg","jetpack_sharing_enabled":true,"amp_enabled":true,"_links":{"self":[{"href":"https:\/\/folhapopular.info\/index.php\/wp-json\/wp\/v2\/posts\/116545","targetHints":{"allow":["GET"]}}],"collection":[{"href":"https:\/\/folhapopular.info\/index.php\/wp-json\/wp\/v2\/posts"}],"about":[{"href":"https:\/\/folhapopular.info\/index.php\/wp-json\/wp\/v2\/types\/post"}],"author":[{"embeddable":true,"href":"https:\/\/folhapopular.info\/index.php\/wp-json\/wp\/v2\/users\/8"}],"replies":[{"embeddable":true,"href":"https:\/\/folhapopular.info\/index.php\/wp-json\/wp\/v2\/comments?post=116545"}],"version-history":[{"count":0,"href":"https:\/\/folhapopular.info\/index.php\/wp-json\/wp\/v2\/posts\/116545\/revisions"}],"wp:featuredmedia":[{"embeddable":true,"href":"https:\/\/folhapopular.info\/index.php\/wp-json\/wp\/v2\/media\/116546"}],"wp:attachment":[{"href":"https:\/\/folhapopular.info\/index.php\/wp-json\/wp\/v2\/media?parent=116545"}],"wp:term":[{"taxonomy":"category","embeddable":true,"href":"https:\/\/folhapopular.info\/index.php\/wp-json\/wp\/v2\/categories?post=116545"},{"taxonomy":"post_tag","embeddable":true,"href":"https:\/\/folhapopular.info\/index.php\/wp-json\/wp\/v2\/tags?post=116545"}],"curies":[{"name":"wp","href":"https:\/\/api.w.org\/{rel}","templated":true}]}}