{"id":116562,"date":"2022-11-18T14:02:03","date_gmt":"2022-11-18T17:02:03","guid":{"rendered":"https:\/\/folhapopular.info\/?p=116562"},"modified":"2022-11-18T14:02:06","modified_gmt":"2022-11-18T17:02:06","slug":"jaque-retoma-treinamentos-de-olho-em-2023","status":"publish","type":"post","link":"https:\/\/folhapopular.info\/index.php\/2022\/11\/18\/jaque-retoma-treinamentos-de-olho-em-2023\/","title":{"rendered":"Jaque retoma treinamentos de olho em 2023"},"content":{"rendered":"\n<p>O ano ainda n\u00e3o acabou, mas para atleta da AMO\/Languiru\/Certel\/Miller\/Fila, Jaqueline Weber, o foco j\u00e1 est\u00e1 em 2023. Ap\u00f3s 30 dias de f\u00e9rias, a atleta retornou as pistas nesta semana, com o per\u00edodo de prepara\u00e7\u00e3o b\u00e1sica, que se estender\u00e1 at\u00e9 o fim de janeiro.<\/p>\n\n\n\n<p>\u201cEsses dias de descanso s\u00e3o muito esperados. Tudo bem que eu corri algumas provinhas de rua durante o per\u00edodo (risos), mas sem muito compromisso. A rotina durante o ano \u00e9 intensa, com cerca de 10 treinos semanais e muitas competi\u00e7\u00f5es, ent\u00e3o quando chegam as f\u00e9rias gente aproveita\u201d, relata a atleta.<\/p>\n\n\n\n<p>Passado o per\u00edodo, Jaque retorna gradativamente a rotina. Ser\u00e3o quase 5 meses de prepara\u00e7\u00e3o para o in\u00edcio das competi\u00e7\u00f5es, em mar\u00e7o do pr\u00f3ximo ano.<\/p>\n\n\n\n<p>\u201cA temporada 2023 \u00e9 muito importante, pr\u00e9-ol\u00edmpica. Faremos uma longa e gradual prepara\u00e7\u00e3o. Dividida entre per\u00edodo de base, per\u00edodo espec\u00edfico e per\u00edodo competitivo. S\u00e3o meses, de muitos kms rodados e treinos espec\u00edficos para que a gente busque marcas m\u00ednimas e recordes pessoais. A ideia \u00e9 estar na melhor forma f\u00edsica mesmo entre os meses de maio e julho, onde teremos os GPS Internacionais, Trof\u00e9u Brasil, Campeonato Sul Americano e turn\u00ea Europa. Ap\u00f3s, espero estar qualificada para o Pan Americano, que ocorre no fim de outubro, onde faremos um segundo pico de performance\u201d, explica.<\/p>\n\n\n\n<p>Mas para que todos os planos ocorram como o esperando, Jaque ressalta a import\u00e2ncia da continuidade do trabalho.<\/p>\n\n\n\n<p>\u201c\u00c9 fundamental n\u00e3o termos muitas surpresas. Principalmente relacionadas a les\u00f5es. Portanto tenho uma rotina muito focada, em parceria com profissionais de nutri\u00e7\u00e3o, fisioterapia e tamb\u00e9m da \u00e1rea mental. Junto com meu treinador Fabiano, planejamos cada passo\u201d.<br>O per\u00edodo de final de ano tamb\u00e9m serve para Jaque estruturar seu time de parceiros para pr\u00f3xima temporada.<\/p>\n\n\n\n<p>\u201cFelizmente tenho ao meu lado empresas muito fi\u00e9is. H\u00e1 anos por meio deste respaldo consigo me manter competitiva a n\u00edvel internacional. E \u00e9 neste per\u00edodo que busco tamb\u00e9m novos contatos que queiram estar comigo, neste que eu chamo de Time Ol\u00edmpico\u201d, finaliza a atleta.<\/p>\n","protected":false},"excerpt":{"rendered":"<p>O ano ainda n\u00e3o acabou, mas para atleta da AMO\/Languiru\/Certel\/Miller\/Fila, Jaqueline Weber, o foco j\u00e1 est\u00e1 em 2023. Ap\u00f3s 30 dias de f\u00e9rias, a atleta retornou as pistas nesta semana, com o per\u00edodo de prepara\u00e7\u00e3o b\u00e1sica, que se estender\u00e1 at\u00e9 o fim de janeiro. \u201cEsses dias de descanso s\u00e3o muito esperados. Tudo bem que eu [&hellip;]<\/p>\n","protected":false},"author":8,"featured_media":116563,"comment_status":"open","ping_status":"open","sticky":false,"template":"","format":"standard","meta":{"pmpro_default_level":"","_jetpack_memberships_contains_paid_content":false,"footnotes":""},"categories":[5],"tags":[4939,10325,6228,10324],"class_list":{"0":"post-116562","1":"post","2":"type-post","3":"status-publish","4":"format-standard","5":"has-post-thumbnail","7":"category-esportes","8":"tag-jaque-weber","9":"tag-olho-2023","10":"tag-retorno","11":"tag-treinamentos","12":"pmpro-has-access"},"yoast_head":"<!-- This site is optimized with the Yoast SEO plugin v27.5 - https:\/\/yoast.com\/product\/yoast-seo-wordpress\/ -->\n<title>Jaque retoma treinamentos de olho em 2023 - Folha Popular<\/title>\n<meta name=\"robots\" content=\"index, follow, max-snippet:-1, max-image-preview:large, max-video-preview:-1\" \/>\n<link rel=\"canonical\" href=\"https:\/\/folhapopular.info\/index.php\/2022\/11\/18\/jaque-retoma-treinamentos-de-olho-em-2023\/\" \/>\n<meta property=\"og:locale\" content=\"pt_BR\" \/>\n<meta property=\"og:type\" content=\"article\" \/>\n<meta property=\"og:title\" content=\"Jaque retoma treinamentos de olho em 2023 - Folha Popular\" \/>\n<meta property=\"og:description\" content=\"O ano ainda n\u00e3o acabou, mas para atleta da AMO\/Languiru\/Certel\/Miller\/Fila, Jaqueline Weber, o foco j\u00e1 est\u00e1 em 2023. Ap\u00f3s 30 dias de f\u00e9rias, a atleta retornou as pistas nesta semana, com o per\u00edodo de prepara\u00e7\u00e3o b\u00e1sica, que se estender\u00e1 at\u00e9 o fim de janeiro. \u201cEsses dias de descanso s\u00e3o muito esperados. Tudo bem que eu [&hellip;]\" \/>\n<meta property=\"og:url\" content=\"https:\/\/folhapopular.info\/index.php\/2022\/11\/18\/jaque-retoma-treinamentos-de-olho-em-2023\/\" \/>\n<meta property=\"og:site_name\" content=\"Folha Popular\" \/>\n<meta property=\"article:published_time\" content=\"2022-11-18T17:02:03+00:00\" \/>\n<meta property=\"article:modified_time\" content=\"2022-11-18T17:02:06+00:00\" \/>\n<meta property=\"og:image\" content=\"http:\/\/folhapopular.info\/wp-content\/uploads\/2022\/11\/IMG_3051-scaled-e1668790877196.jpg\" \/>\n\t<meta property=\"og:image:width\" content=\"1200\" \/>\n\t<meta property=\"og:image:height\" content=\"800\" \/>\n\t<meta property=\"og:image:type\" content=\"image\/jpeg\" \/>\n<meta name=\"author\" content=\"Reda\u00e7\u00e3o Folha Popular\" \/>\n<meta name=\"twitter:card\" content=\"summary_large_image\" \/>\n<meta name=\"twitter:label1\" content=\"Escrito por\" \/>\n\t<meta name=\"twitter:data1\" content=\"Reda\u00e7\u00e3o Folha Popular\" \/>\n\t<meta name=\"twitter:label2\" content=\"Est. tempo de leitura\" \/>\n\t<meta name=\"twitter:data2\" content=\"2 minutos\" \/>\n<script type=\"application\/ld+json\" class=\"yoast-schema-graph\">{\"@context\":\"https:\\\/\\\/schema.org\",\"@graph\":[{\"@type\":\"Article\",\"@id\":\"https:\\\/\\\/folhapopular.info\\\/index.php\\\/2022\\\/11\\\/18\\\/jaque-retoma-treinamentos-de-olho-em-2023\\\/#article\",\"isPartOf\":{\"@id\":\"https:\\\/\\\/folhapopular.info\\\/index.php\\\/2022\\\/11\\\/18\\\/jaque-retoma-treinamentos-de-olho-em-2023\\\/\"},\"author\":{\"name\":\"Reda\u00e7\u00e3o Folha Popular\",\"@id\":\"https:\\\/\\\/folhapopular.info\\\/#\\\/schema\\\/person\\\/2814e8a0df7643585a9ca38bc6eb9d4b\"},\"headline\":\"Jaque retoma treinamentos de olho em 2023\",\"datePublished\":\"2022-11-18T17:02:03+00:00\",\"dateModified\":\"2022-11-18T17:02:06+00:00\",\"mainEntityOfPage\":{\"@id\":\"https:\\\/\\\/folhapopular.info\\\/index.php\\\/2022\\\/11\\\/18\\\/jaque-retoma-treinamentos-de-olho-em-2023\\\/\"},\"wordCount\":371,\"commentCount\":0,\"image\":{\"@id\":\"https:\\\/\\\/folhapopular.info\\\/index.php\\\/2022\\\/11\\\/18\\\/jaque-retoma-treinamentos-de-olho-em-2023\\\/#primaryimage\"},\"thumbnailUrl\":\"https:\\\/\\\/folhapopular.info\\\/wp-content\\\/uploads\\\/2022\\\/11\\\/IMG_3051-scaled-e1668790877196.jpg\",\"keywords\":[\"Jaque Weber\",\"Olho 2023\",\"Retorno\",\"Treinamentos\"],\"articleSection\":[\"Esportes\"],\"inLanguage\":\"pt-BR\",\"potentialAction\":[{\"@type\":\"CommentAction\",\"name\":\"Comment\",\"target\":[\"https:\\\/\\\/folhapopular.info\\\/index.php\\\/2022\\\/11\\\/18\\\/jaque-retoma-treinamentos-de-olho-em-2023\\\/#respond\"]}]},{\"@type\":\"WebPage\",\"@id\":\"https:\\\/\\\/folhapopular.info\\\/index.php\\\/2022\\\/11\\\/18\\\/jaque-retoma-treinamentos-de-olho-em-2023\\\/\",\"url\":\"https:\\\/\\\/folhapopular.info\\\/index.php\\\/2022\\\/11\\\/18\\\/jaque-retoma-treinamentos-de-olho-em-2023\\\/\",\"name\":\"Jaque retoma treinamentos de olho em 2023 - Folha Popular\",\"isPartOf\":{\"@id\":\"https:\\\/\\\/folhapopular.info\\\/#website\"},\"primaryImageOfPage\":{\"@id\":\"https:\\\/\\\/folhapopular.info\\\/index.php\\\/2022\\\/11\\\/18\\\/jaque-retoma-treinamentos-de-olho-em-2023\\\/#primaryimage\"},\"image\":{\"@id\":\"https:\\\/\\\/folhapopular.info\\\/index.php\\\/2022\\\/11\\\/18\\\/jaque-retoma-treinamentos-de-olho-em-2023\\\/#primaryimage\"},\"thumbnailUrl\":\"https:\\\/\\\/folhapopular.info\\\/wp-content\\\/uploads\\\/2022\\\/11\\\/IMG_3051-scaled-e1668790877196.jpg\",\"datePublished\":\"2022-11-18T17:02:03+00:00\",\"dateModified\":\"2022-11-18T17:02:06+00:00\",\"author\":{\"@id\":\"https:\\\/\\\/folhapopular.info\\\/#\\\/schema\\\/person\\\/2814e8a0df7643585a9ca38bc6eb9d4b\"},\"breadcrumb\":{\"@id\":\"https:\\\/\\\/folhapopular.info\\\/index.php\\\/2022\\\/11\\\/18\\\/jaque-retoma-treinamentos-de-olho-em-2023\\\/#breadcrumb\"},\"inLanguage\":\"pt-BR\",\"potentialAction\":[{\"@type\":\"ReadAction\",\"target\":[\"https:\\\/\\\/folhapopular.info\\\/index.php\\\/2022\\\/11\\\/18\\\/jaque-retoma-treinamentos-de-olho-em-2023\\\/\"]}]},{\"@type\":\"ImageObject\",\"inLanguage\":\"pt-BR\",\"@id\":\"https:\\\/\\\/folhapopular.info\\\/index.php\\\/2022\\\/11\\\/18\\\/jaque-retoma-treinamentos-de-olho-em-2023\\\/#primaryimage\",\"url\":\"https:\\\/\\\/folhapopular.info\\\/wp-content\\\/uploads\\\/2022\\\/11\\\/IMG_3051-scaled-e1668790877196.jpg\",\"contentUrl\":\"https:\\\/\\\/folhapopular.info\\\/wp-content\\\/uploads\\\/2022\\\/11\\\/IMG_3051-scaled-e1668790877196.jpg\",\"width\":1200,\"height\":800,\"caption\":\"Jaque retorna gradativamente a rotina\"},{\"@type\":\"BreadcrumbList\",\"@id\":\"https:\\\/\\\/folhapopular.info\\\/index.php\\\/2022\\\/11\\\/18\\\/jaque-retoma-treinamentos-de-olho-em-2023\\\/#breadcrumb\",\"itemListElement\":[{\"@type\":\"ListItem\",\"position\":1,\"name\":\"In\u00edcio\",\"item\":\"https:\\\/\\\/folhapopular.info\\\/\"},{\"@type\":\"ListItem\",\"position\":2,\"name\":\"Jaque retoma treinamentos de olho em 2023\"}]},{\"@type\":\"WebSite\",\"@id\":\"https:\\\/\\\/folhapopular.info\\\/#website\",\"url\":\"https:\\\/\\\/folhapopular.info\\\/\",\"name\":\"Folha Popular\",\"description\":\"Onde voc\u00ea tem vez e voz\",\"potentialAction\":[{\"@type\":\"SearchAction\",\"target\":{\"@type\":\"EntryPoint\",\"urlTemplate\":\"https:\\\/\\\/folhapopular.info\\\/?s={search_term_string}\"},\"query-input\":{\"@type\":\"PropertyValueSpecification\",\"valueRequired\":true,\"valueName\":\"search_term_string\"}}],\"inLanguage\":\"pt-BR\"},{\"@type\":\"Person\",\"@id\":\"https:\\\/\\\/folhapopular.info\\\/#\\\/schema\\\/person\\\/2814e8a0df7643585a9ca38bc6eb9d4b\",\"name\":\"Reda\u00e7\u00e3o Folha Popular\",\"image\":{\"@type\":\"ImageObject\",\"inLanguage\":\"pt-BR\",\"@id\":\"https:\\\/\\\/folhapopular.info\\\/wp-content\\\/uploads\\\/2026\\\/04\\\/Folha-1.webp\",\"url\":\"https:\\\/\\\/folhapopular.info\\\/wp-content\\\/uploads\\\/2026\\\/04\\\/Folha-1.webp\",\"contentUrl\":\"https:\\\/\\\/folhapopular.info\\\/wp-content\\\/uploads\\\/2026\\\/04\\\/Folha-1.webp\",\"caption\":\"Reda\u00e7\u00e3o Folha Popular\"},\"url\":\"https:\\\/\\\/folhapopular.info\\\/index.php\\\/author\\\/redacao\\\/\"}]}<\/script>\n<!-- \/ Yoast SEO plugin. -->","yoast_head_json":{"title":"Jaque retoma treinamentos de olho em 2023 - Folha Popular","robots":{"index":"index","follow":"follow","max-snippet":"max-snippet:-1","max-image-preview":"max-image-preview:large","max-video-preview":"max-video-preview:-1"},"canonical":"https:\/\/folhapopular.info\/index.php\/2022\/11\/18\/jaque-retoma-treinamentos-de-olho-em-2023\/","og_locale":"pt_BR","og_type":"article","og_title":"Jaque retoma treinamentos de olho em 2023 - Folha Popular","og_description":"O ano ainda n\u00e3o acabou, mas para atleta da AMO\/Languiru\/Certel\/Miller\/Fila, Jaqueline Weber, o foco j\u00e1 est\u00e1 em 2023. Ap\u00f3s 30 dias de f\u00e9rias, a atleta retornou as pistas nesta semana, com o per\u00edodo de prepara\u00e7\u00e3o b\u00e1sica, que se estender\u00e1 at\u00e9 o fim de janeiro. \u201cEsses dias de descanso s\u00e3o muito esperados. Tudo bem que eu [&hellip;]","og_url":"https:\/\/folhapopular.info\/index.php\/2022\/11\/18\/jaque-retoma-treinamentos-de-olho-em-2023\/","og_site_name":"Folha Popular","article_published_time":"2022-11-18T17:02:03+00:00","article_modified_time":"2022-11-18T17:02:06+00:00","og_image":[{"width":1200,"height":800,"url":"http:\/\/folhapopular.info\/wp-content\/uploads\/2022\/11\/IMG_3051-scaled-e1668790877196.jpg","type":"image\/jpeg"}],"author":"Reda\u00e7\u00e3o Folha Popular","twitter_card":"summary_large_image","twitter_misc":{"Escrito por":"Reda\u00e7\u00e3o Folha Popular","Est. tempo de leitura":"2 minutos"},"schema":{"@context":"https:\/\/schema.org","@graph":[{"@type":"Article","@id":"https:\/\/folhapopular.info\/index.php\/2022\/11\/18\/jaque-retoma-treinamentos-de-olho-em-2023\/#article","isPartOf":{"@id":"https:\/\/folhapopular.info\/index.php\/2022\/11\/18\/jaque-retoma-treinamentos-de-olho-em-2023\/"},"author":{"name":"Reda\u00e7\u00e3o Folha Popular","@id":"https:\/\/folhapopular.info\/#\/schema\/person\/2814e8a0df7643585a9ca38bc6eb9d4b"},"headline":"Jaque retoma treinamentos de olho em 2023","datePublished":"2022-11-18T17:02:03+00:00","dateModified":"2022-11-18T17:02:06+00:00","mainEntityOfPage":{"@id":"https:\/\/folhapopular.info\/index.php\/2022\/11\/18\/jaque-retoma-treinamentos-de-olho-em-2023\/"},"wordCount":371,"commentCount":0,"image":{"@id":"https:\/\/folhapopular.info\/index.php\/2022\/11\/18\/jaque-retoma-treinamentos-de-olho-em-2023\/#primaryimage"},"thumbnailUrl":"https:\/\/folhapopular.info\/wp-content\/uploads\/2022\/11\/IMG_3051-scaled-e1668790877196.jpg","keywords":["Jaque Weber","Olho 2023","Retorno","Treinamentos"],"articleSection":["Esportes"],"inLanguage":"pt-BR","potentialAction":[{"@type":"CommentAction","name":"Comment","target":["https:\/\/folhapopular.info\/index.php\/2022\/11\/18\/jaque-retoma-treinamentos-de-olho-em-2023\/#respond"]}]},{"@type":"WebPage","@id":"https:\/\/folhapopular.info\/index.php\/2022\/11\/18\/jaque-retoma-treinamentos-de-olho-em-2023\/","url":"https:\/\/folhapopular.info\/index.php\/2022\/11\/18\/jaque-retoma-treinamentos-de-olho-em-2023\/","name":"Jaque retoma treinamentos de olho em 2023 - Folha Popular","isPartOf":{"@id":"https:\/\/folhapopular.info\/#website"},"primaryImageOfPage":{"@id":"https:\/\/folhapopular.info\/index.php\/2022\/11\/18\/jaque-retoma-treinamentos-de-olho-em-2023\/#primaryimage"},"image":{"@id":"https:\/\/folhapopular.info\/index.php\/2022\/11\/18\/jaque-retoma-treinamentos-de-olho-em-2023\/#primaryimage"},"thumbnailUrl":"https:\/\/folhapopular.info\/wp-content\/uploads\/2022\/11\/IMG_3051-scaled-e1668790877196.jpg","datePublished":"2022-11-18T17:02:03+00:00","dateModified":"2022-11-18T17:02:06+00:00","author":{"@id":"https:\/\/folhapopular.info\/#\/schema\/person\/2814e8a0df7643585a9ca38bc6eb9d4b"},"breadcrumb":{"@id":"https:\/\/folhapopular.info\/index.php\/2022\/11\/18\/jaque-retoma-treinamentos-de-olho-em-2023\/#breadcrumb"},"inLanguage":"pt-BR","potentialAction":[{"@type":"ReadAction","target":["https:\/\/folhapopular.info\/index.php\/2022\/11\/18\/jaque-retoma-treinamentos-de-olho-em-2023\/"]}]},{"@type":"ImageObject","inLanguage":"pt-BR","@id":"https:\/\/folhapopular.info\/index.php\/2022\/11\/18\/jaque-retoma-treinamentos-de-olho-em-2023\/#primaryimage","url":"https:\/\/folhapopular.info\/wp-content\/uploads\/2022\/11\/IMG_3051-scaled-e1668790877196.jpg","contentUrl":"https:\/\/folhapopular.info\/wp-content\/uploads\/2022\/11\/IMG_3051-scaled-e1668790877196.jpg","width":1200,"height":800,"caption":"Jaque retorna gradativamente a rotina"},{"@type":"BreadcrumbList","@id":"https:\/\/folhapopular.info\/index.php\/2022\/11\/18\/jaque-retoma-treinamentos-de-olho-em-2023\/#breadcrumb","itemListElement":[{"@type":"ListItem","position":1,"name":"In\u00edcio","item":"https:\/\/folhapopular.info\/"},{"@type":"ListItem","position":2,"name":"Jaque retoma treinamentos de olho em 2023"}]},{"@type":"WebSite","@id":"https:\/\/folhapopular.info\/#website","url":"https:\/\/folhapopular.info\/","name":"Folha Popular","description":"Onde voc\u00ea tem vez e voz","potentialAction":[{"@type":"SearchAction","target":{"@type":"EntryPoint","urlTemplate":"https:\/\/folhapopular.info\/?s={search_term_string}"},"query-input":{"@type":"PropertyValueSpecification","valueRequired":true,"valueName":"search_term_string"}}],"inLanguage":"pt-BR"},{"@type":"Person","@id":"https:\/\/folhapopular.info\/#\/schema\/person\/2814e8a0df7643585a9ca38bc6eb9d4b","name":"Reda\u00e7\u00e3o Folha Popular","image":{"@type":"ImageObject","inLanguage":"pt-BR","@id":"https:\/\/folhapopular.info\/wp-content\/uploads\/2026\/04\/Folha-1.webp","url":"https:\/\/folhapopular.info\/wp-content\/uploads\/2026\/04\/Folha-1.webp","contentUrl":"https:\/\/folhapopular.info\/wp-content\/uploads\/2026\/04\/Folha-1.webp","caption":"Reda\u00e7\u00e3o Folha Popular"},"url":"https:\/\/folhapopular.info\/index.php\/author\/redacao\/"}]}},"jetpack_featured_media_url":"https:\/\/folhapopular.info\/wp-content\/uploads\/2022\/11\/IMG_3051-scaled-e1668790877196.jpg","jetpack_sharing_enabled":true,"amp_enabled":true,"_links":{"self":[{"href":"https:\/\/folhapopular.info\/index.php\/wp-json\/wp\/v2\/posts\/116562","targetHints":{"allow":["GET"]}}],"collection":[{"href":"https:\/\/folhapopular.info\/index.php\/wp-json\/wp\/v2\/posts"}],"about":[{"href":"https:\/\/folhapopular.info\/index.php\/wp-json\/wp\/v2\/types\/post"}],"author":[{"embeddable":true,"href":"https:\/\/folhapopular.info\/index.php\/wp-json\/wp\/v2\/users\/8"}],"replies":[{"embeddable":true,"href":"https:\/\/folhapopular.info\/index.php\/wp-json\/wp\/v2\/comments?post=116562"}],"version-history":[{"count":0,"href":"https:\/\/folhapopular.info\/index.php\/wp-json\/wp\/v2\/posts\/116562\/revisions"}],"wp:featuredmedia":[{"embeddable":true,"href":"https:\/\/folhapopular.info\/index.php\/wp-json\/wp\/v2\/media\/116563"}],"wp:attachment":[{"href":"https:\/\/folhapopular.info\/index.php\/wp-json\/wp\/v2\/media?parent=116562"}],"wp:term":[{"taxonomy":"category","embeddable":true,"href":"https:\/\/folhapopular.info\/index.php\/wp-json\/wp\/v2\/categories?post=116562"},{"taxonomy":"post_tag","embeddable":true,"href":"https:\/\/folhapopular.info\/index.php\/wp-json\/wp\/v2\/tags?post=116562"}],"curies":[{"name":"wp","href":"https:\/\/api.w.org\/{rel}","templated":true}]}}