{"id":116608,"date":"2022-11-19T07:53:07","date_gmt":"2022-11-19T10:53:07","guid":{"rendered":"https:\/\/folhapopular.info\/?p=116608"},"modified":"2022-11-19T07:53:13","modified_gmt":"2022-11-19T10:53:13","slug":"estrela-lanca-programacao-de-natal","status":"publish","type":"post","link":"https:\/\/folhapopular.info\/index.php\/2022\/11\/19\/estrela-lanca-programacao-de-natal\/","title":{"rendered":"Estrela lan\u00e7a programa\u00e7\u00e3o de Natal"},"content":{"rendered":"\n<p>As luzes de paz, amor e esperan\u00e7a come\u00e7ar\u00e3o a piscar por todos os cantos do centro de Estrela a partir do dia 2 de dezembro. A programa\u00e7\u00e3o do Natal em Estrela foi lan\u00e7ada nesta sexta-feira (18\/11), em evento na Rua J\u00falio de Castilhos, entre a prefeitura e a Pra\u00e7a Menna Barreto.<\/p>\n\n\n\n<p>Aberto a toda comunidade, a programa\u00e7\u00e3o foi divulgada ap\u00f3s apresenta\u00e7\u00e3o do repert\u00f3rio natalino da Orquestra de Teut\u00f4nia, que encantou o p\u00fablico com sons da data mais aguardada no ano.<\/p>\n\n\n\n<p>Foi apresentada tamb\u00e9m a nova identidade visual do evento e a programa\u00e7\u00e3o completa, que vai de 2 a 27 de dezembro.<\/p>\n\n\n\n<p>Uma das grandes novidades em 2022, os mun\u00edcipes poder\u00e3o conferir a descentraliza\u00e7\u00e3o das atra\u00e7\u00f5es, que ocorrem na Pra\u00e7a Menna Barreto, na escadaria do Rio Taquari, nos parques municipais da Lagoa e Princesa do Vale.<\/p>\n\n\n\n<p>Conforme o secret\u00e1rio de Turismo, Cultura, Esporte e Lazer (Setcel), Joel Mallmann, a ideia do Natal em Estrela \u00e9 de retomar a conviv\u00eancia, a socializa\u00e7\u00e3o e o encontro de fam\u00edlias. \u201cQueremos que as pessoas possam se abra\u00e7ar, tomar seu chimarr\u00e3o, estar juntas. E que os comerciantes saiam satisfeitos com suas vendas. Que pensemos nas coisas boas deste ano e como corrigir o que n\u00e3o foi t\u00e3o bom assim\u201d, comenta.<\/p>\n\n\n\n<p>O parque Princesa do Vale receber\u00e1 a Aldeia do Papai Noel, na qual, sempre ao final do dia, o bom velhinho e a Mam\u00e3e Noel chegar\u00e3o em uma Kombi para alimentar o imagin\u00e1rio das crian\u00e7as. A atividade \u00e9 uma das grandes inova\u00e7\u00f5es deste ano.<\/p>\n\n\n\n<p><strong>Confira a programa\u00e7\u00e3o completa<\/strong><br><strong>2\/12 \u2013 Sexta-feira (Pra\u00e7a Menna Barreto)<\/strong><br>19h30 Solenidade de Abertura &#8211; Pra\u00e7a Menna Barreto<br>20h Sorteio da Campanha Estrela Premiada<br>20h15 Chegada do Papai Noel<br>20h45 Orquestra de C\u00e2mara da Ulbra e Shana M\u00fcller<br><strong>4\/12 \u2013 Domingo<\/strong><br>10h &#8211; Arte na Escadaria<br><strong>9\/12 \u2013 Sexta-feira<\/strong><br>20h &#8211; Inaugura\u00e7\u00e3o do Centro Cultural de Estrela<br><strong>11\/12 &#8211; Domingo<\/strong><br>Natal na Escadaria<br>17h Banda Rock 60<br>18h15 Beto Rosa e Banda<br>19h30 Banda Sputnick<br><strong>13\/12 \u2013 Ter\u00e7a-feira (Parc\u00e3o)<\/strong><br>19h30 &#8211; Apresenta\u00e7\u00e3o do Cirkou Truppe para EMEIs<br>14\/12 \u2013 Quarta-feira (Parc\u00e3o)<br>19h30 &#8211; Apresenta\u00e7\u00e3o do Cirkou Truppe para EMEIs<br><strong>15\/12 &#8211; Quinta-feira (Parc\u00e3o)<\/strong><br>19h30 &#8211; Apresenta\u00e7\u00e3o dos corais do munic\u00edpio<br>20h30 &#8211; Natal de Maria com a soprano Cristina Sorrentino<br><strong>16\/12 \u2013 Sexta-feira (Parc\u00e3o)<\/strong><br>19h &#8211; 2\u00ba Sorteio da Estrela Premiada<br>19h15 &#8211; Recital N\u00facleo de Cultura<br>21h \u2013 Orquestra Martin Luther<br><strong>17\/12 &#8211; S\u00e1bado (Parc\u00e3o)<\/strong><br>15h &#8211; Marcha para Jesus | Sa\u00edda em frente \u00e0 rodovi\u00e1ria<br>17h &#8211; Artistas locais (atra\u00e7\u00f5es das igrejas)<br>21h &#8211; Elizeu Alves<br><strong>18\/12 &#8211; Domingo (Parc\u00e3o)<\/strong><br>17h &#8211; Valdecir Moura<br>19h &#8211; Os Atuais<br><strong>22\/12 Segunda-feira (Parc\u00e3o)<\/strong><br>19h30 Passeio Cicl\u00edstico<br><strong>20\/12 \u2013 Ter\u00e7a-feira (Parc\u00e3o)<\/strong><br>19h &#8211; Orquestra Jovem de Estrela<br>19h30 \u2013 Premia\u00e7\u00e3o dos Destaques Esportivos<br>20h &#8211; Espet\u00e1culo Uma Estrela a Brilhar<br><strong>21\/12 Quarta-feira (Parc\u00e3o)<\/strong><br>19h &#8211; Grupo Amigos do Canto<br>20h &#8211; Espet\u00e1culo Uma Estrela a Brilhar<br><strong>22\/12 Quinta-feira (Parc\u00e3o)<\/strong><br>19h \u2013 Cirkou Truppe<br>20h &#8211; Grupos de Dan\u00e7as Folcloricas de Estrela<br>21h &#8211; Daniel Torres e Grupo Oh de Casa<br><strong>23\/12 Sexta-feira (Parc\u00e3o)<\/strong><br>19h15 &#8211; A Magia da dan\u00e7a atrav\u00e9s do teu olhar \u2013 My Way Cia de Dan\u00e7as<br>20h &#8211; CTG Ra\u00e7a Gaud\u00e9ria<br>21h &#8211; Jo\u00e3o Luiz Corr\u00eaa &amp; Grupo Campeirismo<br><strong>27\/12 \u2013 Ter\u00e7a-feira (Parque da Lagoa)<\/strong><br>19h &#8211; \u00daltimo sorteio Estrela Premiada<br>20h &#8211; Show com Banda Apple<br>21h &#8211; Lanternas dos Desejos<\/p>\n","protected":false},"excerpt":{"rendered":"<p>As luzes de paz, amor e esperan\u00e7a come\u00e7ar\u00e3o a piscar por todos os cantos do centro de Estrela a partir do dia 2 de dezembro. A programa\u00e7\u00e3o do Natal em Estrela foi lan\u00e7ada nesta sexta-feira (18\/11), em evento na Rua J\u00falio de Castilhos, entre a prefeitura e a Pra\u00e7a Menna Barreto. Aberto a toda comunidade, [&hellip;]<\/p>\n","protected":false},"author":8,"featured_media":116610,"comment_status":"open","ping_status":"open","sticky":false,"template":"","format":"standard","meta":{"pmpro_default_level":"","_jetpack_memberships_contains_paid_content":false,"footnotes":""},"categories":[2,3],"tags":[8,1154,1507],"class_list":{"0":"post-116608","1":"post","2":"type-post","3":"status-publish","4":"format-standard","5":"has-post-thumbnail","7":"category-featured","8":"category-geral","9":"tag-estrela","10":"tag-natal","11":"tag-programacao","12":"pmpro-has-access"},"yoast_head":"<!-- This site is optimized with the Yoast SEO plugin v27.5 - https:\/\/yoast.com\/product\/yoast-seo-wordpress\/ -->\n<title>Estrela lan\u00e7a programa\u00e7\u00e3o de Natal - Folha Popular<\/title>\n<meta name=\"robots\" content=\"index, follow, max-snippet:-1, max-image-preview:large, max-video-preview:-1\" \/>\n<link rel=\"canonical\" href=\"https:\/\/folhapopular.info\/index.php\/2022\/11\/19\/estrela-lanca-programacao-de-natal\/\" \/>\n<meta property=\"og:locale\" content=\"pt_BR\" \/>\n<meta property=\"og:type\" content=\"article\" \/>\n<meta property=\"og:title\" content=\"Estrela lan\u00e7a programa\u00e7\u00e3o de Natal - Folha Popular\" \/>\n<meta property=\"og:description\" content=\"As luzes de paz, amor e esperan\u00e7a come\u00e7ar\u00e3o a piscar por todos os cantos do centro de Estrela a partir do dia 2 de dezembro. A programa\u00e7\u00e3o do Natal em Estrela foi lan\u00e7ada nesta sexta-feira (18\/11), em evento na Rua J\u00falio de Castilhos, entre a prefeitura e a Pra\u00e7a Menna Barreto. Aberto a toda comunidade, [&hellip;]\" \/>\n<meta property=\"og:url\" content=\"https:\/\/folhapopular.info\/index.php\/2022\/11\/19\/estrela-lanca-programacao-de-natal\/\" \/>\n<meta property=\"og:site_name\" content=\"Folha Popular\" \/>\n<meta property=\"article:published_time\" content=\"2022-11-19T10:53:07+00:00\" \/>\n<meta property=\"article:modified_time\" content=\"2022-11-19T10:53:13+00:00\" \/>\n<meta property=\"og:image\" content=\"http:\/\/folhapopular.info\/wp-content\/uploads\/2022\/11\/2022_11_19_ESTRELA_Programacoes-se-estendem-ate-o-dia-27-de-dezembro_DIV-e1668855168694.jpeg\" \/>\n\t<meta property=\"og:image:width\" content=\"1200\" \/>\n\t<meta property=\"og:image:height\" content=\"800\" \/>\n\t<meta property=\"og:image:type\" content=\"image\/jpeg\" \/>\n<meta name=\"author\" content=\"Reda\u00e7\u00e3o Folha Popular\" \/>\n<meta name=\"twitter:card\" content=\"summary_large_image\" \/>\n<meta name=\"twitter:label1\" content=\"Escrito por\" \/>\n\t<meta name=\"twitter:data1\" content=\"Reda\u00e7\u00e3o Folha Popular\" \/>\n\t<meta name=\"twitter:label2\" content=\"Est. tempo de leitura\" \/>\n\t<meta name=\"twitter:data2\" content=\"3 minutos\" \/>\n<script type=\"application\/ld+json\" class=\"yoast-schema-graph\">{\"@context\":\"https:\\\/\\\/schema.org\",\"@graph\":[{\"@type\":\"Article\",\"@id\":\"https:\\\/\\\/folhapopular.info\\\/index.php\\\/2022\\\/11\\\/19\\\/estrela-lanca-programacao-de-natal\\\/#article\",\"isPartOf\":{\"@id\":\"https:\\\/\\\/folhapopular.info\\\/index.php\\\/2022\\\/11\\\/19\\\/estrela-lanca-programacao-de-natal\\\/\"},\"author\":{\"name\":\"Reda\u00e7\u00e3o Folha Popular\",\"@id\":\"https:\\\/\\\/folhapopular.info\\\/#\\\/schema\\\/person\\\/2814e8a0df7643585a9ca38bc6eb9d4b\"},\"headline\":\"Estrela lan\u00e7a programa\u00e7\u00e3o de Natal\",\"datePublished\":\"2022-11-19T10:53:07+00:00\",\"dateModified\":\"2022-11-19T10:53:13+00:00\",\"mainEntityOfPage\":{\"@id\":\"https:\\\/\\\/folhapopular.info\\\/index.php\\\/2022\\\/11\\\/19\\\/estrela-lanca-programacao-de-natal\\\/\"},\"wordCount\":594,\"commentCount\":0,\"image\":{\"@id\":\"https:\\\/\\\/folhapopular.info\\\/index.php\\\/2022\\\/11\\\/19\\\/estrela-lanca-programacao-de-natal\\\/#primaryimage\"},\"thumbnailUrl\":\"https:\\\/\\\/folhapopular.info\\\/wp-content\\\/uploads\\\/2022\\\/11\\\/2022_11_19_ESTRELA_Programacoes-se-estendem-ate-o-dia-27-de-dezembro_DIV-e1668855168694.jpeg\",\"keywords\":[\"Estrela\",\"Natal\",\"Programa\u00e7\u00e3o\"],\"articleSection\":[\"Destaques\",\"Geral\"],\"inLanguage\":\"pt-BR\",\"potentialAction\":[{\"@type\":\"CommentAction\",\"name\":\"Comment\",\"target\":[\"https:\\\/\\\/folhapopular.info\\\/index.php\\\/2022\\\/11\\\/19\\\/estrela-lanca-programacao-de-natal\\\/#respond\"]}]},{\"@type\":\"WebPage\",\"@id\":\"https:\\\/\\\/folhapopular.info\\\/index.php\\\/2022\\\/11\\\/19\\\/estrela-lanca-programacao-de-natal\\\/\",\"url\":\"https:\\\/\\\/folhapopular.info\\\/index.php\\\/2022\\\/11\\\/19\\\/estrela-lanca-programacao-de-natal\\\/\",\"name\":\"Estrela lan\u00e7a programa\u00e7\u00e3o de Natal - Folha Popular\",\"isPartOf\":{\"@id\":\"https:\\\/\\\/folhapopular.info\\\/#website\"},\"primaryImageOfPage\":{\"@id\":\"https:\\\/\\\/folhapopular.info\\\/index.php\\\/2022\\\/11\\\/19\\\/estrela-lanca-programacao-de-natal\\\/#primaryimage\"},\"image\":{\"@id\":\"https:\\\/\\\/folhapopular.info\\\/index.php\\\/2022\\\/11\\\/19\\\/estrela-lanca-programacao-de-natal\\\/#primaryimage\"},\"thumbnailUrl\":\"https:\\\/\\\/folhapopular.info\\\/wp-content\\\/uploads\\\/2022\\\/11\\\/2022_11_19_ESTRELA_Programacoes-se-estendem-ate-o-dia-27-de-dezembro_DIV-e1668855168694.jpeg\",\"datePublished\":\"2022-11-19T10:53:07+00:00\",\"dateModified\":\"2022-11-19T10:53:13+00:00\",\"author\":{\"@id\":\"https:\\\/\\\/folhapopular.info\\\/#\\\/schema\\\/person\\\/2814e8a0df7643585a9ca38bc6eb9d4b\"},\"breadcrumb\":{\"@id\":\"https:\\\/\\\/folhapopular.info\\\/index.php\\\/2022\\\/11\\\/19\\\/estrela-lanca-programacao-de-natal\\\/#breadcrumb\"},\"inLanguage\":\"pt-BR\",\"potentialAction\":[{\"@type\":\"ReadAction\",\"target\":[\"https:\\\/\\\/folhapopular.info\\\/index.php\\\/2022\\\/11\\\/19\\\/estrela-lanca-programacao-de-natal\\\/\"]}]},{\"@type\":\"ImageObject\",\"inLanguage\":\"pt-BR\",\"@id\":\"https:\\\/\\\/folhapopular.info\\\/index.php\\\/2022\\\/11\\\/19\\\/estrela-lanca-programacao-de-natal\\\/#primaryimage\",\"url\":\"https:\\\/\\\/folhapopular.info\\\/wp-content\\\/uploads\\\/2022\\\/11\\\/2022_11_19_ESTRELA_Programacoes-se-estendem-ate-o-dia-27-de-dezembro_DIV-e1668855168694.jpeg\",\"contentUrl\":\"https:\\\/\\\/folhapopular.info\\\/wp-content\\\/uploads\\\/2022\\\/11\\\/2022_11_19_ESTRELA_Programacoes-se-estendem-ate-o-dia-27-de-dezembro_DIV-e1668855168694.jpeg\",\"width\":1200,\"height\":800,\"caption\":\"Programa\u00e7\u00f5es se estendem at\u00e9 o dia 27 de dezembro \\\/ Cr\u00e9dito: Divulga\u00e7\u00e3o\"},{\"@type\":\"BreadcrumbList\",\"@id\":\"https:\\\/\\\/folhapopular.info\\\/index.php\\\/2022\\\/11\\\/19\\\/estrela-lanca-programacao-de-natal\\\/#breadcrumb\",\"itemListElement\":[{\"@type\":\"ListItem\",\"position\":1,\"name\":\"In\u00edcio\",\"item\":\"https:\\\/\\\/folhapopular.info\\\/\"},{\"@type\":\"ListItem\",\"position\":2,\"name\":\"Estrela lan\u00e7a programa\u00e7\u00e3o de Natal\"}]},{\"@type\":\"WebSite\",\"@id\":\"https:\\\/\\\/folhapopular.info\\\/#website\",\"url\":\"https:\\\/\\\/folhapopular.info\\\/\",\"name\":\"Folha Popular\",\"description\":\"Onde voc\u00ea tem vez e voz\",\"potentialAction\":[{\"@type\":\"SearchAction\",\"target\":{\"@type\":\"EntryPoint\",\"urlTemplate\":\"https:\\\/\\\/folhapopular.info\\\/?s={search_term_string}\"},\"query-input\":{\"@type\":\"PropertyValueSpecification\",\"valueRequired\":true,\"valueName\":\"search_term_string\"}}],\"inLanguage\":\"pt-BR\"},{\"@type\":\"Person\",\"@id\":\"https:\\\/\\\/folhapopular.info\\\/#\\\/schema\\\/person\\\/2814e8a0df7643585a9ca38bc6eb9d4b\",\"name\":\"Reda\u00e7\u00e3o Folha Popular\",\"image\":{\"@type\":\"ImageObject\",\"inLanguage\":\"pt-BR\",\"@id\":\"https:\\\/\\\/folhapopular.info\\\/wp-content\\\/uploads\\\/2026\\\/04\\\/Folha-1.webp\",\"url\":\"https:\\\/\\\/folhapopular.info\\\/wp-content\\\/uploads\\\/2026\\\/04\\\/Folha-1.webp\",\"contentUrl\":\"https:\\\/\\\/folhapopular.info\\\/wp-content\\\/uploads\\\/2026\\\/04\\\/Folha-1.webp\",\"caption\":\"Reda\u00e7\u00e3o Folha Popular\"},\"url\":\"https:\\\/\\\/folhapopular.info\\\/index.php\\\/author\\\/redacao\\\/\"}]}<\/script>\n<!-- \/ Yoast SEO plugin. -->","yoast_head_json":{"title":"Estrela lan\u00e7a programa\u00e7\u00e3o de Natal - Folha Popular","robots":{"index":"index","follow":"follow","max-snippet":"max-snippet:-1","max-image-preview":"max-image-preview:large","max-video-preview":"max-video-preview:-1"},"canonical":"https:\/\/folhapopular.info\/index.php\/2022\/11\/19\/estrela-lanca-programacao-de-natal\/","og_locale":"pt_BR","og_type":"article","og_title":"Estrela lan\u00e7a programa\u00e7\u00e3o de Natal - Folha Popular","og_description":"As luzes de paz, amor e esperan\u00e7a come\u00e7ar\u00e3o a piscar por todos os cantos do centro de Estrela a partir do dia 2 de dezembro. A programa\u00e7\u00e3o do Natal em Estrela foi lan\u00e7ada nesta sexta-feira (18\/11), em evento na Rua J\u00falio de Castilhos, entre a prefeitura e a Pra\u00e7a Menna Barreto. Aberto a toda comunidade, [&hellip;]","og_url":"https:\/\/folhapopular.info\/index.php\/2022\/11\/19\/estrela-lanca-programacao-de-natal\/","og_site_name":"Folha Popular","article_published_time":"2022-11-19T10:53:07+00:00","article_modified_time":"2022-11-19T10:53:13+00:00","og_image":[{"width":1200,"height":800,"url":"http:\/\/folhapopular.info\/wp-content\/uploads\/2022\/11\/2022_11_19_ESTRELA_Programacoes-se-estendem-ate-o-dia-27-de-dezembro_DIV-e1668855168694.jpeg","type":"image\/jpeg"}],"author":"Reda\u00e7\u00e3o Folha Popular","twitter_card":"summary_large_image","twitter_misc":{"Escrito por":"Reda\u00e7\u00e3o Folha Popular","Est. tempo de leitura":"3 minutos"},"schema":{"@context":"https:\/\/schema.org","@graph":[{"@type":"Article","@id":"https:\/\/folhapopular.info\/index.php\/2022\/11\/19\/estrela-lanca-programacao-de-natal\/#article","isPartOf":{"@id":"https:\/\/folhapopular.info\/index.php\/2022\/11\/19\/estrela-lanca-programacao-de-natal\/"},"author":{"name":"Reda\u00e7\u00e3o Folha Popular","@id":"https:\/\/folhapopular.info\/#\/schema\/person\/2814e8a0df7643585a9ca38bc6eb9d4b"},"headline":"Estrela lan\u00e7a programa\u00e7\u00e3o de Natal","datePublished":"2022-11-19T10:53:07+00:00","dateModified":"2022-11-19T10:53:13+00:00","mainEntityOfPage":{"@id":"https:\/\/folhapopular.info\/index.php\/2022\/11\/19\/estrela-lanca-programacao-de-natal\/"},"wordCount":594,"commentCount":0,"image":{"@id":"https:\/\/folhapopular.info\/index.php\/2022\/11\/19\/estrela-lanca-programacao-de-natal\/#primaryimage"},"thumbnailUrl":"https:\/\/folhapopular.info\/wp-content\/uploads\/2022\/11\/2022_11_19_ESTRELA_Programacoes-se-estendem-ate-o-dia-27-de-dezembro_DIV-e1668855168694.jpeg","keywords":["Estrela","Natal","Programa\u00e7\u00e3o"],"articleSection":["Destaques","Geral"],"inLanguage":"pt-BR","potentialAction":[{"@type":"CommentAction","name":"Comment","target":["https:\/\/folhapopular.info\/index.php\/2022\/11\/19\/estrela-lanca-programacao-de-natal\/#respond"]}]},{"@type":"WebPage","@id":"https:\/\/folhapopular.info\/index.php\/2022\/11\/19\/estrela-lanca-programacao-de-natal\/","url":"https:\/\/folhapopular.info\/index.php\/2022\/11\/19\/estrela-lanca-programacao-de-natal\/","name":"Estrela lan\u00e7a programa\u00e7\u00e3o de Natal - Folha Popular","isPartOf":{"@id":"https:\/\/folhapopular.info\/#website"},"primaryImageOfPage":{"@id":"https:\/\/folhapopular.info\/index.php\/2022\/11\/19\/estrela-lanca-programacao-de-natal\/#primaryimage"},"image":{"@id":"https:\/\/folhapopular.info\/index.php\/2022\/11\/19\/estrela-lanca-programacao-de-natal\/#primaryimage"},"thumbnailUrl":"https:\/\/folhapopular.info\/wp-content\/uploads\/2022\/11\/2022_11_19_ESTRELA_Programacoes-se-estendem-ate-o-dia-27-de-dezembro_DIV-e1668855168694.jpeg","datePublished":"2022-11-19T10:53:07+00:00","dateModified":"2022-11-19T10:53:13+00:00","author":{"@id":"https:\/\/folhapopular.info\/#\/schema\/person\/2814e8a0df7643585a9ca38bc6eb9d4b"},"breadcrumb":{"@id":"https:\/\/folhapopular.info\/index.php\/2022\/11\/19\/estrela-lanca-programacao-de-natal\/#breadcrumb"},"inLanguage":"pt-BR","potentialAction":[{"@type":"ReadAction","target":["https:\/\/folhapopular.info\/index.php\/2022\/11\/19\/estrela-lanca-programacao-de-natal\/"]}]},{"@type":"ImageObject","inLanguage":"pt-BR","@id":"https:\/\/folhapopular.info\/index.php\/2022\/11\/19\/estrela-lanca-programacao-de-natal\/#primaryimage","url":"https:\/\/folhapopular.info\/wp-content\/uploads\/2022\/11\/2022_11_19_ESTRELA_Programacoes-se-estendem-ate-o-dia-27-de-dezembro_DIV-e1668855168694.jpeg","contentUrl":"https:\/\/folhapopular.info\/wp-content\/uploads\/2022\/11\/2022_11_19_ESTRELA_Programacoes-se-estendem-ate-o-dia-27-de-dezembro_DIV-e1668855168694.jpeg","width":1200,"height":800,"caption":"Programa\u00e7\u00f5es se estendem at\u00e9 o dia 27 de dezembro \/ Cr\u00e9dito: Divulga\u00e7\u00e3o"},{"@type":"BreadcrumbList","@id":"https:\/\/folhapopular.info\/index.php\/2022\/11\/19\/estrela-lanca-programacao-de-natal\/#breadcrumb","itemListElement":[{"@type":"ListItem","position":1,"name":"In\u00edcio","item":"https:\/\/folhapopular.info\/"},{"@type":"ListItem","position":2,"name":"Estrela lan\u00e7a programa\u00e7\u00e3o de Natal"}]},{"@type":"WebSite","@id":"https:\/\/folhapopular.info\/#website","url":"https:\/\/folhapopular.info\/","name":"Folha Popular","description":"Onde voc\u00ea tem vez e voz","potentialAction":[{"@type":"SearchAction","target":{"@type":"EntryPoint","urlTemplate":"https:\/\/folhapopular.info\/?s={search_term_string}"},"query-input":{"@type":"PropertyValueSpecification","valueRequired":true,"valueName":"search_term_string"}}],"inLanguage":"pt-BR"},{"@type":"Person","@id":"https:\/\/folhapopular.info\/#\/schema\/person\/2814e8a0df7643585a9ca38bc6eb9d4b","name":"Reda\u00e7\u00e3o Folha Popular","image":{"@type":"ImageObject","inLanguage":"pt-BR","@id":"https:\/\/folhapopular.info\/wp-content\/uploads\/2026\/04\/Folha-1.webp","url":"https:\/\/folhapopular.info\/wp-content\/uploads\/2026\/04\/Folha-1.webp","contentUrl":"https:\/\/folhapopular.info\/wp-content\/uploads\/2026\/04\/Folha-1.webp","caption":"Reda\u00e7\u00e3o Folha Popular"},"url":"https:\/\/folhapopular.info\/index.php\/author\/redacao\/"}]}},"jetpack_featured_media_url":"https:\/\/folhapopular.info\/wp-content\/uploads\/2022\/11\/2022_11_19_ESTRELA_Programacoes-se-estendem-ate-o-dia-27-de-dezembro_DIV-e1668855168694.jpeg","jetpack_sharing_enabled":true,"amp_enabled":true,"_links":{"self":[{"href":"https:\/\/folhapopular.info\/index.php\/wp-json\/wp\/v2\/posts\/116608","targetHints":{"allow":["GET"]}}],"collection":[{"href":"https:\/\/folhapopular.info\/index.php\/wp-json\/wp\/v2\/posts"}],"about":[{"href":"https:\/\/folhapopular.info\/index.php\/wp-json\/wp\/v2\/types\/post"}],"author":[{"embeddable":true,"href":"https:\/\/folhapopular.info\/index.php\/wp-json\/wp\/v2\/users\/8"}],"replies":[{"embeddable":true,"href":"https:\/\/folhapopular.info\/index.php\/wp-json\/wp\/v2\/comments?post=116608"}],"version-history":[{"count":0,"href":"https:\/\/folhapopular.info\/index.php\/wp-json\/wp\/v2\/posts\/116608\/revisions"}],"wp:featuredmedia":[{"embeddable":true,"href":"https:\/\/folhapopular.info\/index.php\/wp-json\/wp\/v2\/media\/116610"}],"wp:attachment":[{"href":"https:\/\/folhapopular.info\/index.php\/wp-json\/wp\/v2\/media?parent=116608"}],"wp:term":[{"taxonomy":"category","embeddable":true,"href":"https:\/\/folhapopular.info\/index.php\/wp-json\/wp\/v2\/categories?post=116608"},{"taxonomy":"post_tag","embeddable":true,"href":"https:\/\/folhapopular.info\/index.php\/wp-json\/wp\/v2\/tags?post=116608"}],"curies":[{"name":"wp","href":"https:\/\/api.w.org\/{rel}","templated":true}]}}