{"id":116651,"date":"2022-11-19T10:02:18","date_gmt":"2022-11-19T13:02:18","guid":{"rendered":"https:\/\/folhapopular.info\/?p=116651"},"modified":"2022-11-19T10:02:21","modified_gmt":"2022-11-19T13:02:21","slug":"alunas-do-cemef-e-opa-haus-lancam-videoclipe-em-teutonia","status":"publish","type":"post","link":"https:\/\/folhapopular.info\/index.php\/2022\/11\/19\/alunas-do-cemef-e-opa-haus-lancam-videoclipe-em-teutonia\/","title":{"rendered":"Alunas do CEMEF e Opa Haus lan\u00e7am videoclipe em Teut\u00f4nia"},"content":{"rendered":"\n<p>Na tarde de quinta-feira (17\/11), alunas e professoras do Centro Municipal de Ensino Fundamental Leonel de Moura Brizola (CEMEF) de Teut\u00f4nia e moradores e funcion\u00e1rios do Lar de Idosos Opa Haus, se reuniram para assistir ao videoclipe feito com o intuito de integrar os dois grupos.<\/p>\n\n\n\n<p>Os ensaios foram realizados durante dois meses e as filmagens ocorreram em outubro e contaram com a participa\u00e7\u00e3o de 20 alunas do CEMEF, tr\u00eas ex-alunas e a professora de dan\u00e7a S\u00f4nia L\u00facia Gomes. A turma tamb\u00e9m contou com a ajuda da Arte Produ\u00e7\u00f5es para gravar e produzir o conte\u00fado. <\/p>\n\n\n\n<p>A Diretora do CEMEF, Adriana Feldmann Grave, atribu\u00ed ao projeto a valoriza\u00e7\u00e3o do ser humano, e estima o contato das crian\u00e7as com os idosos. \u201cElas podem trabalhar junto com eles com respeito, educa\u00e7\u00e3o e tamb\u00e9m trabalhando a quest\u00e3o da paz no mundo\u201d, comenta.<\/p>\n\n\n\n<p>A gestora do Opa Haus, Odete Diedrich, conta que o projeto foi aceito \u201cde cara\u201d pela oportunidade que traz de integra\u00e7\u00e3o entre as alunas e os moradores do Lar, proporcionando o conhecimento da realidade dos idosos, suas limita\u00e7\u00f5es e o quanto conseguem alegrar esse p\u00fablico. \u201cIsso \u00e9 uma coisa que eu n\u00e3o dispenso, essa mistifica\u00e7\u00e3o de idoso com crian\u00e7as, isso \u00e9 muito bom para os dois lados\u201d, expressa.<\/p>\n\n\n\n<p><strong>Jerusalema<\/strong><br>A m\u00fasica africana Jerusalema foi criada em 2020 durante o per\u00edodo pand\u00eamico como ora\u00e7\u00e3o em prol da situa\u00e7\u00e3o global enfrentada no per\u00edodo. O movimento foi realizado em diferentes grupos do mundo inteiro por meio de manifesta\u00e7\u00f5es art\u00edsticas.<\/p>\n\n\n\n<p>Com a volta as aulas e a autoriza\u00e7\u00e3o da Secretaria de Educa\u00e7\u00e3o de Teut\u00f4nia, v\u00e1rias escolas do munic\u00edpio se mobilizaram para participar da a\u00e7\u00e3o. S\u00f4nia discorre sobre interesse em unir crian\u00e7as e idosos na a\u00e7\u00e3o. <\/p>\n\n\n\n<p>\u201cMuito al\u00e9m de dan\u00e7as e mexer o corpo \u00e9 fazer essa integra\u00e7\u00e3o, trazer alegria para esses idosos e entre eles, saber da import\u00e2ncia da ajuda, da solidariedade\u201d, pontua.<\/p>\n\n\n\n<p>Assista ao v\u00eddeo no <a href=\"https:\/\/youtu.be\/cxuBFV8xmIA\">YouTube<\/a>.<\/p>\n\n\n\n<div class=\"wp-block-jetpack-slideshow aligncenter\" data-effect=\"slide\"><div class=\"wp-block-jetpack-slideshow_container swiper-container\"><ul class=\"wp-block-jetpack-slideshow_swiper-wrapper swiper-wrapper\"><li class=\"wp-block-jetpack-slideshow_slide swiper-slide\"><figure><img loading=\"lazy\" decoding=\"async\" width=\"1024\" height=\"576\" alt=\"\" class=\"wp-block-jetpack-slideshow_image wp-image-116654\" data-id=\"116654\" src=\"https:\/\/folhapopular.info\/wp-content\/uploads\/2022\/11\/WhatsApp-Image-2022-11-17-at-16.45.05-1024x576.jpeg\" srcset=\"https:\/\/folhapopular.info\/wp-content\/uploads\/2022\/11\/WhatsApp-Image-2022-11-17-at-16.45.05-1024x576.jpeg 1024w, https:\/\/folhapopular.info\/wp-content\/uploads\/2022\/11\/WhatsApp-Image-2022-11-17-at-16.45.05-300x169.jpeg 300w, https:\/\/folhapopular.info\/wp-content\/uploads\/2022\/11\/WhatsApp-Image-2022-11-17-at-16.45.05-768x432.jpeg 768w, https:\/\/folhapopular.info\/wp-content\/uploads\/2022\/11\/WhatsApp-Image-2022-11-17-at-16.45.05-1536x864.jpeg 1536w, https:\/\/folhapopular.info\/wp-content\/uploads\/2022\/11\/WhatsApp-Image-2022-11-17-at-16.45.05-696x392.jpeg 696w, https:\/\/folhapopular.info\/wp-content\/uploads\/2022\/11\/WhatsApp-Image-2022-11-17-at-16.45.05-1068x601.jpeg 1068w, https:\/\/folhapopular.info\/wp-content\/uploads\/2022\/11\/WhatsApp-Image-2022-11-17-at-16.45.05.jpeg 1600w\" sizes=\"(max-width: 1024px) 100vw, 1024px\" \/><figcaption class=\"wp-block-jetpack-slideshow_caption gallery-caption\">Lan\u00e7amento do v\u00eddeo aconteceu na tarde de quinta-feira (17\/11) <\/figcaption><\/figure><\/li><li class=\"wp-block-jetpack-slideshow_slide swiper-slide\"><figure><img loading=\"lazy\" decoding=\"async\" width=\"1024\" height=\"576\" alt=\"\" class=\"wp-block-jetpack-slideshow_image wp-image-116655\" data-id=\"116655\" src=\"https:\/\/folhapopular.info\/wp-content\/uploads\/2022\/11\/WhatsApp-Image-2022-11-17-at-16.45.11-1024x576.jpeg\" srcset=\"https:\/\/folhapopular.info\/wp-content\/uploads\/2022\/11\/WhatsApp-Image-2022-11-17-at-16.45.11-1024x576.jpeg 1024w, https:\/\/folhapopular.info\/wp-content\/uploads\/2022\/11\/WhatsApp-Image-2022-11-17-at-16.45.11-300x169.jpeg 300w, https:\/\/folhapopular.info\/wp-content\/uploads\/2022\/11\/WhatsApp-Image-2022-11-17-at-16.45.11-768x432.jpeg 768w, https:\/\/folhapopular.info\/wp-content\/uploads\/2022\/11\/WhatsApp-Image-2022-11-17-at-16.45.11-1536x864.jpeg 1536w, https:\/\/folhapopular.info\/wp-content\/uploads\/2022\/11\/WhatsApp-Image-2022-11-17-at-16.45.11-696x392.jpeg 696w, https:\/\/folhapopular.info\/wp-content\/uploads\/2022\/11\/WhatsApp-Image-2022-11-17-at-16.45.11-1068x601.jpeg 1068w, https:\/\/folhapopular.info\/wp-content\/uploads\/2022\/11\/WhatsApp-Image-2022-11-17-at-16.45.11.jpeg 1600w\" sizes=\"(max-width: 1024px) 100vw, 1024px\" \/><\/figure><\/li><li class=\"wp-block-jetpack-slideshow_slide swiper-slide\"><figure><img loading=\"lazy\" decoding=\"async\" width=\"1024\" height=\"576\" alt=\"\" class=\"wp-block-jetpack-slideshow_image wp-image-116658\" data-id=\"116658\" src=\"https:\/\/folhapopular.info\/wp-content\/uploads\/2022\/11\/WhatsApp-Image-2022-11-17-at-16.45.00-1-1-1024x576.jpeg\" srcset=\"https:\/\/folhapopular.info\/wp-content\/uploads\/2022\/11\/WhatsApp-Image-2022-11-17-at-16.45.00-1-1-1024x576.jpeg 1024w, https:\/\/folhapopular.info\/wp-content\/uploads\/2022\/11\/WhatsApp-Image-2022-11-17-at-16.45.00-1-1-300x169.jpeg 300w, https:\/\/folhapopular.info\/wp-content\/uploads\/2022\/11\/WhatsApp-Image-2022-11-17-at-16.45.00-1-1-768x432.jpeg 768w, https:\/\/folhapopular.info\/wp-content\/uploads\/2022\/11\/WhatsApp-Image-2022-11-17-at-16.45.00-1-1-1536x864.jpeg 1536w, https:\/\/folhapopular.info\/wp-content\/uploads\/2022\/11\/WhatsApp-Image-2022-11-17-at-16.45.00-1-1-696x392.jpeg 696w, https:\/\/folhapopular.info\/wp-content\/uploads\/2022\/11\/WhatsApp-Image-2022-11-17-at-16.45.00-1-1-1068x601.jpeg 1068w, https:\/\/folhapopular.info\/wp-content\/uploads\/2022\/11\/WhatsApp-Image-2022-11-17-at-16.45.00-1-1.jpeg 1600w\" sizes=\"(max-width: 1024px) 100vw, 1024px\" \/><figcaption class=\"wp-block-jetpack-slideshow_caption gallery-caption\">Alunas prestigiaram o momento com idosos<\/figcaption><\/figure><\/li><li class=\"wp-block-jetpack-slideshow_slide swiper-slide\"><figure><img loading=\"lazy\" decoding=\"async\" width=\"1024\" height=\"576\" alt=\"\" class=\"wp-block-jetpack-slideshow_image wp-image-116656\" data-id=\"116656\" src=\"https:\/\/folhapopular.info\/wp-content\/uploads\/2022\/11\/WhatsApp-Image-2022-11-17-at-16.45.09-1024x576.jpeg\" srcset=\"https:\/\/folhapopular.info\/wp-content\/uploads\/2022\/11\/WhatsApp-Image-2022-11-17-at-16.45.09-1024x576.jpeg 1024w, https:\/\/folhapopular.info\/wp-content\/uploads\/2022\/11\/WhatsApp-Image-2022-11-17-at-16.45.09-300x169.jpeg 300w, https:\/\/folhapopular.info\/wp-content\/uploads\/2022\/11\/WhatsApp-Image-2022-11-17-at-16.45.09-768x432.jpeg 768w, https:\/\/folhapopular.info\/wp-content\/uploads\/2022\/11\/WhatsApp-Image-2022-11-17-at-16.45.09-1536x864.jpeg 1536w, https:\/\/folhapopular.info\/wp-content\/uploads\/2022\/11\/WhatsApp-Image-2022-11-17-at-16.45.09-696x392.jpeg 696w, https:\/\/folhapopular.info\/wp-content\/uploads\/2022\/11\/WhatsApp-Image-2022-11-17-at-16.45.09-1068x601.jpeg 1068w, https:\/\/folhapopular.info\/wp-content\/uploads\/2022\/11\/WhatsApp-Image-2022-11-17-at-16.45.09.jpeg 1600w\" sizes=\"(max-width: 1024px) 100vw, 1024px\" \/><\/figure><\/li><li class=\"wp-block-jetpack-slideshow_slide swiper-slide\"><figure><img loading=\"lazy\" decoding=\"async\" width=\"1024\" height=\"576\" alt=\"\" class=\"wp-block-jetpack-slideshow_image wp-image-116653\" data-id=\"116653\" src=\"https:\/\/folhapopular.info\/wp-content\/uploads\/2022\/11\/WhatsApp-Image-2022-11-19-at-09.42.02-1024x576.jpeg\" srcset=\"https:\/\/folhapopular.info\/wp-content\/uploads\/2022\/11\/WhatsApp-Image-2022-11-19-at-09.42.02-1024x576.jpeg 1024w, https:\/\/folhapopular.info\/wp-content\/uploads\/2022\/11\/WhatsApp-Image-2022-11-19-at-09.42.02-300x169.jpeg 300w, https:\/\/folhapopular.info\/wp-content\/uploads\/2022\/11\/WhatsApp-Image-2022-11-19-at-09.42.02-768x432.jpeg 768w, https:\/\/folhapopular.info\/wp-content\/uploads\/2022\/11\/WhatsApp-Image-2022-11-19-at-09.42.02-1536x864.jpeg 1536w, https:\/\/folhapopular.info\/wp-content\/uploads\/2022\/11\/WhatsApp-Image-2022-11-19-at-09.42.02-696x392.jpeg 696w, https:\/\/folhapopular.info\/wp-content\/uploads\/2022\/11\/WhatsApp-Image-2022-11-19-at-09.42.02-1068x601.jpeg 1068w, https:\/\/folhapopular.info\/wp-content\/uploads\/2022\/11\/WhatsApp-Image-2022-11-19-at-09.42.02.jpeg 1600w\" sizes=\"(max-width: 1024px) 100vw, 1024px\" \/><figcaption class=\"wp-block-jetpack-slideshow_caption gallery-caption\">Administra\u00e7\u00e3o e professora do CEMEF ao lado de gestora do Lar de Opa Haus<\/figcaption><\/figure><\/li><li class=\"wp-block-jetpack-slideshow_slide swiper-slide\"><figure><img loading=\"lazy\" decoding=\"async\" width=\"1024\" height=\"576\" alt=\"\" class=\"wp-block-jetpack-slideshow_image wp-image-116657\" data-id=\"116657\" src=\"https:\/\/folhapopular.info\/wp-content\/uploads\/2022\/11\/WhatsApp-Image-2022-11-17-at-16.45.06-1024x576.jpeg\" srcset=\"https:\/\/folhapopular.info\/wp-content\/uploads\/2022\/11\/WhatsApp-Image-2022-11-17-at-16.45.06-1024x576.jpeg 1024w, https:\/\/folhapopular.info\/wp-content\/uploads\/2022\/11\/WhatsApp-Image-2022-11-17-at-16.45.06-300x169.jpeg 300w, https:\/\/folhapopular.info\/wp-content\/uploads\/2022\/11\/WhatsApp-Image-2022-11-17-at-16.45.06-768x432.jpeg 768w, https:\/\/folhapopular.info\/wp-content\/uploads\/2022\/11\/WhatsApp-Image-2022-11-17-at-16.45.06-1536x864.jpeg 1536w, https:\/\/folhapopular.info\/wp-content\/uploads\/2022\/11\/WhatsApp-Image-2022-11-17-at-16.45.06-696x392.jpeg 696w, https:\/\/folhapopular.info\/wp-content\/uploads\/2022\/11\/WhatsApp-Image-2022-11-17-at-16.45.06-1068x601.jpeg 1068w, https:\/\/folhapopular.info\/wp-content\/uploads\/2022\/11\/WhatsApp-Image-2022-11-17-at-16.45.06.jpeg 1600w\" sizes=\"(max-width: 1024px) 100vw, 1024px\" \/><figcaption class=\"wp-block-jetpack-slideshow_caption gallery-caption\">Cr\u00e9dito das fotos: Keila Gr\u00e4ff Anhaia<\/figcaption><\/figure><\/li><\/ul><a class=\"wp-block-jetpack-slideshow_button-prev swiper-button-prev swiper-button-white\" role=\"button\"><\/a><a class=\"wp-block-jetpack-slideshow_button-next swiper-button-next swiper-button-white\" role=\"button\"><\/a><a aria-label=\"Pause Slideshow\" class=\"wp-block-jetpack-slideshow_button-pause\" role=\"button\"><\/a><div class=\"wp-block-jetpack-slideshow_pagination swiper-pagination swiper-pagination-white\"><\/div><\/div><\/div>\n","protected":false},"excerpt":{"rendered":"<p>Na tarde de quinta-feira (17\/11), alunas e professoras do Centro Municipal de Ensino Fundamental Leonel de Moura Brizola (CEMEF) de Teut\u00f4nia e moradores e funcion\u00e1rios do Lar de Idosos Opa Haus, se reuniram para assistir ao videoclipe feito com o intuito de integrar os dois grupos. Os ensaios foram realizados durante dois meses e as [&hellip;]<\/p>\n","protected":false},"author":636,"featured_media":116652,"comment_status":"open","ping_status":"open","sticky":false,"template":"","format":"standard","meta":{"pmpro_default_level":"","_jetpack_memberships_contains_paid_content":false,"footnotes":""},"categories":[2,3],"tags":[3509,1601,380,3965,10334,26],"class_list":{"0":"post-116651","1":"post","2":"type-post","3":"status-publish","4":"format-standard","5":"has-post-thumbnail","7":"category-featured","8":"category-geral","9":"tag-cemef","10":"tag-danca","11":"tag-integracao","12":"tag-lar-opa-haus","13":"tag-movimento","14":"tag-teutonia","15":"pmpro-has-access"},"yoast_head":"<!-- This site is optimized with the Yoast SEO plugin v27.5 - https:\/\/yoast.com\/product\/yoast-seo-wordpress\/ -->\n<title>Alunas do CEMEF e Opa Haus lan\u00e7am videoclipe em Teut\u00f4nia - Folha Popular<\/title>\n<meta name=\"robots\" content=\"index, follow, max-snippet:-1, max-image-preview:large, max-video-preview:-1\" \/>\n<link rel=\"canonical\" href=\"https:\/\/folhapopular.info\/index.php\/2022\/11\/19\/alunas-do-cemef-e-opa-haus-lancam-videoclipe-em-teutonia\/\" \/>\n<meta property=\"og:locale\" content=\"pt_BR\" \/>\n<meta property=\"og:type\" content=\"article\" \/>\n<meta property=\"og:title\" content=\"Alunas do CEMEF e Opa Haus lan\u00e7am videoclipe em Teut\u00f4nia - Folha Popular\" \/>\n<meta property=\"og:description\" content=\"Na tarde de quinta-feira (17\/11), alunas e professoras do Centro Municipal de Ensino Fundamental Leonel de Moura Brizola (CEMEF) de Teut\u00f4nia e moradores e funcion\u00e1rios do Lar de Idosos Opa Haus, se reuniram para assistir ao videoclipe feito com o intuito de integrar os dois grupos. Os ensaios foram realizados durante dois meses e as [&hellip;]\" \/>\n<meta property=\"og:url\" content=\"https:\/\/folhapopular.info\/index.php\/2022\/11\/19\/alunas-do-cemef-e-opa-haus-lancam-videoclipe-em-teutonia\/\" \/>\n<meta property=\"og:site_name\" content=\"Folha Popular\" \/>\n<meta property=\"article:published_time\" content=\"2022-11-19T13:02:18+00:00\" \/>\n<meta property=\"article:modified_time\" content=\"2022-11-19T13:02:21+00:00\" \/>\n<meta property=\"og:image\" content=\"http:\/\/folhapopular.info\/wp-content\/uploads\/2022\/11\/WhatsApp-Image-2022-11-17-at-16.45.00-1.jpeg\" \/>\n\t<meta property=\"og:image:width\" content=\"1600\" \/>\n\t<meta property=\"og:image:height\" content=\"900\" \/>\n\t<meta property=\"og:image:type\" content=\"image\/jpeg\" \/>\n<meta name=\"author\" content=\"Keila Gr\u00e4ff Anhaia\" \/>\n<meta name=\"twitter:card\" content=\"summary_large_image\" \/>\n<meta name=\"twitter:label1\" content=\"Escrito por\" \/>\n\t<meta name=\"twitter:data1\" content=\"Keila Gr\u00e4ff Anhaia\" \/>\n\t<meta name=\"twitter:label2\" content=\"Est. tempo de leitura\" \/>\n\t<meta name=\"twitter:data2\" content=\"4 minutos\" \/>\n<script type=\"application\/ld+json\" class=\"yoast-schema-graph\">{\"@context\":\"https:\\\/\\\/schema.org\",\"@graph\":[{\"@type\":\"Article\",\"@id\":\"https:\\\/\\\/folhapopular.info\\\/index.php\\\/2022\\\/11\\\/19\\\/alunas-do-cemef-e-opa-haus-lancam-videoclipe-em-teutonia\\\/#article\",\"isPartOf\":{\"@id\":\"https:\\\/\\\/folhapopular.info\\\/index.php\\\/2022\\\/11\\\/19\\\/alunas-do-cemef-e-opa-haus-lancam-videoclipe-em-teutonia\\\/\"},\"author\":{\"name\":\"Keila Gr\u00e4ff Anhaia\",\"@id\":\"https:\\\/\\\/folhapopular.info\\\/#\\\/schema\\\/person\\\/9a5695747e1046d5fac310c552cf6260\"},\"headline\":\"Alunas do CEMEF e Opa Haus lan\u00e7am videoclipe em Teut\u00f4nia\",\"datePublished\":\"2022-11-19T13:02:18+00:00\",\"dateModified\":\"2022-11-19T13:02:21+00:00\",\"mainEntityOfPage\":{\"@id\":\"https:\\\/\\\/folhapopular.info\\\/index.php\\\/2022\\\/11\\\/19\\\/alunas-do-cemef-e-opa-haus-lancam-videoclipe-em-teutonia\\\/\"},\"wordCount\":400,\"commentCount\":0,\"image\":{\"@id\":\"https:\\\/\\\/folhapopular.info\\\/index.php\\\/2022\\\/11\\\/19\\\/alunas-do-cemef-e-opa-haus-lancam-videoclipe-em-teutonia\\\/#primaryimage\"},\"thumbnailUrl\":\"https:\\\/\\\/folhapopular.info\\\/wp-content\\\/uploads\\\/2022\\\/11\\\/WhatsApp-Image-2022-11-17-at-16.45.00-1.jpeg\",\"keywords\":[\"CEMEF\",\"Dan\u00e7a\",\"Integra\u00e7\u00e3o\",\"Lar Opa Haus\",\"Movimento\",\"Teut\u00f4nia\"],\"articleSection\":[\"Destaques\",\"Geral\"],\"inLanguage\":\"pt-BR\",\"potentialAction\":[{\"@type\":\"CommentAction\",\"name\":\"Comment\",\"target\":[\"https:\\\/\\\/folhapopular.info\\\/index.php\\\/2022\\\/11\\\/19\\\/alunas-do-cemef-e-opa-haus-lancam-videoclipe-em-teutonia\\\/#respond\"]}]},{\"@type\":\"WebPage\",\"@id\":\"https:\\\/\\\/folhapopular.info\\\/index.php\\\/2022\\\/11\\\/19\\\/alunas-do-cemef-e-opa-haus-lancam-videoclipe-em-teutonia\\\/\",\"url\":\"https:\\\/\\\/folhapopular.info\\\/index.php\\\/2022\\\/11\\\/19\\\/alunas-do-cemef-e-opa-haus-lancam-videoclipe-em-teutonia\\\/\",\"name\":\"Alunas do CEMEF e Opa Haus lan\u00e7am videoclipe em Teut\u00f4nia - Folha Popular\",\"isPartOf\":{\"@id\":\"https:\\\/\\\/folhapopular.info\\\/#website\"},\"primaryImageOfPage\":{\"@id\":\"https:\\\/\\\/folhapopular.info\\\/index.php\\\/2022\\\/11\\\/19\\\/alunas-do-cemef-e-opa-haus-lancam-videoclipe-em-teutonia\\\/#primaryimage\"},\"image\":{\"@id\":\"https:\\\/\\\/folhapopular.info\\\/index.php\\\/2022\\\/11\\\/19\\\/alunas-do-cemef-e-opa-haus-lancam-videoclipe-em-teutonia\\\/#primaryimage\"},\"thumbnailUrl\":\"https:\\\/\\\/folhapopular.info\\\/wp-content\\\/uploads\\\/2022\\\/11\\\/WhatsApp-Image-2022-11-17-at-16.45.00-1.jpeg\",\"datePublished\":\"2022-11-19T13:02:18+00:00\",\"dateModified\":\"2022-11-19T13:02:21+00:00\",\"author\":{\"@id\":\"https:\\\/\\\/folhapopular.info\\\/#\\\/schema\\\/person\\\/9a5695747e1046d5fac310c552cf6260\"},\"breadcrumb\":{\"@id\":\"https:\\\/\\\/folhapopular.info\\\/index.php\\\/2022\\\/11\\\/19\\\/alunas-do-cemef-e-opa-haus-lancam-videoclipe-em-teutonia\\\/#breadcrumb\"},\"inLanguage\":\"pt-BR\",\"potentialAction\":[{\"@type\":\"ReadAction\",\"target\":[\"https:\\\/\\\/folhapopular.info\\\/index.php\\\/2022\\\/11\\\/19\\\/alunas-do-cemef-e-opa-haus-lancam-videoclipe-em-teutonia\\\/\"]}]},{\"@type\":\"ImageObject\",\"inLanguage\":\"pt-BR\",\"@id\":\"https:\\\/\\\/folhapopular.info\\\/index.php\\\/2022\\\/11\\\/19\\\/alunas-do-cemef-e-opa-haus-lancam-videoclipe-em-teutonia\\\/#primaryimage\",\"url\":\"https:\\\/\\\/folhapopular.info\\\/wp-content\\\/uploads\\\/2022\\\/11\\\/WhatsApp-Image-2022-11-17-at-16.45.00-1.jpeg\",\"contentUrl\":\"https:\\\/\\\/folhapopular.info\\\/wp-content\\\/uploads\\\/2022\\\/11\\\/WhatsApp-Image-2022-11-17-at-16.45.00-1.jpeg\",\"width\":1600,\"height\":900,\"caption\":\"A\u00e7\u00e3o proporcionou conhecimento, integra\u00e7\u00e3o e alegria entre envolvidos \\\/ Cr\u00e9dito: Keila Gr\u00e4ff Anhaia\"},{\"@type\":\"BreadcrumbList\",\"@id\":\"https:\\\/\\\/folhapopular.info\\\/index.php\\\/2022\\\/11\\\/19\\\/alunas-do-cemef-e-opa-haus-lancam-videoclipe-em-teutonia\\\/#breadcrumb\",\"itemListElement\":[{\"@type\":\"ListItem\",\"position\":1,\"name\":\"In\u00edcio\",\"item\":\"https:\\\/\\\/folhapopular.info\\\/\"},{\"@type\":\"ListItem\",\"position\":2,\"name\":\"Alunas do CEMEF e Opa Haus lan\u00e7am videoclipe em Teut\u00f4nia\"}]},{\"@type\":\"WebSite\",\"@id\":\"https:\\\/\\\/folhapopular.info\\\/#website\",\"url\":\"https:\\\/\\\/folhapopular.info\\\/\",\"name\":\"Folha Popular\",\"description\":\"Onde voc\u00ea tem vez e voz\",\"potentialAction\":[{\"@type\":\"SearchAction\",\"target\":{\"@type\":\"EntryPoint\",\"urlTemplate\":\"https:\\\/\\\/folhapopular.info\\\/?s={search_term_string}\"},\"query-input\":{\"@type\":\"PropertyValueSpecification\",\"valueRequired\":true,\"valueName\":\"search_term_string\"}}],\"inLanguage\":\"pt-BR\"},{\"@type\":\"Person\",\"@id\":\"https:\\\/\\\/folhapopular.info\\\/#\\\/schema\\\/person\\\/9a5695747e1046d5fac310c552cf6260\",\"name\":\"Keila Gr\u00e4ff Anhaia\",\"image\":{\"@type\":\"ImageObject\",\"inLanguage\":\"pt-BR\",\"@id\":\"https:\\\/\\\/secure.gravatar.com\\\/avatar\\\/498ef5bfb389bc7ded562ad94f835a056e934ab779eb2a595c461a735cf74fba?s=96&d=mm&r=g\",\"url\":\"https:\\\/\\\/secure.gravatar.com\\\/avatar\\\/498ef5bfb389bc7ded562ad94f835a056e934ab779eb2a595c461a735cf74fba?s=96&d=mm&r=g\",\"contentUrl\":\"https:\\\/\\\/secure.gravatar.com\\\/avatar\\\/498ef5bfb389bc7ded562ad94f835a056e934ab779eb2a595c461a735cf74fba?s=96&d=mm&r=g\",\"caption\":\"Keila Gr\u00e4ff Anhaia\"},\"url\":\"https:\\\/\\\/folhapopular.info\\\/index.php\\\/author\\\/graffkeilagmail-com\\\/\"}]}<\/script>\n<!-- \/ Yoast SEO plugin. -->","yoast_head_json":{"title":"Alunas do CEMEF e Opa Haus lan\u00e7am videoclipe em Teut\u00f4nia - Folha Popular","robots":{"index":"index","follow":"follow","max-snippet":"max-snippet:-1","max-image-preview":"max-image-preview:large","max-video-preview":"max-video-preview:-1"},"canonical":"https:\/\/folhapopular.info\/index.php\/2022\/11\/19\/alunas-do-cemef-e-opa-haus-lancam-videoclipe-em-teutonia\/","og_locale":"pt_BR","og_type":"article","og_title":"Alunas do CEMEF e Opa Haus lan\u00e7am videoclipe em Teut\u00f4nia - Folha Popular","og_description":"Na tarde de quinta-feira (17\/11), alunas e professoras do Centro Municipal de Ensino Fundamental Leonel de Moura Brizola (CEMEF) de Teut\u00f4nia e moradores e funcion\u00e1rios do Lar de Idosos Opa Haus, se reuniram para assistir ao videoclipe feito com o intuito de integrar os dois grupos. Os ensaios foram realizados durante dois meses e as [&hellip;]","og_url":"https:\/\/folhapopular.info\/index.php\/2022\/11\/19\/alunas-do-cemef-e-opa-haus-lancam-videoclipe-em-teutonia\/","og_site_name":"Folha Popular","article_published_time":"2022-11-19T13:02:18+00:00","article_modified_time":"2022-11-19T13:02:21+00:00","og_image":[{"width":1600,"height":900,"url":"http:\/\/folhapopular.info\/wp-content\/uploads\/2022\/11\/WhatsApp-Image-2022-11-17-at-16.45.00-1.jpeg","type":"image\/jpeg"}],"author":"Keila Gr\u00e4ff Anhaia","twitter_card":"summary_large_image","twitter_misc":{"Escrito por":"Keila Gr\u00e4ff Anhaia","Est. tempo de leitura":"4 minutos"},"schema":{"@context":"https:\/\/schema.org","@graph":[{"@type":"Article","@id":"https:\/\/folhapopular.info\/index.php\/2022\/11\/19\/alunas-do-cemef-e-opa-haus-lancam-videoclipe-em-teutonia\/#article","isPartOf":{"@id":"https:\/\/folhapopular.info\/index.php\/2022\/11\/19\/alunas-do-cemef-e-opa-haus-lancam-videoclipe-em-teutonia\/"},"author":{"name":"Keila Gr\u00e4ff Anhaia","@id":"https:\/\/folhapopular.info\/#\/schema\/person\/9a5695747e1046d5fac310c552cf6260"},"headline":"Alunas do CEMEF e Opa Haus lan\u00e7am videoclipe em Teut\u00f4nia","datePublished":"2022-11-19T13:02:18+00:00","dateModified":"2022-11-19T13:02:21+00:00","mainEntityOfPage":{"@id":"https:\/\/folhapopular.info\/index.php\/2022\/11\/19\/alunas-do-cemef-e-opa-haus-lancam-videoclipe-em-teutonia\/"},"wordCount":400,"commentCount":0,"image":{"@id":"https:\/\/folhapopular.info\/index.php\/2022\/11\/19\/alunas-do-cemef-e-opa-haus-lancam-videoclipe-em-teutonia\/#primaryimage"},"thumbnailUrl":"https:\/\/folhapopular.info\/wp-content\/uploads\/2022\/11\/WhatsApp-Image-2022-11-17-at-16.45.00-1.jpeg","keywords":["CEMEF","Dan\u00e7a","Integra\u00e7\u00e3o","Lar Opa Haus","Movimento","Teut\u00f4nia"],"articleSection":["Destaques","Geral"],"inLanguage":"pt-BR","potentialAction":[{"@type":"CommentAction","name":"Comment","target":["https:\/\/folhapopular.info\/index.php\/2022\/11\/19\/alunas-do-cemef-e-opa-haus-lancam-videoclipe-em-teutonia\/#respond"]}]},{"@type":"WebPage","@id":"https:\/\/folhapopular.info\/index.php\/2022\/11\/19\/alunas-do-cemef-e-opa-haus-lancam-videoclipe-em-teutonia\/","url":"https:\/\/folhapopular.info\/index.php\/2022\/11\/19\/alunas-do-cemef-e-opa-haus-lancam-videoclipe-em-teutonia\/","name":"Alunas do CEMEF e Opa Haus lan\u00e7am videoclipe em Teut\u00f4nia - Folha Popular","isPartOf":{"@id":"https:\/\/folhapopular.info\/#website"},"primaryImageOfPage":{"@id":"https:\/\/folhapopular.info\/index.php\/2022\/11\/19\/alunas-do-cemef-e-opa-haus-lancam-videoclipe-em-teutonia\/#primaryimage"},"image":{"@id":"https:\/\/folhapopular.info\/index.php\/2022\/11\/19\/alunas-do-cemef-e-opa-haus-lancam-videoclipe-em-teutonia\/#primaryimage"},"thumbnailUrl":"https:\/\/folhapopular.info\/wp-content\/uploads\/2022\/11\/WhatsApp-Image-2022-11-17-at-16.45.00-1.jpeg","datePublished":"2022-11-19T13:02:18+00:00","dateModified":"2022-11-19T13:02:21+00:00","author":{"@id":"https:\/\/folhapopular.info\/#\/schema\/person\/9a5695747e1046d5fac310c552cf6260"},"breadcrumb":{"@id":"https:\/\/folhapopular.info\/index.php\/2022\/11\/19\/alunas-do-cemef-e-opa-haus-lancam-videoclipe-em-teutonia\/#breadcrumb"},"inLanguage":"pt-BR","potentialAction":[{"@type":"ReadAction","target":["https:\/\/folhapopular.info\/index.php\/2022\/11\/19\/alunas-do-cemef-e-opa-haus-lancam-videoclipe-em-teutonia\/"]}]},{"@type":"ImageObject","inLanguage":"pt-BR","@id":"https:\/\/folhapopular.info\/index.php\/2022\/11\/19\/alunas-do-cemef-e-opa-haus-lancam-videoclipe-em-teutonia\/#primaryimage","url":"https:\/\/folhapopular.info\/wp-content\/uploads\/2022\/11\/WhatsApp-Image-2022-11-17-at-16.45.00-1.jpeg","contentUrl":"https:\/\/folhapopular.info\/wp-content\/uploads\/2022\/11\/WhatsApp-Image-2022-11-17-at-16.45.00-1.jpeg","width":1600,"height":900,"caption":"A\u00e7\u00e3o proporcionou conhecimento, integra\u00e7\u00e3o e alegria entre envolvidos \/ Cr\u00e9dito: Keila Gr\u00e4ff Anhaia"},{"@type":"BreadcrumbList","@id":"https:\/\/folhapopular.info\/index.php\/2022\/11\/19\/alunas-do-cemef-e-opa-haus-lancam-videoclipe-em-teutonia\/#breadcrumb","itemListElement":[{"@type":"ListItem","position":1,"name":"In\u00edcio","item":"https:\/\/folhapopular.info\/"},{"@type":"ListItem","position":2,"name":"Alunas do CEMEF e Opa Haus lan\u00e7am videoclipe em Teut\u00f4nia"}]},{"@type":"WebSite","@id":"https:\/\/folhapopular.info\/#website","url":"https:\/\/folhapopular.info\/","name":"Folha Popular","description":"Onde voc\u00ea tem vez e voz","potentialAction":[{"@type":"SearchAction","target":{"@type":"EntryPoint","urlTemplate":"https:\/\/folhapopular.info\/?s={search_term_string}"},"query-input":{"@type":"PropertyValueSpecification","valueRequired":true,"valueName":"search_term_string"}}],"inLanguage":"pt-BR"},{"@type":"Person","@id":"https:\/\/folhapopular.info\/#\/schema\/person\/9a5695747e1046d5fac310c552cf6260","name":"Keila Gr\u00e4ff Anhaia","image":{"@type":"ImageObject","inLanguage":"pt-BR","@id":"https:\/\/secure.gravatar.com\/avatar\/498ef5bfb389bc7ded562ad94f835a056e934ab779eb2a595c461a735cf74fba?s=96&d=mm&r=g","url":"https:\/\/secure.gravatar.com\/avatar\/498ef5bfb389bc7ded562ad94f835a056e934ab779eb2a595c461a735cf74fba?s=96&d=mm&r=g","contentUrl":"https:\/\/secure.gravatar.com\/avatar\/498ef5bfb389bc7ded562ad94f835a056e934ab779eb2a595c461a735cf74fba?s=96&d=mm&r=g","caption":"Keila Gr\u00e4ff Anhaia"},"url":"https:\/\/folhapopular.info\/index.php\/author\/graffkeilagmail-com\/"}]}},"jetpack_featured_media_url":"https:\/\/folhapopular.info\/wp-content\/uploads\/2022\/11\/WhatsApp-Image-2022-11-17-at-16.45.00-1.jpeg","jetpack_sharing_enabled":true,"amp_enabled":true,"_links":{"self":[{"href":"https:\/\/folhapopular.info\/index.php\/wp-json\/wp\/v2\/posts\/116651","targetHints":{"allow":["GET"]}}],"collection":[{"href":"https:\/\/folhapopular.info\/index.php\/wp-json\/wp\/v2\/posts"}],"about":[{"href":"https:\/\/folhapopular.info\/index.php\/wp-json\/wp\/v2\/types\/post"}],"author":[{"embeddable":true,"href":"https:\/\/folhapopular.info\/index.php\/wp-json\/wp\/v2\/users\/636"}],"replies":[{"embeddable":true,"href":"https:\/\/folhapopular.info\/index.php\/wp-json\/wp\/v2\/comments?post=116651"}],"version-history":[{"count":0,"href":"https:\/\/folhapopular.info\/index.php\/wp-json\/wp\/v2\/posts\/116651\/revisions"}],"wp:featuredmedia":[{"embeddable":true,"href":"https:\/\/folhapopular.info\/index.php\/wp-json\/wp\/v2\/media\/116652"}],"wp:attachment":[{"href":"https:\/\/folhapopular.info\/index.php\/wp-json\/wp\/v2\/media?parent=116651"}],"wp:term":[{"taxonomy":"category","embeddable":true,"href":"https:\/\/folhapopular.info\/index.php\/wp-json\/wp\/v2\/categories?post=116651"},{"taxonomy":"post_tag","embeddable":true,"href":"https:\/\/folhapopular.info\/index.php\/wp-json\/wp\/v2\/tags?post=116651"}],"curies":[{"name":"wp","href":"https:\/\/api.w.org\/{rel}","templated":true}]}}