{"id":116769,"date":"2022-11-22T16:51:00","date_gmt":"2022-11-22T19:51:00","guid":{"rendered":"https:\/\/folhapopular.info\/?p=116769"},"modified":"2022-11-22T16:51:18","modified_gmt":"2022-11-22T19:51:18","slug":"pais-fazem-filas-para-garantir-matriculas","status":"publish","type":"post","link":"https:\/\/folhapopular.info\/index.php\/2022\/11\/22\/pais-fazem-filas-para-garantir-matriculas\/","title":{"rendered":"Pais fazem filas para garantir matr\u00edculas em Teut\u00f4nia"},"content":{"rendered":"\n<p>A Escola Municipal de Ensino Fundamental Professor Teobaldo Closs, do Bairro Canabarro, em Teut\u00f4nia, iniciou seu per\u00edodo de matr\u00edcula e rematr\u00edcula na segunda-feira (21\/11), ap\u00f3s divulgar a data em suas redes sociais. No entanto, um expressivo n\u00famero de pais come\u00e7ou a formar filas em frente aos port\u00f5es do educand\u00e1rio ainda no fim da tarde deste domingo (20\/11), na inten\u00e7\u00e3o de garantir a vaga.<\/p>\n\n\n\n<p>Um exemplo \u00e9 o casal Nelson Rodrigues Pereira e Leticia Follmer, pais do aluno Gabriel, de 5 anos, que est\u00e1 no Pr\u00e9-B. O pai do menino ficou em frente a escola das 19h de domingo at\u00e9 por volta das 8h20 de segunda-feira, quando conseguiu ent\u00e3o matricular seu filho no 1\u00ba ano. Outros pais j\u00e1 estavam na fila desde as 17h. \u201cComo tinha muitas m\u00e3es na fila conseguimos contato com o diretor da escola para abrir para poder ao menos usar o banheiro e se abrigar do sereno\u201d, conta Leticia.<\/p>\n\n\n\n<p>A necessidade por uma vaga no per\u00edodo da manh\u00e3 era essencial por conta dos hor\u00e1rios de trabalho do casal, entretanto s\u00f3 conseguiram para a tarde. Diante da situa\u00e7\u00e3o, a possibilidade de um dos dois pedir demiss\u00e3o \u00e9 real. Leticia compartilha ainda que as vagas para o diurno j\u00e1 estavam preenchidas por alunos que fizeram a pr\u00e9-escola nas turmas do educand\u00e1rio. <\/p>\n\n\n\n<p>\u201cA escola nem deu chance para os pais que passaram a noite na fila de matricular no turno da manh\u00e3\u201d, reitera a m\u00e3e de Gabriel. Os pais sugerem que a escola abra duas turmas de um ano no per\u00edodo da manh\u00e3.<\/p>\n\n\n\n<p>\u201c<strong>Temos que atender de acordo com o espa\u00e7o dispon\u00edvel\u201d<\/strong><br>O diretor da escola, Arnildo Gr\u00fctzmann, explica que a institui\u00e7\u00e3o deve priorizar alunos que j\u00e1 estudam no educand\u00e1rio, dessa forma a matr\u00edcula \u00e9 feita autom\u00e1tica pois geralmente n\u00e3o \u00e9 desej\u00e1vel trocar o turno. A gest\u00e3o escolar tamb\u00e9m observa os casos de irm\u00e3os presentes na institui\u00e7\u00e3o para que sejam colocados em mesmo turno.<\/p>\n\n\n\n<p>Gr\u00fctzmann tamb\u00e9m discorre sobre os fatores de alta procura pelo turno da manh\u00e3, demanda de escolas de Educa\u00e7\u00e3o Infantil, disponibilidade de espa\u00e7o f\u00edsico e n\u00famero de profissionais. <\/p>\n\n\n\n<p>No primeiro dia de matr\u00edcula j\u00e1 foram atendidos cerca de 25 pais e por conta do n\u00famero de alunos a escola contar\u00e1 com mais uma turma de 1\u00ba ano, \u00e0 tarde, em 2023, totalizando tr\u00eas turmas ao todo \u2013 duas a tarde e uma de manh\u00e3.<\/p>\n\n\n\n<p>A disponibilidade de acolhimento de alunos \u00e9 definida pelo calend\u00e1rio municipal, o diretor avalia que n\u00e3o h\u00e1 necessidade e viabilidade em abrir mais uma turma de manh\u00e3, pois j\u00e1 foi aberta mais uma turma \u00e0 tarde escola para que toda a demanda seja atendida. A escola recebe atualmente 677 estudantes.<\/p>\n","protected":false},"excerpt":{"rendered":"<p>A Escola Municipal de Ensino Fundamental Professor Teobaldo Closs, do Bairro Canabarro, em Teut\u00f4nia, iniciou seu per\u00edodo de matr\u00edcula e rematr\u00edcula na segunda-feira (21\/11), ap\u00f3s divulgar a data em suas redes sociais. No entanto, um expressivo n\u00famero de pais come\u00e7ou a formar filas em frente aos port\u00f5es do educand\u00e1rio ainda no fim da tarde deste [&hellip;]<\/p>\n","protected":false},"author":636,"featured_media":116770,"comment_status":"open","ping_status":"open","sticky":false,"template":"","format":"standard","meta":{"pmpro_default_level":"","_jetpack_memberships_contains_paid_content":false,"footnotes":""},"categories":[2,3],"tags":[5366,2153,3456,1396,26],"class_list":{"0":"post-116769","1":"post","2":"type-post","3":"status-publish","4":"format-standard","5":"has-post-thumbnail","7":"category-featured","8":"category-geral","9":"tag-comunidade","10":"tag-escola","11":"tag-filas","12":"tag-matriculas","13":"tag-teutonia","14":"pmpro-has-access"},"yoast_head":"<!-- This site is optimized with the Yoast SEO plugin v27.5 - https:\/\/yoast.com\/product\/yoast-seo-wordpress\/ -->\n<title>Pais fazem filas para garantir matr\u00edculas em Teut\u00f4nia - Folha Popular<\/title>\n<meta name=\"robots\" content=\"index, follow, max-snippet:-1, max-image-preview:large, max-video-preview:-1\" \/>\n<link rel=\"canonical\" href=\"https:\/\/folhapopular.info\/index.php\/2022\/11\/22\/pais-fazem-filas-para-garantir-matriculas\/\" \/>\n<meta property=\"og:locale\" content=\"pt_BR\" \/>\n<meta property=\"og:type\" content=\"article\" \/>\n<meta property=\"og:title\" content=\"Pais fazem filas para garantir matr\u00edculas em Teut\u00f4nia - Folha Popular\" \/>\n<meta property=\"og:description\" content=\"A Escola Municipal de Ensino Fundamental Professor Teobaldo Closs, do Bairro Canabarro, em Teut\u00f4nia, iniciou seu per\u00edodo de matr\u00edcula e rematr\u00edcula na segunda-feira (21\/11), ap\u00f3s divulgar a data em suas redes sociais. No entanto, um expressivo n\u00famero de pais come\u00e7ou a formar filas em frente aos port\u00f5es do educand\u00e1rio ainda no fim da tarde deste [&hellip;]\" \/>\n<meta property=\"og:url\" content=\"https:\/\/folhapopular.info\/index.php\/2022\/11\/22\/pais-fazem-filas-para-garantir-matriculas\/\" \/>\n<meta property=\"og:site_name\" content=\"Folha Popular\" \/>\n<meta property=\"article:published_time\" content=\"2022-11-22T19:51:00+00:00\" \/>\n<meta property=\"article:modified_time\" content=\"2022-11-22T19:51:18+00:00\" \/>\n<meta property=\"og:image\" content=\"http:\/\/folhapopular.info\/wp-content\/uploads\/2022\/11\/2017_2_4_Maciel-Delfino_Teutonia_PPCI_Escolas.jpg\" \/>\n\t<meta property=\"og:image:width\" content=\"1077\" \/>\n\t<meta property=\"og:image:height\" content=\"808\" \/>\n\t<meta property=\"og:image:type\" content=\"image\/jpeg\" \/>\n<meta name=\"author\" content=\"Keila Gr\u00e4ff Anhaia\" \/>\n<meta name=\"twitter:card\" content=\"summary_large_image\" \/>\n<meta name=\"twitter:label1\" content=\"Escrito por\" \/>\n\t<meta name=\"twitter:data1\" content=\"Keila Gr\u00e4ff Anhaia\" \/>\n\t<meta name=\"twitter:label2\" content=\"Est. tempo de leitura\" \/>\n\t<meta name=\"twitter:data2\" content=\"3 minutos\" \/>\n<script type=\"application\/ld+json\" class=\"yoast-schema-graph\">{\"@context\":\"https:\\\/\\\/schema.org\",\"@graph\":[{\"@type\":\"Article\",\"@id\":\"https:\\\/\\\/folhapopular.info\\\/index.php\\\/2022\\\/11\\\/22\\\/pais-fazem-filas-para-garantir-matriculas\\\/#article\",\"isPartOf\":{\"@id\":\"https:\\\/\\\/folhapopular.info\\\/index.php\\\/2022\\\/11\\\/22\\\/pais-fazem-filas-para-garantir-matriculas\\\/\"},\"author\":{\"name\":\"Keila Gr\u00e4ff Anhaia\",\"@id\":\"https:\\\/\\\/folhapopular.info\\\/#\\\/schema\\\/person\\\/9a5695747e1046d5fac310c552cf6260\"},\"headline\":\"Pais fazem filas para garantir matr\u00edculas em Teut\u00f4nia\",\"datePublished\":\"2022-11-22T19:51:00+00:00\",\"dateModified\":\"2022-11-22T19:51:18+00:00\",\"mainEntityOfPage\":{\"@id\":\"https:\\\/\\\/folhapopular.info\\\/index.php\\\/2022\\\/11\\\/22\\\/pais-fazem-filas-para-garantir-matriculas\\\/\"},\"wordCount\":476,\"commentCount\":0,\"image\":{\"@id\":\"https:\\\/\\\/folhapopular.info\\\/index.php\\\/2022\\\/11\\\/22\\\/pais-fazem-filas-para-garantir-matriculas\\\/#primaryimage\"},\"thumbnailUrl\":\"https:\\\/\\\/folhapopular.info\\\/wp-content\\\/uploads\\\/2022\\\/11\\\/2017_2_4_Maciel-Delfino_Teutonia_PPCI_Escolas.jpg\",\"keywords\":[\"Comunidade\",\"Escola\",\"Filas\",\"Matr\u00edculas\",\"Teut\u00f4nia\"],\"articleSection\":[\"Destaques\",\"Geral\"],\"inLanguage\":\"pt-BR\",\"potentialAction\":[{\"@type\":\"CommentAction\",\"name\":\"Comment\",\"target\":[\"https:\\\/\\\/folhapopular.info\\\/index.php\\\/2022\\\/11\\\/22\\\/pais-fazem-filas-para-garantir-matriculas\\\/#respond\"]}]},{\"@type\":\"WebPage\",\"@id\":\"https:\\\/\\\/folhapopular.info\\\/index.php\\\/2022\\\/11\\\/22\\\/pais-fazem-filas-para-garantir-matriculas\\\/\",\"url\":\"https:\\\/\\\/folhapopular.info\\\/index.php\\\/2022\\\/11\\\/22\\\/pais-fazem-filas-para-garantir-matriculas\\\/\",\"name\":\"Pais fazem filas para garantir matr\u00edculas em Teut\u00f4nia - Folha Popular\",\"isPartOf\":{\"@id\":\"https:\\\/\\\/folhapopular.info\\\/#website\"},\"primaryImageOfPage\":{\"@id\":\"https:\\\/\\\/folhapopular.info\\\/index.php\\\/2022\\\/11\\\/22\\\/pais-fazem-filas-para-garantir-matriculas\\\/#primaryimage\"},\"image\":{\"@id\":\"https:\\\/\\\/folhapopular.info\\\/index.php\\\/2022\\\/11\\\/22\\\/pais-fazem-filas-para-garantir-matriculas\\\/#primaryimage\"},\"thumbnailUrl\":\"https:\\\/\\\/folhapopular.info\\\/wp-content\\\/uploads\\\/2022\\\/11\\\/2017_2_4_Maciel-Delfino_Teutonia_PPCI_Escolas.jpg\",\"datePublished\":\"2022-11-22T19:51:00+00:00\",\"dateModified\":\"2022-11-22T19:51:18+00:00\",\"author\":{\"@id\":\"https:\\\/\\\/folhapopular.info\\\/#\\\/schema\\\/person\\\/9a5695747e1046d5fac310c552cf6260\"},\"breadcrumb\":{\"@id\":\"https:\\\/\\\/folhapopular.info\\\/index.php\\\/2022\\\/11\\\/22\\\/pais-fazem-filas-para-garantir-matriculas\\\/#breadcrumb\"},\"inLanguage\":\"pt-BR\",\"potentialAction\":[{\"@type\":\"ReadAction\",\"target\":[\"https:\\\/\\\/folhapopular.info\\\/index.php\\\/2022\\\/11\\\/22\\\/pais-fazem-filas-para-garantir-matriculas\\\/\"]}]},{\"@type\":\"ImageObject\",\"inLanguage\":\"pt-BR\",\"@id\":\"https:\\\/\\\/folhapopular.info\\\/index.php\\\/2022\\\/11\\\/22\\\/pais-fazem-filas-para-garantir-matriculas\\\/#primaryimage\",\"url\":\"https:\\\/\\\/folhapopular.info\\\/wp-content\\\/uploads\\\/2022\\\/11\\\/2017_2_4_Maciel-Delfino_Teutonia_PPCI_Escolas.jpg\",\"contentUrl\":\"https:\\\/\\\/folhapopular.info\\\/wp-content\\\/uploads\\\/2022\\\/11\\\/2017_2_4_Maciel-Delfino_Teutonia_PPCI_Escolas.jpg\",\"width\":1077,\"height\":808,\"caption\":\"Em 2022 a escola conta com 677 estudantes \\\/ Cr\u00e9dito: Divulga\u00e7\u00e3o\"},{\"@type\":\"BreadcrumbList\",\"@id\":\"https:\\\/\\\/folhapopular.info\\\/index.php\\\/2022\\\/11\\\/22\\\/pais-fazem-filas-para-garantir-matriculas\\\/#breadcrumb\",\"itemListElement\":[{\"@type\":\"ListItem\",\"position\":1,\"name\":\"In\u00edcio\",\"item\":\"https:\\\/\\\/folhapopular.info\\\/\"},{\"@type\":\"ListItem\",\"position\":2,\"name\":\"Pais fazem filas para garantir matr\u00edculas em Teut\u00f4nia\"}]},{\"@type\":\"WebSite\",\"@id\":\"https:\\\/\\\/folhapopular.info\\\/#website\",\"url\":\"https:\\\/\\\/folhapopular.info\\\/\",\"name\":\"Folha Popular\",\"description\":\"Onde voc\u00ea tem vez e voz\",\"potentialAction\":[{\"@type\":\"SearchAction\",\"target\":{\"@type\":\"EntryPoint\",\"urlTemplate\":\"https:\\\/\\\/folhapopular.info\\\/?s={search_term_string}\"},\"query-input\":{\"@type\":\"PropertyValueSpecification\",\"valueRequired\":true,\"valueName\":\"search_term_string\"}}],\"inLanguage\":\"pt-BR\"},{\"@type\":\"Person\",\"@id\":\"https:\\\/\\\/folhapopular.info\\\/#\\\/schema\\\/person\\\/9a5695747e1046d5fac310c552cf6260\",\"name\":\"Keila Gr\u00e4ff Anhaia\",\"image\":{\"@type\":\"ImageObject\",\"inLanguage\":\"pt-BR\",\"@id\":\"https:\\\/\\\/secure.gravatar.com\\\/avatar\\\/498ef5bfb389bc7ded562ad94f835a056e934ab779eb2a595c461a735cf74fba?s=96&d=mm&r=g\",\"url\":\"https:\\\/\\\/secure.gravatar.com\\\/avatar\\\/498ef5bfb389bc7ded562ad94f835a056e934ab779eb2a595c461a735cf74fba?s=96&d=mm&r=g\",\"contentUrl\":\"https:\\\/\\\/secure.gravatar.com\\\/avatar\\\/498ef5bfb389bc7ded562ad94f835a056e934ab779eb2a595c461a735cf74fba?s=96&d=mm&r=g\",\"caption\":\"Keila Gr\u00e4ff Anhaia\"},\"url\":\"https:\\\/\\\/folhapopular.info\\\/index.php\\\/author\\\/graffkeilagmail-com\\\/\"}]}<\/script>\n<!-- \/ Yoast SEO plugin. -->","yoast_head_json":{"title":"Pais fazem filas para garantir matr\u00edculas em Teut\u00f4nia - Folha Popular","robots":{"index":"index","follow":"follow","max-snippet":"max-snippet:-1","max-image-preview":"max-image-preview:large","max-video-preview":"max-video-preview:-1"},"canonical":"https:\/\/folhapopular.info\/index.php\/2022\/11\/22\/pais-fazem-filas-para-garantir-matriculas\/","og_locale":"pt_BR","og_type":"article","og_title":"Pais fazem filas para garantir matr\u00edculas em Teut\u00f4nia - Folha Popular","og_description":"A Escola Municipal de Ensino Fundamental Professor Teobaldo Closs, do Bairro Canabarro, em Teut\u00f4nia, iniciou seu per\u00edodo de matr\u00edcula e rematr\u00edcula na segunda-feira (21\/11), ap\u00f3s divulgar a data em suas redes sociais. No entanto, um expressivo n\u00famero de pais come\u00e7ou a formar filas em frente aos port\u00f5es do educand\u00e1rio ainda no fim da tarde deste [&hellip;]","og_url":"https:\/\/folhapopular.info\/index.php\/2022\/11\/22\/pais-fazem-filas-para-garantir-matriculas\/","og_site_name":"Folha Popular","article_published_time":"2022-11-22T19:51:00+00:00","article_modified_time":"2022-11-22T19:51:18+00:00","og_image":[{"width":1077,"height":808,"url":"http:\/\/folhapopular.info\/wp-content\/uploads\/2022\/11\/2017_2_4_Maciel-Delfino_Teutonia_PPCI_Escolas.jpg","type":"image\/jpeg"}],"author":"Keila Gr\u00e4ff Anhaia","twitter_card":"summary_large_image","twitter_misc":{"Escrito por":"Keila Gr\u00e4ff Anhaia","Est. tempo de leitura":"3 minutos"},"schema":{"@context":"https:\/\/schema.org","@graph":[{"@type":"Article","@id":"https:\/\/folhapopular.info\/index.php\/2022\/11\/22\/pais-fazem-filas-para-garantir-matriculas\/#article","isPartOf":{"@id":"https:\/\/folhapopular.info\/index.php\/2022\/11\/22\/pais-fazem-filas-para-garantir-matriculas\/"},"author":{"name":"Keila Gr\u00e4ff Anhaia","@id":"https:\/\/folhapopular.info\/#\/schema\/person\/9a5695747e1046d5fac310c552cf6260"},"headline":"Pais fazem filas para garantir matr\u00edculas em Teut\u00f4nia","datePublished":"2022-11-22T19:51:00+00:00","dateModified":"2022-11-22T19:51:18+00:00","mainEntityOfPage":{"@id":"https:\/\/folhapopular.info\/index.php\/2022\/11\/22\/pais-fazem-filas-para-garantir-matriculas\/"},"wordCount":476,"commentCount":0,"image":{"@id":"https:\/\/folhapopular.info\/index.php\/2022\/11\/22\/pais-fazem-filas-para-garantir-matriculas\/#primaryimage"},"thumbnailUrl":"https:\/\/folhapopular.info\/wp-content\/uploads\/2022\/11\/2017_2_4_Maciel-Delfino_Teutonia_PPCI_Escolas.jpg","keywords":["Comunidade","Escola","Filas","Matr\u00edculas","Teut\u00f4nia"],"articleSection":["Destaques","Geral"],"inLanguage":"pt-BR","potentialAction":[{"@type":"CommentAction","name":"Comment","target":["https:\/\/folhapopular.info\/index.php\/2022\/11\/22\/pais-fazem-filas-para-garantir-matriculas\/#respond"]}]},{"@type":"WebPage","@id":"https:\/\/folhapopular.info\/index.php\/2022\/11\/22\/pais-fazem-filas-para-garantir-matriculas\/","url":"https:\/\/folhapopular.info\/index.php\/2022\/11\/22\/pais-fazem-filas-para-garantir-matriculas\/","name":"Pais fazem filas para garantir matr\u00edculas em Teut\u00f4nia - Folha Popular","isPartOf":{"@id":"https:\/\/folhapopular.info\/#website"},"primaryImageOfPage":{"@id":"https:\/\/folhapopular.info\/index.php\/2022\/11\/22\/pais-fazem-filas-para-garantir-matriculas\/#primaryimage"},"image":{"@id":"https:\/\/folhapopular.info\/index.php\/2022\/11\/22\/pais-fazem-filas-para-garantir-matriculas\/#primaryimage"},"thumbnailUrl":"https:\/\/folhapopular.info\/wp-content\/uploads\/2022\/11\/2017_2_4_Maciel-Delfino_Teutonia_PPCI_Escolas.jpg","datePublished":"2022-11-22T19:51:00+00:00","dateModified":"2022-11-22T19:51:18+00:00","author":{"@id":"https:\/\/folhapopular.info\/#\/schema\/person\/9a5695747e1046d5fac310c552cf6260"},"breadcrumb":{"@id":"https:\/\/folhapopular.info\/index.php\/2022\/11\/22\/pais-fazem-filas-para-garantir-matriculas\/#breadcrumb"},"inLanguage":"pt-BR","potentialAction":[{"@type":"ReadAction","target":["https:\/\/folhapopular.info\/index.php\/2022\/11\/22\/pais-fazem-filas-para-garantir-matriculas\/"]}]},{"@type":"ImageObject","inLanguage":"pt-BR","@id":"https:\/\/folhapopular.info\/index.php\/2022\/11\/22\/pais-fazem-filas-para-garantir-matriculas\/#primaryimage","url":"https:\/\/folhapopular.info\/wp-content\/uploads\/2022\/11\/2017_2_4_Maciel-Delfino_Teutonia_PPCI_Escolas.jpg","contentUrl":"https:\/\/folhapopular.info\/wp-content\/uploads\/2022\/11\/2017_2_4_Maciel-Delfino_Teutonia_PPCI_Escolas.jpg","width":1077,"height":808,"caption":"Em 2022 a escola conta com 677 estudantes \/ Cr\u00e9dito: Divulga\u00e7\u00e3o"},{"@type":"BreadcrumbList","@id":"https:\/\/folhapopular.info\/index.php\/2022\/11\/22\/pais-fazem-filas-para-garantir-matriculas\/#breadcrumb","itemListElement":[{"@type":"ListItem","position":1,"name":"In\u00edcio","item":"https:\/\/folhapopular.info\/"},{"@type":"ListItem","position":2,"name":"Pais fazem filas para garantir matr\u00edculas em Teut\u00f4nia"}]},{"@type":"WebSite","@id":"https:\/\/folhapopular.info\/#website","url":"https:\/\/folhapopular.info\/","name":"Folha Popular","description":"Onde voc\u00ea tem vez e voz","potentialAction":[{"@type":"SearchAction","target":{"@type":"EntryPoint","urlTemplate":"https:\/\/folhapopular.info\/?s={search_term_string}"},"query-input":{"@type":"PropertyValueSpecification","valueRequired":true,"valueName":"search_term_string"}}],"inLanguage":"pt-BR"},{"@type":"Person","@id":"https:\/\/folhapopular.info\/#\/schema\/person\/9a5695747e1046d5fac310c552cf6260","name":"Keila Gr\u00e4ff Anhaia","image":{"@type":"ImageObject","inLanguage":"pt-BR","@id":"https:\/\/secure.gravatar.com\/avatar\/498ef5bfb389bc7ded562ad94f835a056e934ab779eb2a595c461a735cf74fba?s=96&d=mm&r=g","url":"https:\/\/secure.gravatar.com\/avatar\/498ef5bfb389bc7ded562ad94f835a056e934ab779eb2a595c461a735cf74fba?s=96&d=mm&r=g","contentUrl":"https:\/\/secure.gravatar.com\/avatar\/498ef5bfb389bc7ded562ad94f835a056e934ab779eb2a595c461a735cf74fba?s=96&d=mm&r=g","caption":"Keila Gr\u00e4ff Anhaia"},"url":"https:\/\/folhapopular.info\/index.php\/author\/graffkeilagmail-com\/"}]}},"jetpack_featured_media_url":"https:\/\/folhapopular.info\/wp-content\/uploads\/2022\/11\/2017_2_4_Maciel-Delfino_Teutonia_PPCI_Escolas.jpg","jetpack_sharing_enabled":true,"amp_enabled":true,"_links":{"self":[{"href":"https:\/\/folhapopular.info\/index.php\/wp-json\/wp\/v2\/posts\/116769","targetHints":{"allow":["GET"]}}],"collection":[{"href":"https:\/\/folhapopular.info\/index.php\/wp-json\/wp\/v2\/posts"}],"about":[{"href":"https:\/\/folhapopular.info\/index.php\/wp-json\/wp\/v2\/types\/post"}],"author":[{"embeddable":true,"href":"https:\/\/folhapopular.info\/index.php\/wp-json\/wp\/v2\/users\/636"}],"replies":[{"embeddable":true,"href":"https:\/\/folhapopular.info\/index.php\/wp-json\/wp\/v2\/comments?post=116769"}],"version-history":[{"count":0,"href":"https:\/\/folhapopular.info\/index.php\/wp-json\/wp\/v2\/posts\/116769\/revisions"}],"wp:featuredmedia":[{"embeddable":true,"href":"https:\/\/folhapopular.info\/index.php\/wp-json\/wp\/v2\/media\/116770"}],"wp:attachment":[{"href":"https:\/\/folhapopular.info\/index.php\/wp-json\/wp\/v2\/media?parent=116769"}],"wp:term":[{"taxonomy":"category","embeddable":true,"href":"https:\/\/folhapopular.info\/index.php\/wp-json\/wp\/v2\/categories?post=116769"},{"taxonomy":"post_tag","embeddable":true,"href":"https:\/\/folhapopular.info\/index.php\/wp-json\/wp\/v2\/tags?post=116769"}],"curies":[{"name":"wp","href":"https:\/\/api.w.org\/{rel}","templated":true}]}}