{"id":117430,"date":"2022-12-09T15:47:45","date_gmt":"2022-12-09T18:47:45","guid":{"rendered":"https:\/\/folhapopular.info\/?p=117430"},"modified":"2022-12-09T16:01:32","modified_gmt":"2022-12-09T19:01:32","slug":"analise-do-exercicio-e-planejamento-para-2023-pautam-reuniao-da-diretoria-da-cic-teutonia","status":"publish","type":"post","link":"https:\/\/folhapopular.info\/index.php\/2022\/12\/09\/analise-do-exercicio-e-planejamento-para-2023-pautam-reuniao-da-diretoria-da-cic-teutonia\/","title":{"rendered":"<strong>Diretoria da CIC Teut\u00f4nia faz an\u00e1lise do ano e planeja 2023<\/strong>"},"content":{"rendered":"\n<p>Nesta quinta-feira (8\/12) a CIC Teut\u00f4nia reuniu a diretoria para o tradicional evento de fim de ano. Assuntos como retrospectiva e an\u00e1lise do exerc\u00edcio, com apresenta\u00e7\u00e3o de relat\u00f3rio de atividades, e planejamento de a\u00e7\u00f5es para 2023, estiveram em pauta. O encontro ocorreu no Audit\u00f3rio 01 da entidade.<\/p>\n\n\n\n<p>A vice-presidente no cargo de presidente, T\u00e2nia Maria Schardong, agradeceu a dedica\u00e7\u00e3o de todos, enaltecendo o associativismo e o cooperativismo. Tamb\u00e9m reconheceu o car\u00e1ter volunt\u00e1rio dos diretores, ao mesmo tempo em que parabenizou a equipe de funcion\u00e1rios pelo comprometimento. <\/p>\n\n\n\n<p>\u201cAt\u00e9 o fim dessa gest\u00e3o, em mar\u00e7o, ainda teremos muitas iniciativas. Ao longo dos anos, muitas lideran\u00e7as j\u00e1 deram a sua contribui\u00e7\u00e3o para o fortalecimento da CIC, num trabalho e envolvimento de pessoas que se doam pela causa\u201d, destacou. <\/p>\n\n\n\n<p>Para o pr\u00f3ximo ano, T\u00e2nia falou do aprimoramento do processo de governan\u00e7a e sucess\u00e3o da entidade \u201cbuscando o envolvimento e articula\u00e7\u00e3o de associados que se identifiquem e queiram participar, um trabalho conjunto, caracter\u00edstico da nossa regi\u00e3o, o que nos fortalece como entidade representativa\u201d.<\/p>\n\n\n\n<p><strong>Relat\u00f3rio de atividades<\/strong><br>A diretora-executiva Carina Schulte Bolfe conduziu a apresenta\u00e7\u00e3o do relat\u00f3rio de atividades do exerc\u00edcio, com indicadores levantados at\u00e9 o dia 30 de novembro. Foram destacadas a\u00e7\u00f5es de aprendizado e crescimento; processos internos; a\u00e7\u00f5es com associados; dados financeiros; e o envolvimento com a comunidade.<\/p>\n\n\n\n<p>Lan\u00e7ado no fim de 2019 com foco na consolida\u00e7\u00e3o e dissemina\u00e7\u00e3o da cultura associativa, promovendo o engajamento do associado, em 2022 a entidade promoveu tr\u00eas desses encontros de forma\u00e7\u00e3o, contando com a participa\u00e7\u00e3o de representantes de 58 empresas. <\/p>\n\n\n\n<p>\u201c\u00c9 um momento especial para que os associados conhe\u00e7am mais de perto a sua entidade, sua infraestrutura e servi\u00e7os oferecidos. Isso, inclusive, reflete nas loca\u00e7\u00f5es dos espa\u00e7os que oferecemos, al\u00e9m de ser um momento importante para falarmos da cultura associativa e do papel da CIC em Teut\u00f4nia, no Vale do Taquari e no Estado\u201d, frisou Carina.<\/p>\n\n\n\n<p>Nesse mesmo contexto tamb\u00e9m foram enumerados 43 treinamentos de qualifica\u00e7\u00e3o da equipe de trabalho; a realiza\u00e7\u00e3o de seis grandes eventos ao longo do ano, alguns com revers\u00e3o de recursos financeiros em benef\u00edcio de entidades locais (12\u00ba Encontro Nacional de Ve\u00edculos Antigos, Festa de Maio, 3\u00ba Feir\u00e3o do Com\u00e9rcio de Teut\u00f4nia, 4\u00aa Teutofrangofest, 10\u00ba Jantar-Baile da CIC e o 16\u00ba Feir\u00e3o de Ve\u00edculos Seminovos); e atividades volunt\u00e1rias, sociais e ambientais, como o \u201cCarreteiro Solid\u00e1rio\u201d e o descarte consciente de lixo eletr\u00f4nico.<\/p>\n\n\n\n<p>\u201cEste foi um ano at\u00edpico na hist\u00f3ria da CIC, todos os eventos que a entidade tem a chancela de realiza\u00e7\u00e3o, ocorreram nesse per\u00edodo, o que requer dedica\u00e7\u00e3o, organiza\u00e7\u00e3o e planejamento di\u00e1rio\u201d, frisou.<\/p>\n\n\n\n<p>Ainda receberam destaque a realiza\u00e7\u00e3o de 20 treinamentos (Almo\u00e7os Empresariais, cursos, workshops e visitas t\u00e9cnicas), com 1.175 participantes; 230 loca\u00e7\u00f5es dos espa\u00e7os no pr\u00e9dio da CIC; 122 linhas de telefonia ativas; 900 vidas ligadas aos planos e servi\u00e7os oferecidos via Unimed; recebimento de 150 vagas no CIC Empregos; 40,2 mil consultas de SCPC, das quais 1,1 mil no balc\u00e3o; e campanhas promocionais do com\u00e9rcio local, entre elas o Liquida Teut\u00f4nia e a Campanha de Natal, com a participa\u00e7\u00e3o de cerca de 150 empresas e premia\u00e7\u00e3o com investimento do Munic\u00edpio.<\/p>\n\n\n\n<p>A Pesquisa de Satisfa\u00e7\u00e3o aplicada junto ao quadro social, que em novembro contava com 552 integrantes, tamb\u00e9m foi mencionada, alcan\u00e7ando o \u00edndice de 98,5% de satisfa\u00e7\u00e3o quanto aos servi\u00e7os prestados.<\/p>\n\n\n\n<p>Por fim, Carina mencionou a altera\u00e7\u00e3o na diretoria da entidade, falou de investimentos e resultados. \u201cO nosso Planejamento Estrat\u00e9gico, que passa por atualiza\u00e7\u00e3o, est\u00e1 atento \u00e0 diversidade em produtos e servi\u00e7os para sustentabilidade da entidade, observando o mercado, buscando bons exemplos de entidades coirm\u00e3s, com muita dedica\u00e7\u00e3o para tornarmos a CIC cada vez mais vista pelo associado e pela comunidade como um todo, dando a sua contribui\u00e7\u00e3o para o desenvolvimento da regi\u00e3o\u201d, disse.<\/p>\n\n\n\n<p><strong>Novos projetos<\/strong><br>Entre as novidades para 2023, foram antecipadas a\u00e7\u00f5es de marketing e comunica\u00e7\u00e3o, como o Podcast CIC Teut\u00f4nia, que ter\u00e1 a participa\u00e7\u00e3o de convidados para abordarem diferentes tem\u00e1ticas baseadas na Pesquisa de Satisfa\u00e7\u00e3o; e obras de reforma do escrit\u00f3rio e da sala de reuni\u00f5es, com previs\u00e3o de conclus\u00e3o em fevereiro do pr\u00f3ximo ano.<\/p>\n","protected":false},"excerpt":{"rendered":"<p>Nesta quinta-feira (8\/12) a CIC Teut\u00f4nia reuniu a diretoria para o tradicional evento de fim de ano. Assuntos como retrospectiva e an\u00e1lise do exerc\u00edcio, com apresenta\u00e7\u00e3o de relat\u00f3rio de atividades, e planejamento de a\u00e7\u00f5es para 2023, estiveram em pauta. O encontro ocorreu no Audit\u00f3rio 01 da entidade. A vice-presidente no cargo de presidente, T\u00e2nia Maria [&hellip;]<\/p>\n","protected":false},"author":8,"featured_media":117436,"comment_status":"open","ping_status":"open","sticky":false,"template":"","format":"standard","meta":{"pmpro_default_level":"","_jetpack_memberships_contains_paid_content":false,"footnotes":""},"categories":[2,3],"tags":[178,45,3693],"class_list":{"0":"post-117430","1":"post","2":"type-post","3":"status-publish","4":"format-standard","5":"has-post-thumbnail","7":"category-featured","8":"category-geral","9":"tag-cic-teutonia","10":"tag-palestra","11":"tag-reuniao","12":"pmpro-has-access"},"yoast_head":"<!-- This site is optimized with the Yoast SEO plugin v27.5 - https:\/\/yoast.com\/product\/yoast-seo-wordpress\/ -->\n<title>Diretoria da CIC Teut\u00f4nia faz an\u00e1lise do ano e planeja 2023 - Folha Popular<\/title>\n<meta name=\"robots\" content=\"index, follow, max-snippet:-1, max-image-preview:large, max-video-preview:-1\" \/>\n<link rel=\"canonical\" href=\"https:\/\/folhapopular.info\/index.php\/2022\/12\/09\/analise-do-exercicio-e-planejamento-para-2023-pautam-reuniao-da-diretoria-da-cic-teutonia\/\" \/>\n<meta property=\"og:locale\" content=\"pt_BR\" \/>\n<meta property=\"og:type\" content=\"article\" \/>\n<meta property=\"og:title\" content=\"Diretoria da CIC Teut\u00f4nia faz an\u00e1lise do ano e planeja 2023 - Folha Popular\" \/>\n<meta property=\"og:description\" content=\"Nesta quinta-feira (8\/12) a CIC Teut\u00f4nia reuniu a diretoria para o tradicional evento de fim de ano. Assuntos como retrospectiva e an\u00e1lise do exerc\u00edcio, com apresenta\u00e7\u00e3o de relat\u00f3rio de atividades, e planejamento de a\u00e7\u00f5es para 2023, estiveram em pauta. O encontro ocorreu no Audit\u00f3rio 01 da entidade. A vice-presidente no cargo de presidente, T\u00e2nia Maria [&hellip;]\" \/>\n<meta property=\"og:url\" content=\"https:\/\/folhapopular.info\/index.php\/2022\/12\/09\/analise-do-exercicio-e-planejamento-para-2023-pautam-reuniao-da-diretoria-da-cic-teutonia\/\" \/>\n<meta property=\"og:site_name\" content=\"Folha Popular\" \/>\n<meta property=\"article:published_time\" content=\"2022-12-09T18:47:45+00:00\" \/>\n<meta property=\"article:modified_time\" content=\"2022-12-09T19:01:32+00:00\" \/>\n<meta property=\"og:image\" content=\"http:\/\/folhapopular.info\/wp-content\/uploads\/2022\/12\/DSC_7765-JORNAL-scaled-e1670611648763.jpg\" \/>\n\t<meta property=\"og:image:width\" content=\"1200\" \/>\n\t<meta property=\"og:image:height\" content=\"632\" \/>\n\t<meta property=\"og:image:type\" content=\"image\/jpeg\" \/>\n<meta name=\"author\" content=\"Reda\u00e7\u00e3o Folha Popular\" \/>\n<meta name=\"twitter:card\" content=\"summary_large_image\" \/>\n<meta name=\"twitter:label1\" content=\"Escrito por\" \/>\n\t<meta name=\"twitter:data1\" content=\"Reda\u00e7\u00e3o Folha Popular\" \/>\n\t<meta name=\"twitter:label2\" content=\"Est. tempo de leitura\" \/>\n\t<meta name=\"twitter:data2\" content=\"4 minutos\" \/>\n<script type=\"application\/ld+json\" class=\"yoast-schema-graph\">{\"@context\":\"https:\\\/\\\/schema.org\",\"@graph\":[{\"@type\":\"Article\",\"@id\":\"https:\\\/\\\/folhapopular.info\\\/index.php\\\/2022\\\/12\\\/09\\\/analise-do-exercicio-e-planejamento-para-2023-pautam-reuniao-da-diretoria-da-cic-teutonia\\\/#article\",\"isPartOf\":{\"@id\":\"https:\\\/\\\/folhapopular.info\\\/index.php\\\/2022\\\/12\\\/09\\\/analise-do-exercicio-e-planejamento-para-2023-pautam-reuniao-da-diretoria-da-cic-teutonia\\\/\"},\"author\":{\"name\":\"Reda\u00e7\u00e3o Folha Popular\",\"@id\":\"https:\\\/\\\/folhapopular.info\\\/#\\\/schema\\\/person\\\/2814e8a0df7643585a9ca38bc6eb9d4b\"},\"headline\":\"Diretoria da CIC Teut\u00f4nia faz an\u00e1lise do ano e planeja 2023\",\"datePublished\":\"2022-12-09T18:47:45+00:00\",\"dateModified\":\"2022-12-09T19:01:32+00:00\",\"mainEntityOfPage\":{\"@id\":\"https:\\\/\\\/folhapopular.info\\\/index.php\\\/2022\\\/12\\\/09\\\/analise-do-exercicio-e-planejamento-para-2023-pautam-reuniao-da-diretoria-da-cic-teutonia\\\/\"},\"wordCount\":751,\"commentCount\":0,\"image\":{\"@id\":\"https:\\\/\\\/folhapopular.info\\\/index.php\\\/2022\\\/12\\\/09\\\/analise-do-exercicio-e-planejamento-para-2023-pautam-reuniao-da-diretoria-da-cic-teutonia\\\/#primaryimage\"},\"thumbnailUrl\":\"https:\\\/\\\/folhapopular.info\\\/wp-content\\\/uploads\\\/2022\\\/12\\\/DSC_7765-JORNAL-scaled-e1670611648763.jpg\",\"keywords\":[\"CIC Teut\u00f4nia\",\"palestra\",\"reuni\u00e3o\"],\"articleSection\":[\"Destaques\",\"Geral\"],\"inLanguage\":\"pt-BR\",\"potentialAction\":[{\"@type\":\"CommentAction\",\"name\":\"Comment\",\"target\":[\"https:\\\/\\\/folhapopular.info\\\/index.php\\\/2022\\\/12\\\/09\\\/analise-do-exercicio-e-planejamento-para-2023-pautam-reuniao-da-diretoria-da-cic-teutonia\\\/#respond\"]}]},{\"@type\":\"WebPage\",\"@id\":\"https:\\\/\\\/folhapopular.info\\\/index.php\\\/2022\\\/12\\\/09\\\/analise-do-exercicio-e-planejamento-para-2023-pautam-reuniao-da-diretoria-da-cic-teutonia\\\/\",\"url\":\"https:\\\/\\\/folhapopular.info\\\/index.php\\\/2022\\\/12\\\/09\\\/analise-do-exercicio-e-planejamento-para-2023-pautam-reuniao-da-diretoria-da-cic-teutonia\\\/\",\"name\":\"Diretoria da CIC Teut\u00f4nia faz an\u00e1lise do ano e planeja 2023 - Folha Popular\",\"isPartOf\":{\"@id\":\"https:\\\/\\\/folhapopular.info\\\/#website\"},\"primaryImageOfPage\":{\"@id\":\"https:\\\/\\\/folhapopular.info\\\/index.php\\\/2022\\\/12\\\/09\\\/analise-do-exercicio-e-planejamento-para-2023-pautam-reuniao-da-diretoria-da-cic-teutonia\\\/#primaryimage\"},\"image\":{\"@id\":\"https:\\\/\\\/folhapopular.info\\\/index.php\\\/2022\\\/12\\\/09\\\/analise-do-exercicio-e-planejamento-para-2023-pautam-reuniao-da-diretoria-da-cic-teutonia\\\/#primaryimage\"},\"thumbnailUrl\":\"https:\\\/\\\/folhapopular.info\\\/wp-content\\\/uploads\\\/2022\\\/12\\\/DSC_7765-JORNAL-scaled-e1670611648763.jpg\",\"datePublished\":\"2022-12-09T18:47:45+00:00\",\"dateModified\":\"2022-12-09T19:01:32+00:00\",\"author\":{\"@id\":\"https:\\\/\\\/folhapopular.info\\\/#\\\/schema\\\/person\\\/2814e8a0df7643585a9ca38bc6eb9d4b\"},\"breadcrumb\":{\"@id\":\"https:\\\/\\\/folhapopular.info\\\/index.php\\\/2022\\\/12\\\/09\\\/analise-do-exercicio-e-planejamento-para-2023-pautam-reuniao-da-diretoria-da-cic-teutonia\\\/#breadcrumb\"},\"inLanguage\":\"pt-BR\",\"potentialAction\":[{\"@type\":\"ReadAction\",\"target\":[\"https:\\\/\\\/folhapopular.info\\\/index.php\\\/2022\\\/12\\\/09\\\/analise-do-exercicio-e-planejamento-para-2023-pautam-reuniao-da-diretoria-da-cic-teutonia\\\/\"]}]},{\"@type\":\"ImageObject\",\"inLanguage\":\"pt-BR\",\"@id\":\"https:\\\/\\\/folhapopular.info\\\/index.php\\\/2022\\\/12\\\/09\\\/analise-do-exercicio-e-planejamento-para-2023-pautam-reuniao-da-diretoria-da-cic-teutonia\\\/#primaryimage\",\"url\":\"https:\\\/\\\/folhapopular.info\\\/wp-content\\\/uploads\\\/2022\\\/12\\\/DSC_7765-JORNAL-scaled-e1670611648763.jpg\",\"contentUrl\":\"https:\\\/\\\/folhapopular.info\\\/wp-content\\\/uploads\\\/2022\\\/12\\\/DSC_7765-JORNAL-scaled-e1670611648763.jpg\",\"width\":1200,\"height\":632,\"caption\":\"O encontro ocorreu no Audit\u00f3rio 01 da entidade \\\/ Cr\u00e9dito: Leandro Augusto Hamester \\\/ Divulga\u00e7\u00e3o\"},{\"@type\":\"BreadcrumbList\",\"@id\":\"https:\\\/\\\/folhapopular.info\\\/index.php\\\/2022\\\/12\\\/09\\\/analise-do-exercicio-e-planejamento-para-2023-pautam-reuniao-da-diretoria-da-cic-teutonia\\\/#breadcrumb\",\"itemListElement\":[{\"@type\":\"ListItem\",\"position\":1,\"name\":\"In\u00edcio\",\"item\":\"https:\\\/\\\/folhapopular.info\\\/\"},{\"@type\":\"ListItem\",\"position\":2,\"name\":\"Diretoria da CIC Teut\u00f4nia faz an\u00e1lise do ano e planeja 2023\"}]},{\"@type\":\"WebSite\",\"@id\":\"https:\\\/\\\/folhapopular.info\\\/#website\",\"url\":\"https:\\\/\\\/folhapopular.info\\\/\",\"name\":\"Folha Popular\",\"description\":\"Onde voc\u00ea tem vez e voz\",\"potentialAction\":[{\"@type\":\"SearchAction\",\"target\":{\"@type\":\"EntryPoint\",\"urlTemplate\":\"https:\\\/\\\/folhapopular.info\\\/?s={search_term_string}\"},\"query-input\":{\"@type\":\"PropertyValueSpecification\",\"valueRequired\":true,\"valueName\":\"search_term_string\"}}],\"inLanguage\":\"pt-BR\"},{\"@type\":\"Person\",\"@id\":\"https:\\\/\\\/folhapopular.info\\\/#\\\/schema\\\/person\\\/2814e8a0df7643585a9ca38bc6eb9d4b\",\"name\":\"Reda\u00e7\u00e3o Folha Popular\",\"image\":{\"@type\":\"ImageObject\",\"inLanguage\":\"pt-BR\",\"@id\":\"https:\\\/\\\/folhapopular.info\\\/wp-content\\\/uploads\\\/2026\\\/04\\\/Folha-1.webp\",\"url\":\"https:\\\/\\\/folhapopular.info\\\/wp-content\\\/uploads\\\/2026\\\/04\\\/Folha-1.webp\",\"contentUrl\":\"https:\\\/\\\/folhapopular.info\\\/wp-content\\\/uploads\\\/2026\\\/04\\\/Folha-1.webp\",\"caption\":\"Reda\u00e7\u00e3o Folha Popular\"},\"url\":\"https:\\\/\\\/folhapopular.info\\\/index.php\\\/author\\\/redacao\\\/\"}]}<\/script>\n<!-- \/ Yoast SEO plugin. -->","yoast_head_json":{"title":"Diretoria da CIC Teut\u00f4nia faz an\u00e1lise do ano e planeja 2023 - Folha Popular","robots":{"index":"index","follow":"follow","max-snippet":"max-snippet:-1","max-image-preview":"max-image-preview:large","max-video-preview":"max-video-preview:-1"},"canonical":"https:\/\/folhapopular.info\/index.php\/2022\/12\/09\/analise-do-exercicio-e-planejamento-para-2023-pautam-reuniao-da-diretoria-da-cic-teutonia\/","og_locale":"pt_BR","og_type":"article","og_title":"Diretoria da CIC Teut\u00f4nia faz an\u00e1lise do ano e planeja 2023 - Folha Popular","og_description":"Nesta quinta-feira (8\/12) a CIC Teut\u00f4nia reuniu a diretoria para o tradicional evento de fim de ano. Assuntos como retrospectiva e an\u00e1lise do exerc\u00edcio, com apresenta\u00e7\u00e3o de relat\u00f3rio de atividades, e planejamento de a\u00e7\u00f5es para 2023, estiveram em pauta. O encontro ocorreu no Audit\u00f3rio 01 da entidade. A vice-presidente no cargo de presidente, T\u00e2nia Maria [&hellip;]","og_url":"https:\/\/folhapopular.info\/index.php\/2022\/12\/09\/analise-do-exercicio-e-planejamento-para-2023-pautam-reuniao-da-diretoria-da-cic-teutonia\/","og_site_name":"Folha Popular","article_published_time":"2022-12-09T18:47:45+00:00","article_modified_time":"2022-12-09T19:01:32+00:00","og_image":[{"width":1200,"height":632,"url":"http:\/\/folhapopular.info\/wp-content\/uploads\/2022\/12\/DSC_7765-JORNAL-scaled-e1670611648763.jpg","type":"image\/jpeg"}],"author":"Reda\u00e7\u00e3o Folha Popular","twitter_card":"summary_large_image","twitter_misc":{"Escrito por":"Reda\u00e7\u00e3o Folha Popular","Est. tempo de leitura":"4 minutos"},"schema":{"@context":"https:\/\/schema.org","@graph":[{"@type":"Article","@id":"https:\/\/folhapopular.info\/index.php\/2022\/12\/09\/analise-do-exercicio-e-planejamento-para-2023-pautam-reuniao-da-diretoria-da-cic-teutonia\/#article","isPartOf":{"@id":"https:\/\/folhapopular.info\/index.php\/2022\/12\/09\/analise-do-exercicio-e-planejamento-para-2023-pautam-reuniao-da-diretoria-da-cic-teutonia\/"},"author":{"name":"Reda\u00e7\u00e3o Folha Popular","@id":"https:\/\/folhapopular.info\/#\/schema\/person\/2814e8a0df7643585a9ca38bc6eb9d4b"},"headline":"Diretoria da CIC Teut\u00f4nia faz an\u00e1lise do ano e planeja 2023","datePublished":"2022-12-09T18:47:45+00:00","dateModified":"2022-12-09T19:01:32+00:00","mainEntityOfPage":{"@id":"https:\/\/folhapopular.info\/index.php\/2022\/12\/09\/analise-do-exercicio-e-planejamento-para-2023-pautam-reuniao-da-diretoria-da-cic-teutonia\/"},"wordCount":751,"commentCount":0,"image":{"@id":"https:\/\/folhapopular.info\/index.php\/2022\/12\/09\/analise-do-exercicio-e-planejamento-para-2023-pautam-reuniao-da-diretoria-da-cic-teutonia\/#primaryimage"},"thumbnailUrl":"https:\/\/folhapopular.info\/wp-content\/uploads\/2022\/12\/DSC_7765-JORNAL-scaled-e1670611648763.jpg","keywords":["CIC Teut\u00f4nia","palestra","reuni\u00e3o"],"articleSection":["Destaques","Geral"],"inLanguage":"pt-BR","potentialAction":[{"@type":"CommentAction","name":"Comment","target":["https:\/\/folhapopular.info\/index.php\/2022\/12\/09\/analise-do-exercicio-e-planejamento-para-2023-pautam-reuniao-da-diretoria-da-cic-teutonia\/#respond"]}]},{"@type":"WebPage","@id":"https:\/\/folhapopular.info\/index.php\/2022\/12\/09\/analise-do-exercicio-e-planejamento-para-2023-pautam-reuniao-da-diretoria-da-cic-teutonia\/","url":"https:\/\/folhapopular.info\/index.php\/2022\/12\/09\/analise-do-exercicio-e-planejamento-para-2023-pautam-reuniao-da-diretoria-da-cic-teutonia\/","name":"Diretoria da CIC Teut\u00f4nia faz an\u00e1lise do ano e planeja 2023 - Folha Popular","isPartOf":{"@id":"https:\/\/folhapopular.info\/#website"},"primaryImageOfPage":{"@id":"https:\/\/folhapopular.info\/index.php\/2022\/12\/09\/analise-do-exercicio-e-planejamento-para-2023-pautam-reuniao-da-diretoria-da-cic-teutonia\/#primaryimage"},"image":{"@id":"https:\/\/folhapopular.info\/index.php\/2022\/12\/09\/analise-do-exercicio-e-planejamento-para-2023-pautam-reuniao-da-diretoria-da-cic-teutonia\/#primaryimage"},"thumbnailUrl":"https:\/\/folhapopular.info\/wp-content\/uploads\/2022\/12\/DSC_7765-JORNAL-scaled-e1670611648763.jpg","datePublished":"2022-12-09T18:47:45+00:00","dateModified":"2022-12-09T19:01:32+00:00","author":{"@id":"https:\/\/folhapopular.info\/#\/schema\/person\/2814e8a0df7643585a9ca38bc6eb9d4b"},"breadcrumb":{"@id":"https:\/\/folhapopular.info\/index.php\/2022\/12\/09\/analise-do-exercicio-e-planejamento-para-2023-pautam-reuniao-da-diretoria-da-cic-teutonia\/#breadcrumb"},"inLanguage":"pt-BR","potentialAction":[{"@type":"ReadAction","target":["https:\/\/folhapopular.info\/index.php\/2022\/12\/09\/analise-do-exercicio-e-planejamento-para-2023-pautam-reuniao-da-diretoria-da-cic-teutonia\/"]}]},{"@type":"ImageObject","inLanguage":"pt-BR","@id":"https:\/\/folhapopular.info\/index.php\/2022\/12\/09\/analise-do-exercicio-e-planejamento-para-2023-pautam-reuniao-da-diretoria-da-cic-teutonia\/#primaryimage","url":"https:\/\/folhapopular.info\/wp-content\/uploads\/2022\/12\/DSC_7765-JORNAL-scaled-e1670611648763.jpg","contentUrl":"https:\/\/folhapopular.info\/wp-content\/uploads\/2022\/12\/DSC_7765-JORNAL-scaled-e1670611648763.jpg","width":1200,"height":632,"caption":"O encontro ocorreu no Audit\u00f3rio 01 da entidade \/ Cr\u00e9dito: Leandro Augusto Hamester \/ Divulga\u00e7\u00e3o"},{"@type":"BreadcrumbList","@id":"https:\/\/folhapopular.info\/index.php\/2022\/12\/09\/analise-do-exercicio-e-planejamento-para-2023-pautam-reuniao-da-diretoria-da-cic-teutonia\/#breadcrumb","itemListElement":[{"@type":"ListItem","position":1,"name":"In\u00edcio","item":"https:\/\/folhapopular.info\/"},{"@type":"ListItem","position":2,"name":"Diretoria da CIC Teut\u00f4nia faz an\u00e1lise do ano e planeja 2023"}]},{"@type":"WebSite","@id":"https:\/\/folhapopular.info\/#website","url":"https:\/\/folhapopular.info\/","name":"Folha Popular","description":"Onde voc\u00ea tem vez e voz","potentialAction":[{"@type":"SearchAction","target":{"@type":"EntryPoint","urlTemplate":"https:\/\/folhapopular.info\/?s={search_term_string}"},"query-input":{"@type":"PropertyValueSpecification","valueRequired":true,"valueName":"search_term_string"}}],"inLanguage":"pt-BR"},{"@type":"Person","@id":"https:\/\/folhapopular.info\/#\/schema\/person\/2814e8a0df7643585a9ca38bc6eb9d4b","name":"Reda\u00e7\u00e3o Folha Popular","image":{"@type":"ImageObject","inLanguage":"pt-BR","@id":"https:\/\/folhapopular.info\/wp-content\/uploads\/2026\/04\/Folha-1.webp","url":"https:\/\/folhapopular.info\/wp-content\/uploads\/2026\/04\/Folha-1.webp","contentUrl":"https:\/\/folhapopular.info\/wp-content\/uploads\/2026\/04\/Folha-1.webp","caption":"Reda\u00e7\u00e3o Folha Popular"},"url":"https:\/\/folhapopular.info\/index.php\/author\/redacao\/"}]}},"jetpack_featured_media_url":"https:\/\/folhapopular.info\/wp-content\/uploads\/2022\/12\/DSC_7765-JORNAL-scaled-e1670611648763.jpg","jetpack_sharing_enabled":true,"amp_enabled":true,"_links":{"self":[{"href":"https:\/\/folhapopular.info\/index.php\/wp-json\/wp\/v2\/posts\/117430","targetHints":{"allow":["GET"]}}],"collection":[{"href":"https:\/\/folhapopular.info\/index.php\/wp-json\/wp\/v2\/posts"}],"about":[{"href":"https:\/\/folhapopular.info\/index.php\/wp-json\/wp\/v2\/types\/post"}],"author":[{"embeddable":true,"href":"https:\/\/folhapopular.info\/index.php\/wp-json\/wp\/v2\/users\/8"}],"replies":[{"embeddable":true,"href":"https:\/\/folhapopular.info\/index.php\/wp-json\/wp\/v2\/comments?post=117430"}],"version-history":[{"count":0,"href":"https:\/\/folhapopular.info\/index.php\/wp-json\/wp\/v2\/posts\/117430\/revisions"}],"wp:featuredmedia":[{"embeddable":true,"href":"https:\/\/folhapopular.info\/index.php\/wp-json\/wp\/v2\/media\/117436"}],"wp:attachment":[{"href":"https:\/\/folhapopular.info\/index.php\/wp-json\/wp\/v2\/media?parent=117430"}],"wp:term":[{"taxonomy":"category","embeddable":true,"href":"https:\/\/folhapopular.info\/index.php\/wp-json\/wp\/v2\/categories?post=117430"},{"taxonomy":"post_tag","embeddable":true,"href":"https:\/\/folhapopular.info\/index.php\/wp-json\/wp\/v2\/tags?post=117430"}],"curies":[{"name":"wp","href":"https:\/\/api.w.org\/{rel}","templated":true}]}}