{"id":117433,"date":"2022-12-09T15:59:13","date_gmt":"2022-12-09T18:59:13","guid":{"rendered":"https:\/\/folhapopular.info\/?p=117433"},"modified":"2022-12-09T15:59:57","modified_gmt":"2022-12-09T18:59:57","slug":"palestra-sobre-a-estruturacao-da-governanca-em-empresas-familiares-encerra-forum-da-acil-e-ibgc","status":"publish","type":"post","link":"https:\/\/folhapopular.info\/index.php\/2022\/12\/09\/palestra-sobre-a-estruturacao-da-governanca-em-empresas-familiares-encerra-forum-da-acil-e-ibgc\/","title":{"rendered":"<strong>Palestra sobre a estrutura\u00e7\u00e3o da governan\u00e7a em empresas familiares encerra F\u00f3rum da Acil e IBGC<\/strong>"},"content":{"rendered":"\n<p>\u201cA governan\u00e7a \u00e9 um processo cont\u00ednuo e em constante evolu\u00e7\u00e3o, que delimita espa\u00e7os e pap\u00e9is e torna a vida da fam\u00edlia empres\u00e1ria mais f\u00e1cil.\u201d A afirma\u00e7\u00e3o foi feita nesta sexta-feira (9\/12) por Jairo Gudis, ao explicar os modelos de estrutura\u00e7\u00e3o de neg\u00f3cios para fam\u00edlias empreendedoras. <\/p>\n\n\n\n<p>O co-fundador do Instituto Brasileiro de Governan\u00e7a Corporativa (IBGC) Porto Alegre e do Instituto Brasileiro de Executivos de Finan\u00e7as (Ibef) Porto Alegre foi palestrante no \u00faltimo m\u00f3dulo do F\u00f3rum de Governan\u00e7a em Empresas Familiares promovido pela Associa\u00e7\u00e3o Comercial e Industrial de&nbsp;Lajeado&nbsp;(Acil) em parceria com o IBGC Cap\u00edtulo-RS.<\/p>\n\n\n\n<p>Segundo Gudis, a governan\u00e7a familiar permite o trabalho conjunto entre o sucedido e o sucessor e, por isso, precisa ser realizada da melhor forma poss\u00edvel para manter a continuidade da empresa. <\/p>\n\n\n\n<p>\u201cOs processos estruturais podem ser simples ou complexos, isso tudo depende das caracter\u00edsticas familiares e da maturidade da empresa. O importante sempre \u00e9 trabalhar junto n\u00e3o apenas para discutir decis\u00f5es e, sim, para ter al\u00e7adas complementares sobre o futuro do neg\u00f3cio\u201d, frisou.<\/p>\n\n\n\n<p><strong>Estrutura\u00e7\u00e3o<\/strong><br>O palestrante tamb\u00e9m apresentou aos participantes os tipos de estrutura\u00e7\u00f5es para empresas familiares. Os modelos apresentados foram o de tr\u00eas c\u00edrculos e o modelo tridimensional. De acordo com o palestrante, em qualquer das estrutura\u00e7\u00f5es, um dos passos iniciais deve ser a forma\u00e7\u00e3o de um conselho de familiares e s\u00f3cios, de car\u00e1ter apenas informativo e consultivo.<\/p>\n\n\n\n<p>Ap\u00f3s realizada essa estrutura\u00e7\u00e3o, deve ser iniciado o processo de separa\u00e7\u00e3o dos temas inseridos nos tr\u00eas c\u00edrculos de poder. \u201cPor isso, \u00e9 essencial que uma empresa tenha tr\u00eas fun\u00e7\u00f5es estrat\u00e9gicas, uma cadeira sendo ocupada pelo coordenador e presidente da \u00e1rea de fam\u00edlia e s\u00f3cios, uma cadeira para a lideran\u00e7a do conselho e uma cadeira ocupada pelo l\u00edder de opera\u00e7\u00e3o\u201d, destacou Gudis.<\/p>\n\n\n\n<p>Ainda segundo ele, essas fun\u00e7\u00f5es devem ser bem estabelecidas e regradas a fim de evitar transtornos que conflitem com as redes de relacionamento familiares. \u201cAs regras entre rela\u00e7\u00f5es empresariais e familiares s\u00e3o capazes de assegurar que os conflitos de interesse sejam minimizados. Al\u00e9m disso, quando temos uma empresa com boa estrutura\u00e7\u00e3o, estamos agregando valor ao patrim\u00f4nio e contribuindo para a perpetuidade dos neg\u00f3cios\u201d, concluiu.<\/p>\n\n\n\n<p>O \u00faltimo encontro, como os demais, permitiu uma troca de experi\u00eancias e ideias entre os participantes. Em grupos, os empres\u00e1rios foram provocados a responder questionamentos que, na rotina de empresas familiares, s\u00e3o capazes de contribuir para o crescimento dos neg\u00f3cios. Nesse \u00faltimo m\u00f3dulo, os grupos de trabalho foram supervisionados pelos facilitadores do IBGC, Camile Bertolini Di Giglio, Carlos Diehl, Jaime Drebes e Fernando R\u00f6hsig.<\/p>\n\n\n\n<p><strong>Realiza\u00e7\u00e3o<\/strong><br>O F\u00f3rum de Governan\u00e7a em Empresas Familiares 2022 contou com a participa\u00e7\u00e3o de cerca de 50 integrantes de mais de 20 empresas. As atividades come\u00e7aram no m\u00eas de setembro e encerraram-se nesta sexta-feira. Ao todo, foram promovidos quatro eventos em formato de caf\u00e9 da manh\u00e3, com palestra e din\u00e2micas em grupos. A programa\u00e7\u00e3o foi uma realiza\u00e7\u00e3o da Acil em parceria com o IBGC \u2013 Cap\u00edtulo RS e apoio de Nesello &amp; Daiello Advogados, Sicoob Meridional e Vida Card Cart\u00e3o de Sa\u00fade.<\/p>\n","protected":false},"excerpt":{"rendered":"<p>\u201cA governan\u00e7a \u00e9 um processo cont\u00ednuo e em constante evolu\u00e7\u00e3o, que delimita espa\u00e7os e pap\u00e9is e torna a vida da fam\u00edlia empres\u00e1ria mais f\u00e1cil.\u201d A afirma\u00e7\u00e3o foi feita nesta sexta-feira (9\/12) por Jairo Gudis, ao explicar os modelos de estrutura\u00e7\u00e3o de neg\u00f3cios para fam\u00edlias empreendedoras. O co-fundador do Instituto Brasileiro de Governan\u00e7a Corporativa (IBGC) Porto [&hellip;]<\/p>\n","protected":false},"author":8,"featured_media":117434,"comment_status":"open","ping_status":"open","sticky":false,"template":"","format":"standard","meta":{"pmpro_default_level":"","_jetpack_memberships_contains_paid_content":false,"footnotes":""},"categories":[2,3],"tags":[214,10404,10403,27,45],"class_list":{"0":"post-117433","1":"post","2":"type-post","3":"status-publish","4":"format-standard","5":"has-post-thumbnail","7":"category-featured","8":"category-geral","9":"tag-acil","10":"tag-empresa-familiar","11":"tag-ibgc","12":"tag-lajeado","13":"tag-palestra","14":"pmpro-has-access"},"yoast_head":"<!-- This site is optimized with the Yoast SEO plugin v27.5 - https:\/\/yoast.com\/product\/yoast-seo-wordpress\/ -->\n<title>Palestra sobre a estrutura\u00e7\u00e3o da governan\u00e7a em empresas familiares encerra F\u00f3rum da Acil e IBGC - Folha Popular<\/title>\n<meta name=\"robots\" content=\"index, follow, max-snippet:-1, max-image-preview:large, max-video-preview:-1\" \/>\n<link rel=\"canonical\" href=\"https:\/\/folhapopular.info\/index.php\/2022\/12\/09\/palestra-sobre-a-estruturacao-da-governanca-em-empresas-familiares-encerra-forum-da-acil-e-ibgc\/\" \/>\n<meta property=\"og:locale\" content=\"pt_BR\" \/>\n<meta property=\"og:type\" content=\"article\" \/>\n<meta property=\"og:title\" content=\"Palestra sobre a estrutura\u00e7\u00e3o da governan\u00e7a em empresas familiares encerra F\u00f3rum da Acil e IBGC - Folha Popular\" \/>\n<meta property=\"og:description\" content=\"\u201cA governan\u00e7a \u00e9 um processo cont\u00ednuo e em constante evolu\u00e7\u00e3o, que delimita espa\u00e7os e pap\u00e9is e torna a vida da fam\u00edlia empres\u00e1ria mais f\u00e1cil.\u201d A afirma\u00e7\u00e3o foi feita nesta sexta-feira (9\/12) por Jairo Gudis, ao explicar os modelos de estrutura\u00e7\u00e3o de neg\u00f3cios para fam\u00edlias empreendedoras. O co-fundador do Instituto Brasileiro de Governan\u00e7a Corporativa (IBGC) Porto [&hellip;]\" \/>\n<meta property=\"og:url\" content=\"https:\/\/folhapopular.info\/index.php\/2022\/12\/09\/palestra-sobre-a-estruturacao-da-governanca-em-empresas-familiares-encerra-forum-da-acil-e-ibgc\/\" \/>\n<meta property=\"og:site_name\" content=\"Folha Popular\" \/>\n<meta property=\"article:published_time\" content=\"2022-12-09T18:59:13+00:00\" \/>\n<meta property=\"article:modified_time\" content=\"2022-12-09T18:59:57+00:00\" \/>\n<meta property=\"og:image\" content=\"http:\/\/folhapopular.info\/wp-content\/uploads\/2022\/12\/unnamed-1.jpg\" \/>\n\t<meta property=\"og:image:width\" content=\"600\" \/>\n\t<meta property=\"og:image:height\" content=\"400\" \/>\n\t<meta property=\"og:image:type\" content=\"image\/jpeg\" \/>\n<meta name=\"author\" content=\"Reda\u00e7\u00e3o Folha Popular\" \/>\n<meta name=\"twitter:card\" content=\"summary_large_image\" \/>\n<meta name=\"twitter:label1\" content=\"Escrito por\" \/>\n\t<meta name=\"twitter:data1\" content=\"Reda\u00e7\u00e3o Folha Popular\" \/>\n\t<meta name=\"twitter:label2\" content=\"Est. tempo de leitura\" \/>\n\t<meta name=\"twitter:data2\" content=\"3 minutos\" \/>\n<script type=\"application\/ld+json\" class=\"yoast-schema-graph\">{\"@context\":\"https:\\\/\\\/schema.org\",\"@graph\":[{\"@type\":\"Article\",\"@id\":\"https:\\\/\\\/folhapopular.info\\\/index.php\\\/2022\\\/12\\\/09\\\/palestra-sobre-a-estruturacao-da-governanca-em-empresas-familiares-encerra-forum-da-acil-e-ibgc\\\/#article\",\"isPartOf\":{\"@id\":\"https:\\\/\\\/folhapopular.info\\\/index.php\\\/2022\\\/12\\\/09\\\/palestra-sobre-a-estruturacao-da-governanca-em-empresas-familiares-encerra-forum-da-acil-e-ibgc\\\/\"},\"author\":{\"name\":\"Reda\u00e7\u00e3o Folha Popular\",\"@id\":\"https:\\\/\\\/folhapopular.info\\\/#\\\/schema\\\/person\\\/2814e8a0df7643585a9ca38bc6eb9d4b\"},\"headline\":\"Palestra sobre a estrutura\u00e7\u00e3o da governan\u00e7a em empresas familiares encerra F\u00f3rum da Acil e IBGC\",\"datePublished\":\"2022-12-09T18:59:13+00:00\",\"dateModified\":\"2022-12-09T18:59:57+00:00\",\"mainEntityOfPage\":{\"@id\":\"https:\\\/\\\/folhapopular.info\\\/index.php\\\/2022\\\/12\\\/09\\\/palestra-sobre-a-estruturacao-da-governanca-em-empresas-familiares-encerra-forum-da-acil-e-ibgc\\\/\"},\"wordCount\":579,\"commentCount\":0,\"image\":{\"@id\":\"https:\\\/\\\/folhapopular.info\\\/index.php\\\/2022\\\/12\\\/09\\\/palestra-sobre-a-estruturacao-da-governanca-em-empresas-familiares-encerra-forum-da-acil-e-ibgc\\\/#primaryimage\"},\"thumbnailUrl\":\"https:\\\/\\\/folhapopular.info\\\/wp-content\\\/uploads\\\/2022\\\/12\\\/unnamed-1.jpg\",\"keywords\":[\"Acil\",\"Empresa familiar\",\"IBGC\",\"Lajeado\",\"palestra\"],\"articleSection\":[\"Destaques\",\"Geral\"],\"inLanguage\":\"pt-BR\",\"potentialAction\":[{\"@type\":\"CommentAction\",\"name\":\"Comment\",\"target\":[\"https:\\\/\\\/folhapopular.info\\\/index.php\\\/2022\\\/12\\\/09\\\/palestra-sobre-a-estruturacao-da-governanca-em-empresas-familiares-encerra-forum-da-acil-e-ibgc\\\/#respond\"]}]},{\"@type\":\"WebPage\",\"@id\":\"https:\\\/\\\/folhapopular.info\\\/index.php\\\/2022\\\/12\\\/09\\\/palestra-sobre-a-estruturacao-da-governanca-em-empresas-familiares-encerra-forum-da-acil-e-ibgc\\\/\",\"url\":\"https:\\\/\\\/folhapopular.info\\\/index.php\\\/2022\\\/12\\\/09\\\/palestra-sobre-a-estruturacao-da-governanca-em-empresas-familiares-encerra-forum-da-acil-e-ibgc\\\/\",\"name\":\"Palestra sobre a estrutura\u00e7\u00e3o da governan\u00e7a em empresas familiares encerra F\u00f3rum da Acil e IBGC - Folha Popular\",\"isPartOf\":{\"@id\":\"https:\\\/\\\/folhapopular.info\\\/#website\"},\"primaryImageOfPage\":{\"@id\":\"https:\\\/\\\/folhapopular.info\\\/index.php\\\/2022\\\/12\\\/09\\\/palestra-sobre-a-estruturacao-da-governanca-em-empresas-familiares-encerra-forum-da-acil-e-ibgc\\\/#primaryimage\"},\"image\":{\"@id\":\"https:\\\/\\\/folhapopular.info\\\/index.php\\\/2022\\\/12\\\/09\\\/palestra-sobre-a-estruturacao-da-governanca-em-empresas-familiares-encerra-forum-da-acil-e-ibgc\\\/#primaryimage\"},\"thumbnailUrl\":\"https:\\\/\\\/folhapopular.info\\\/wp-content\\\/uploads\\\/2022\\\/12\\\/unnamed-1.jpg\",\"datePublished\":\"2022-12-09T18:59:13+00:00\",\"dateModified\":\"2022-12-09T18:59:57+00:00\",\"author\":{\"@id\":\"https:\\\/\\\/folhapopular.info\\\/#\\\/schema\\\/person\\\/2814e8a0df7643585a9ca38bc6eb9d4b\"},\"breadcrumb\":{\"@id\":\"https:\\\/\\\/folhapopular.info\\\/index.php\\\/2022\\\/12\\\/09\\\/palestra-sobre-a-estruturacao-da-governanca-em-empresas-familiares-encerra-forum-da-acil-e-ibgc\\\/#breadcrumb\"},\"inLanguage\":\"pt-BR\",\"potentialAction\":[{\"@type\":\"ReadAction\",\"target\":[\"https:\\\/\\\/folhapopular.info\\\/index.php\\\/2022\\\/12\\\/09\\\/palestra-sobre-a-estruturacao-da-governanca-em-empresas-familiares-encerra-forum-da-acil-e-ibgc\\\/\"]}]},{\"@type\":\"ImageObject\",\"inLanguage\":\"pt-BR\",\"@id\":\"https:\\\/\\\/folhapopular.info\\\/index.php\\\/2022\\\/12\\\/09\\\/palestra-sobre-a-estruturacao-da-governanca-em-empresas-familiares-encerra-forum-da-acil-e-ibgc\\\/#primaryimage\",\"url\":\"https:\\\/\\\/folhapopular.info\\\/wp-content\\\/uploads\\\/2022\\\/12\\\/unnamed-1.jpg\",\"contentUrl\":\"https:\\\/\\\/folhapopular.info\\\/wp-content\\\/uploads\\\/2022\\\/12\\\/unnamed-1.jpg\",\"width\":600,\"height\":400,\"caption\":\"F\u00f3rum debateu sobre a import\u00e2ncia da governan\u00e7a em empresas familiares \\\/ Cr\u00e9dito: Lucas Santos \\\/ Divulga\u00e7\u00e3o\"},{\"@type\":\"BreadcrumbList\",\"@id\":\"https:\\\/\\\/folhapopular.info\\\/index.php\\\/2022\\\/12\\\/09\\\/palestra-sobre-a-estruturacao-da-governanca-em-empresas-familiares-encerra-forum-da-acil-e-ibgc\\\/#breadcrumb\",\"itemListElement\":[{\"@type\":\"ListItem\",\"position\":1,\"name\":\"In\u00edcio\",\"item\":\"https:\\\/\\\/folhapopular.info\\\/\"},{\"@type\":\"ListItem\",\"position\":2,\"name\":\"Palestra sobre a estrutura\u00e7\u00e3o da governan\u00e7a em empresas familiares encerra F\u00f3rum da Acil e IBGC\"}]},{\"@type\":\"WebSite\",\"@id\":\"https:\\\/\\\/folhapopular.info\\\/#website\",\"url\":\"https:\\\/\\\/folhapopular.info\\\/\",\"name\":\"Folha Popular\",\"description\":\"Onde voc\u00ea tem vez e voz\",\"potentialAction\":[{\"@type\":\"SearchAction\",\"target\":{\"@type\":\"EntryPoint\",\"urlTemplate\":\"https:\\\/\\\/folhapopular.info\\\/?s={search_term_string}\"},\"query-input\":{\"@type\":\"PropertyValueSpecification\",\"valueRequired\":true,\"valueName\":\"search_term_string\"}}],\"inLanguage\":\"pt-BR\"},{\"@type\":\"Person\",\"@id\":\"https:\\\/\\\/folhapopular.info\\\/#\\\/schema\\\/person\\\/2814e8a0df7643585a9ca38bc6eb9d4b\",\"name\":\"Reda\u00e7\u00e3o Folha Popular\",\"image\":{\"@type\":\"ImageObject\",\"inLanguage\":\"pt-BR\",\"@id\":\"https:\\\/\\\/folhapopular.info\\\/wp-content\\\/uploads\\\/2026\\\/04\\\/Folha-1.webp\",\"url\":\"https:\\\/\\\/folhapopular.info\\\/wp-content\\\/uploads\\\/2026\\\/04\\\/Folha-1.webp\",\"contentUrl\":\"https:\\\/\\\/folhapopular.info\\\/wp-content\\\/uploads\\\/2026\\\/04\\\/Folha-1.webp\",\"caption\":\"Reda\u00e7\u00e3o Folha Popular\"},\"url\":\"https:\\\/\\\/folhapopular.info\\\/index.php\\\/author\\\/redacao\\\/\"}]}<\/script>\n<!-- \/ Yoast SEO plugin. -->","yoast_head_json":{"title":"Palestra sobre a estrutura\u00e7\u00e3o da governan\u00e7a em empresas familiares encerra F\u00f3rum da Acil e IBGC - Folha Popular","robots":{"index":"index","follow":"follow","max-snippet":"max-snippet:-1","max-image-preview":"max-image-preview:large","max-video-preview":"max-video-preview:-1"},"canonical":"https:\/\/folhapopular.info\/index.php\/2022\/12\/09\/palestra-sobre-a-estruturacao-da-governanca-em-empresas-familiares-encerra-forum-da-acil-e-ibgc\/","og_locale":"pt_BR","og_type":"article","og_title":"Palestra sobre a estrutura\u00e7\u00e3o da governan\u00e7a em empresas familiares encerra F\u00f3rum da Acil e IBGC - Folha Popular","og_description":"\u201cA governan\u00e7a \u00e9 um processo cont\u00ednuo e em constante evolu\u00e7\u00e3o, que delimita espa\u00e7os e pap\u00e9is e torna a vida da fam\u00edlia empres\u00e1ria mais f\u00e1cil.\u201d A afirma\u00e7\u00e3o foi feita nesta sexta-feira (9\/12) por Jairo Gudis, ao explicar os modelos de estrutura\u00e7\u00e3o de neg\u00f3cios para fam\u00edlias empreendedoras. O co-fundador do Instituto Brasileiro de Governan\u00e7a Corporativa (IBGC) Porto [&hellip;]","og_url":"https:\/\/folhapopular.info\/index.php\/2022\/12\/09\/palestra-sobre-a-estruturacao-da-governanca-em-empresas-familiares-encerra-forum-da-acil-e-ibgc\/","og_site_name":"Folha Popular","article_published_time":"2022-12-09T18:59:13+00:00","article_modified_time":"2022-12-09T18:59:57+00:00","og_image":[{"width":600,"height":400,"url":"http:\/\/folhapopular.info\/wp-content\/uploads\/2022\/12\/unnamed-1.jpg","type":"image\/jpeg"}],"author":"Reda\u00e7\u00e3o Folha Popular","twitter_card":"summary_large_image","twitter_misc":{"Escrito por":"Reda\u00e7\u00e3o Folha Popular","Est. tempo de leitura":"3 minutos"},"schema":{"@context":"https:\/\/schema.org","@graph":[{"@type":"Article","@id":"https:\/\/folhapopular.info\/index.php\/2022\/12\/09\/palestra-sobre-a-estruturacao-da-governanca-em-empresas-familiares-encerra-forum-da-acil-e-ibgc\/#article","isPartOf":{"@id":"https:\/\/folhapopular.info\/index.php\/2022\/12\/09\/palestra-sobre-a-estruturacao-da-governanca-em-empresas-familiares-encerra-forum-da-acil-e-ibgc\/"},"author":{"name":"Reda\u00e7\u00e3o Folha Popular","@id":"https:\/\/folhapopular.info\/#\/schema\/person\/2814e8a0df7643585a9ca38bc6eb9d4b"},"headline":"Palestra sobre a estrutura\u00e7\u00e3o da governan\u00e7a em empresas familiares encerra F\u00f3rum da Acil e IBGC","datePublished":"2022-12-09T18:59:13+00:00","dateModified":"2022-12-09T18:59:57+00:00","mainEntityOfPage":{"@id":"https:\/\/folhapopular.info\/index.php\/2022\/12\/09\/palestra-sobre-a-estruturacao-da-governanca-em-empresas-familiares-encerra-forum-da-acil-e-ibgc\/"},"wordCount":579,"commentCount":0,"image":{"@id":"https:\/\/folhapopular.info\/index.php\/2022\/12\/09\/palestra-sobre-a-estruturacao-da-governanca-em-empresas-familiares-encerra-forum-da-acil-e-ibgc\/#primaryimage"},"thumbnailUrl":"https:\/\/folhapopular.info\/wp-content\/uploads\/2022\/12\/unnamed-1.jpg","keywords":["Acil","Empresa familiar","IBGC","Lajeado","palestra"],"articleSection":["Destaques","Geral"],"inLanguage":"pt-BR","potentialAction":[{"@type":"CommentAction","name":"Comment","target":["https:\/\/folhapopular.info\/index.php\/2022\/12\/09\/palestra-sobre-a-estruturacao-da-governanca-em-empresas-familiares-encerra-forum-da-acil-e-ibgc\/#respond"]}]},{"@type":"WebPage","@id":"https:\/\/folhapopular.info\/index.php\/2022\/12\/09\/palestra-sobre-a-estruturacao-da-governanca-em-empresas-familiares-encerra-forum-da-acil-e-ibgc\/","url":"https:\/\/folhapopular.info\/index.php\/2022\/12\/09\/palestra-sobre-a-estruturacao-da-governanca-em-empresas-familiares-encerra-forum-da-acil-e-ibgc\/","name":"Palestra sobre a estrutura\u00e7\u00e3o da governan\u00e7a em empresas familiares encerra F\u00f3rum da Acil e IBGC - Folha Popular","isPartOf":{"@id":"https:\/\/folhapopular.info\/#website"},"primaryImageOfPage":{"@id":"https:\/\/folhapopular.info\/index.php\/2022\/12\/09\/palestra-sobre-a-estruturacao-da-governanca-em-empresas-familiares-encerra-forum-da-acil-e-ibgc\/#primaryimage"},"image":{"@id":"https:\/\/folhapopular.info\/index.php\/2022\/12\/09\/palestra-sobre-a-estruturacao-da-governanca-em-empresas-familiares-encerra-forum-da-acil-e-ibgc\/#primaryimage"},"thumbnailUrl":"https:\/\/folhapopular.info\/wp-content\/uploads\/2022\/12\/unnamed-1.jpg","datePublished":"2022-12-09T18:59:13+00:00","dateModified":"2022-12-09T18:59:57+00:00","author":{"@id":"https:\/\/folhapopular.info\/#\/schema\/person\/2814e8a0df7643585a9ca38bc6eb9d4b"},"breadcrumb":{"@id":"https:\/\/folhapopular.info\/index.php\/2022\/12\/09\/palestra-sobre-a-estruturacao-da-governanca-em-empresas-familiares-encerra-forum-da-acil-e-ibgc\/#breadcrumb"},"inLanguage":"pt-BR","potentialAction":[{"@type":"ReadAction","target":["https:\/\/folhapopular.info\/index.php\/2022\/12\/09\/palestra-sobre-a-estruturacao-da-governanca-em-empresas-familiares-encerra-forum-da-acil-e-ibgc\/"]}]},{"@type":"ImageObject","inLanguage":"pt-BR","@id":"https:\/\/folhapopular.info\/index.php\/2022\/12\/09\/palestra-sobre-a-estruturacao-da-governanca-em-empresas-familiares-encerra-forum-da-acil-e-ibgc\/#primaryimage","url":"https:\/\/folhapopular.info\/wp-content\/uploads\/2022\/12\/unnamed-1.jpg","contentUrl":"https:\/\/folhapopular.info\/wp-content\/uploads\/2022\/12\/unnamed-1.jpg","width":600,"height":400,"caption":"F\u00f3rum debateu sobre a import\u00e2ncia da governan\u00e7a em empresas familiares \/ Cr\u00e9dito: Lucas Santos \/ Divulga\u00e7\u00e3o"},{"@type":"BreadcrumbList","@id":"https:\/\/folhapopular.info\/index.php\/2022\/12\/09\/palestra-sobre-a-estruturacao-da-governanca-em-empresas-familiares-encerra-forum-da-acil-e-ibgc\/#breadcrumb","itemListElement":[{"@type":"ListItem","position":1,"name":"In\u00edcio","item":"https:\/\/folhapopular.info\/"},{"@type":"ListItem","position":2,"name":"Palestra sobre a estrutura\u00e7\u00e3o da governan\u00e7a em empresas familiares encerra F\u00f3rum da Acil e IBGC"}]},{"@type":"WebSite","@id":"https:\/\/folhapopular.info\/#website","url":"https:\/\/folhapopular.info\/","name":"Folha Popular","description":"Onde voc\u00ea tem vez e voz","potentialAction":[{"@type":"SearchAction","target":{"@type":"EntryPoint","urlTemplate":"https:\/\/folhapopular.info\/?s={search_term_string}"},"query-input":{"@type":"PropertyValueSpecification","valueRequired":true,"valueName":"search_term_string"}}],"inLanguage":"pt-BR"},{"@type":"Person","@id":"https:\/\/folhapopular.info\/#\/schema\/person\/2814e8a0df7643585a9ca38bc6eb9d4b","name":"Reda\u00e7\u00e3o Folha Popular","image":{"@type":"ImageObject","inLanguage":"pt-BR","@id":"https:\/\/folhapopular.info\/wp-content\/uploads\/2026\/04\/Folha-1.webp","url":"https:\/\/folhapopular.info\/wp-content\/uploads\/2026\/04\/Folha-1.webp","contentUrl":"https:\/\/folhapopular.info\/wp-content\/uploads\/2026\/04\/Folha-1.webp","caption":"Reda\u00e7\u00e3o Folha Popular"},"url":"https:\/\/folhapopular.info\/index.php\/author\/redacao\/"}]}},"jetpack_featured_media_url":"https:\/\/folhapopular.info\/wp-content\/uploads\/2022\/12\/unnamed-1.jpg","jetpack_sharing_enabled":true,"amp_enabled":true,"_links":{"self":[{"href":"https:\/\/folhapopular.info\/index.php\/wp-json\/wp\/v2\/posts\/117433","targetHints":{"allow":["GET"]}}],"collection":[{"href":"https:\/\/folhapopular.info\/index.php\/wp-json\/wp\/v2\/posts"}],"about":[{"href":"https:\/\/folhapopular.info\/index.php\/wp-json\/wp\/v2\/types\/post"}],"author":[{"embeddable":true,"href":"https:\/\/folhapopular.info\/index.php\/wp-json\/wp\/v2\/users\/8"}],"replies":[{"embeddable":true,"href":"https:\/\/folhapopular.info\/index.php\/wp-json\/wp\/v2\/comments?post=117433"}],"version-history":[{"count":0,"href":"https:\/\/folhapopular.info\/index.php\/wp-json\/wp\/v2\/posts\/117433\/revisions"}],"wp:featuredmedia":[{"embeddable":true,"href":"https:\/\/folhapopular.info\/index.php\/wp-json\/wp\/v2\/media\/117434"}],"wp:attachment":[{"href":"https:\/\/folhapopular.info\/index.php\/wp-json\/wp\/v2\/media?parent=117433"}],"wp:term":[{"taxonomy":"category","embeddable":true,"href":"https:\/\/folhapopular.info\/index.php\/wp-json\/wp\/v2\/categories?post=117433"},{"taxonomy":"post_tag","embeddable":true,"href":"https:\/\/folhapopular.info\/index.php\/wp-json\/wp\/v2\/tags?post=117433"}],"curies":[{"name":"wp","href":"https:\/\/api.w.org\/{rel}","templated":true}]}}