{"id":117499,"date":"2022-12-10T10:30:00","date_gmt":"2022-12-10T13:30:00","guid":{"rendered":"https:\/\/folhapopular.info\/?p=117499"},"modified":"2022-12-10T08:23:00","modified_gmt":"2022-12-10T11:23:00","slug":"final-de-semana-de-magia-luz-e-cor-nos-municipios-do-vale","status":"publish","type":"post","link":"https:\/\/folhapopular.info\/index.php\/2022\/12\/10\/final-de-semana-de-magia-luz-e-cor-nos-municipios-do-vale\/","title":{"rendered":"<strong>Final de semana de magia, luz e cor nos munic\u00edpios do Vale<\/strong>"},"content":{"rendered":"\n<p>O final de semana ser\u00e1 de bonitas e emocionantes atra\u00e7\u00f5es nos munic\u00edpios do G7, Estrela e Lajeado. Em Teut\u00f4nia ocorre, amanh\u00e3 (11\/12), a entrega de cartinhas ao Papai Noel na casa do bom velhinho, no Centro Administrativo. <\/p>\n\n\n\n<p>O evento ocorre \u00e0s 17h. Ap\u00f3s, \u00e0s 18h, inicia o Sarau Natalino, no Centro C\u00edvico. Haver\u00e1 apresenta\u00e7\u00e3o do grupo Dan\u00e7a e Ritmos, seguida de Ricardo Biglu e Banda, Orquestra Instrumental da Languiru, Pinheirinho de Bel\u00e9m do Lar S\u00e3o Jos\u00e9, de Taquari, e Grupo de Dan\u00e7as Amizade. A entrada para os dois eventos \u00e9 franca.<\/p>\n\n\n\n<p><strong>Colinas<\/strong><br>Na Cidade Jardim ocorre, tamb\u00e9m neste s\u00e1bado, o espet\u00e1culo de Natal Luz e Vida. A pe\u00e7a \u201cO milagre da Paz\u201d, que estreou nesta sexta-feira (9\/12), ter\u00e1 sua \u00faltima sess\u00e3o hoje, com in\u00edcio \u00e0s 20h30. Realizado no Gin\u00e1sio Esportivo Municipal, o espet\u00e1culo conta a hist\u00f3ria do Natal dos soldados na trincheira entre a Alemanha e a Inglaterra na Primeira Guerra Mundial, em 1914.<\/p>\n\n\n\n<p>O ingresso \u00e9 solid\u00e1rio e pode ser adquirido durante o dia no Mercado Super Colinas, Floricultura Cidade Jardim, Padaria Paladar, Agropecu\u00e1ria Reis e Mercado Primavera ou no momento do espet\u00e1culo em troca de alimento, ra\u00e7\u00e3o ou brinquedo.<\/p>\n\n\n\n<p><strong>Imigrante<\/strong><br>Em Imigrante, destaque para os passeios do Trenzinho Trentino, um \u00f4nibus tem\u00e1tico em forma de Maria Fuma\u00e7a. Com passeios gratuitos e dura\u00e7\u00e3o de 40 min, o ve\u00edculo sai em frente ao Gin\u00e1sio Municipal at\u00e9 o Bairro Daltro Filho. A cidade inteira foi decorada com 100 \u00e1rvores de madeira, adotadas e enfeitadas por entidades.<\/p>\n\n\n\n<p><strong>Fazenda Vilanova<\/strong><br>Os passeios gratuitos do Tran\u00f3 de Natal ocorrem \u00e0s 19h tanto neste s\u00e1bado como amanh\u00e3, domingo. O ve\u00edculo decorado faz roteiros pelo munic\u00edpio e integra o 2\u00ba Natal Mais Brilhante de Fazenda Vilanova. As atividades ocorrem at\u00e9 o dia 22.<\/p>\n\n\n\n<p><strong>Po\u00e7o das Antas<\/strong><br>Neste s\u00e1bado se apresentam, em Po\u00e7o das Antas, os Amigos de Teut\u00f4nia. A atividade acontece a partir das 19h45 na Pra\u00e7a Municipal. A 2\u00aa Noite de Sons na Pra\u00e7a inicia com recep\u00e7\u00e3o da Bandinha Pop.<\/p>\n\n\n\n<p><strong>Estrela e Lajeado<\/strong><br>Transferida em fun\u00e7\u00e3o do temporal que ocorreu no domingo (2\/12), a abertura do Natal em Estrela ser\u00e1 realizada amanh\u00e3, independente do clima. A chegada do Papai Noel, os shows da Orquestra de C\u00e2mara da Ulbra e de Shana M\u00fcller e o acendimento das luzes s\u00e3o as principais atra\u00e7\u00f5es do evento, que inicia as 18h na Pra\u00e7a Menna Barreto. Ainda, ser\u00e3o conhecidos os ganhadores do primeiro sorteio da promo\u00e7\u00e3o Estrela Premiada. Em caso de mau tempo, as atra\u00e7\u00f5es ser\u00e3o realizadas dentro da Igreja Cat\u00f3lica Santo Ant\u00f4nio.<\/p>\n\n\n\n<p>Em Lajeado, o Natal no Cora\u00e7\u00e3o dos Bairros encerra na noite deste s\u00e1bado no gin\u00e1sio da Associa\u00e7\u00e3o de Moradores do Bairro Santo Ant\u00f4nio. As apresenta\u00e7\u00f5es iniciam \u00e0s 19h com Rogerinho, voz e viol\u00e3o e \u00e0s 19h30 haver\u00e1 esquetes com alunos das oficinas de teatro da Casa de Cultura de Lajeado.<\/p>\n\n\n\n<p>Fechando a noite, J\u00ea Trio sobe ao palco. Concomitantemente, a Caravana Iluminada percorrer\u00e1 as principais ruas da cidade a partir das 20h, com sa\u00edda no Parque dos Dick. Amanh\u00e3 (11\/12), \u00e0s 20h, ocorre a \u00faltima apresenta\u00e7\u00e3o do espet\u00e1culo \u201cPor Quem Bate o seu Cora\u00e7\u00e3o?\u201d. <\/p>\n\n\n\n<p>Realizada ao lado do lago do Parque dos Dick, a pe\u00e7a dura 50 minutos e conta a hist\u00f3ria da pequena Natalina, abordando os sentimentos e significados da \u00e9poca mais colorida do ano.<\/p>\n","protected":false},"excerpt":{"rendered":"<p>O final de semana ser\u00e1 de bonitas e emocionantes atra\u00e7\u00f5es nos munic\u00edpios do G7, Estrela e Lajeado. Em Teut\u00f4nia ocorre, amanh\u00e3 (11\/12), a entrega de cartinhas ao Papai Noel na casa do bom velhinho, no Centro Administrativo. O evento ocorre \u00e0s 17h. Ap\u00f3s, \u00e0s 18h, inicia o Sarau Natalino, no Centro C\u00edvico. Haver\u00e1 apresenta\u00e7\u00e3o do [&hellip;]<\/p>\n","protected":false},"author":8,"featured_media":117500,"comment_status":"open","ping_status":"open","sticky":false,"template":"","format":"standard","meta":{"pmpro_default_level":"","_jetpack_memberships_contains_paid_content":false,"footnotes":""},"categories":[2,3],"tags":[1154,7760,156],"class_list":{"0":"post-117499","1":"post","2":"type-post","3":"status-publish","4":"format-standard","5":"has-post-thumbnail","7":"category-featured","8":"category-geral","9":"tag-natal","10":"tag-programacoes","11":"tag-vale-do-taquari","12":"pmpro-has-access"},"yoast_head":"<!-- This site is optimized with the Yoast SEO plugin v27.5 - https:\/\/yoast.com\/product\/yoast-seo-wordpress\/ -->\n<title>Final de semana de magia, luz e cor nos munic\u00edpios do Vale - Folha Popular<\/title>\n<meta name=\"robots\" content=\"index, follow, max-snippet:-1, max-image-preview:large, max-video-preview:-1\" \/>\n<link rel=\"canonical\" href=\"https:\/\/folhapopular.info\/index.php\/2022\/12\/10\/final-de-semana-de-magia-luz-e-cor-nos-municipios-do-vale\/\" \/>\n<meta property=\"og:locale\" content=\"pt_BR\" \/>\n<meta property=\"og:type\" content=\"article\" \/>\n<meta property=\"og:title\" content=\"Final de semana de magia, luz e cor nos munic\u00edpios do Vale - Folha Popular\" \/>\n<meta property=\"og:description\" content=\"O final de semana ser\u00e1 de bonitas e emocionantes atra\u00e7\u00f5es nos munic\u00edpios do G7, Estrela e Lajeado. Em Teut\u00f4nia ocorre, amanh\u00e3 (11\/12), a entrega de cartinhas ao Papai Noel na casa do bom velhinho, no Centro Administrativo. O evento ocorre \u00e0s 17h. Ap\u00f3s, \u00e0s 18h, inicia o Sarau Natalino, no Centro C\u00edvico. Haver\u00e1 apresenta\u00e7\u00e3o do [&hellip;]\" \/>\n<meta property=\"og:url\" content=\"https:\/\/folhapopular.info\/index.php\/2022\/12\/10\/final-de-semana-de-magia-luz-e-cor-nos-municipios-do-vale\/\" \/>\n<meta property=\"og:site_name\" content=\"Folha Popular\" \/>\n<meta property=\"article:published_time\" content=\"2022-12-10T13:30:00+00:00\" \/>\n<meta property=\"og:image\" content=\"https:\/\/folhapopular.info\/wp-content\/uploads\/2022\/12\/2022_12_09_REGIAO_Natal-Imigrante_Cris-Tome-e1670671247875.jpg\" \/>\n\t<meta property=\"og:image:width\" content=\"1200\" \/>\n\t<meta property=\"og:image:height\" content=\"801\" \/>\n\t<meta property=\"og:image:type\" content=\"image\/jpeg\" \/>\n<meta name=\"author\" content=\"Reda\u00e7\u00e3o Folha Popular\" \/>\n<meta name=\"twitter:card\" content=\"summary_large_image\" \/>\n<meta name=\"twitter:label1\" content=\"Escrito por\" \/>\n\t<meta name=\"twitter:data1\" content=\"Reda\u00e7\u00e3o Folha Popular\" \/>\n\t<meta name=\"twitter:label2\" content=\"Est. tempo de leitura\" \/>\n\t<meta name=\"twitter:data2\" content=\"3 minutos\" \/>\n<script type=\"application\/ld+json\" class=\"yoast-schema-graph\">{\"@context\":\"https:\\\/\\\/schema.org\",\"@graph\":[{\"@type\":\"Article\",\"@id\":\"https:\\\/\\\/folhapopular.info\\\/index.php\\\/2022\\\/12\\\/10\\\/final-de-semana-de-magia-luz-e-cor-nos-municipios-do-vale\\\/#article\",\"isPartOf\":{\"@id\":\"https:\\\/\\\/folhapopular.info\\\/index.php\\\/2022\\\/12\\\/10\\\/final-de-semana-de-magia-luz-e-cor-nos-municipios-do-vale\\\/\"},\"author\":{\"name\":\"Reda\u00e7\u00e3o Folha Popular\",\"@id\":\"https:\\\/\\\/folhapopular.info\\\/#\\\/schema\\\/person\\\/2814e8a0df7643585a9ca38bc6eb9d4b\"},\"headline\":\"Final de semana de magia, luz e cor nos munic\u00edpios do Vale\",\"datePublished\":\"2022-12-10T13:30:00+00:00\",\"mainEntityOfPage\":{\"@id\":\"https:\\\/\\\/folhapopular.info\\\/index.php\\\/2022\\\/12\\\/10\\\/final-de-semana-de-magia-luz-e-cor-nos-municipios-do-vale\\\/\"},\"wordCount\":602,\"commentCount\":0,\"image\":{\"@id\":\"https:\\\/\\\/folhapopular.info\\\/index.php\\\/2022\\\/12\\\/10\\\/final-de-semana-de-magia-luz-e-cor-nos-municipios-do-vale\\\/#primaryimage\"},\"thumbnailUrl\":\"https:\\\/\\\/folhapopular.info\\\/wp-content\\\/uploads\\\/2022\\\/12\\\/2022_12_09_REGIAO_Natal-Imigrante_Cris-Tome-e1670671247875.jpg\",\"keywords\":[\"Natal\",\"programa\u00e7\u00f5es\",\"Vale do Taquari\"],\"articleSection\":[\"Destaques\",\"Geral\"],\"inLanguage\":\"pt-BR\",\"potentialAction\":[{\"@type\":\"CommentAction\",\"name\":\"Comment\",\"target\":[\"https:\\\/\\\/folhapopular.info\\\/index.php\\\/2022\\\/12\\\/10\\\/final-de-semana-de-magia-luz-e-cor-nos-municipios-do-vale\\\/#respond\"]}]},{\"@type\":\"WebPage\",\"@id\":\"https:\\\/\\\/folhapopular.info\\\/index.php\\\/2022\\\/12\\\/10\\\/final-de-semana-de-magia-luz-e-cor-nos-municipios-do-vale\\\/\",\"url\":\"https:\\\/\\\/folhapopular.info\\\/index.php\\\/2022\\\/12\\\/10\\\/final-de-semana-de-magia-luz-e-cor-nos-municipios-do-vale\\\/\",\"name\":\"Final de semana de magia, luz e cor nos munic\u00edpios do Vale - Folha Popular\",\"isPartOf\":{\"@id\":\"https:\\\/\\\/folhapopular.info\\\/#website\"},\"primaryImageOfPage\":{\"@id\":\"https:\\\/\\\/folhapopular.info\\\/index.php\\\/2022\\\/12\\\/10\\\/final-de-semana-de-magia-luz-e-cor-nos-municipios-do-vale\\\/#primaryimage\"},\"image\":{\"@id\":\"https:\\\/\\\/folhapopular.info\\\/index.php\\\/2022\\\/12\\\/10\\\/final-de-semana-de-magia-luz-e-cor-nos-municipios-do-vale\\\/#primaryimage\"},\"thumbnailUrl\":\"https:\\\/\\\/folhapopular.info\\\/wp-content\\\/uploads\\\/2022\\\/12\\\/2022_12_09_REGIAO_Natal-Imigrante_Cris-Tome-e1670671247875.jpg\",\"datePublished\":\"2022-12-10T13:30:00+00:00\",\"author\":{\"@id\":\"https:\\\/\\\/folhapopular.info\\\/#\\\/schema\\\/person\\\/2814e8a0df7643585a9ca38bc6eb9d4b\"},\"breadcrumb\":{\"@id\":\"https:\\\/\\\/folhapopular.info\\\/index.php\\\/2022\\\/12\\\/10\\\/final-de-semana-de-magia-luz-e-cor-nos-municipios-do-vale\\\/#breadcrumb\"},\"inLanguage\":\"pt-BR\",\"potentialAction\":[{\"@type\":\"ReadAction\",\"target\":[\"https:\\\/\\\/folhapopular.info\\\/index.php\\\/2022\\\/12\\\/10\\\/final-de-semana-de-magia-luz-e-cor-nos-municipios-do-vale\\\/\"]}]},{\"@type\":\"ImageObject\",\"inLanguage\":\"pt-BR\",\"@id\":\"https:\\\/\\\/folhapopular.info\\\/index.php\\\/2022\\\/12\\\/10\\\/final-de-semana-de-magia-luz-e-cor-nos-municipios-do-vale\\\/#primaryimage\",\"url\":\"https:\\\/\\\/folhapopular.info\\\/wp-content\\\/uploads\\\/2022\\\/12\\\/2022_12_09_REGIAO_Natal-Imigrante_Cris-Tome-e1670671247875.jpg\",\"contentUrl\":\"https:\\\/\\\/folhapopular.info\\\/wp-content\\\/uploads\\\/2022\\\/12\\\/2022_12_09_REGIAO_Natal-Imigrante_Cris-Tome-e1670671247875.jpg\",\"width\":1200,\"height\":801,\"caption\":\"Programa\u00e7\u00f5es embelezam G7, Lajeado e Estrela \\\/ Cr\u00e9dito: Cris Tom\u00e9 \\\/ Divulga\u00e7\u00e3o\"},{\"@type\":\"BreadcrumbList\",\"@id\":\"https:\\\/\\\/folhapopular.info\\\/index.php\\\/2022\\\/12\\\/10\\\/final-de-semana-de-magia-luz-e-cor-nos-municipios-do-vale\\\/#breadcrumb\",\"itemListElement\":[{\"@type\":\"ListItem\",\"position\":1,\"name\":\"In\u00edcio\",\"item\":\"https:\\\/\\\/folhapopular.info\\\/\"},{\"@type\":\"ListItem\",\"position\":2,\"name\":\"Final de semana de magia, luz e cor nos munic\u00edpios do Vale\"}]},{\"@type\":\"WebSite\",\"@id\":\"https:\\\/\\\/folhapopular.info\\\/#website\",\"url\":\"https:\\\/\\\/folhapopular.info\\\/\",\"name\":\"Folha Popular\",\"description\":\"Onde voc\u00ea tem vez e voz\",\"potentialAction\":[{\"@type\":\"SearchAction\",\"target\":{\"@type\":\"EntryPoint\",\"urlTemplate\":\"https:\\\/\\\/folhapopular.info\\\/?s={search_term_string}\"},\"query-input\":{\"@type\":\"PropertyValueSpecification\",\"valueRequired\":true,\"valueName\":\"search_term_string\"}}],\"inLanguage\":\"pt-BR\"},{\"@type\":\"Person\",\"@id\":\"https:\\\/\\\/folhapopular.info\\\/#\\\/schema\\\/person\\\/2814e8a0df7643585a9ca38bc6eb9d4b\",\"name\":\"Reda\u00e7\u00e3o Folha Popular\",\"image\":{\"@type\":\"ImageObject\",\"inLanguage\":\"pt-BR\",\"@id\":\"https:\\\/\\\/folhapopular.info\\\/wp-content\\\/uploads\\\/2026\\\/04\\\/Folha-1.webp\",\"url\":\"https:\\\/\\\/folhapopular.info\\\/wp-content\\\/uploads\\\/2026\\\/04\\\/Folha-1.webp\",\"contentUrl\":\"https:\\\/\\\/folhapopular.info\\\/wp-content\\\/uploads\\\/2026\\\/04\\\/Folha-1.webp\",\"caption\":\"Reda\u00e7\u00e3o Folha Popular\"},\"url\":\"https:\\\/\\\/folhapopular.info\\\/index.php\\\/author\\\/redacao\\\/\"}]}<\/script>\n<!-- \/ Yoast SEO plugin. -->","yoast_head_json":{"title":"Final de semana de magia, luz e cor nos munic\u00edpios do Vale - Folha Popular","robots":{"index":"index","follow":"follow","max-snippet":"max-snippet:-1","max-image-preview":"max-image-preview:large","max-video-preview":"max-video-preview:-1"},"canonical":"https:\/\/folhapopular.info\/index.php\/2022\/12\/10\/final-de-semana-de-magia-luz-e-cor-nos-municipios-do-vale\/","og_locale":"pt_BR","og_type":"article","og_title":"Final de semana de magia, luz e cor nos munic\u00edpios do Vale - Folha Popular","og_description":"O final de semana ser\u00e1 de bonitas e emocionantes atra\u00e7\u00f5es nos munic\u00edpios do G7, Estrela e Lajeado. Em Teut\u00f4nia ocorre, amanh\u00e3 (11\/12), a entrega de cartinhas ao Papai Noel na casa do bom velhinho, no Centro Administrativo. O evento ocorre \u00e0s 17h. Ap\u00f3s, \u00e0s 18h, inicia o Sarau Natalino, no Centro C\u00edvico. Haver\u00e1 apresenta\u00e7\u00e3o do [&hellip;]","og_url":"https:\/\/folhapopular.info\/index.php\/2022\/12\/10\/final-de-semana-de-magia-luz-e-cor-nos-municipios-do-vale\/","og_site_name":"Folha Popular","article_published_time":"2022-12-10T13:30:00+00:00","og_image":[{"width":1200,"height":801,"url":"https:\/\/folhapopular.info\/wp-content\/uploads\/2022\/12\/2022_12_09_REGIAO_Natal-Imigrante_Cris-Tome-e1670671247875.jpg","type":"image\/jpeg"}],"author":"Reda\u00e7\u00e3o Folha Popular","twitter_card":"summary_large_image","twitter_misc":{"Escrito por":"Reda\u00e7\u00e3o Folha Popular","Est. tempo de leitura":"3 minutos"},"schema":{"@context":"https:\/\/schema.org","@graph":[{"@type":"Article","@id":"https:\/\/folhapopular.info\/index.php\/2022\/12\/10\/final-de-semana-de-magia-luz-e-cor-nos-municipios-do-vale\/#article","isPartOf":{"@id":"https:\/\/folhapopular.info\/index.php\/2022\/12\/10\/final-de-semana-de-magia-luz-e-cor-nos-municipios-do-vale\/"},"author":{"name":"Reda\u00e7\u00e3o Folha Popular","@id":"https:\/\/folhapopular.info\/#\/schema\/person\/2814e8a0df7643585a9ca38bc6eb9d4b"},"headline":"Final de semana de magia, luz e cor nos munic\u00edpios do Vale","datePublished":"2022-12-10T13:30:00+00:00","mainEntityOfPage":{"@id":"https:\/\/folhapopular.info\/index.php\/2022\/12\/10\/final-de-semana-de-magia-luz-e-cor-nos-municipios-do-vale\/"},"wordCount":602,"commentCount":0,"image":{"@id":"https:\/\/folhapopular.info\/index.php\/2022\/12\/10\/final-de-semana-de-magia-luz-e-cor-nos-municipios-do-vale\/#primaryimage"},"thumbnailUrl":"https:\/\/folhapopular.info\/wp-content\/uploads\/2022\/12\/2022_12_09_REGIAO_Natal-Imigrante_Cris-Tome-e1670671247875.jpg","keywords":["Natal","programa\u00e7\u00f5es","Vale do Taquari"],"articleSection":["Destaques","Geral"],"inLanguage":"pt-BR","potentialAction":[{"@type":"CommentAction","name":"Comment","target":["https:\/\/folhapopular.info\/index.php\/2022\/12\/10\/final-de-semana-de-magia-luz-e-cor-nos-municipios-do-vale\/#respond"]}]},{"@type":"WebPage","@id":"https:\/\/folhapopular.info\/index.php\/2022\/12\/10\/final-de-semana-de-magia-luz-e-cor-nos-municipios-do-vale\/","url":"https:\/\/folhapopular.info\/index.php\/2022\/12\/10\/final-de-semana-de-magia-luz-e-cor-nos-municipios-do-vale\/","name":"Final de semana de magia, luz e cor nos munic\u00edpios do Vale - Folha Popular","isPartOf":{"@id":"https:\/\/folhapopular.info\/#website"},"primaryImageOfPage":{"@id":"https:\/\/folhapopular.info\/index.php\/2022\/12\/10\/final-de-semana-de-magia-luz-e-cor-nos-municipios-do-vale\/#primaryimage"},"image":{"@id":"https:\/\/folhapopular.info\/index.php\/2022\/12\/10\/final-de-semana-de-magia-luz-e-cor-nos-municipios-do-vale\/#primaryimage"},"thumbnailUrl":"https:\/\/folhapopular.info\/wp-content\/uploads\/2022\/12\/2022_12_09_REGIAO_Natal-Imigrante_Cris-Tome-e1670671247875.jpg","datePublished":"2022-12-10T13:30:00+00:00","author":{"@id":"https:\/\/folhapopular.info\/#\/schema\/person\/2814e8a0df7643585a9ca38bc6eb9d4b"},"breadcrumb":{"@id":"https:\/\/folhapopular.info\/index.php\/2022\/12\/10\/final-de-semana-de-magia-luz-e-cor-nos-municipios-do-vale\/#breadcrumb"},"inLanguage":"pt-BR","potentialAction":[{"@type":"ReadAction","target":["https:\/\/folhapopular.info\/index.php\/2022\/12\/10\/final-de-semana-de-magia-luz-e-cor-nos-municipios-do-vale\/"]}]},{"@type":"ImageObject","inLanguage":"pt-BR","@id":"https:\/\/folhapopular.info\/index.php\/2022\/12\/10\/final-de-semana-de-magia-luz-e-cor-nos-municipios-do-vale\/#primaryimage","url":"https:\/\/folhapopular.info\/wp-content\/uploads\/2022\/12\/2022_12_09_REGIAO_Natal-Imigrante_Cris-Tome-e1670671247875.jpg","contentUrl":"https:\/\/folhapopular.info\/wp-content\/uploads\/2022\/12\/2022_12_09_REGIAO_Natal-Imigrante_Cris-Tome-e1670671247875.jpg","width":1200,"height":801,"caption":"Programa\u00e7\u00f5es embelezam G7, Lajeado e Estrela \/ Cr\u00e9dito: Cris Tom\u00e9 \/ Divulga\u00e7\u00e3o"},{"@type":"BreadcrumbList","@id":"https:\/\/folhapopular.info\/index.php\/2022\/12\/10\/final-de-semana-de-magia-luz-e-cor-nos-municipios-do-vale\/#breadcrumb","itemListElement":[{"@type":"ListItem","position":1,"name":"In\u00edcio","item":"https:\/\/folhapopular.info\/"},{"@type":"ListItem","position":2,"name":"Final de semana de magia, luz e cor nos munic\u00edpios do Vale"}]},{"@type":"WebSite","@id":"https:\/\/folhapopular.info\/#website","url":"https:\/\/folhapopular.info\/","name":"Folha Popular","description":"Onde voc\u00ea tem vez e voz","potentialAction":[{"@type":"SearchAction","target":{"@type":"EntryPoint","urlTemplate":"https:\/\/folhapopular.info\/?s={search_term_string}"},"query-input":{"@type":"PropertyValueSpecification","valueRequired":true,"valueName":"search_term_string"}}],"inLanguage":"pt-BR"},{"@type":"Person","@id":"https:\/\/folhapopular.info\/#\/schema\/person\/2814e8a0df7643585a9ca38bc6eb9d4b","name":"Reda\u00e7\u00e3o Folha Popular","image":{"@type":"ImageObject","inLanguage":"pt-BR","@id":"https:\/\/folhapopular.info\/wp-content\/uploads\/2026\/04\/Folha-1.webp","url":"https:\/\/folhapopular.info\/wp-content\/uploads\/2026\/04\/Folha-1.webp","contentUrl":"https:\/\/folhapopular.info\/wp-content\/uploads\/2026\/04\/Folha-1.webp","caption":"Reda\u00e7\u00e3o Folha Popular"},"url":"https:\/\/folhapopular.info\/index.php\/author\/redacao\/"}]}},"jetpack_featured_media_url":"https:\/\/folhapopular.info\/wp-content\/uploads\/2022\/12\/2022_12_09_REGIAO_Natal-Imigrante_Cris-Tome-e1670671247875.jpg","jetpack_sharing_enabled":true,"amp_enabled":true,"_links":{"self":[{"href":"https:\/\/folhapopular.info\/index.php\/wp-json\/wp\/v2\/posts\/117499","targetHints":{"allow":["GET"]}}],"collection":[{"href":"https:\/\/folhapopular.info\/index.php\/wp-json\/wp\/v2\/posts"}],"about":[{"href":"https:\/\/folhapopular.info\/index.php\/wp-json\/wp\/v2\/types\/post"}],"author":[{"embeddable":true,"href":"https:\/\/folhapopular.info\/index.php\/wp-json\/wp\/v2\/users\/8"}],"replies":[{"embeddable":true,"href":"https:\/\/folhapopular.info\/index.php\/wp-json\/wp\/v2\/comments?post=117499"}],"version-history":[{"count":0,"href":"https:\/\/folhapopular.info\/index.php\/wp-json\/wp\/v2\/posts\/117499\/revisions"}],"wp:featuredmedia":[{"embeddable":true,"href":"https:\/\/folhapopular.info\/index.php\/wp-json\/wp\/v2\/media\/117500"}],"wp:attachment":[{"href":"https:\/\/folhapopular.info\/index.php\/wp-json\/wp\/v2\/media?parent=117499"}],"wp:term":[{"taxonomy":"category","embeddable":true,"href":"https:\/\/folhapopular.info\/index.php\/wp-json\/wp\/v2\/categories?post=117499"},{"taxonomy":"post_tag","embeddable":true,"href":"https:\/\/folhapopular.info\/index.php\/wp-json\/wp\/v2\/tags?post=117499"}],"curies":[{"name":"wp","href":"https:\/\/api.w.org\/{rel}","templated":true}]}}