{"id":117606,"date":"2022-12-13T14:21:19","date_gmt":"2022-12-13T17:21:19","guid":{"rendered":"https:\/\/folhapopular.info\/?p=117606"},"modified":"2022-12-13T14:21:25","modified_gmt":"2022-12-13T17:21:25","slug":"amvat-elege-nova-diretoria-em-assembleia-geral-nesta-quarta-feira","status":"publish","type":"post","link":"https:\/\/folhapopular.info\/index.php\/2022\/12\/13\/amvat-elege-nova-diretoria-em-assembleia-geral-nesta-quarta-feira\/","title":{"rendered":"Amvat elege nova diretoria em assembleia geral nesta quarta-feira"},"content":{"rendered":"\n<p>Nesta quarta-feira (14\/12) ocorrer\u00e1 a assembleia geral para a elei\u00e7\u00e3o escolha da diretoria da Associa\u00e7\u00e3o dos Munic\u00edpios do Vale do Taquari (Amvat) para 2023. O encontro est\u00e1 agendado para \u00e0s 10h, no Estrela Palace Hotel. <\/p>\n\n\n\n<p>A condu\u00e7\u00e3o do evento est\u00e1 a cargo do atual presidente da entidade e tamb\u00e9m prefeito de Colinas, Sandro Herrmann, que antes da elei\u00e7\u00e3o da diretoria 2023, apresentar\u00e1 o relat\u00f3rio das atividades da Amvat durante sua gest\u00e3o, e evidenciar\u00e1 as principais a\u00e7\u00f5es da entidade neste ano de 2022. A associa\u00e7\u00e3o conta com 27 munic\u00edpios filiados.\u00a0<\/p>\n\n\n\n<p>A chapa completa \u2013 com os cargos de presidente, 1\u00ba e 2\u00ba vice-presidente; \u00a01\u00ba e 2\u00ba secret\u00e1rio; 1\u00ba e 2\u00ba tesoureiro e ainda tr\u00eas membros titulares e tr\u00eas suplentes do Conselho Fiscal \u2013 pode ser apresentada at\u00e9 o in\u00edcio da assembleia. \u00a0<\/p>\n\n\n\n<p>Antes da escolha haver\u00e1 participa\u00e7\u00f5es de Charles Rossner, da RS Turismo, para falar sobre comercializa\u00e7\u00e3o do Vale do Taquari como destino tur\u00edstico; do diretor de Inova\u00e7\u00e3o e Projetos Estrat\u00e9gicos da Secretaria Estadual do Trabalho, Emprego e Renda, Jorge Imperatore, e da coordenadora da \u00c1rea do Fomento ao Empreendedorismo e Educa\u00e7\u00e3o Produtiva da secretaria, D\u00e9bora Snel,\u00a0abordar\u00e3o o programa RS TER \u2013 pol\u00edtica p\u00fablico-privada com foco na gera\u00e7\u00e3o de trabalho, emprego e renda, por meio do fomento ao empreendedorismo.<\/p>\n\n\n\n<p>O presidente da Cooperativa Languiru, Dirceu Bayer, tamb\u00e9m se far\u00e1 presente e abordar\u00e1 a situa\u00e7\u00e3o das ind\u00fastrias de transforma\u00e7\u00e3o do agroneg\u00f3cio. Ainda participa da reuni\u00e3o o diretor da CDP- Consultoria em Direito P\u00fablico, advogado Gladimir Chiele, que discutir\u00e1 sobre saneamento b\u00e1sico.<\/p>\n","protected":false},"excerpt":{"rendered":"<p>Nesta quarta-feira (14\/12) ocorrer\u00e1 a assembleia geral para a elei\u00e7\u00e3o escolha da diretoria da Associa\u00e7\u00e3o dos Munic\u00edpios do Vale do Taquari (Amvat) para 2023. O encontro est\u00e1 agendado para \u00e0s 10h, no Estrela Palace Hotel. A condu\u00e7\u00e3o do evento est\u00e1 a cargo do atual presidente da entidade e tamb\u00e9m prefeito de Colinas, Sandro Herrmann, que [&hellip;]<\/p>\n","protected":false},"author":8,"featured_media":117608,"comment_status":"open","ping_status":"open","sticky":false,"template":"","format":"standard","meta":{"pmpro_default_level":"","_jetpack_memberships_contains_paid_content":false,"footnotes":""},"categories":[3],"tags":[261,5373,7321,3693],"class_list":{"0":"post-117606","1":"post","2":"type-post","3":"status-publish","4":"format-standard","5":"has-post-thumbnail","7":"category-geral","8":"tag-amvat","9":"tag-municipios","10":"tag-nova-diretoria","11":"tag-reuniao","12":"pmpro-has-access"},"yoast_head":"<!-- This site is optimized with the Yoast SEO plugin v27.5 - https:\/\/yoast.com\/product\/yoast-seo-wordpress\/ -->\n<title>Amvat elege nova diretoria em assembleia geral nesta quarta-feira - Folha Popular<\/title>\n<meta name=\"robots\" content=\"index, follow, max-snippet:-1, max-image-preview:large, max-video-preview:-1\" \/>\n<link rel=\"canonical\" href=\"https:\/\/folhapopular.info\/index.php\/2022\/12\/13\/amvat-elege-nova-diretoria-em-assembleia-geral-nesta-quarta-feira\/\" \/>\n<meta property=\"og:locale\" content=\"pt_BR\" \/>\n<meta property=\"og:type\" content=\"article\" \/>\n<meta property=\"og:title\" content=\"Amvat elege nova diretoria em assembleia geral nesta quarta-feira - Folha Popular\" \/>\n<meta property=\"og:description\" content=\"Nesta quarta-feira (14\/12) ocorrer\u00e1 a assembleia geral para a elei\u00e7\u00e3o escolha da diretoria da Associa\u00e7\u00e3o dos Munic\u00edpios do Vale do Taquari (Amvat) para 2023. O encontro est\u00e1 agendado para \u00e0s 10h, no Estrela Palace Hotel. A condu\u00e7\u00e3o do evento est\u00e1 a cargo do atual presidente da entidade e tamb\u00e9m prefeito de Colinas, Sandro Herrmann, que [&hellip;]\" \/>\n<meta property=\"og:url\" content=\"https:\/\/folhapopular.info\/index.php\/2022\/12\/13\/amvat-elege-nova-diretoria-em-assembleia-geral-nesta-quarta-feira\/\" \/>\n<meta property=\"og:site_name\" content=\"Folha Popular\" \/>\n<meta property=\"article:published_time\" content=\"2022-12-13T17:21:19+00:00\" \/>\n<meta property=\"article:modified_time\" content=\"2022-12-13T17:21:25+00:00\" \/>\n<meta property=\"og:image\" content=\"http:\/\/folhapopular.info\/wp-content\/uploads\/2022\/12\/LogoAmvatredessociais_63985ef4408c2.jpg\" \/>\n\t<meta property=\"og:image:width\" content=\"640\" \/>\n\t<meta property=\"og:image:height\" content=\"397\" \/>\n\t<meta property=\"og:image:type\" content=\"image\/jpeg\" \/>\n<meta name=\"author\" content=\"Reda\u00e7\u00e3o Folha Popular\" \/>\n<meta name=\"twitter:card\" content=\"summary_large_image\" \/>\n<meta name=\"twitter:label1\" content=\"Escrito por\" \/>\n\t<meta name=\"twitter:data1\" content=\"Reda\u00e7\u00e3o Folha Popular\" \/>\n\t<meta name=\"twitter:label2\" content=\"Est. tempo de leitura\" \/>\n\t<meta name=\"twitter:data2\" content=\"2 minutos\" \/>\n<script type=\"application\/ld+json\" class=\"yoast-schema-graph\">{\"@context\":\"https:\\\/\\\/schema.org\",\"@graph\":[{\"@type\":\"Article\",\"@id\":\"https:\\\/\\\/folhapopular.info\\\/index.php\\\/2022\\\/12\\\/13\\\/amvat-elege-nova-diretoria-em-assembleia-geral-nesta-quarta-feira\\\/#article\",\"isPartOf\":{\"@id\":\"https:\\\/\\\/folhapopular.info\\\/index.php\\\/2022\\\/12\\\/13\\\/amvat-elege-nova-diretoria-em-assembleia-geral-nesta-quarta-feira\\\/\"},\"author\":{\"name\":\"Reda\u00e7\u00e3o Folha Popular\",\"@id\":\"https:\\\/\\\/folhapopular.info\\\/#\\\/schema\\\/person\\\/2814e8a0df7643585a9ca38bc6eb9d4b\"},\"headline\":\"Amvat elege nova diretoria em assembleia geral nesta quarta-feira\",\"datePublished\":\"2022-12-13T17:21:19+00:00\",\"dateModified\":\"2022-12-13T17:21:25+00:00\",\"mainEntityOfPage\":{\"@id\":\"https:\\\/\\\/folhapopular.info\\\/index.php\\\/2022\\\/12\\\/13\\\/amvat-elege-nova-diretoria-em-assembleia-geral-nesta-quarta-feira\\\/\"},\"wordCount\":278,\"commentCount\":0,\"image\":{\"@id\":\"https:\\\/\\\/folhapopular.info\\\/index.php\\\/2022\\\/12\\\/13\\\/amvat-elege-nova-diretoria-em-assembleia-geral-nesta-quarta-feira\\\/#primaryimage\"},\"thumbnailUrl\":\"https:\\\/\\\/folhapopular.info\\\/wp-content\\\/uploads\\\/2022\\\/12\\\/LogoAmvatredessociais_63985ef4408c2.jpg\",\"keywords\":[\"AMVAT\",\"munic\u00edpios\",\"Nova diretoria\",\"reuni\u00e3o\"],\"articleSection\":[\"Geral\"],\"inLanguage\":\"pt-BR\",\"potentialAction\":[{\"@type\":\"CommentAction\",\"name\":\"Comment\",\"target\":[\"https:\\\/\\\/folhapopular.info\\\/index.php\\\/2022\\\/12\\\/13\\\/amvat-elege-nova-diretoria-em-assembleia-geral-nesta-quarta-feira\\\/#respond\"]}]},{\"@type\":\"WebPage\",\"@id\":\"https:\\\/\\\/folhapopular.info\\\/index.php\\\/2022\\\/12\\\/13\\\/amvat-elege-nova-diretoria-em-assembleia-geral-nesta-quarta-feira\\\/\",\"url\":\"https:\\\/\\\/folhapopular.info\\\/index.php\\\/2022\\\/12\\\/13\\\/amvat-elege-nova-diretoria-em-assembleia-geral-nesta-quarta-feira\\\/\",\"name\":\"Amvat elege nova diretoria em assembleia geral nesta quarta-feira - Folha Popular\",\"isPartOf\":{\"@id\":\"https:\\\/\\\/folhapopular.info\\\/#website\"},\"primaryImageOfPage\":{\"@id\":\"https:\\\/\\\/folhapopular.info\\\/index.php\\\/2022\\\/12\\\/13\\\/amvat-elege-nova-diretoria-em-assembleia-geral-nesta-quarta-feira\\\/#primaryimage\"},\"image\":{\"@id\":\"https:\\\/\\\/folhapopular.info\\\/index.php\\\/2022\\\/12\\\/13\\\/amvat-elege-nova-diretoria-em-assembleia-geral-nesta-quarta-feira\\\/#primaryimage\"},\"thumbnailUrl\":\"https:\\\/\\\/folhapopular.info\\\/wp-content\\\/uploads\\\/2022\\\/12\\\/LogoAmvatredessociais_63985ef4408c2.jpg\",\"datePublished\":\"2022-12-13T17:21:19+00:00\",\"dateModified\":\"2022-12-13T17:21:25+00:00\",\"author\":{\"@id\":\"https:\\\/\\\/folhapopular.info\\\/#\\\/schema\\\/person\\\/2814e8a0df7643585a9ca38bc6eb9d4b\"},\"breadcrumb\":{\"@id\":\"https:\\\/\\\/folhapopular.info\\\/index.php\\\/2022\\\/12\\\/13\\\/amvat-elege-nova-diretoria-em-assembleia-geral-nesta-quarta-feira\\\/#breadcrumb\"},\"inLanguage\":\"pt-BR\",\"potentialAction\":[{\"@type\":\"ReadAction\",\"target\":[\"https:\\\/\\\/folhapopular.info\\\/index.php\\\/2022\\\/12\\\/13\\\/amvat-elege-nova-diretoria-em-assembleia-geral-nesta-quarta-feira\\\/\"]}]},{\"@type\":\"ImageObject\",\"inLanguage\":\"pt-BR\",\"@id\":\"https:\\\/\\\/folhapopular.info\\\/index.php\\\/2022\\\/12\\\/13\\\/amvat-elege-nova-diretoria-em-assembleia-geral-nesta-quarta-feira\\\/#primaryimage\",\"url\":\"https:\\\/\\\/folhapopular.info\\\/wp-content\\\/uploads\\\/2022\\\/12\\\/LogoAmvatredessociais_63985ef4408c2.jpg\",\"contentUrl\":\"https:\\\/\\\/folhapopular.info\\\/wp-content\\\/uploads\\\/2022\\\/12\\\/LogoAmvatredessociais_63985ef4408c2.jpg\",\"width\":640,\"height\":397,\"caption\":\"Cr\u00e9dito: Divulga\u00e7\u00e3o Amvat\"},{\"@type\":\"BreadcrumbList\",\"@id\":\"https:\\\/\\\/folhapopular.info\\\/index.php\\\/2022\\\/12\\\/13\\\/amvat-elege-nova-diretoria-em-assembleia-geral-nesta-quarta-feira\\\/#breadcrumb\",\"itemListElement\":[{\"@type\":\"ListItem\",\"position\":1,\"name\":\"In\u00edcio\",\"item\":\"https:\\\/\\\/folhapopular.info\\\/\"},{\"@type\":\"ListItem\",\"position\":2,\"name\":\"Amvat elege nova diretoria em assembleia geral nesta quarta-feira\"}]},{\"@type\":\"WebSite\",\"@id\":\"https:\\\/\\\/folhapopular.info\\\/#website\",\"url\":\"https:\\\/\\\/folhapopular.info\\\/\",\"name\":\"Folha Popular\",\"description\":\"Onde voc\u00ea tem vez e voz\",\"potentialAction\":[{\"@type\":\"SearchAction\",\"target\":{\"@type\":\"EntryPoint\",\"urlTemplate\":\"https:\\\/\\\/folhapopular.info\\\/?s={search_term_string}\"},\"query-input\":{\"@type\":\"PropertyValueSpecification\",\"valueRequired\":true,\"valueName\":\"search_term_string\"}}],\"inLanguage\":\"pt-BR\"},{\"@type\":\"Person\",\"@id\":\"https:\\\/\\\/folhapopular.info\\\/#\\\/schema\\\/person\\\/2814e8a0df7643585a9ca38bc6eb9d4b\",\"name\":\"Reda\u00e7\u00e3o Folha Popular\",\"image\":{\"@type\":\"ImageObject\",\"inLanguage\":\"pt-BR\",\"@id\":\"https:\\\/\\\/folhapopular.info\\\/wp-content\\\/uploads\\\/2026\\\/04\\\/Folha-1.webp\",\"url\":\"https:\\\/\\\/folhapopular.info\\\/wp-content\\\/uploads\\\/2026\\\/04\\\/Folha-1.webp\",\"contentUrl\":\"https:\\\/\\\/folhapopular.info\\\/wp-content\\\/uploads\\\/2026\\\/04\\\/Folha-1.webp\",\"caption\":\"Reda\u00e7\u00e3o Folha Popular\"},\"url\":\"https:\\\/\\\/folhapopular.info\\\/index.php\\\/author\\\/redacao\\\/\"}]}<\/script>\n<!-- \/ Yoast SEO plugin. -->","yoast_head_json":{"title":"Amvat elege nova diretoria em assembleia geral nesta quarta-feira - Folha Popular","robots":{"index":"index","follow":"follow","max-snippet":"max-snippet:-1","max-image-preview":"max-image-preview:large","max-video-preview":"max-video-preview:-1"},"canonical":"https:\/\/folhapopular.info\/index.php\/2022\/12\/13\/amvat-elege-nova-diretoria-em-assembleia-geral-nesta-quarta-feira\/","og_locale":"pt_BR","og_type":"article","og_title":"Amvat elege nova diretoria em assembleia geral nesta quarta-feira - Folha Popular","og_description":"Nesta quarta-feira (14\/12) ocorrer\u00e1 a assembleia geral para a elei\u00e7\u00e3o escolha da diretoria da Associa\u00e7\u00e3o dos Munic\u00edpios do Vale do Taquari (Amvat) para 2023. O encontro est\u00e1 agendado para \u00e0s 10h, no Estrela Palace Hotel. A condu\u00e7\u00e3o do evento est\u00e1 a cargo do atual presidente da entidade e tamb\u00e9m prefeito de Colinas, Sandro Herrmann, que [&hellip;]","og_url":"https:\/\/folhapopular.info\/index.php\/2022\/12\/13\/amvat-elege-nova-diretoria-em-assembleia-geral-nesta-quarta-feira\/","og_site_name":"Folha Popular","article_published_time":"2022-12-13T17:21:19+00:00","article_modified_time":"2022-12-13T17:21:25+00:00","og_image":[{"width":640,"height":397,"url":"http:\/\/folhapopular.info\/wp-content\/uploads\/2022\/12\/LogoAmvatredessociais_63985ef4408c2.jpg","type":"image\/jpeg"}],"author":"Reda\u00e7\u00e3o Folha Popular","twitter_card":"summary_large_image","twitter_misc":{"Escrito por":"Reda\u00e7\u00e3o Folha Popular","Est. tempo de leitura":"2 minutos"},"schema":{"@context":"https:\/\/schema.org","@graph":[{"@type":"Article","@id":"https:\/\/folhapopular.info\/index.php\/2022\/12\/13\/amvat-elege-nova-diretoria-em-assembleia-geral-nesta-quarta-feira\/#article","isPartOf":{"@id":"https:\/\/folhapopular.info\/index.php\/2022\/12\/13\/amvat-elege-nova-diretoria-em-assembleia-geral-nesta-quarta-feira\/"},"author":{"name":"Reda\u00e7\u00e3o Folha Popular","@id":"https:\/\/folhapopular.info\/#\/schema\/person\/2814e8a0df7643585a9ca38bc6eb9d4b"},"headline":"Amvat elege nova diretoria em assembleia geral nesta quarta-feira","datePublished":"2022-12-13T17:21:19+00:00","dateModified":"2022-12-13T17:21:25+00:00","mainEntityOfPage":{"@id":"https:\/\/folhapopular.info\/index.php\/2022\/12\/13\/amvat-elege-nova-diretoria-em-assembleia-geral-nesta-quarta-feira\/"},"wordCount":278,"commentCount":0,"image":{"@id":"https:\/\/folhapopular.info\/index.php\/2022\/12\/13\/amvat-elege-nova-diretoria-em-assembleia-geral-nesta-quarta-feira\/#primaryimage"},"thumbnailUrl":"https:\/\/folhapopular.info\/wp-content\/uploads\/2022\/12\/LogoAmvatredessociais_63985ef4408c2.jpg","keywords":["AMVAT","munic\u00edpios","Nova diretoria","reuni\u00e3o"],"articleSection":["Geral"],"inLanguage":"pt-BR","potentialAction":[{"@type":"CommentAction","name":"Comment","target":["https:\/\/folhapopular.info\/index.php\/2022\/12\/13\/amvat-elege-nova-diretoria-em-assembleia-geral-nesta-quarta-feira\/#respond"]}]},{"@type":"WebPage","@id":"https:\/\/folhapopular.info\/index.php\/2022\/12\/13\/amvat-elege-nova-diretoria-em-assembleia-geral-nesta-quarta-feira\/","url":"https:\/\/folhapopular.info\/index.php\/2022\/12\/13\/amvat-elege-nova-diretoria-em-assembleia-geral-nesta-quarta-feira\/","name":"Amvat elege nova diretoria em assembleia geral nesta quarta-feira - Folha Popular","isPartOf":{"@id":"https:\/\/folhapopular.info\/#website"},"primaryImageOfPage":{"@id":"https:\/\/folhapopular.info\/index.php\/2022\/12\/13\/amvat-elege-nova-diretoria-em-assembleia-geral-nesta-quarta-feira\/#primaryimage"},"image":{"@id":"https:\/\/folhapopular.info\/index.php\/2022\/12\/13\/amvat-elege-nova-diretoria-em-assembleia-geral-nesta-quarta-feira\/#primaryimage"},"thumbnailUrl":"https:\/\/folhapopular.info\/wp-content\/uploads\/2022\/12\/LogoAmvatredessociais_63985ef4408c2.jpg","datePublished":"2022-12-13T17:21:19+00:00","dateModified":"2022-12-13T17:21:25+00:00","author":{"@id":"https:\/\/folhapopular.info\/#\/schema\/person\/2814e8a0df7643585a9ca38bc6eb9d4b"},"breadcrumb":{"@id":"https:\/\/folhapopular.info\/index.php\/2022\/12\/13\/amvat-elege-nova-diretoria-em-assembleia-geral-nesta-quarta-feira\/#breadcrumb"},"inLanguage":"pt-BR","potentialAction":[{"@type":"ReadAction","target":["https:\/\/folhapopular.info\/index.php\/2022\/12\/13\/amvat-elege-nova-diretoria-em-assembleia-geral-nesta-quarta-feira\/"]}]},{"@type":"ImageObject","inLanguage":"pt-BR","@id":"https:\/\/folhapopular.info\/index.php\/2022\/12\/13\/amvat-elege-nova-diretoria-em-assembleia-geral-nesta-quarta-feira\/#primaryimage","url":"https:\/\/folhapopular.info\/wp-content\/uploads\/2022\/12\/LogoAmvatredessociais_63985ef4408c2.jpg","contentUrl":"https:\/\/folhapopular.info\/wp-content\/uploads\/2022\/12\/LogoAmvatredessociais_63985ef4408c2.jpg","width":640,"height":397,"caption":"Cr\u00e9dito: Divulga\u00e7\u00e3o Amvat"},{"@type":"BreadcrumbList","@id":"https:\/\/folhapopular.info\/index.php\/2022\/12\/13\/amvat-elege-nova-diretoria-em-assembleia-geral-nesta-quarta-feira\/#breadcrumb","itemListElement":[{"@type":"ListItem","position":1,"name":"In\u00edcio","item":"https:\/\/folhapopular.info\/"},{"@type":"ListItem","position":2,"name":"Amvat elege nova diretoria em assembleia geral nesta quarta-feira"}]},{"@type":"WebSite","@id":"https:\/\/folhapopular.info\/#website","url":"https:\/\/folhapopular.info\/","name":"Folha Popular","description":"Onde voc\u00ea tem vez e voz","potentialAction":[{"@type":"SearchAction","target":{"@type":"EntryPoint","urlTemplate":"https:\/\/folhapopular.info\/?s={search_term_string}"},"query-input":{"@type":"PropertyValueSpecification","valueRequired":true,"valueName":"search_term_string"}}],"inLanguage":"pt-BR"},{"@type":"Person","@id":"https:\/\/folhapopular.info\/#\/schema\/person\/2814e8a0df7643585a9ca38bc6eb9d4b","name":"Reda\u00e7\u00e3o Folha Popular","image":{"@type":"ImageObject","inLanguage":"pt-BR","@id":"https:\/\/folhapopular.info\/wp-content\/uploads\/2026\/04\/Folha-1.webp","url":"https:\/\/folhapopular.info\/wp-content\/uploads\/2026\/04\/Folha-1.webp","contentUrl":"https:\/\/folhapopular.info\/wp-content\/uploads\/2026\/04\/Folha-1.webp","caption":"Reda\u00e7\u00e3o Folha Popular"},"url":"https:\/\/folhapopular.info\/index.php\/author\/redacao\/"}]}},"jetpack_featured_media_url":"https:\/\/folhapopular.info\/wp-content\/uploads\/2022\/12\/LogoAmvatredessociais_63985ef4408c2.jpg","jetpack_sharing_enabled":true,"amp_enabled":true,"_links":{"self":[{"href":"https:\/\/folhapopular.info\/index.php\/wp-json\/wp\/v2\/posts\/117606","targetHints":{"allow":["GET"]}}],"collection":[{"href":"https:\/\/folhapopular.info\/index.php\/wp-json\/wp\/v2\/posts"}],"about":[{"href":"https:\/\/folhapopular.info\/index.php\/wp-json\/wp\/v2\/types\/post"}],"author":[{"embeddable":true,"href":"https:\/\/folhapopular.info\/index.php\/wp-json\/wp\/v2\/users\/8"}],"replies":[{"embeddable":true,"href":"https:\/\/folhapopular.info\/index.php\/wp-json\/wp\/v2\/comments?post=117606"}],"version-history":[{"count":0,"href":"https:\/\/folhapopular.info\/index.php\/wp-json\/wp\/v2\/posts\/117606\/revisions"}],"wp:featuredmedia":[{"embeddable":true,"href":"https:\/\/folhapopular.info\/index.php\/wp-json\/wp\/v2\/media\/117608"}],"wp:attachment":[{"href":"https:\/\/folhapopular.info\/index.php\/wp-json\/wp\/v2\/media?parent=117606"}],"wp:term":[{"taxonomy":"category","embeddable":true,"href":"https:\/\/folhapopular.info\/index.php\/wp-json\/wp\/v2\/categories?post=117606"},{"taxonomy":"post_tag","embeddable":true,"href":"https:\/\/folhapopular.info\/index.php\/wp-json\/wp\/v2\/tags?post=117606"}],"curies":[{"name":"wp","href":"https:\/\/api.w.org\/{rel}","templated":true}]}}