{"id":117884,"date":"2022-12-16T17:17:57","date_gmt":"2022-12-16T20:17:57","guid":{"rendered":"https:\/\/folhapopular.info\/?p=117884"},"modified":"2022-12-16T17:18:00","modified_gmt":"2022-12-16T20:18:00","slug":"projeto-trilhas-da-inovacao-de-lajeado-forma-segunda-turma","status":"publish","type":"post","link":"https:\/\/folhapopular.info\/index.php\/2022\/12\/16\/projeto-trilhas-da-inovacao-de-lajeado-forma-segunda-turma\/","title":{"rendered":"Projeto Trilhas da Inova\u00e7\u00e3o de Lajeado forma segunda turma"},"content":{"rendered":"\n<p>O projeto Trilhas da Inova\u00e7\u00e3o do Pro_Move Lajeado na \u00e1rea de Educa\u00e7\u00e3o, formou nesta quinta-feira (16\/12) a segunda turma de alunos das Escolas Municipais de Ensino Fundamental (EMEFs) de Lajeado. Ao todo foram 138 alunos que se formaram. A cerim\u00f4nia foi realizada no Teatro do Col\u00e9gio Evang\u00e9lico Alberto Torres (Ceat).<\/p>\n\n\n\n<p>O prefeito de Lajeado, Marcelo Caumo, comenta que o programa \u00e9 motivo de orgulho para o Pro-Move e, em 2023, ter\u00e1 seguimento e ser\u00e1 ampliado para o Trilhas Mais. &#8220;O Trilhas \u00e9 um projeto com conte\u00fado diferenciado que leva conhecimento na \u00e1rea de inova\u00e7\u00e3o para jovens que s\u00e3o convidados a sonhar com a possibilidade de emprego em um futuro pr\u00f3ximo&#8221;, pontua.<\/p>\n\n\n\n<p>Ao todo participaram turmas do 9\u00ba ano de 12 EMEFs de diferentes bairros de Lajeado. Durante seis meses, os jovens tiveram a oportunidade de experimentar, no contra turno escolar, viv\u00eancias e pr\u00e1ticas em um curso com metodologia inovadora e conte\u00fados diversos, como eletr\u00f4nica, rob\u00f3tica, programa\u00e7\u00e3o de software e tecnologias da ind\u00fastria 4.0, totalizando 192h de aula no semestre. O projeto \u00e9 um investimento do munic\u00edpio, no valor de R$ 224.500,00, e as aulas ocorreram no Senai Lajeado.\u00a0<\/p>\n\n\n\n<p>As oradoras e representantes das turmas, Luiza Gabriela Bomm e Yasmin Yanna Daniel Borba afirmaram no discurso que o curso possibilitou a amplia\u00e7\u00e3o dos conhecimentos dos jovens em v\u00e1rias \u00e1reas, e ser\u00e1 importante para a escolha de suas trajet\u00f3rias profissionais no futuro. &#8220;Esperamos que o projeto v\u00e1 adiante e outros jovens sejam contemplados com essa oportunidade&#8221;, evidenciam.<\/p>\n\n\n\n<p>Al\u00e9m de reunir alunos e pais, o momento tamb\u00e9m contou com a presen\u00e7a de autoridades. Estiveram presentes o prefeito, Marcelo Caumo, a secret\u00e1ria da Educa\u00e7\u00e3o, Adriana Vettorello, o secret\u00e1rio do Desenvolvimento Econ\u00f4mico, Turismo e Agricultura (Sedetag), Andr\u00e9 B\u00fccker, a coordenadora do Departamento de Inova\u00e7\u00e3o e Tecnologia, Mariela Portz, o Gerente de Opera\u00e7\u00f5es do Centro de Forma\u00e7\u00e3o Profissional SENAI Lajeado, Jerry Amarildo Hibner, a coordenadora Pedag\u00f3gica do Centro de Forma\u00e7\u00e3o Profissional SENAI Lajeado, Cilene Machado Paraboa, e o instrutor do curso, Elder Sarmento, que auxiliaram na entrega dos certificados aos alunos.<\/p>\n\n\n\n<p><strong>Sobre o projeto Trilhas da Inova\u00e7\u00e3o<\/strong><br>O projeto Trilhas da Inova\u00e7\u00e3o foi o primeiro projeto da \u00e1rea de inova\u00e7\u00e3o a ser colocado em pr\u00e1tica na \u00e1rea educacional no munic\u00edpio em 2021, por meio do Pro_Move Lajeado. O investimento \u00e9 feito pelo munic\u00edpio para custear as aulas dos jovens no Senai.<\/p>\n\n\n\n<p>O curso foi dividido em quatro m\u00f3dulos, sendo o primeiro sobre eletr\u00f4nica, anal\u00f3gica e digital, o segundo sobre rob\u00f3tica, o terceiro sobre fundamentos para programa\u00e7\u00e3o de software e o \u00faltimo sobre tecnologias da ind\u00fastria 4.0.<\/p>\n\n\n\n<p>Os alunos foram divididos em turmas, que frequentavam aulas duas vezes por semana, com 4 horas de dura\u00e7\u00e3o, totalizando 192 horas de aula no semestre. A Prefeitura de Lajeado oferece transporte gratuito aos alunos para se deslocarem ao Senai e lanche.<\/p>\n","protected":false},"excerpt":{"rendered":"<p>O projeto Trilhas da Inova\u00e7\u00e3o do Pro_Move Lajeado na \u00e1rea de Educa\u00e7\u00e3o, formou nesta quinta-feira (16\/12) a segunda turma de alunos das Escolas Municipais de Ensino Fundamental (EMEFs) de Lajeado. Ao todo foram 138 alunos que se formaram. A cerim\u00f4nia foi realizada no Teatro do Col\u00e9gio Evang\u00e9lico Alberto Torres (Ceat). O prefeito de Lajeado, Marcelo [&hellip;]<\/p>\n","protected":false},"author":8,"featured_media":117886,"comment_status":"open","ping_status":"open","sticky":false,"template":"","format":"standard","meta":{"pmpro_default_level":"","_jetpack_memberships_contains_paid_content":false,"footnotes":""},"categories":[2,3],"tags":[5155,8314,1444,27,5453,1712],"class_list":{"0":"post-117884","1":"post","2":"type-post","3":"status-publish","4":"format-standard","5":"has-post-thumbnail","7":"category-featured","8":"category-geral","9":"tag-alunos","10":"tag-cerimonia","11":"tag-formatura","12":"tag-lajeado","13":"tag-pro_move","14":"tag-projeto","15":"pmpro-has-access"},"yoast_head":"<!-- This site is optimized with the Yoast SEO plugin v27.5 - https:\/\/yoast.com\/product\/yoast-seo-wordpress\/ -->\n<title>Projeto Trilhas da Inova\u00e7\u00e3o de Lajeado forma segunda turma - Folha Popular<\/title>\n<meta name=\"robots\" content=\"index, follow, max-snippet:-1, max-image-preview:large, max-video-preview:-1\" \/>\n<link rel=\"canonical\" href=\"https:\/\/folhapopular.info\/index.php\/2022\/12\/16\/projeto-trilhas-da-inovacao-de-lajeado-forma-segunda-turma\/\" \/>\n<meta property=\"og:locale\" content=\"pt_BR\" \/>\n<meta property=\"og:type\" content=\"article\" \/>\n<meta property=\"og:title\" content=\"Projeto Trilhas da Inova\u00e7\u00e3o de Lajeado forma segunda turma - Folha Popular\" \/>\n<meta property=\"og:description\" content=\"O projeto Trilhas da Inova\u00e7\u00e3o do Pro_Move Lajeado na \u00e1rea de Educa\u00e7\u00e3o, formou nesta quinta-feira (16\/12) a segunda turma de alunos das Escolas Municipais de Ensino Fundamental (EMEFs) de Lajeado. Ao todo foram 138 alunos que se formaram. A cerim\u00f4nia foi realizada no Teatro do Col\u00e9gio Evang\u00e9lico Alberto Torres (Ceat). O prefeito de Lajeado, Marcelo [&hellip;]\" \/>\n<meta property=\"og:url\" content=\"https:\/\/folhapopular.info\/index.php\/2022\/12\/16\/projeto-trilhas-da-inovacao-de-lajeado-forma-segunda-turma\/\" \/>\n<meta property=\"og:site_name\" content=\"Folha Popular\" \/>\n<meta property=\"article:published_time\" content=\"2022-12-16T20:17:57+00:00\" \/>\n<meta property=\"article:modified_time\" content=\"2022-12-16T20:18:00+00:00\" \/>\n<meta property=\"og:image\" content=\"http:\/\/folhapopular.info\/wp-content\/uploads\/2022\/12\/Trilhas-e1671221762881.jpeg\" \/>\n\t<meta property=\"og:image:width\" content=\"1200\" \/>\n\t<meta property=\"og:image:height\" content=\"900\" \/>\n\t<meta property=\"og:image:type\" content=\"image\/jpeg\" \/>\n<meta name=\"author\" content=\"Reda\u00e7\u00e3o Folha Popular\" \/>\n<meta name=\"twitter:card\" content=\"summary_large_image\" \/>\n<meta name=\"twitter:label1\" content=\"Escrito por\" \/>\n\t<meta name=\"twitter:data1\" content=\"Reda\u00e7\u00e3o Folha Popular\" \/>\n\t<meta name=\"twitter:label2\" content=\"Est. tempo de leitura\" \/>\n\t<meta name=\"twitter:data2\" content=\"3 minutos\" \/>\n<script type=\"application\/ld+json\" class=\"yoast-schema-graph\">{\"@context\":\"https:\\\/\\\/schema.org\",\"@graph\":[{\"@type\":\"Article\",\"@id\":\"https:\\\/\\\/folhapopular.info\\\/index.php\\\/2022\\\/12\\\/16\\\/projeto-trilhas-da-inovacao-de-lajeado-forma-segunda-turma\\\/#article\",\"isPartOf\":{\"@id\":\"https:\\\/\\\/folhapopular.info\\\/index.php\\\/2022\\\/12\\\/16\\\/projeto-trilhas-da-inovacao-de-lajeado-forma-segunda-turma\\\/\"},\"author\":{\"name\":\"Reda\u00e7\u00e3o Folha Popular\",\"@id\":\"https:\\\/\\\/folhapopular.info\\\/#\\\/schema\\\/person\\\/2814e8a0df7643585a9ca38bc6eb9d4b\"},\"headline\":\"Projeto Trilhas da Inova\u00e7\u00e3o de Lajeado forma segunda turma\",\"datePublished\":\"2022-12-16T20:17:57+00:00\",\"dateModified\":\"2022-12-16T20:18:00+00:00\",\"mainEntityOfPage\":{\"@id\":\"https:\\\/\\\/folhapopular.info\\\/index.php\\\/2022\\\/12\\\/16\\\/projeto-trilhas-da-inovacao-de-lajeado-forma-segunda-turma\\\/\"},\"wordCount\":504,\"commentCount\":0,\"image\":{\"@id\":\"https:\\\/\\\/folhapopular.info\\\/index.php\\\/2022\\\/12\\\/16\\\/projeto-trilhas-da-inovacao-de-lajeado-forma-segunda-turma\\\/#primaryimage\"},\"thumbnailUrl\":\"https:\\\/\\\/folhapopular.info\\\/wp-content\\\/uploads\\\/2022\\\/12\\\/Trilhas-e1671221762881.jpeg\",\"keywords\":[\"alunos\",\"cerim\u00f4nia\",\"Formatura\",\"Lajeado\",\"Pro_Move\",\"Projeto\"],\"articleSection\":[\"Destaques\",\"Geral\"],\"inLanguage\":\"pt-BR\",\"potentialAction\":[{\"@type\":\"CommentAction\",\"name\":\"Comment\",\"target\":[\"https:\\\/\\\/folhapopular.info\\\/index.php\\\/2022\\\/12\\\/16\\\/projeto-trilhas-da-inovacao-de-lajeado-forma-segunda-turma\\\/#respond\"]}]},{\"@type\":\"WebPage\",\"@id\":\"https:\\\/\\\/folhapopular.info\\\/index.php\\\/2022\\\/12\\\/16\\\/projeto-trilhas-da-inovacao-de-lajeado-forma-segunda-turma\\\/\",\"url\":\"https:\\\/\\\/folhapopular.info\\\/index.php\\\/2022\\\/12\\\/16\\\/projeto-trilhas-da-inovacao-de-lajeado-forma-segunda-turma\\\/\",\"name\":\"Projeto Trilhas da Inova\u00e7\u00e3o de Lajeado forma segunda turma - Folha Popular\",\"isPartOf\":{\"@id\":\"https:\\\/\\\/folhapopular.info\\\/#website\"},\"primaryImageOfPage\":{\"@id\":\"https:\\\/\\\/folhapopular.info\\\/index.php\\\/2022\\\/12\\\/16\\\/projeto-trilhas-da-inovacao-de-lajeado-forma-segunda-turma\\\/#primaryimage\"},\"image\":{\"@id\":\"https:\\\/\\\/folhapopular.info\\\/index.php\\\/2022\\\/12\\\/16\\\/projeto-trilhas-da-inovacao-de-lajeado-forma-segunda-turma\\\/#primaryimage\"},\"thumbnailUrl\":\"https:\\\/\\\/folhapopular.info\\\/wp-content\\\/uploads\\\/2022\\\/12\\\/Trilhas-e1671221762881.jpeg\",\"datePublished\":\"2022-12-16T20:17:57+00:00\",\"dateModified\":\"2022-12-16T20:18:00+00:00\",\"author\":{\"@id\":\"https:\\\/\\\/folhapopular.info\\\/#\\\/schema\\\/person\\\/2814e8a0df7643585a9ca38bc6eb9d4b\"},\"breadcrumb\":{\"@id\":\"https:\\\/\\\/folhapopular.info\\\/index.php\\\/2022\\\/12\\\/16\\\/projeto-trilhas-da-inovacao-de-lajeado-forma-segunda-turma\\\/#breadcrumb\"},\"inLanguage\":\"pt-BR\",\"potentialAction\":[{\"@type\":\"ReadAction\",\"target\":[\"https:\\\/\\\/folhapopular.info\\\/index.php\\\/2022\\\/12\\\/16\\\/projeto-trilhas-da-inovacao-de-lajeado-forma-segunda-turma\\\/\"]}]},{\"@type\":\"ImageObject\",\"inLanguage\":\"pt-BR\",\"@id\":\"https:\\\/\\\/folhapopular.info\\\/index.php\\\/2022\\\/12\\\/16\\\/projeto-trilhas-da-inovacao-de-lajeado-forma-segunda-turma\\\/#primaryimage\",\"url\":\"https:\\\/\\\/folhapopular.info\\\/wp-content\\\/uploads\\\/2022\\\/12\\\/Trilhas-e1671221762881.jpeg\",\"contentUrl\":\"https:\\\/\\\/folhapopular.info\\\/wp-content\\\/uploads\\\/2022\\\/12\\\/Trilhas-e1671221762881.jpeg\",\"width\":1200,\"height\":900,\"caption\":\"A cerim\u00f4nia foi realizada no Teatro do Col\u00e9gio Evang\u00e9lico Alberto Torres (Ceat) \\\/ Cr\u00e9dito: Divulga\u00e7\u00e3o\"},{\"@type\":\"BreadcrumbList\",\"@id\":\"https:\\\/\\\/folhapopular.info\\\/index.php\\\/2022\\\/12\\\/16\\\/projeto-trilhas-da-inovacao-de-lajeado-forma-segunda-turma\\\/#breadcrumb\",\"itemListElement\":[{\"@type\":\"ListItem\",\"position\":1,\"name\":\"In\u00edcio\",\"item\":\"https:\\\/\\\/folhapopular.info\\\/\"},{\"@type\":\"ListItem\",\"position\":2,\"name\":\"Projeto Trilhas da Inova\u00e7\u00e3o de Lajeado forma segunda turma\"}]},{\"@type\":\"WebSite\",\"@id\":\"https:\\\/\\\/folhapopular.info\\\/#website\",\"url\":\"https:\\\/\\\/folhapopular.info\\\/\",\"name\":\"Folha Popular\",\"description\":\"Onde voc\u00ea tem vez e voz\",\"potentialAction\":[{\"@type\":\"SearchAction\",\"target\":{\"@type\":\"EntryPoint\",\"urlTemplate\":\"https:\\\/\\\/folhapopular.info\\\/?s={search_term_string}\"},\"query-input\":{\"@type\":\"PropertyValueSpecification\",\"valueRequired\":true,\"valueName\":\"search_term_string\"}}],\"inLanguage\":\"pt-BR\"},{\"@type\":\"Person\",\"@id\":\"https:\\\/\\\/folhapopular.info\\\/#\\\/schema\\\/person\\\/2814e8a0df7643585a9ca38bc6eb9d4b\",\"name\":\"Reda\u00e7\u00e3o Folha Popular\",\"image\":{\"@type\":\"ImageObject\",\"inLanguage\":\"pt-BR\",\"@id\":\"https:\\\/\\\/folhapopular.info\\\/wp-content\\\/uploads\\\/2026\\\/04\\\/Folha-1.webp\",\"url\":\"https:\\\/\\\/folhapopular.info\\\/wp-content\\\/uploads\\\/2026\\\/04\\\/Folha-1.webp\",\"contentUrl\":\"https:\\\/\\\/folhapopular.info\\\/wp-content\\\/uploads\\\/2026\\\/04\\\/Folha-1.webp\",\"caption\":\"Reda\u00e7\u00e3o Folha Popular\"},\"url\":\"https:\\\/\\\/folhapopular.info\\\/index.php\\\/author\\\/redacao\\\/\"}]}<\/script>\n<!-- \/ Yoast SEO plugin. -->","yoast_head_json":{"title":"Projeto Trilhas da Inova\u00e7\u00e3o de Lajeado forma segunda turma - Folha Popular","robots":{"index":"index","follow":"follow","max-snippet":"max-snippet:-1","max-image-preview":"max-image-preview:large","max-video-preview":"max-video-preview:-1"},"canonical":"https:\/\/folhapopular.info\/index.php\/2022\/12\/16\/projeto-trilhas-da-inovacao-de-lajeado-forma-segunda-turma\/","og_locale":"pt_BR","og_type":"article","og_title":"Projeto Trilhas da Inova\u00e7\u00e3o de Lajeado forma segunda turma - Folha Popular","og_description":"O projeto Trilhas da Inova\u00e7\u00e3o do Pro_Move Lajeado na \u00e1rea de Educa\u00e7\u00e3o, formou nesta quinta-feira (16\/12) a segunda turma de alunos das Escolas Municipais de Ensino Fundamental (EMEFs) de Lajeado. Ao todo foram 138 alunos que se formaram. A cerim\u00f4nia foi realizada no Teatro do Col\u00e9gio Evang\u00e9lico Alberto Torres (Ceat). O prefeito de Lajeado, Marcelo [&hellip;]","og_url":"https:\/\/folhapopular.info\/index.php\/2022\/12\/16\/projeto-trilhas-da-inovacao-de-lajeado-forma-segunda-turma\/","og_site_name":"Folha Popular","article_published_time":"2022-12-16T20:17:57+00:00","article_modified_time":"2022-12-16T20:18:00+00:00","og_image":[{"width":1200,"height":900,"url":"http:\/\/folhapopular.info\/wp-content\/uploads\/2022\/12\/Trilhas-e1671221762881.jpeg","type":"image\/jpeg"}],"author":"Reda\u00e7\u00e3o Folha Popular","twitter_card":"summary_large_image","twitter_misc":{"Escrito por":"Reda\u00e7\u00e3o Folha Popular","Est. tempo de leitura":"3 minutos"},"schema":{"@context":"https:\/\/schema.org","@graph":[{"@type":"Article","@id":"https:\/\/folhapopular.info\/index.php\/2022\/12\/16\/projeto-trilhas-da-inovacao-de-lajeado-forma-segunda-turma\/#article","isPartOf":{"@id":"https:\/\/folhapopular.info\/index.php\/2022\/12\/16\/projeto-trilhas-da-inovacao-de-lajeado-forma-segunda-turma\/"},"author":{"name":"Reda\u00e7\u00e3o Folha Popular","@id":"https:\/\/folhapopular.info\/#\/schema\/person\/2814e8a0df7643585a9ca38bc6eb9d4b"},"headline":"Projeto Trilhas da Inova\u00e7\u00e3o de Lajeado forma segunda turma","datePublished":"2022-12-16T20:17:57+00:00","dateModified":"2022-12-16T20:18:00+00:00","mainEntityOfPage":{"@id":"https:\/\/folhapopular.info\/index.php\/2022\/12\/16\/projeto-trilhas-da-inovacao-de-lajeado-forma-segunda-turma\/"},"wordCount":504,"commentCount":0,"image":{"@id":"https:\/\/folhapopular.info\/index.php\/2022\/12\/16\/projeto-trilhas-da-inovacao-de-lajeado-forma-segunda-turma\/#primaryimage"},"thumbnailUrl":"https:\/\/folhapopular.info\/wp-content\/uploads\/2022\/12\/Trilhas-e1671221762881.jpeg","keywords":["alunos","cerim\u00f4nia","Formatura","Lajeado","Pro_Move","Projeto"],"articleSection":["Destaques","Geral"],"inLanguage":"pt-BR","potentialAction":[{"@type":"CommentAction","name":"Comment","target":["https:\/\/folhapopular.info\/index.php\/2022\/12\/16\/projeto-trilhas-da-inovacao-de-lajeado-forma-segunda-turma\/#respond"]}]},{"@type":"WebPage","@id":"https:\/\/folhapopular.info\/index.php\/2022\/12\/16\/projeto-trilhas-da-inovacao-de-lajeado-forma-segunda-turma\/","url":"https:\/\/folhapopular.info\/index.php\/2022\/12\/16\/projeto-trilhas-da-inovacao-de-lajeado-forma-segunda-turma\/","name":"Projeto Trilhas da Inova\u00e7\u00e3o de Lajeado forma segunda turma - Folha Popular","isPartOf":{"@id":"https:\/\/folhapopular.info\/#website"},"primaryImageOfPage":{"@id":"https:\/\/folhapopular.info\/index.php\/2022\/12\/16\/projeto-trilhas-da-inovacao-de-lajeado-forma-segunda-turma\/#primaryimage"},"image":{"@id":"https:\/\/folhapopular.info\/index.php\/2022\/12\/16\/projeto-trilhas-da-inovacao-de-lajeado-forma-segunda-turma\/#primaryimage"},"thumbnailUrl":"https:\/\/folhapopular.info\/wp-content\/uploads\/2022\/12\/Trilhas-e1671221762881.jpeg","datePublished":"2022-12-16T20:17:57+00:00","dateModified":"2022-12-16T20:18:00+00:00","author":{"@id":"https:\/\/folhapopular.info\/#\/schema\/person\/2814e8a0df7643585a9ca38bc6eb9d4b"},"breadcrumb":{"@id":"https:\/\/folhapopular.info\/index.php\/2022\/12\/16\/projeto-trilhas-da-inovacao-de-lajeado-forma-segunda-turma\/#breadcrumb"},"inLanguage":"pt-BR","potentialAction":[{"@type":"ReadAction","target":["https:\/\/folhapopular.info\/index.php\/2022\/12\/16\/projeto-trilhas-da-inovacao-de-lajeado-forma-segunda-turma\/"]}]},{"@type":"ImageObject","inLanguage":"pt-BR","@id":"https:\/\/folhapopular.info\/index.php\/2022\/12\/16\/projeto-trilhas-da-inovacao-de-lajeado-forma-segunda-turma\/#primaryimage","url":"https:\/\/folhapopular.info\/wp-content\/uploads\/2022\/12\/Trilhas-e1671221762881.jpeg","contentUrl":"https:\/\/folhapopular.info\/wp-content\/uploads\/2022\/12\/Trilhas-e1671221762881.jpeg","width":1200,"height":900,"caption":"A cerim\u00f4nia foi realizada no Teatro do Col\u00e9gio Evang\u00e9lico Alberto Torres (Ceat) \/ Cr\u00e9dito: Divulga\u00e7\u00e3o"},{"@type":"BreadcrumbList","@id":"https:\/\/folhapopular.info\/index.php\/2022\/12\/16\/projeto-trilhas-da-inovacao-de-lajeado-forma-segunda-turma\/#breadcrumb","itemListElement":[{"@type":"ListItem","position":1,"name":"In\u00edcio","item":"https:\/\/folhapopular.info\/"},{"@type":"ListItem","position":2,"name":"Projeto Trilhas da Inova\u00e7\u00e3o de Lajeado forma segunda turma"}]},{"@type":"WebSite","@id":"https:\/\/folhapopular.info\/#website","url":"https:\/\/folhapopular.info\/","name":"Folha Popular","description":"Onde voc\u00ea tem vez e voz","potentialAction":[{"@type":"SearchAction","target":{"@type":"EntryPoint","urlTemplate":"https:\/\/folhapopular.info\/?s={search_term_string}"},"query-input":{"@type":"PropertyValueSpecification","valueRequired":true,"valueName":"search_term_string"}}],"inLanguage":"pt-BR"},{"@type":"Person","@id":"https:\/\/folhapopular.info\/#\/schema\/person\/2814e8a0df7643585a9ca38bc6eb9d4b","name":"Reda\u00e7\u00e3o Folha Popular","image":{"@type":"ImageObject","inLanguage":"pt-BR","@id":"https:\/\/folhapopular.info\/wp-content\/uploads\/2026\/04\/Folha-1.webp","url":"https:\/\/folhapopular.info\/wp-content\/uploads\/2026\/04\/Folha-1.webp","contentUrl":"https:\/\/folhapopular.info\/wp-content\/uploads\/2026\/04\/Folha-1.webp","caption":"Reda\u00e7\u00e3o Folha Popular"},"url":"https:\/\/folhapopular.info\/index.php\/author\/redacao\/"}]}},"jetpack_featured_media_url":"https:\/\/folhapopular.info\/wp-content\/uploads\/2022\/12\/Trilhas-e1671221762881.jpeg","jetpack_sharing_enabled":true,"amp_enabled":true,"_links":{"self":[{"href":"https:\/\/folhapopular.info\/index.php\/wp-json\/wp\/v2\/posts\/117884","targetHints":{"allow":["GET"]}}],"collection":[{"href":"https:\/\/folhapopular.info\/index.php\/wp-json\/wp\/v2\/posts"}],"about":[{"href":"https:\/\/folhapopular.info\/index.php\/wp-json\/wp\/v2\/types\/post"}],"author":[{"embeddable":true,"href":"https:\/\/folhapopular.info\/index.php\/wp-json\/wp\/v2\/users\/8"}],"replies":[{"embeddable":true,"href":"https:\/\/folhapopular.info\/index.php\/wp-json\/wp\/v2\/comments?post=117884"}],"version-history":[{"count":0,"href":"https:\/\/folhapopular.info\/index.php\/wp-json\/wp\/v2\/posts\/117884\/revisions"}],"wp:featuredmedia":[{"embeddable":true,"href":"https:\/\/folhapopular.info\/index.php\/wp-json\/wp\/v2\/media\/117886"}],"wp:attachment":[{"href":"https:\/\/folhapopular.info\/index.php\/wp-json\/wp\/v2\/media?parent=117884"}],"wp:term":[{"taxonomy":"category","embeddable":true,"href":"https:\/\/folhapopular.info\/index.php\/wp-json\/wp\/v2\/categories?post=117884"},{"taxonomy":"post_tag","embeddable":true,"href":"https:\/\/folhapopular.info\/index.php\/wp-json\/wp\/v2\/tags?post=117884"}],"curies":[{"name":"wp","href":"https:\/\/api.w.org\/{rel}","templated":true}]}}