{"id":117935,"date":"2022-12-17T07:45:49","date_gmt":"2022-12-17T10:45:49","guid":{"rendered":"https:\/\/folhapopular.info\/?p=117935"},"modified":"2022-12-17T07:45:52","modified_gmt":"2022-12-17T10:45:52","slug":"camara-de-vereadores-de-imigrante-elege-nova-mesa-diretora-para-2023","status":"publish","type":"post","link":"https:\/\/folhapopular.info\/index.php\/2022\/12\/17\/camara-de-vereadores-de-imigrante-elege-nova-mesa-diretora-para-2023\/","title":{"rendered":"C\u00e2mara de Vereadores de Imigrante elege nova mesa diretora para 2023"},"content":{"rendered":"\n<p>Na \u00faltima sess\u00e3o ordin\u00e1ria da C\u00e2mara de Vereadores de Imigrante neste ano de 2022, realizada na quarta-feira (14\/12), ocorreu a elei\u00e7\u00e3o da nova mesa diretora, que comandar\u00e1 os trabalhos no pr\u00f3ximo ano.<\/p>\n\n\n\n<p>A \u00fanica chapa inscrita foi eleita por unanimidade. Jairo Pott (PSDB) ser\u00e1 o presidente, tendo como vice-presidente Celso Horst (MDB), 1\u00aa secret\u00e1ria Rejane Birkheuer Prediger (MDB) e 2\u00ba secret\u00e1rio Tiago Caio (Progressistas).<\/p>\n","protected":false},"excerpt":{"rendered":"<p>Na \u00faltima sess\u00e3o ordin\u00e1ria da C\u00e2mara de Vereadores de Imigrante neste ano de 2022, realizada na quarta-feira (14\/12), ocorreu a elei\u00e7\u00e3o da nova mesa diretora, que comandar\u00e1 os trabalhos no pr\u00f3ximo ano. A \u00fanica chapa inscrita foi eleita por unanimidade. Jairo Pott (PSDB) ser\u00e1 o presidente, tendo como vice-presidente Celso Horst (MDB), 1\u00aa secret\u00e1ria Rejane [&hellip;]<\/p>\n","protected":false},"author":11,"featured_media":117936,"comment_status":"open","ping_status":"open","sticky":false,"template":"","format":"standard","meta":{"pmpro_default_level":"","_jetpack_memberships_contains_paid_content":false,"footnotes":""},"categories":[3],"tags":[646,34,10447,6250],"class_list":{"0":"post-117935","1":"post","2":"type-post","3":"status-publish","4":"format-standard","5":"has-post-thumbnail","7":"category-geral","8":"tag-camara-de-vereadores","9":"tag-imigrante","10":"tag-nova-mesa","11":"tag-projetos","12":"pmpro-has-access"},"yoast_head":"<!-- This site is optimized with the Yoast SEO plugin v27.5 - https:\/\/yoast.com\/product\/yoast-seo-wordpress\/ -->\n<title>C\u00e2mara de Vereadores de Imigrante elege nova mesa diretora para 2023 - Folha Popular<\/title>\n<meta name=\"robots\" content=\"index, follow, max-snippet:-1, max-image-preview:large, max-video-preview:-1\" \/>\n<link rel=\"canonical\" href=\"https:\/\/folhapopular.info\/index.php\/2022\/12\/17\/camara-de-vereadores-de-imigrante-elege-nova-mesa-diretora-para-2023\/\" \/>\n<meta property=\"og:locale\" content=\"pt_BR\" \/>\n<meta property=\"og:type\" content=\"article\" \/>\n<meta property=\"og:title\" content=\"C\u00e2mara de Vereadores de Imigrante elege nova mesa diretora para 2023 - Folha Popular\" \/>\n<meta property=\"og:description\" content=\"Na \u00faltima sess\u00e3o ordin\u00e1ria da C\u00e2mara de Vereadores de Imigrante neste ano de 2022, realizada na quarta-feira (14\/12), ocorreu a elei\u00e7\u00e3o da nova mesa diretora, que comandar\u00e1 os trabalhos no pr\u00f3ximo ano. A \u00fanica chapa inscrita foi eleita por unanimidade. Jairo Pott (PSDB) ser\u00e1 o presidente, tendo como vice-presidente Celso Horst (MDB), 1\u00aa secret\u00e1ria Rejane [&hellip;]\" \/>\n<meta property=\"og:url\" content=\"https:\/\/folhapopular.info\/index.php\/2022\/12\/17\/camara-de-vereadores-de-imigrante-elege-nova-mesa-diretora-para-2023\/\" \/>\n<meta property=\"og:site_name\" content=\"Folha Popular\" \/>\n<meta property=\"article:published_time\" content=\"2022-12-17T10:45:49+00:00\" \/>\n<meta property=\"article:modified_time\" content=\"2022-12-17T10:45:52+00:00\" \/>\n<meta property=\"og:image\" content=\"http:\/\/folhapopular.info\/wp-content\/uploads\/2022\/12\/mesa-scaled-e1671273733163.jpg\" \/>\n\t<meta property=\"og:image:width\" content=\"1200\" \/>\n\t<meta property=\"og:image:height\" content=\"900\" \/>\n\t<meta property=\"og:image:type\" content=\"image\/jpeg\" \/>\n<meta name=\"author\" content=\"Luciana Brune\" \/>\n<meta name=\"twitter:card\" content=\"summary_large_image\" \/>\n<meta name=\"twitter:label1\" content=\"Escrito por\" \/>\n\t<meta name=\"twitter:data1\" content=\"Luciana Brune\" \/>\n\t<meta name=\"twitter:label2\" content=\"Est. tempo de leitura\" \/>\n\t<meta name=\"twitter:data2\" content=\"1 minuto\" \/>\n<script type=\"application\/ld+json\" class=\"yoast-schema-graph\">{\"@context\":\"https:\\\/\\\/schema.org\",\"@graph\":[{\"@type\":\"Article\",\"@id\":\"https:\\\/\\\/folhapopular.info\\\/index.php\\\/2022\\\/12\\\/17\\\/camara-de-vereadores-de-imigrante-elege-nova-mesa-diretora-para-2023\\\/#article\",\"isPartOf\":{\"@id\":\"https:\\\/\\\/folhapopular.info\\\/index.php\\\/2022\\\/12\\\/17\\\/camara-de-vereadores-de-imigrante-elege-nova-mesa-diretora-para-2023\\\/\"},\"author\":{\"name\":\"Luciana Brune\",\"@id\":\"https:\\\/\\\/folhapopular.info\\\/#\\\/schema\\\/person\\\/0999cafa38c1fde22acd2026b3a3ec1f\"},\"headline\":\"C\u00e2mara de Vereadores de Imigrante elege nova mesa diretora para 2023\",\"datePublished\":\"2022-12-17T10:45:49+00:00\",\"dateModified\":\"2022-12-17T10:45:52+00:00\",\"mainEntityOfPage\":{\"@id\":\"https:\\\/\\\/folhapopular.info\\\/index.php\\\/2022\\\/12\\\/17\\\/camara-de-vereadores-de-imigrante-elege-nova-mesa-diretora-para-2023\\\/\"},\"wordCount\":78,\"commentCount\":0,\"image\":{\"@id\":\"https:\\\/\\\/folhapopular.info\\\/index.php\\\/2022\\\/12\\\/17\\\/camara-de-vereadores-de-imigrante-elege-nova-mesa-diretora-para-2023\\\/#primaryimage\"},\"thumbnailUrl\":\"https:\\\/\\\/folhapopular.info\\\/wp-content\\\/uploads\\\/2022\\\/12\\\/mesa-scaled-e1671273733163.jpg\",\"keywords\":[\"C\u00e2mara de Vereadores\",\"Imigrante\",\"Nova mesa\",\"Projetos\"],\"articleSection\":[\"Geral\"],\"inLanguage\":\"pt-BR\",\"potentialAction\":[{\"@type\":\"CommentAction\",\"name\":\"Comment\",\"target\":[\"https:\\\/\\\/folhapopular.info\\\/index.php\\\/2022\\\/12\\\/17\\\/camara-de-vereadores-de-imigrante-elege-nova-mesa-diretora-para-2023\\\/#respond\"]}]},{\"@type\":\"WebPage\",\"@id\":\"https:\\\/\\\/folhapopular.info\\\/index.php\\\/2022\\\/12\\\/17\\\/camara-de-vereadores-de-imigrante-elege-nova-mesa-diretora-para-2023\\\/\",\"url\":\"https:\\\/\\\/folhapopular.info\\\/index.php\\\/2022\\\/12\\\/17\\\/camara-de-vereadores-de-imigrante-elege-nova-mesa-diretora-para-2023\\\/\",\"name\":\"C\u00e2mara de Vereadores de Imigrante elege nova mesa diretora para 2023 - Folha Popular\",\"isPartOf\":{\"@id\":\"https:\\\/\\\/folhapopular.info\\\/#website\"},\"primaryImageOfPage\":{\"@id\":\"https:\\\/\\\/folhapopular.info\\\/index.php\\\/2022\\\/12\\\/17\\\/camara-de-vereadores-de-imigrante-elege-nova-mesa-diretora-para-2023\\\/#primaryimage\"},\"image\":{\"@id\":\"https:\\\/\\\/folhapopular.info\\\/index.php\\\/2022\\\/12\\\/17\\\/camara-de-vereadores-de-imigrante-elege-nova-mesa-diretora-para-2023\\\/#primaryimage\"},\"thumbnailUrl\":\"https:\\\/\\\/folhapopular.info\\\/wp-content\\\/uploads\\\/2022\\\/12\\\/mesa-scaled-e1671273733163.jpg\",\"datePublished\":\"2022-12-17T10:45:49+00:00\",\"dateModified\":\"2022-12-17T10:45:52+00:00\",\"author\":{\"@id\":\"https:\\\/\\\/folhapopular.info\\\/#\\\/schema\\\/person\\\/0999cafa38c1fde22acd2026b3a3ec1f\"},\"breadcrumb\":{\"@id\":\"https:\\\/\\\/folhapopular.info\\\/index.php\\\/2022\\\/12\\\/17\\\/camara-de-vereadores-de-imigrante-elege-nova-mesa-diretora-para-2023\\\/#breadcrumb\"},\"inLanguage\":\"pt-BR\",\"potentialAction\":[{\"@type\":\"ReadAction\",\"target\":[\"https:\\\/\\\/folhapopular.info\\\/index.php\\\/2022\\\/12\\\/17\\\/camara-de-vereadores-de-imigrante-elege-nova-mesa-diretora-para-2023\\\/\"]}]},{\"@type\":\"ImageObject\",\"inLanguage\":\"pt-BR\",\"@id\":\"https:\\\/\\\/folhapopular.info\\\/index.php\\\/2022\\\/12\\\/17\\\/camara-de-vereadores-de-imigrante-elege-nova-mesa-diretora-para-2023\\\/#primaryimage\",\"url\":\"https:\\\/\\\/folhapopular.info\\\/wp-content\\\/uploads\\\/2022\\\/12\\\/mesa-scaled-e1671273733163.jpg\",\"contentUrl\":\"https:\\\/\\\/folhapopular.info\\\/wp-content\\\/uploads\\\/2022\\\/12\\\/mesa-scaled-e1671273733163.jpg\",\"width\":1200,\"height\":900,\"caption\":\"Mesa diretora eleita para 2023 \\\/ Cr\u00e9dito: Luciana Brune\"},{\"@type\":\"BreadcrumbList\",\"@id\":\"https:\\\/\\\/folhapopular.info\\\/index.php\\\/2022\\\/12\\\/17\\\/camara-de-vereadores-de-imigrante-elege-nova-mesa-diretora-para-2023\\\/#breadcrumb\",\"itemListElement\":[{\"@type\":\"ListItem\",\"position\":1,\"name\":\"In\u00edcio\",\"item\":\"https:\\\/\\\/folhapopular.info\\\/\"},{\"@type\":\"ListItem\",\"position\":2,\"name\":\"C\u00e2mara de Vereadores de Imigrante elege nova mesa diretora para 2023\"}]},{\"@type\":\"WebSite\",\"@id\":\"https:\\\/\\\/folhapopular.info\\\/#website\",\"url\":\"https:\\\/\\\/folhapopular.info\\\/\",\"name\":\"Folha Popular\",\"description\":\"Onde voc\u00ea tem vez e voz\",\"potentialAction\":[{\"@type\":\"SearchAction\",\"target\":{\"@type\":\"EntryPoint\",\"urlTemplate\":\"https:\\\/\\\/folhapopular.info\\\/?s={search_term_string}\"},\"query-input\":{\"@type\":\"PropertyValueSpecification\",\"valueRequired\":true,\"valueName\":\"search_term_string\"}}],\"inLanguage\":\"pt-BR\"},{\"@type\":\"Person\",\"@id\":\"https:\\\/\\\/folhapopular.info\\\/#\\\/schema\\\/person\\\/0999cafa38c1fde22acd2026b3a3ec1f\",\"name\":\"Luciana Brune\",\"image\":{\"@type\":\"ImageObject\",\"inLanguage\":\"pt-BR\",\"@id\":\"https:\\\/\\\/folhapopular.info\\\/wp-content\\\/uploads\\\/2026\\\/04\\\/LUCIANA-1-1.webp\",\"url\":\"https:\\\/\\\/folhapopular.info\\\/wp-content\\\/uploads\\\/2026\\\/04\\\/LUCIANA-1-1.webp\",\"contentUrl\":\"https:\\\/\\\/folhapopular.info\\\/wp-content\\\/uploads\\\/2026\\\/04\\\/LUCIANA-1-1.webp\",\"caption\":\"Luciana Brune\"},\"url\":\"https:\\\/\\\/folhapopular.info\\\/index.php\\\/author\\\/luciana-brune\\\/\"}]}<\/script>\n<!-- \/ Yoast SEO plugin. -->","yoast_head_json":{"title":"C\u00e2mara de Vereadores de Imigrante elege nova mesa diretora para 2023 - Folha Popular","robots":{"index":"index","follow":"follow","max-snippet":"max-snippet:-1","max-image-preview":"max-image-preview:large","max-video-preview":"max-video-preview:-1"},"canonical":"https:\/\/folhapopular.info\/index.php\/2022\/12\/17\/camara-de-vereadores-de-imigrante-elege-nova-mesa-diretora-para-2023\/","og_locale":"pt_BR","og_type":"article","og_title":"C\u00e2mara de Vereadores de Imigrante elege nova mesa diretora para 2023 - Folha Popular","og_description":"Na \u00faltima sess\u00e3o ordin\u00e1ria da C\u00e2mara de Vereadores de Imigrante neste ano de 2022, realizada na quarta-feira (14\/12), ocorreu a elei\u00e7\u00e3o da nova mesa diretora, que comandar\u00e1 os trabalhos no pr\u00f3ximo ano. A \u00fanica chapa inscrita foi eleita por unanimidade. Jairo Pott (PSDB) ser\u00e1 o presidente, tendo como vice-presidente Celso Horst (MDB), 1\u00aa secret\u00e1ria Rejane [&hellip;]","og_url":"https:\/\/folhapopular.info\/index.php\/2022\/12\/17\/camara-de-vereadores-de-imigrante-elege-nova-mesa-diretora-para-2023\/","og_site_name":"Folha Popular","article_published_time":"2022-12-17T10:45:49+00:00","article_modified_time":"2022-12-17T10:45:52+00:00","og_image":[{"width":1200,"height":900,"url":"http:\/\/folhapopular.info\/wp-content\/uploads\/2022\/12\/mesa-scaled-e1671273733163.jpg","type":"image\/jpeg"}],"author":"Luciana Brune","twitter_card":"summary_large_image","twitter_misc":{"Escrito por":"Luciana Brune","Est. tempo de leitura":"1 minuto"},"schema":{"@context":"https:\/\/schema.org","@graph":[{"@type":"Article","@id":"https:\/\/folhapopular.info\/index.php\/2022\/12\/17\/camara-de-vereadores-de-imigrante-elege-nova-mesa-diretora-para-2023\/#article","isPartOf":{"@id":"https:\/\/folhapopular.info\/index.php\/2022\/12\/17\/camara-de-vereadores-de-imigrante-elege-nova-mesa-diretora-para-2023\/"},"author":{"name":"Luciana Brune","@id":"https:\/\/folhapopular.info\/#\/schema\/person\/0999cafa38c1fde22acd2026b3a3ec1f"},"headline":"C\u00e2mara de Vereadores de Imigrante elege nova mesa diretora para 2023","datePublished":"2022-12-17T10:45:49+00:00","dateModified":"2022-12-17T10:45:52+00:00","mainEntityOfPage":{"@id":"https:\/\/folhapopular.info\/index.php\/2022\/12\/17\/camara-de-vereadores-de-imigrante-elege-nova-mesa-diretora-para-2023\/"},"wordCount":78,"commentCount":0,"image":{"@id":"https:\/\/folhapopular.info\/index.php\/2022\/12\/17\/camara-de-vereadores-de-imigrante-elege-nova-mesa-diretora-para-2023\/#primaryimage"},"thumbnailUrl":"https:\/\/folhapopular.info\/wp-content\/uploads\/2022\/12\/mesa-scaled-e1671273733163.jpg","keywords":["C\u00e2mara de Vereadores","Imigrante","Nova mesa","Projetos"],"articleSection":["Geral"],"inLanguage":"pt-BR","potentialAction":[{"@type":"CommentAction","name":"Comment","target":["https:\/\/folhapopular.info\/index.php\/2022\/12\/17\/camara-de-vereadores-de-imigrante-elege-nova-mesa-diretora-para-2023\/#respond"]}]},{"@type":"WebPage","@id":"https:\/\/folhapopular.info\/index.php\/2022\/12\/17\/camara-de-vereadores-de-imigrante-elege-nova-mesa-diretora-para-2023\/","url":"https:\/\/folhapopular.info\/index.php\/2022\/12\/17\/camara-de-vereadores-de-imigrante-elege-nova-mesa-diretora-para-2023\/","name":"C\u00e2mara de Vereadores de Imigrante elege nova mesa diretora para 2023 - Folha Popular","isPartOf":{"@id":"https:\/\/folhapopular.info\/#website"},"primaryImageOfPage":{"@id":"https:\/\/folhapopular.info\/index.php\/2022\/12\/17\/camara-de-vereadores-de-imigrante-elege-nova-mesa-diretora-para-2023\/#primaryimage"},"image":{"@id":"https:\/\/folhapopular.info\/index.php\/2022\/12\/17\/camara-de-vereadores-de-imigrante-elege-nova-mesa-diretora-para-2023\/#primaryimage"},"thumbnailUrl":"https:\/\/folhapopular.info\/wp-content\/uploads\/2022\/12\/mesa-scaled-e1671273733163.jpg","datePublished":"2022-12-17T10:45:49+00:00","dateModified":"2022-12-17T10:45:52+00:00","author":{"@id":"https:\/\/folhapopular.info\/#\/schema\/person\/0999cafa38c1fde22acd2026b3a3ec1f"},"breadcrumb":{"@id":"https:\/\/folhapopular.info\/index.php\/2022\/12\/17\/camara-de-vereadores-de-imigrante-elege-nova-mesa-diretora-para-2023\/#breadcrumb"},"inLanguage":"pt-BR","potentialAction":[{"@type":"ReadAction","target":["https:\/\/folhapopular.info\/index.php\/2022\/12\/17\/camara-de-vereadores-de-imigrante-elege-nova-mesa-diretora-para-2023\/"]}]},{"@type":"ImageObject","inLanguage":"pt-BR","@id":"https:\/\/folhapopular.info\/index.php\/2022\/12\/17\/camara-de-vereadores-de-imigrante-elege-nova-mesa-diretora-para-2023\/#primaryimage","url":"https:\/\/folhapopular.info\/wp-content\/uploads\/2022\/12\/mesa-scaled-e1671273733163.jpg","contentUrl":"https:\/\/folhapopular.info\/wp-content\/uploads\/2022\/12\/mesa-scaled-e1671273733163.jpg","width":1200,"height":900,"caption":"Mesa diretora eleita para 2023 \/ Cr\u00e9dito: Luciana Brune"},{"@type":"BreadcrumbList","@id":"https:\/\/folhapopular.info\/index.php\/2022\/12\/17\/camara-de-vereadores-de-imigrante-elege-nova-mesa-diretora-para-2023\/#breadcrumb","itemListElement":[{"@type":"ListItem","position":1,"name":"In\u00edcio","item":"https:\/\/folhapopular.info\/"},{"@type":"ListItem","position":2,"name":"C\u00e2mara de Vereadores de Imigrante elege nova mesa diretora para 2023"}]},{"@type":"WebSite","@id":"https:\/\/folhapopular.info\/#website","url":"https:\/\/folhapopular.info\/","name":"Folha Popular","description":"Onde voc\u00ea tem vez e voz","potentialAction":[{"@type":"SearchAction","target":{"@type":"EntryPoint","urlTemplate":"https:\/\/folhapopular.info\/?s={search_term_string}"},"query-input":{"@type":"PropertyValueSpecification","valueRequired":true,"valueName":"search_term_string"}}],"inLanguage":"pt-BR"},{"@type":"Person","@id":"https:\/\/folhapopular.info\/#\/schema\/person\/0999cafa38c1fde22acd2026b3a3ec1f","name":"Luciana Brune","image":{"@type":"ImageObject","inLanguage":"pt-BR","@id":"https:\/\/folhapopular.info\/wp-content\/uploads\/2026\/04\/LUCIANA-1-1.webp","url":"https:\/\/folhapopular.info\/wp-content\/uploads\/2026\/04\/LUCIANA-1-1.webp","contentUrl":"https:\/\/folhapopular.info\/wp-content\/uploads\/2026\/04\/LUCIANA-1-1.webp","caption":"Luciana Brune"},"url":"https:\/\/folhapopular.info\/index.php\/author\/luciana-brune\/"}]}},"jetpack_featured_media_url":"https:\/\/folhapopular.info\/wp-content\/uploads\/2022\/12\/mesa-scaled-e1671273733163.jpg","jetpack_sharing_enabled":true,"amp_enabled":true,"_links":{"self":[{"href":"https:\/\/folhapopular.info\/index.php\/wp-json\/wp\/v2\/posts\/117935","targetHints":{"allow":["GET"]}}],"collection":[{"href":"https:\/\/folhapopular.info\/index.php\/wp-json\/wp\/v2\/posts"}],"about":[{"href":"https:\/\/folhapopular.info\/index.php\/wp-json\/wp\/v2\/types\/post"}],"author":[{"embeddable":true,"href":"https:\/\/folhapopular.info\/index.php\/wp-json\/wp\/v2\/users\/11"}],"replies":[{"embeddable":true,"href":"https:\/\/folhapopular.info\/index.php\/wp-json\/wp\/v2\/comments?post=117935"}],"version-history":[{"count":0,"href":"https:\/\/folhapopular.info\/index.php\/wp-json\/wp\/v2\/posts\/117935\/revisions"}],"wp:featuredmedia":[{"embeddable":true,"href":"https:\/\/folhapopular.info\/index.php\/wp-json\/wp\/v2\/media\/117936"}],"wp:attachment":[{"href":"https:\/\/folhapopular.info\/index.php\/wp-json\/wp\/v2\/media?parent=117935"}],"wp:term":[{"taxonomy":"category","embeddable":true,"href":"https:\/\/folhapopular.info\/index.php\/wp-json\/wp\/v2\/categories?post=117935"},{"taxonomy":"post_tag","embeddable":true,"href":"https:\/\/folhapopular.info\/index.php\/wp-json\/wp\/v2\/tags?post=117935"}],"curies":[{"name":"wp","href":"https:\/\/api.w.org\/{rel}","templated":true}]}}