{"id":118134,"date":"2022-12-20T17:08:11","date_gmt":"2022-12-20T20:08:11","guid":{"rendered":"https:\/\/folhapopular.info\/?p=118134"},"modified":"2022-12-20T17:14:21","modified_gmt":"2022-12-20T20:14:21","slug":"natal-no-parque-reuniu-centenas-de-familias-no-fim-de-semana-em-paverama","status":"publish","type":"post","link":"https:\/\/folhapopular.info\/index.php\/2022\/12\/20\/natal-no-parque-reuniu-centenas-de-familias-no-fim-de-semana-em-paverama\/","title":{"rendered":"Natal no Parque reuniu centenas de fam\u00edlias no fim de semana em Paverama"},"content":{"rendered":"\n<p>Luzes, dan\u00e7as e muita alegria estiveram presentes no munic\u00edpio de Paverama no s\u00e1bado (17\/12) domingo (18\/12). Centenas de fam\u00edlias se reuniram no Parque 13 de Abril para contemplar as programa\u00e7\u00f5es de natal preparadas para a comunidade.<\/p>\n\n\n\n<p>O evento iniciou \u00e0s 17h, e o p\u00fablico p\u00f4de assistir a shows, apresenta\u00e7\u00f5es art\u00edsticas de diferentes grupos, e tamb\u00e9m \u00e0s finais do 4\u00ba Campeonato Municipal de V\u00f4lei de Areia e o 2\u00ba Campeonato Municipal de Futev\u00f4lei. As crian\u00e7as tamb\u00e9m puderam se divertir com os brinquedos infl\u00e1veis dispon\u00edveis&nbsp; e o trenzinho que circulava em volta do parque.<\/p>\n\n\n\n<p>O Corpo de Bombeiros Volunt\u00e1rios de Teut\u00f4nia tamb\u00e9m esteve presente no evento com o Caminh\u00e3o Iluminado e o t\u00e3o aguardado Papai Noel. As crian\u00e7as se reuniram para ver o bom velhinho e foram presenteadas com pacotinhos.&nbsp;<\/p>\n\n\n\n<p>O Natal no Parque \u00e9 uma realiza\u00e7\u00e3o da Administra\u00e7\u00e3o de Paverama em parceria com a C\u00e2mara de Dirigentes e Lojistas, volunt\u00e1rios e empresas e entidades parcerias.<\/p>\n\n\n\n<div class=\"wp-block-jetpack-slideshow aligncenter\" data-effect=\"slide\"><div class=\"wp-block-jetpack-slideshow_container swiper-container\"><ul class=\"wp-block-jetpack-slideshow_swiper-wrapper swiper-wrapper\"><li class=\"wp-block-jetpack-slideshow_slide swiper-slide\"><figure><img loading=\"lazy\" decoding=\"async\" width=\"576\" height=\"1024\" alt=\"\" class=\"wp-block-jetpack-slideshow_image wp-image-118138\" data-id=\"118138\" src=\"https:\/\/folhapopular.info\/wp-content\/uploads\/2022\/12\/1.jpeg\" srcset=\"https:\/\/folhapopular.info\/wp-content\/uploads\/2022\/12\/1.jpeg 576w, https:\/\/folhapopular.info\/wp-content\/uploads\/2022\/12\/1-169x300.jpeg 169w\" sizes=\"(max-width: 576px) 100vw, 576px\" \/><figcaption class=\"wp-block-jetpack-slideshow_caption gallery-caption\">Programa\u00e7\u00f5es aconteceram no Parque 13 de Abril \/ Cr\u00e9dito: Luciana Brune<\/figcaption><\/figure><\/li><li class=\"wp-block-jetpack-slideshow_slide swiper-slide\"><figure><img loading=\"lazy\" decoding=\"async\" width=\"576\" height=\"1024\" alt=\"\" class=\"wp-block-jetpack-slideshow_image wp-image-118139\" data-id=\"118139\" src=\"https:\/\/folhapopular.info\/wp-content\/uploads\/2022\/12\/2.jpeg\" srcset=\"https:\/\/folhapopular.info\/wp-content\/uploads\/2022\/12\/2.jpeg 576w, https:\/\/folhapopular.info\/wp-content\/uploads\/2022\/12\/2-169x300.jpeg 169w\" sizes=\"(max-width: 576px) 100vw, 576px\" \/><figcaption class=\"wp-block-jetpack-slideshow_caption gallery-caption\">Centenas de fam\u00edlias se reuniram no Parque \/ Cr\u00e9dito: Luciana Brune<\/figcaption><\/figure><\/li><\/ul><a class=\"wp-block-jetpack-slideshow_button-prev swiper-button-prev swiper-button-white\" role=\"button\"><\/a><a class=\"wp-block-jetpack-slideshow_button-next swiper-button-next swiper-button-white\" role=\"button\"><\/a><a aria-label=\"Pause Slideshow\" class=\"wp-block-jetpack-slideshow_button-pause\" role=\"button\"><\/a><div class=\"wp-block-jetpack-slideshow_pagination swiper-pagination swiper-pagination-white\"><\/div><\/div><\/div>\n","protected":false},"excerpt":{"rendered":"<p>Luzes, dan\u00e7as e muita alegria estiveram presentes no munic\u00edpio de Paverama no s\u00e1bado (17\/12) domingo (18\/12). Centenas de fam\u00edlias se reuniram no Parque 13 de Abril para contemplar as programa\u00e7\u00f5es de natal preparadas para a comunidade. O evento iniciou \u00e0s 17h, e o p\u00fablico p\u00f4de assistir a shows, apresenta\u00e7\u00f5es art\u00edsticas de diferentes grupos, e tamb\u00e9m [&hellip;]<\/p>\n","protected":false},"author":636,"featured_media":118135,"comment_status":"open","ping_status":"open","sticky":false,"template":"","format":"standard","meta":{"pmpro_default_level":"","_jetpack_memberships_contains_paid_content":false,"footnotes":""},"categories":[2,3],"tags":[5366,1232,46,7760],"class_list":{"0":"post-118134","1":"post","2":"type-post","3":"status-publish","4":"format-standard","5":"has-post-thumbnail","7":"category-featured","8":"category-geral","9":"tag-comunidade","10":"tag-natal-no-parque","11":"tag-paverama","12":"tag-programacoes","13":"pmpro-has-access"},"yoast_head":"<!-- This site is optimized with the Yoast SEO plugin v27.5 - https:\/\/yoast.com\/product\/yoast-seo-wordpress\/ -->\n<title>Natal no Parque reuniu centenas de fam\u00edlias no fim de semana em Paverama - Folha Popular<\/title>\n<meta name=\"robots\" content=\"index, follow, max-snippet:-1, max-image-preview:large, max-video-preview:-1\" \/>\n<link rel=\"canonical\" href=\"https:\/\/folhapopular.info\/index.php\/2022\/12\/20\/natal-no-parque-reuniu-centenas-de-familias-no-fim-de-semana-em-paverama\/\" \/>\n<meta property=\"og:locale\" content=\"pt_BR\" \/>\n<meta property=\"og:type\" content=\"article\" \/>\n<meta property=\"og:title\" content=\"Natal no Parque reuniu centenas de fam\u00edlias no fim de semana em Paverama - Folha Popular\" \/>\n<meta property=\"og:description\" content=\"Luzes, dan\u00e7as e muita alegria estiveram presentes no munic\u00edpio de Paverama no s\u00e1bado (17\/12) domingo (18\/12). Centenas de fam\u00edlias se reuniram no Parque 13 de Abril para contemplar as programa\u00e7\u00f5es de natal preparadas para a comunidade. O evento iniciou \u00e0s 17h, e o p\u00fablico p\u00f4de assistir a shows, apresenta\u00e7\u00f5es art\u00edsticas de diferentes grupos, e tamb\u00e9m [&hellip;]\" \/>\n<meta property=\"og:url\" content=\"https:\/\/folhapopular.info\/index.php\/2022\/12\/20\/natal-no-parque-reuniu-centenas-de-familias-no-fim-de-semana-em-paverama\/\" \/>\n<meta property=\"og:site_name\" content=\"Folha Popular\" \/>\n<meta property=\"article:published_time\" content=\"2022-12-20T20:08:11+00:00\" \/>\n<meta property=\"article:modified_time\" content=\"2022-12-20T20:14:21+00:00\" \/>\n<meta property=\"og:image\" content=\"http:\/\/folhapopular.info\/wp-content\/uploads\/2022\/12\/3.jpeg\" \/>\n\t<meta property=\"og:image:width\" content=\"840\" \/>\n\t<meta property=\"og:image:height\" content=\"1024\" \/>\n\t<meta property=\"og:image:type\" content=\"image\/jpeg\" \/>\n<meta name=\"author\" content=\"Keila Gr\u00e4ff Anhaia\" \/>\n<meta name=\"twitter:card\" content=\"summary_large_image\" \/>\n<meta name=\"twitter:label1\" content=\"Escrito por\" \/>\n\t<meta name=\"twitter:data1\" content=\"Keila Gr\u00e4ff Anhaia\" \/>\n\t<meta name=\"twitter:label2\" content=\"Est. tempo de leitura\" \/>\n\t<meta name=\"twitter:data2\" content=\"2 minutos\" \/>\n<script type=\"application\/ld+json\" class=\"yoast-schema-graph\">{\"@context\":\"https:\\\/\\\/schema.org\",\"@graph\":[{\"@type\":\"Article\",\"@id\":\"https:\\\/\\\/folhapopular.info\\\/index.php\\\/2022\\\/12\\\/20\\\/natal-no-parque-reuniu-centenas-de-familias-no-fim-de-semana-em-paverama\\\/#article\",\"isPartOf\":{\"@id\":\"https:\\\/\\\/folhapopular.info\\\/index.php\\\/2022\\\/12\\\/20\\\/natal-no-parque-reuniu-centenas-de-familias-no-fim-de-semana-em-paverama\\\/\"},\"author\":{\"name\":\"Keila Gr\u00e4ff Anhaia\",\"@id\":\"https:\\\/\\\/folhapopular.info\\\/#\\\/schema\\\/person\\\/9a5695747e1046d5fac310c552cf6260\"},\"headline\":\"Natal no Parque reuniu centenas de fam\u00edlias no fim de semana em Paverama\",\"datePublished\":\"2022-12-20T20:08:11+00:00\",\"dateModified\":\"2022-12-20T20:14:21+00:00\",\"mainEntityOfPage\":{\"@id\":\"https:\\\/\\\/folhapopular.info\\\/index.php\\\/2022\\\/12\\\/20\\\/natal-no-parque-reuniu-centenas-de-familias-no-fim-de-semana-em-paverama\\\/\"},\"wordCount\":213,\"commentCount\":0,\"image\":{\"@id\":\"https:\\\/\\\/folhapopular.info\\\/index.php\\\/2022\\\/12\\\/20\\\/natal-no-parque-reuniu-centenas-de-familias-no-fim-de-semana-em-paverama\\\/#primaryimage\"},\"thumbnailUrl\":\"https:\\\/\\\/folhapopular.info\\\/wp-content\\\/uploads\\\/2022\\\/12\\\/3.jpeg\",\"keywords\":[\"Comunidade\",\"Natal no Parque\",\"Paverama\",\"programa\u00e7\u00f5es\"],\"articleSection\":[\"Destaques\",\"Geral\"],\"inLanguage\":\"pt-BR\",\"potentialAction\":[{\"@type\":\"CommentAction\",\"name\":\"Comment\",\"target\":[\"https:\\\/\\\/folhapopular.info\\\/index.php\\\/2022\\\/12\\\/20\\\/natal-no-parque-reuniu-centenas-de-familias-no-fim-de-semana-em-paverama\\\/#respond\"]}]},{\"@type\":\"WebPage\",\"@id\":\"https:\\\/\\\/folhapopular.info\\\/index.php\\\/2022\\\/12\\\/20\\\/natal-no-parque-reuniu-centenas-de-familias-no-fim-de-semana-em-paverama\\\/\",\"url\":\"https:\\\/\\\/folhapopular.info\\\/index.php\\\/2022\\\/12\\\/20\\\/natal-no-parque-reuniu-centenas-de-familias-no-fim-de-semana-em-paverama\\\/\",\"name\":\"Natal no Parque reuniu centenas de fam\u00edlias no fim de semana em Paverama - Folha Popular\",\"isPartOf\":{\"@id\":\"https:\\\/\\\/folhapopular.info\\\/#website\"},\"primaryImageOfPage\":{\"@id\":\"https:\\\/\\\/folhapopular.info\\\/index.php\\\/2022\\\/12\\\/20\\\/natal-no-parque-reuniu-centenas-de-familias-no-fim-de-semana-em-paverama\\\/#primaryimage\"},\"image\":{\"@id\":\"https:\\\/\\\/folhapopular.info\\\/index.php\\\/2022\\\/12\\\/20\\\/natal-no-parque-reuniu-centenas-de-familias-no-fim-de-semana-em-paverama\\\/#primaryimage\"},\"thumbnailUrl\":\"https:\\\/\\\/folhapopular.info\\\/wp-content\\\/uploads\\\/2022\\\/12\\\/3.jpeg\",\"datePublished\":\"2022-12-20T20:08:11+00:00\",\"dateModified\":\"2022-12-20T20:14:21+00:00\",\"author\":{\"@id\":\"https:\\\/\\\/folhapopular.info\\\/#\\\/schema\\\/person\\\/9a5695747e1046d5fac310c552cf6260\"},\"breadcrumb\":{\"@id\":\"https:\\\/\\\/folhapopular.info\\\/index.php\\\/2022\\\/12\\\/20\\\/natal-no-parque-reuniu-centenas-de-familias-no-fim-de-semana-em-paverama\\\/#breadcrumb\"},\"inLanguage\":\"pt-BR\",\"potentialAction\":[{\"@type\":\"ReadAction\",\"target\":[\"https:\\\/\\\/folhapopular.info\\\/index.php\\\/2022\\\/12\\\/20\\\/natal-no-parque-reuniu-centenas-de-familias-no-fim-de-semana-em-paverama\\\/\"]}]},{\"@type\":\"ImageObject\",\"inLanguage\":\"pt-BR\",\"@id\":\"https:\\\/\\\/folhapopular.info\\\/index.php\\\/2022\\\/12\\\/20\\\/natal-no-parque-reuniu-centenas-de-familias-no-fim-de-semana-em-paverama\\\/#primaryimage\",\"url\":\"https:\\\/\\\/folhapopular.info\\\/wp-content\\\/uploads\\\/2022\\\/12\\\/3.jpeg\",\"contentUrl\":\"https:\\\/\\\/folhapopular.info\\\/wp-content\\\/uploads\\\/2022\\\/12\\\/3.jpeg\",\"width\":840,\"height\":1024,\"caption\":\"O p\u00fablico p\u00f4de assistir a shows, apresenta\u00e7\u00f5es art\u00edsticas de diferentes grupos \\\/ Cr\u00e9dito: Luciana Brune\"},{\"@type\":\"BreadcrumbList\",\"@id\":\"https:\\\/\\\/folhapopular.info\\\/index.php\\\/2022\\\/12\\\/20\\\/natal-no-parque-reuniu-centenas-de-familias-no-fim-de-semana-em-paverama\\\/#breadcrumb\",\"itemListElement\":[{\"@type\":\"ListItem\",\"position\":1,\"name\":\"In\u00edcio\",\"item\":\"https:\\\/\\\/folhapopular.info\\\/\"},{\"@type\":\"ListItem\",\"position\":2,\"name\":\"Natal no Parque reuniu centenas de fam\u00edlias no fim de semana em Paverama\"}]},{\"@type\":\"WebSite\",\"@id\":\"https:\\\/\\\/folhapopular.info\\\/#website\",\"url\":\"https:\\\/\\\/folhapopular.info\\\/\",\"name\":\"Folha Popular\",\"description\":\"Onde voc\u00ea tem vez e voz\",\"potentialAction\":[{\"@type\":\"SearchAction\",\"target\":{\"@type\":\"EntryPoint\",\"urlTemplate\":\"https:\\\/\\\/folhapopular.info\\\/?s={search_term_string}\"},\"query-input\":{\"@type\":\"PropertyValueSpecification\",\"valueRequired\":true,\"valueName\":\"search_term_string\"}}],\"inLanguage\":\"pt-BR\"},{\"@type\":\"Person\",\"@id\":\"https:\\\/\\\/folhapopular.info\\\/#\\\/schema\\\/person\\\/9a5695747e1046d5fac310c552cf6260\",\"name\":\"Keila Gr\u00e4ff Anhaia\",\"image\":{\"@type\":\"ImageObject\",\"inLanguage\":\"pt-BR\",\"@id\":\"https:\\\/\\\/secure.gravatar.com\\\/avatar\\\/498ef5bfb389bc7ded562ad94f835a056e934ab779eb2a595c461a735cf74fba?s=96&d=mm&r=g\",\"url\":\"https:\\\/\\\/secure.gravatar.com\\\/avatar\\\/498ef5bfb389bc7ded562ad94f835a056e934ab779eb2a595c461a735cf74fba?s=96&d=mm&r=g\",\"contentUrl\":\"https:\\\/\\\/secure.gravatar.com\\\/avatar\\\/498ef5bfb389bc7ded562ad94f835a056e934ab779eb2a595c461a735cf74fba?s=96&d=mm&r=g\",\"caption\":\"Keila Gr\u00e4ff Anhaia\"},\"url\":\"https:\\\/\\\/folhapopular.info\\\/index.php\\\/author\\\/graffkeilagmail-com\\\/\"}]}<\/script>\n<!-- \/ Yoast SEO plugin. -->","yoast_head_json":{"title":"Natal no Parque reuniu centenas de fam\u00edlias no fim de semana em Paverama - Folha Popular","robots":{"index":"index","follow":"follow","max-snippet":"max-snippet:-1","max-image-preview":"max-image-preview:large","max-video-preview":"max-video-preview:-1"},"canonical":"https:\/\/folhapopular.info\/index.php\/2022\/12\/20\/natal-no-parque-reuniu-centenas-de-familias-no-fim-de-semana-em-paverama\/","og_locale":"pt_BR","og_type":"article","og_title":"Natal no Parque reuniu centenas de fam\u00edlias no fim de semana em Paverama - Folha Popular","og_description":"Luzes, dan\u00e7as e muita alegria estiveram presentes no munic\u00edpio de Paverama no s\u00e1bado (17\/12) domingo (18\/12). Centenas de fam\u00edlias se reuniram no Parque 13 de Abril para contemplar as programa\u00e7\u00f5es de natal preparadas para a comunidade. O evento iniciou \u00e0s 17h, e o p\u00fablico p\u00f4de assistir a shows, apresenta\u00e7\u00f5es art\u00edsticas de diferentes grupos, e tamb\u00e9m [&hellip;]","og_url":"https:\/\/folhapopular.info\/index.php\/2022\/12\/20\/natal-no-parque-reuniu-centenas-de-familias-no-fim-de-semana-em-paverama\/","og_site_name":"Folha Popular","article_published_time":"2022-12-20T20:08:11+00:00","article_modified_time":"2022-12-20T20:14:21+00:00","og_image":[{"width":840,"height":1024,"url":"http:\/\/folhapopular.info\/wp-content\/uploads\/2022\/12\/3.jpeg","type":"image\/jpeg"}],"author":"Keila Gr\u00e4ff Anhaia","twitter_card":"summary_large_image","twitter_misc":{"Escrito por":"Keila Gr\u00e4ff Anhaia","Est. tempo de leitura":"2 minutos"},"schema":{"@context":"https:\/\/schema.org","@graph":[{"@type":"Article","@id":"https:\/\/folhapopular.info\/index.php\/2022\/12\/20\/natal-no-parque-reuniu-centenas-de-familias-no-fim-de-semana-em-paverama\/#article","isPartOf":{"@id":"https:\/\/folhapopular.info\/index.php\/2022\/12\/20\/natal-no-parque-reuniu-centenas-de-familias-no-fim-de-semana-em-paverama\/"},"author":{"name":"Keila Gr\u00e4ff Anhaia","@id":"https:\/\/folhapopular.info\/#\/schema\/person\/9a5695747e1046d5fac310c552cf6260"},"headline":"Natal no Parque reuniu centenas de fam\u00edlias no fim de semana em Paverama","datePublished":"2022-12-20T20:08:11+00:00","dateModified":"2022-12-20T20:14:21+00:00","mainEntityOfPage":{"@id":"https:\/\/folhapopular.info\/index.php\/2022\/12\/20\/natal-no-parque-reuniu-centenas-de-familias-no-fim-de-semana-em-paverama\/"},"wordCount":213,"commentCount":0,"image":{"@id":"https:\/\/folhapopular.info\/index.php\/2022\/12\/20\/natal-no-parque-reuniu-centenas-de-familias-no-fim-de-semana-em-paverama\/#primaryimage"},"thumbnailUrl":"https:\/\/folhapopular.info\/wp-content\/uploads\/2022\/12\/3.jpeg","keywords":["Comunidade","Natal no Parque","Paverama","programa\u00e7\u00f5es"],"articleSection":["Destaques","Geral"],"inLanguage":"pt-BR","potentialAction":[{"@type":"CommentAction","name":"Comment","target":["https:\/\/folhapopular.info\/index.php\/2022\/12\/20\/natal-no-parque-reuniu-centenas-de-familias-no-fim-de-semana-em-paverama\/#respond"]}]},{"@type":"WebPage","@id":"https:\/\/folhapopular.info\/index.php\/2022\/12\/20\/natal-no-parque-reuniu-centenas-de-familias-no-fim-de-semana-em-paverama\/","url":"https:\/\/folhapopular.info\/index.php\/2022\/12\/20\/natal-no-parque-reuniu-centenas-de-familias-no-fim-de-semana-em-paverama\/","name":"Natal no Parque reuniu centenas de fam\u00edlias no fim de semana em Paverama - Folha Popular","isPartOf":{"@id":"https:\/\/folhapopular.info\/#website"},"primaryImageOfPage":{"@id":"https:\/\/folhapopular.info\/index.php\/2022\/12\/20\/natal-no-parque-reuniu-centenas-de-familias-no-fim-de-semana-em-paverama\/#primaryimage"},"image":{"@id":"https:\/\/folhapopular.info\/index.php\/2022\/12\/20\/natal-no-parque-reuniu-centenas-de-familias-no-fim-de-semana-em-paverama\/#primaryimage"},"thumbnailUrl":"https:\/\/folhapopular.info\/wp-content\/uploads\/2022\/12\/3.jpeg","datePublished":"2022-12-20T20:08:11+00:00","dateModified":"2022-12-20T20:14:21+00:00","author":{"@id":"https:\/\/folhapopular.info\/#\/schema\/person\/9a5695747e1046d5fac310c552cf6260"},"breadcrumb":{"@id":"https:\/\/folhapopular.info\/index.php\/2022\/12\/20\/natal-no-parque-reuniu-centenas-de-familias-no-fim-de-semana-em-paverama\/#breadcrumb"},"inLanguage":"pt-BR","potentialAction":[{"@type":"ReadAction","target":["https:\/\/folhapopular.info\/index.php\/2022\/12\/20\/natal-no-parque-reuniu-centenas-de-familias-no-fim-de-semana-em-paverama\/"]}]},{"@type":"ImageObject","inLanguage":"pt-BR","@id":"https:\/\/folhapopular.info\/index.php\/2022\/12\/20\/natal-no-parque-reuniu-centenas-de-familias-no-fim-de-semana-em-paverama\/#primaryimage","url":"https:\/\/folhapopular.info\/wp-content\/uploads\/2022\/12\/3.jpeg","contentUrl":"https:\/\/folhapopular.info\/wp-content\/uploads\/2022\/12\/3.jpeg","width":840,"height":1024,"caption":"O p\u00fablico p\u00f4de assistir a shows, apresenta\u00e7\u00f5es art\u00edsticas de diferentes grupos \/ Cr\u00e9dito: Luciana Brune"},{"@type":"BreadcrumbList","@id":"https:\/\/folhapopular.info\/index.php\/2022\/12\/20\/natal-no-parque-reuniu-centenas-de-familias-no-fim-de-semana-em-paverama\/#breadcrumb","itemListElement":[{"@type":"ListItem","position":1,"name":"In\u00edcio","item":"https:\/\/folhapopular.info\/"},{"@type":"ListItem","position":2,"name":"Natal no Parque reuniu centenas de fam\u00edlias no fim de semana em Paverama"}]},{"@type":"WebSite","@id":"https:\/\/folhapopular.info\/#website","url":"https:\/\/folhapopular.info\/","name":"Folha Popular","description":"Onde voc\u00ea tem vez e voz","potentialAction":[{"@type":"SearchAction","target":{"@type":"EntryPoint","urlTemplate":"https:\/\/folhapopular.info\/?s={search_term_string}"},"query-input":{"@type":"PropertyValueSpecification","valueRequired":true,"valueName":"search_term_string"}}],"inLanguage":"pt-BR"},{"@type":"Person","@id":"https:\/\/folhapopular.info\/#\/schema\/person\/9a5695747e1046d5fac310c552cf6260","name":"Keila Gr\u00e4ff Anhaia","image":{"@type":"ImageObject","inLanguage":"pt-BR","@id":"https:\/\/secure.gravatar.com\/avatar\/498ef5bfb389bc7ded562ad94f835a056e934ab779eb2a595c461a735cf74fba?s=96&d=mm&r=g","url":"https:\/\/secure.gravatar.com\/avatar\/498ef5bfb389bc7ded562ad94f835a056e934ab779eb2a595c461a735cf74fba?s=96&d=mm&r=g","contentUrl":"https:\/\/secure.gravatar.com\/avatar\/498ef5bfb389bc7ded562ad94f835a056e934ab779eb2a595c461a735cf74fba?s=96&d=mm&r=g","caption":"Keila Gr\u00e4ff Anhaia"},"url":"https:\/\/folhapopular.info\/index.php\/author\/graffkeilagmail-com\/"}]}},"jetpack_featured_media_url":"https:\/\/folhapopular.info\/wp-content\/uploads\/2022\/12\/3.jpeg","jetpack_sharing_enabled":true,"amp_enabled":true,"_links":{"self":[{"href":"https:\/\/folhapopular.info\/index.php\/wp-json\/wp\/v2\/posts\/118134","targetHints":{"allow":["GET"]}}],"collection":[{"href":"https:\/\/folhapopular.info\/index.php\/wp-json\/wp\/v2\/posts"}],"about":[{"href":"https:\/\/folhapopular.info\/index.php\/wp-json\/wp\/v2\/types\/post"}],"author":[{"embeddable":true,"href":"https:\/\/folhapopular.info\/index.php\/wp-json\/wp\/v2\/users\/636"}],"replies":[{"embeddable":true,"href":"https:\/\/folhapopular.info\/index.php\/wp-json\/wp\/v2\/comments?post=118134"}],"version-history":[{"count":0,"href":"https:\/\/folhapopular.info\/index.php\/wp-json\/wp\/v2\/posts\/118134\/revisions"}],"wp:featuredmedia":[{"embeddable":true,"href":"https:\/\/folhapopular.info\/index.php\/wp-json\/wp\/v2\/media\/118135"}],"wp:attachment":[{"href":"https:\/\/folhapopular.info\/index.php\/wp-json\/wp\/v2\/media?parent=118134"}],"wp:term":[{"taxonomy":"category","embeddable":true,"href":"https:\/\/folhapopular.info\/index.php\/wp-json\/wp\/v2\/categories?post=118134"},{"taxonomy":"post_tag","embeddable":true,"href":"https:\/\/folhapopular.info\/index.php\/wp-json\/wp\/v2\/tags?post=118134"}],"curies":[{"name":"wp","href":"https:\/\/api.w.org\/{rel}","templated":true}]}}