{"id":118221,"date":"2022-12-21T16:51:35","date_gmt":"2022-12-21T19:51:35","guid":{"rendered":"https:\/\/folhapopular.info\/?p=118221"},"modified":"2022-12-21T16:51:39","modified_gmt":"2022-12-21T19:51:39","slug":"aberto-processo-seletivo-para-contratacao-de-professor-em-lajeado","status":"publish","type":"post","link":"https:\/\/folhapopular.info\/index.php\/2022\/12\/21\/aberto-processo-seletivo-para-contratacao-de-professor-em-lajeado\/","title":{"rendered":"Aberto processo seletivo para contrata\u00e7\u00e3o de professor em Lajeado"},"content":{"rendered":"\n<p>A Prefeitura de Lajeado realiza processo seletivo simplificado para a contrata\u00e7\u00e3o de professor de Ci\u00eancias para os anos finais do Ensino Fundamental. As vagas s\u00e3o para cadastro reserva visando a substitui\u00e7\u00e3o de profissionais em licen\u00e7a-sa\u00fade, gestante ou outro afastamento legal. <\/p>\n\n\n\n<p>As inscri\u00e7\u00f5es poder\u00e3o ser realizadas somente pelo <a href=\"https:\/\/competo.lajeado.rs.gov.br\/listagem_processos_seletivos\" target=\"_blank\" rel=\"noreferrer noopener\">site da Prefeitura de Lajeado<\/a> at\u00e9 as 23h59 de sexta-feira, 30 de dezembro.<\/p>\n\n\n\n<p>Os interessados em participar da sele\u00e7\u00e3o devem possuir Ensino Superior em Licenciatura Plena para a disciplina de Ci\u00eancias Biol\u00f3gicas. O candidato tamb\u00e9m precisa ter 18 anos completos at\u00e9 o \u00faltimo dia de inscri\u00e7\u00e3o. <\/p>\n\n\n\n<p>O processo seletivo simplificado \u00e9 feito por prova de t\u00edtulos de car\u00e1ter classificat\u00f3rio, avaliados por comiss\u00e3o conforme crit\u00e9rios definidos no edital e de acordo com os documentos encaminhados pelo candidato no momento da inscri\u00e7\u00e3o. A sele\u00e7\u00e3o para cadastro reserva \u00e9 v\u00e1lida por dois anos, podendo ser prorrogada por mais dois. <\/p>\n\n\n\n<p>Confira o <strong><a href=\"https:\/\/www.lajeado.rs.gov.br\/arquivos\/download_anexo\/20_12_22_edicao_1712.pdf\" target=\"_blank\" rel=\"noreferrer noopener\">edital de abertura<\/a><\/strong> do processo seletivo simplificado pode ser lido a partir da p\u00e1gina 4 do Di\u00e1rio Oficial do dia 20 de dezembro de 2022. <\/p>\n","protected":false},"excerpt":{"rendered":"<p>A Prefeitura de Lajeado realiza processo seletivo simplificado para a contrata\u00e7\u00e3o de professor de Ci\u00eancias para os anos finais do Ensino Fundamental. As vagas s\u00e3o para cadastro reserva visando a substitui\u00e7\u00e3o de profissionais em licen\u00e7a-sa\u00fade, gestante ou outro afastamento legal. As inscri\u00e7\u00f5es poder\u00e3o ser realizadas somente pelo site da Prefeitura de Lajeado at\u00e9 as 23h59 [&hellip;]<\/p>\n","protected":false},"author":8,"featured_media":118225,"comment_status":"open","ping_status":"open","sticky":false,"template":"","format":"standard","meta":{"pmpro_default_level":"","_jetpack_memberships_contains_paid_content":false,"footnotes":""},"categories":[2,3],"tags":[1913,873,73,27,853],"class_list":{"0":"post-118221","1":"post","2":"type-post","3":"status-publish","4":"format-standard","5":"has-post-thumbnail","7":"category-featured","8":"category-geral","9":"tag-cadastro-reserva","10":"tag-concurso","11":"tag-educacao","12":"tag-lajeado","13":"tag-professor","14":"pmpro-has-access"},"yoast_head":"<!-- This site is optimized with the Yoast SEO plugin v27.5 - https:\/\/yoast.com\/product\/yoast-seo-wordpress\/ -->\n<title>Aberto processo seletivo para contrata\u00e7\u00e3o de professor em Lajeado - Folha Popular<\/title>\n<meta name=\"robots\" content=\"index, follow, max-snippet:-1, max-image-preview:large, max-video-preview:-1\" \/>\n<link rel=\"canonical\" href=\"https:\/\/folhapopular.info\/index.php\/2022\/12\/21\/aberto-processo-seletivo-para-contratacao-de-professor-em-lajeado\/\" \/>\n<meta property=\"og:locale\" content=\"pt_BR\" \/>\n<meta property=\"og:type\" content=\"article\" \/>\n<meta property=\"og:title\" content=\"Aberto processo seletivo para contrata\u00e7\u00e3o de professor em Lajeado - Folha Popular\" \/>\n<meta property=\"og:description\" content=\"A Prefeitura de Lajeado realiza processo seletivo simplificado para a contrata\u00e7\u00e3o de professor de Ci\u00eancias para os anos finais do Ensino Fundamental. As vagas s\u00e3o para cadastro reserva visando a substitui\u00e7\u00e3o de profissionais em licen\u00e7a-sa\u00fade, gestante ou outro afastamento legal. As inscri\u00e7\u00f5es poder\u00e3o ser realizadas somente pelo site da Prefeitura de Lajeado at\u00e9 as 23h59 [&hellip;]\" \/>\n<meta property=\"og:url\" content=\"https:\/\/folhapopular.info\/index.php\/2022\/12\/21\/aberto-processo-seletivo-para-contratacao-de-professor-em-lajeado\/\" \/>\n<meta property=\"og:site_name\" content=\"Folha Popular\" \/>\n<meta property=\"article:published_time\" content=\"2022-12-21T19:51:35+00:00\" \/>\n<meta property=\"article:modified_time\" content=\"2022-12-21T19:51:39+00:00\" \/>\n<meta property=\"og:image\" content=\"http:\/\/folhapopular.info\/wp-content\/uploads\/2022\/12\/SED.jpg-scaled.jpg\" \/>\n\t<meta property=\"og:image:width\" content=\"2560\" \/>\n\t<meta property=\"og:image:height\" content=\"1920\" \/>\n\t<meta property=\"og:image:type\" content=\"image\/jpeg\" \/>\n<meta name=\"author\" content=\"Reda\u00e7\u00e3o Folha Popular\" \/>\n<meta name=\"twitter:card\" content=\"summary_large_image\" \/>\n<meta name=\"twitter:label1\" content=\"Escrito por\" \/>\n\t<meta name=\"twitter:data1\" content=\"Reda\u00e7\u00e3o Folha Popular\" \/>\n\t<meta name=\"twitter:label2\" content=\"Est. tempo de leitura\" \/>\n\t<meta name=\"twitter:data2\" content=\"1 minuto\" \/>\n<script type=\"application\/ld+json\" class=\"yoast-schema-graph\">{\"@context\":\"https:\\\/\\\/schema.org\",\"@graph\":[{\"@type\":\"Article\",\"@id\":\"https:\\\/\\\/folhapopular.info\\\/index.php\\\/2022\\\/12\\\/21\\\/aberto-processo-seletivo-para-contratacao-de-professor-em-lajeado\\\/#article\",\"isPartOf\":{\"@id\":\"https:\\\/\\\/folhapopular.info\\\/index.php\\\/2022\\\/12\\\/21\\\/aberto-processo-seletivo-para-contratacao-de-professor-em-lajeado\\\/\"},\"author\":{\"name\":\"Reda\u00e7\u00e3o Folha Popular\",\"@id\":\"https:\\\/\\\/folhapopular.info\\\/#\\\/schema\\\/person\\\/2814e8a0df7643585a9ca38bc6eb9d4b\"},\"headline\":\"Aberto processo seletivo para contrata\u00e7\u00e3o de professor em Lajeado\",\"datePublished\":\"2022-12-21T19:51:35+00:00\",\"dateModified\":\"2022-12-21T19:51:39+00:00\",\"mainEntityOfPage\":{\"@id\":\"https:\\\/\\\/folhapopular.info\\\/index.php\\\/2022\\\/12\\\/21\\\/aberto-processo-seletivo-para-contratacao-de-professor-em-lajeado\\\/\"},\"wordCount\":196,\"commentCount\":0,\"image\":{\"@id\":\"https:\\\/\\\/folhapopular.info\\\/index.php\\\/2022\\\/12\\\/21\\\/aberto-processo-seletivo-para-contratacao-de-professor-em-lajeado\\\/#primaryimage\"},\"thumbnailUrl\":\"https:\\\/\\\/folhapopular.info\\\/wp-content\\\/uploads\\\/2022\\\/12\\\/SED.jpg-scaled.jpg\",\"keywords\":[\"Cadastro Reserva\",\"Concurso\",\"Educa\u00e7\u00e3o\",\"Lajeado\",\"Professor\"],\"articleSection\":[\"Destaques\",\"Geral\"],\"inLanguage\":\"pt-BR\",\"potentialAction\":[{\"@type\":\"CommentAction\",\"name\":\"Comment\",\"target\":[\"https:\\\/\\\/folhapopular.info\\\/index.php\\\/2022\\\/12\\\/21\\\/aberto-processo-seletivo-para-contratacao-de-professor-em-lajeado\\\/#respond\"]}]},{\"@type\":\"WebPage\",\"@id\":\"https:\\\/\\\/folhapopular.info\\\/index.php\\\/2022\\\/12\\\/21\\\/aberto-processo-seletivo-para-contratacao-de-professor-em-lajeado\\\/\",\"url\":\"https:\\\/\\\/folhapopular.info\\\/index.php\\\/2022\\\/12\\\/21\\\/aberto-processo-seletivo-para-contratacao-de-professor-em-lajeado\\\/\",\"name\":\"Aberto processo seletivo para contrata\u00e7\u00e3o de professor em Lajeado - Folha Popular\",\"isPartOf\":{\"@id\":\"https:\\\/\\\/folhapopular.info\\\/#website\"},\"primaryImageOfPage\":{\"@id\":\"https:\\\/\\\/folhapopular.info\\\/index.php\\\/2022\\\/12\\\/21\\\/aberto-processo-seletivo-para-contratacao-de-professor-em-lajeado\\\/#primaryimage\"},\"image\":{\"@id\":\"https:\\\/\\\/folhapopular.info\\\/index.php\\\/2022\\\/12\\\/21\\\/aberto-processo-seletivo-para-contratacao-de-professor-em-lajeado\\\/#primaryimage\"},\"thumbnailUrl\":\"https:\\\/\\\/folhapopular.info\\\/wp-content\\\/uploads\\\/2022\\\/12\\\/SED.jpg-scaled.jpg\",\"datePublished\":\"2022-12-21T19:51:35+00:00\",\"dateModified\":\"2022-12-21T19:51:39+00:00\",\"author\":{\"@id\":\"https:\\\/\\\/folhapopular.info\\\/#\\\/schema\\\/person\\\/2814e8a0df7643585a9ca38bc6eb9d4b\"},\"breadcrumb\":{\"@id\":\"https:\\\/\\\/folhapopular.info\\\/index.php\\\/2022\\\/12\\\/21\\\/aberto-processo-seletivo-para-contratacao-de-professor-em-lajeado\\\/#breadcrumb\"},\"inLanguage\":\"pt-BR\",\"potentialAction\":[{\"@type\":\"ReadAction\",\"target\":[\"https:\\\/\\\/folhapopular.info\\\/index.php\\\/2022\\\/12\\\/21\\\/aberto-processo-seletivo-para-contratacao-de-professor-em-lajeado\\\/\"]}]},{\"@type\":\"ImageObject\",\"inLanguage\":\"pt-BR\",\"@id\":\"https:\\\/\\\/folhapopular.info\\\/index.php\\\/2022\\\/12\\\/21\\\/aberto-processo-seletivo-para-contratacao-de-professor-em-lajeado\\\/#primaryimage\",\"url\":\"https:\\\/\\\/folhapopular.info\\\/wp-content\\\/uploads\\\/2022\\\/12\\\/SED.jpg-scaled.jpg\",\"contentUrl\":\"https:\\\/\\\/folhapopular.info\\\/wp-content\\\/uploads\\\/2022\\\/12\\\/SED.jpg-scaled.jpg\",\"width\":2560,\"height\":1920,\"caption\":\"Inscri\u00e7\u00f5es devem ser feitas at\u00e9 o dia 30 deste m\u00eas. Cr\u00e9ditos: Divulga\u00e7\u00e3o\"},{\"@type\":\"BreadcrumbList\",\"@id\":\"https:\\\/\\\/folhapopular.info\\\/index.php\\\/2022\\\/12\\\/21\\\/aberto-processo-seletivo-para-contratacao-de-professor-em-lajeado\\\/#breadcrumb\",\"itemListElement\":[{\"@type\":\"ListItem\",\"position\":1,\"name\":\"In\u00edcio\",\"item\":\"https:\\\/\\\/folhapopular.info\\\/\"},{\"@type\":\"ListItem\",\"position\":2,\"name\":\"Aberto processo seletivo para contrata\u00e7\u00e3o de professor em Lajeado\"}]},{\"@type\":\"WebSite\",\"@id\":\"https:\\\/\\\/folhapopular.info\\\/#website\",\"url\":\"https:\\\/\\\/folhapopular.info\\\/\",\"name\":\"Folha Popular\",\"description\":\"Onde voc\u00ea tem vez e voz\",\"potentialAction\":[{\"@type\":\"SearchAction\",\"target\":{\"@type\":\"EntryPoint\",\"urlTemplate\":\"https:\\\/\\\/folhapopular.info\\\/?s={search_term_string}\"},\"query-input\":{\"@type\":\"PropertyValueSpecification\",\"valueRequired\":true,\"valueName\":\"search_term_string\"}}],\"inLanguage\":\"pt-BR\"},{\"@type\":\"Person\",\"@id\":\"https:\\\/\\\/folhapopular.info\\\/#\\\/schema\\\/person\\\/2814e8a0df7643585a9ca38bc6eb9d4b\",\"name\":\"Reda\u00e7\u00e3o Folha Popular\",\"image\":{\"@type\":\"ImageObject\",\"inLanguage\":\"pt-BR\",\"@id\":\"https:\\\/\\\/folhapopular.info\\\/wp-content\\\/uploads\\\/2026\\\/04\\\/Folha-1.webp\",\"url\":\"https:\\\/\\\/folhapopular.info\\\/wp-content\\\/uploads\\\/2026\\\/04\\\/Folha-1.webp\",\"contentUrl\":\"https:\\\/\\\/folhapopular.info\\\/wp-content\\\/uploads\\\/2026\\\/04\\\/Folha-1.webp\",\"caption\":\"Reda\u00e7\u00e3o Folha Popular\"},\"url\":\"https:\\\/\\\/folhapopular.info\\\/index.php\\\/author\\\/redacao\\\/\"}]}<\/script>\n<!-- \/ Yoast SEO plugin. -->","yoast_head_json":{"title":"Aberto processo seletivo para contrata\u00e7\u00e3o de professor em Lajeado - Folha Popular","robots":{"index":"index","follow":"follow","max-snippet":"max-snippet:-1","max-image-preview":"max-image-preview:large","max-video-preview":"max-video-preview:-1"},"canonical":"https:\/\/folhapopular.info\/index.php\/2022\/12\/21\/aberto-processo-seletivo-para-contratacao-de-professor-em-lajeado\/","og_locale":"pt_BR","og_type":"article","og_title":"Aberto processo seletivo para contrata\u00e7\u00e3o de professor em Lajeado - Folha Popular","og_description":"A Prefeitura de Lajeado realiza processo seletivo simplificado para a contrata\u00e7\u00e3o de professor de Ci\u00eancias para os anos finais do Ensino Fundamental. As vagas s\u00e3o para cadastro reserva visando a substitui\u00e7\u00e3o de profissionais em licen\u00e7a-sa\u00fade, gestante ou outro afastamento legal. As inscri\u00e7\u00f5es poder\u00e3o ser realizadas somente pelo site da Prefeitura de Lajeado at\u00e9 as 23h59 [&hellip;]","og_url":"https:\/\/folhapopular.info\/index.php\/2022\/12\/21\/aberto-processo-seletivo-para-contratacao-de-professor-em-lajeado\/","og_site_name":"Folha Popular","article_published_time":"2022-12-21T19:51:35+00:00","article_modified_time":"2022-12-21T19:51:39+00:00","og_image":[{"width":2560,"height":1920,"url":"http:\/\/folhapopular.info\/wp-content\/uploads\/2022\/12\/SED.jpg-scaled.jpg","type":"image\/jpeg"}],"author":"Reda\u00e7\u00e3o Folha Popular","twitter_card":"summary_large_image","twitter_misc":{"Escrito por":"Reda\u00e7\u00e3o Folha Popular","Est. tempo de leitura":"1 minuto"},"schema":{"@context":"https:\/\/schema.org","@graph":[{"@type":"Article","@id":"https:\/\/folhapopular.info\/index.php\/2022\/12\/21\/aberto-processo-seletivo-para-contratacao-de-professor-em-lajeado\/#article","isPartOf":{"@id":"https:\/\/folhapopular.info\/index.php\/2022\/12\/21\/aberto-processo-seletivo-para-contratacao-de-professor-em-lajeado\/"},"author":{"name":"Reda\u00e7\u00e3o Folha Popular","@id":"https:\/\/folhapopular.info\/#\/schema\/person\/2814e8a0df7643585a9ca38bc6eb9d4b"},"headline":"Aberto processo seletivo para contrata\u00e7\u00e3o de professor em Lajeado","datePublished":"2022-12-21T19:51:35+00:00","dateModified":"2022-12-21T19:51:39+00:00","mainEntityOfPage":{"@id":"https:\/\/folhapopular.info\/index.php\/2022\/12\/21\/aberto-processo-seletivo-para-contratacao-de-professor-em-lajeado\/"},"wordCount":196,"commentCount":0,"image":{"@id":"https:\/\/folhapopular.info\/index.php\/2022\/12\/21\/aberto-processo-seletivo-para-contratacao-de-professor-em-lajeado\/#primaryimage"},"thumbnailUrl":"https:\/\/folhapopular.info\/wp-content\/uploads\/2022\/12\/SED.jpg-scaled.jpg","keywords":["Cadastro Reserva","Concurso","Educa\u00e7\u00e3o","Lajeado","Professor"],"articleSection":["Destaques","Geral"],"inLanguage":"pt-BR","potentialAction":[{"@type":"CommentAction","name":"Comment","target":["https:\/\/folhapopular.info\/index.php\/2022\/12\/21\/aberto-processo-seletivo-para-contratacao-de-professor-em-lajeado\/#respond"]}]},{"@type":"WebPage","@id":"https:\/\/folhapopular.info\/index.php\/2022\/12\/21\/aberto-processo-seletivo-para-contratacao-de-professor-em-lajeado\/","url":"https:\/\/folhapopular.info\/index.php\/2022\/12\/21\/aberto-processo-seletivo-para-contratacao-de-professor-em-lajeado\/","name":"Aberto processo seletivo para contrata\u00e7\u00e3o de professor em Lajeado - Folha Popular","isPartOf":{"@id":"https:\/\/folhapopular.info\/#website"},"primaryImageOfPage":{"@id":"https:\/\/folhapopular.info\/index.php\/2022\/12\/21\/aberto-processo-seletivo-para-contratacao-de-professor-em-lajeado\/#primaryimage"},"image":{"@id":"https:\/\/folhapopular.info\/index.php\/2022\/12\/21\/aberto-processo-seletivo-para-contratacao-de-professor-em-lajeado\/#primaryimage"},"thumbnailUrl":"https:\/\/folhapopular.info\/wp-content\/uploads\/2022\/12\/SED.jpg-scaled.jpg","datePublished":"2022-12-21T19:51:35+00:00","dateModified":"2022-12-21T19:51:39+00:00","author":{"@id":"https:\/\/folhapopular.info\/#\/schema\/person\/2814e8a0df7643585a9ca38bc6eb9d4b"},"breadcrumb":{"@id":"https:\/\/folhapopular.info\/index.php\/2022\/12\/21\/aberto-processo-seletivo-para-contratacao-de-professor-em-lajeado\/#breadcrumb"},"inLanguage":"pt-BR","potentialAction":[{"@type":"ReadAction","target":["https:\/\/folhapopular.info\/index.php\/2022\/12\/21\/aberto-processo-seletivo-para-contratacao-de-professor-em-lajeado\/"]}]},{"@type":"ImageObject","inLanguage":"pt-BR","@id":"https:\/\/folhapopular.info\/index.php\/2022\/12\/21\/aberto-processo-seletivo-para-contratacao-de-professor-em-lajeado\/#primaryimage","url":"https:\/\/folhapopular.info\/wp-content\/uploads\/2022\/12\/SED.jpg-scaled.jpg","contentUrl":"https:\/\/folhapopular.info\/wp-content\/uploads\/2022\/12\/SED.jpg-scaled.jpg","width":2560,"height":1920,"caption":"Inscri\u00e7\u00f5es devem ser feitas at\u00e9 o dia 30 deste m\u00eas. Cr\u00e9ditos: Divulga\u00e7\u00e3o"},{"@type":"BreadcrumbList","@id":"https:\/\/folhapopular.info\/index.php\/2022\/12\/21\/aberto-processo-seletivo-para-contratacao-de-professor-em-lajeado\/#breadcrumb","itemListElement":[{"@type":"ListItem","position":1,"name":"In\u00edcio","item":"https:\/\/folhapopular.info\/"},{"@type":"ListItem","position":2,"name":"Aberto processo seletivo para contrata\u00e7\u00e3o de professor em Lajeado"}]},{"@type":"WebSite","@id":"https:\/\/folhapopular.info\/#website","url":"https:\/\/folhapopular.info\/","name":"Folha Popular","description":"Onde voc\u00ea tem vez e voz","potentialAction":[{"@type":"SearchAction","target":{"@type":"EntryPoint","urlTemplate":"https:\/\/folhapopular.info\/?s={search_term_string}"},"query-input":{"@type":"PropertyValueSpecification","valueRequired":true,"valueName":"search_term_string"}}],"inLanguage":"pt-BR"},{"@type":"Person","@id":"https:\/\/folhapopular.info\/#\/schema\/person\/2814e8a0df7643585a9ca38bc6eb9d4b","name":"Reda\u00e7\u00e3o Folha Popular","image":{"@type":"ImageObject","inLanguage":"pt-BR","@id":"https:\/\/folhapopular.info\/wp-content\/uploads\/2026\/04\/Folha-1.webp","url":"https:\/\/folhapopular.info\/wp-content\/uploads\/2026\/04\/Folha-1.webp","contentUrl":"https:\/\/folhapopular.info\/wp-content\/uploads\/2026\/04\/Folha-1.webp","caption":"Reda\u00e7\u00e3o Folha Popular"},"url":"https:\/\/folhapopular.info\/index.php\/author\/redacao\/"}]}},"jetpack_featured_media_url":"https:\/\/folhapopular.info\/wp-content\/uploads\/2022\/12\/SED.jpg-scaled.jpg","jetpack_sharing_enabled":true,"amp_enabled":true,"_links":{"self":[{"href":"https:\/\/folhapopular.info\/index.php\/wp-json\/wp\/v2\/posts\/118221","targetHints":{"allow":["GET"]}}],"collection":[{"href":"https:\/\/folhapopular.info\/index.php\/wp-json\/wp\/v2\/posts"}],"about":[{"href":"https:\/\/folhapopular.info\/index.php\/wp-json\/wp\/v2\/types\/post"}],"author":[{"embeddable":true,"href":"https:\/\/folhapopular.info\/index.php\/wp-json\/wp\/v2\/users\/8"}],"replies":[{"embeddable":true,"href":"https:\/\/folhapopular.info\/index.php\/wp-json\/wp\/v2\/comments?post=118221"}],"version-history":[{"count":0,"href":"https:\/\/folhapopular.info\/index.php\/wp-json\/wp\/v2\/posts\/118221\/revisions"}],"wp:featuredmedia":[{"embeddable":true,"href":"https:\/\/folhapopular.info\/index.php\/wp-json\/wp\/v2\/media\/118225"}],"wp:attachment":[{"href":"https:\/\/folhapopular.info\/index.php\/wp-json\/wp\/v2\/media?parent=118221"}],"wp:term":[{"taxonomy":"category","embeddable":true,"href":"https:\/\/folhapopular.info\/index.php\/wp-json\/wp\/v2\/categories?post=118221"},{"taxonomy":"post_tag","embeddable":true,"href":"https:\/\/folhapopular.info\/index.php\/wp-json\/wp\/v2\/tags?post=118221"}],"curies":[{"name":"wp","href":"https:\/\/api.w.org\/{rel}","templated":true}]}}