{"id":118587,"date":"2022-12-29T13:45:14","date_gmt":"2022-12-29T16:45:14","guid":{"rendered":"https:\/\/folhapopular.info\/?p=118587"},"modified":"2022-12-29T13:45:19","modified_gmt":"2022-12-29T16:45:19","slug":"imigrante-abre-processo-seletivo-para-15-vagas","status":"publish","type":"post","link":"https:\/\/folhapopular.info\/index.php\/2022\/12\/29\/imigrante-abre-processo-seletivo-para-15-vagas\/","title":{"rendered":"Imigrante abre processo seletivo para 15 vagas"},"content":{"rendered":"\n<p>Est\u00e3o abertas as inscri\u00e7\u00f5es para o Processo Seletivo Simplificado no munic\u00edpio de Imigrante. O prazo final \u00e9 at\u00e9 sexta-feira (30\/12). As vagas dispon\u00edveis s\u00e3o para nutricionista, monitores educacionais e professores. <\/p>\n\n\n\n<p>A escolha dos candidatos ser\u00e1 feita por meio de avalia\u00e7\u00e3o de pontua\u00e7\u00e3o por instru\u00e7\u00e3o, experi\u00eancia anterior no cargo e avalia\u00e7\u00e3o curricular de t\u00edtulos. O per\u00edodo de contrata\u00e7\u00e3o ser\u00e1 de seis meses e pode ser prorrogado.<\/p>\n\n\n\n<p>As inscri\u00e7\u00f5es devem ser realizadas na Prefeitura de\u00a0Imigrante, localizada na Rua Castelo Branco, 15, Centro), das 8h as 11h e das 13h30 as 16h30. O Edital e seus Anexos, e as demais informa\u00e7\u00f5es poder\u00e3o ser obtidos pelo <a href=\"https:\/\/www.imigrante-rs.com.br\">site<\/a> da Prefeitura ou pelo telefone (51) 3754.1100 no Departamento Pessoal.<\/p>\n\n\n\n<p><strong>Detalhes das vagas<\/strong><br>&#8211; O profissional da \u00e1rea da nutri\u00e7\u00e3o dever\u00e1 cumprir 20 horas semanais. O sal\u00e1rio b\u00e1sico mensal \u00e9 de R$ 3.379,38 mais aux\u00edlio-alimenta\u00e7\u00e3o.<\/p>\n\n\n\n<p>&#8211; Para monitores educacionais, s\u00e3o seis vagas, mais cadastro reserva, cumprindo 40h semanais. O sal\u00e1rio b\u00e1sico mensal \u00e9 de R$ 1.967,61 mais aux\u00edlio-alimenta\u00e7\u00e3o. O requisito \u00e9 ter ensino m\u00e9dio completo e idade m\u00ednima de 18 anos.<\/p>\n\n\n\n<p>&#8211; Professores: educa\u00e7\u00e3o infantil e anos iniciais do ensino fundamental (cinco vagas), educa\u00e7\u00e3o f\u00edsica (uma vaga), matem\u00e1tica (uma vaga) e l\u00edngua portuguesa\/l\u00edngua inglesa (uma vaga). <br>As vagas de educa\u00e7\u00e3o infantil e anos iniciais do ensino fundamental, educa\u00e7\u00e3o f\u00edsica e matem\u00e1tica dever\u00e3o cumprir 22h semanais, com sal\u00e1rio b\u00e1sico mensal R$2.597,00 mais aux\u00edlio-alimenta\u00e7\u00e3o. J\u00e1 para Professor de l\u00edngua inglesa\/portuguesa s\u00e3o 30h semanais, com sal\u00e1rio de R$3.541,36.<\/p>\n","protected":false},"excerpt":{"rendered":"<p>Est\u00e3o abertas as inscri\u00e7\u00f5es para o Processo Seletivo Simplificado no munic\u00edpio de Imigrante. O prazo final \u00e9 at\u00e9 sexta-feira (30\/12). As vagas dispon\u00edveis s\u00e3o para nutricionista, monitores educacionais e professores. A escolha dos candidatos ser\u00e1 feita por meio de avalia\u00e7\u00e3o de pontua\u00e7\u00e3o por instru\u00e7\u00e3o, experi\u00eancia anterior no cargo e avalia\u00e7\u00e3o curricular de t\u00edtulos. O per\u00edodo [&hellip;]<\/p>\n","protected":false},"author":8,"featured_media":118588,"comment_status":"open","ping_status":"open","sticky":false,"template":"","format":"standard","meta":{"pmpro_default_level":"","_jetpack_memberships_contains_paid_content":false,"footnotes":""},"categories":[2,3],"tags":[2095,34,481],"class_list":{"0":"post-118587","1":"post","2":"type-post","3":"status-publish","4":"format-standard","5":"has-post-thumbnail","7":"category-featured","8":"category-geral","9":"tag-contratacao","10":"tag-imigrante","11":"tag-processo-seletivo","12":"pmpro-has-access"},"yoast_head":"<!-- This site is optimized with the Yoast SEO plugin v27.5 - https:\/\/yoast.com\/product\/yoast-seo-wordpress\/ -->\n<title>Imigrante abre processo seletivo para 15 vagas - Folha Popular<\/title>\n<meta name=\"robots\" content=\"index, follow, max-snippet:-1, max-image-preview:large, max-video-preview:-1\" \/>\n<link rel=\"canonical\" href=\"https:\/\/folhapopular.info\/index.php\/2022\/12\/29\/imigrante-abre-processo-seletivo-para-15-vagas\/\" \/>\n<meta property=\"og:locale\" content=\"pt_BR\" \/>\n<meta property=\"og:type\" content=\"article\" \/>\n<meta property=\"og:title\" content=\"Imigrante abre processo seletivo para 15 vagas - Folha Popular\" \/>\n<meta property=\"og:description\" content=\"Est\u00e3o abertas as inscri\u00e7\u00f5es para o Processo Seletivo Simplificado no munic\u00edpio de Imigrante. O prazo final \u00e9 at\u00e9 sexta-feira (30\/12). As vagas dispon\u00edveis s\u00e3o para nutricionista, monitores educacionais e professores. A escolha dos candidatos ser\u00e1 feita por meio de avalia\u00e7\u00e3o de pontua\u00e7\u00e3o por instru\u00e7\u00e3o, experi\u00eancia anterior no cargo e avalia\u00e7\u00e3o curricular de t\u00edtulos. O per\u00edodo [&hellip;]\" \/>\n<meta property=\"og:url\" content=\"https:\/\/folhapopular.info\/index.php\/2022\/12\/29\/imigrante-abre-processo-seletivo-para-15-vagas\/\" \/>\n<meta property=\"og:site_name\" content=\"Folha Popular\" \/>\n<meta property=\"article:published_time\" content=\"2022-12-29T16:45:14+00:00\" \/>\n<meta property=\"article:modified_time\" content=\"2022-12-29T16:45:19+00:00\" \/>\n<meta property=\"og:image\" content=\"http:\/\/folhapopular.info\/wp-content\/uploads\/2022\/12\/pexels-ketut-subiyanto-4962995-scaled-e1672332305575.jpg\" \/>\n\t<meta property=\"og:image:width\" content=\"1200\" \/>\n\t<meta property=\"og:image:height\" content=\"660\" \/>\n\t<meta property=\"og:image:type\" content=\"image\/jpeg\" \/>\n<meta name=\"author\" content=\"Reda\u00e7\u00e3o Folha Popular\" \/>\n<meta name=\"twitter:card\" content=\"summary_large_image\" \/>\n<meta name=\"twitter:label1\" content=\"Escrito por\" \/>\n\t<meta name=\"twitter:data1\" content=\"Reda\u00e7\u00e3o Folha Popular\" \/>\n\t<meta name=\"twitter:label2\" content=\"Est. tempo de leitura\" \/>\n\t<meta name=\"twitter:data2\" content=\"2 minutos\" \/>\n<script type=\"application\/ld+json\" class=\"yoast-schema-graph\">{\"@context\":\"https:\\\/\\\/schema.org\",\"@graph\":[{\"@type\":\"Article\",\"@id\":\"https:\\\/\\\/folhapopular.info\\\/index.php\\\/2022\\\/12\\\/29\\\/imigrante-abre-processo-seletivo-para-15-vagas\\\/#article\",\"isPartOf\":{\"@id\":\"https:\\\/\\\/folhapopular.info\\\/index.php\\\/2022\\\/12\\\/29\\\/imigrante-abre-processo-seletivo-para-15-vagas\\\/\"},\"author\":{\"name\":\"Reda\u00e7\u00e3o Folha Popular\",\"@id\":\"https:\\\/\\\/folhapopular.info\\\/#\\\/schema\\\/person\\\/2814e8a0df7643585a9ca38bc6eb9d4b\"},\"headline\":\"Imigrante abre processo seletivo para 15 vagas\",\"datePublished\":\"2022-12-29T16:45:14+00:00\",\"dateModified\":\"2022-12-29T16:45:19+00:00\",\"mainEntityOfPage\":{\"@id\":\"https:\\\/\\\/folhapopular.info\\\/index.php\\\/2022\\\/12\\\/29\\\/imigrante-abre-processo-seletivo-para-15-vagas\\\/\"},\"wordCount\":281,\"commentCount\":0,\"image\":{\"@id\":\"https:\\\/\\\/folhapopular.info\\\/index.php\\\/2022\\\/12\\\/29\\\/imigrante-abre-processo-seletivo-para-15-vagas\\\/#primaryimage\"},\"thumbnailUrl\":\"https:\\\/\\\/folhapopular.info\\\/wp-content\\\/uploads\\\/2022\\\/12\\\/pexels-ketut-subiyanto-4962995-scaled-e1672332305575.jpg\",\"keywords\":[\"Contrata\u00e7\u00e3o\",\"Imigrante\",\"Processo Seletivo\"],\"articleSection\":[\"Destaques\",\"Geral\"],\"inLanguage\":\"pt-BR\",\"potentialAction\":[{\"@type\":\"CommentAction\",\"name\":\"Comment\",\"target\":[\"https:\\\/\\\/folhapopular.info\\\/index.php\\\/2022\\\/12\\\/29\\\/imigrante-abre-processo-seletivo-para-15-vagas\\\/#respond\"]}]},{\"@type\":\"WebPage\",\"@id\":\"https:\\\/\\\/folhapopular.info\\\/index.php\\\/2022\\\/12\\\/29\\\/imigrante-abre-processo-seletivo-para-15-vagas\\\/\",\"url\":\"https:\\\/\\\/folhapopular.info\\\/index.php\\\/2022\\\/12\\\/29\\\/imigrante-abre-processo-seletivo-para-15-vagas\\\/\",\"name\":\"Imigrante abre processo seletivo para 15 vagas - Folha Popular\",\"isPartOf\":{\"@id\":\"https:\\\/\\\/folhapopular.info\\\/#website\"},\"primaryImageOfPage\":{\"@id\":\"https:\\\/\\\/folhapopular.info\\\/index.php\\\/2022\\\/12\\\/29\\\/imigrante-abre-processo-seletivo-para-15-vagas\\\/#primaryimage\"},\"image\":{\"@id\":\"https:\\\/\\\/folhapopular.info\\\/index.php\\\/2022\\\/12\\\/29\\\/imigrante-abre-processo-seletivo-para-15-vagas\\\/#primaryimage\"},\"thumbnailUrl\":\"https:\\\/\\\/folhapopular.info\\\/wp-content\\\/uploads\\\/2022\\\/12\\\/pexels-ketut-subiyanto-4962995-scaled-e1672332305575.jpg\",\"datePublished\":\"2022-12-29T16:45:14+00:00\",\"dateModified\":\"2022-12-29T16:45:19+00:00\",\"author\":{\"@id\":\"https:\\\/\\\/folhapopular.info\\\/#\\\/schema\\\/person\\\/2814e8a0df7643585a9ca38bc6eb9d4b\"},\"breadcrumb\":{\"@id\":\"https:\\\/\\\/folhapopular.info\\\/index.php\\\/2022\\\/12\\\/29\\\/imigrante-abre-processo-seletivo-para-15-vagas\\\/#breadcrumb\"},\"inLanguage\":\"pt-BR\",\"potentialAction\":[{\"@type\":\"ReadAction\",\"target\":[\"https:\\\/\\\/folhapopular.info\\\/index.php\\\/2022\\\/12\\\/29\\\/imigrante-abre-processo-seletivo-para-15-vagas\\\/\"]}]},{\"@type\":\"ImageObject\",\"inLanguage\":\"pt-BR\",\"@id\":\"https:\\\/\\\/folhapopular.info\\\/index.php\\\/2022\\\/12\\\/29\\\/imigrante-abre-processo-seletivo-para-15-vagas\\\/#primaryimage\",\"url\":\"https:\\\/\\\/folhapopular.info\\\/wp-content\\\/uploads\\\/2022\\\/12\\\/pexels-ketut-subiyanto-4962995-scaled-e1672332305575.jpg\",\"contentUrl\":\"https:\\\/\\\/folhapopular.info\\\/wp-content\\\/uploads\\\/2022\\\/12\\\/pexels-ketut-subiyanto-4962995-scaled-e1672332305575.jpg\",\"width\":1200,\"height\":660,\"caption\":\"O per\u00edodo de contrata\u00e7\u00e3o ser\u00e1 de seis meses e pode ser prorrogado \\\/ Cr\u00e9dito: Ketut Subiyanto \\\/ Pexels \\\/ Divulga\u00e7\u00e3o\"},{\"@type\":\"BreadcrumbList\",\"@id\":\"https:\\\/\\\/folhapopular.info\\\/index.php\\\/2022\\\/12\\\/29\\\/imigrante-abre-processo-seletivo-para-15-vagas\\\/#breadcrumb\",\"itemListElement\":[{\"@type\":\"ListItem\",\"position\":1,\"name\":\"In\u00edcio\",\"item\":\"https:\\\/\\\/folhapopular.info\\\/\"},{\"@type\":\"ListItem\",\"position\":2,\"name\":\"Imigrante abre processo seletivo para 15 vagas\"}]},{\"@type\":\"WebSite\",\"@id\":\"https:\\\/\\\/folhapopular.info\\\/#website\",\"url\":\"https:\\\/\\\/folhapopular.info\\\/\",\"name\":\"Folha Popular\",\"description\":\"Onde voc\u00ea tem vez e voz\",\"potentialAction\":[{\"@type\":\"SearchAction\",\"target\":{\"@type\":\"EntryPoint\",\"urlTemplate\":\"https:\\\/\\\/folhapopular.info\\\/?s={search_term_string}\"},\"query-input\":{\"@type\":\"PropertyValueSpecification\",\"valueRequired\":true,\"valueName\":\"search_term_string\"}}],\"inLanguage\":\"pt-BR\"},{\"@type\":\"Person\",\"@id\":\"https:\\\/\\\/folhapopular.info\\\/#\\\/schema\\\/person\\\/2814e8a0df7643585a9ca38bc6eb9d4b\",\"name\":\"Reda\u00e7\u00e3o Folha Popular\",\"image\":{\"@type\":\"ImageObject\",\"inLanguage\":\"pt-BR\",\"@id\":\"https:\\\/\\\/folhapopular.info\\\/wp-content\\\/uploads\\\/2026\\\/04\\\/Folha-1.webp\",\"url\":\"https:\\\/\\\/folhapopular.info\\\/wp-content\\\/uploads\\\/2026\\\/04\\\/Folha-1.webp\",\"contentUrl\":\"https:\\\/\\\/folhapopular.info\\\/wp-content\\\/uploads\\\/2026\\\/04\\\/Folha-1.webp\",\"caption\":\"Reda\u00e7\u00e3o Folha Popular\"},\"url\":\"https:\\\/\\\/folhapopular.info\\\/index.php\\\/author\\\/redacao\\\/\"}]}<\/script>\n<!-- \/ Yoast SEO plugin. -->","yoast_head_json":{"title":"Imigrante abre processo seletivo para 15 vagas - Folha Popular","robots":{"index":"index","follow":"follow","max-snippet":"max-snippet:-1","max-image-preview":"max-image-preview:large","max-video-preview":"max-video-preview:-1"},"canonical":"https:\/\/folhapopular.info\/index.php\/2022\/12\/29\/imigrante-abre-processo-seletivo-para-15-vagas\/","og_locale":"pt_BR","og_type":"article","og_title":"Imigrante abre processo seletivo para 15 vagas - Folha Popular","og_description":"Est\u00e3o abertas as inscri\u00e7\u00f5es para o Processo Seletivo Simplificado no munic\u00edpio de Imigrante. O prazo final \u00e9 at\u00e9 sexta-feira (30\/12). As vagas dispon\u00edveis s\u00e3o para nutricionista, monitores educacionais e professores. A escolha dos candidatos ser\u00e1 feita por meio de avalia\u00e7\u00e3o de pontua\u00e7\u00e3o por instru\u00e7\u00e3o, experi\u00eancia anterior no cargo e avalia\u00e7\u00e3o curricular de t\u00edtulos. O per\u00edodo [&hellip;]","og_url":"https:\/\/folhapopular.info\/index.php\/2022\/12\/29\/imigrante-abre-processo-seletivo-para-15-vagas\/","og_site_name":"Folha Popular","article_published_time":"2022-12-29T16:45:14+00:00","article_modified_time":"2022-12-29T16:45:19+00:00","og_image":[{"width":1200,"height":660,"url":"http:\/\/folhapopular.info\/wp-content\/uploads\/2022\/12\/pexels-ketut-subiyanto-4962995-scaled-e1672332305575.jpg","type":"image\/jpeg"}],"author":"Reda\u00e7\u00e3o Folha Popular","twitter_card":"summary_large_image","twitter_misc":{"Escrito por":"Reda\u00e7\u00e3o Folha Popular","Est. tempo de leitura":"2 minutos"},"schema":{"@context":"https:\/\/schema.org","@graph":[{"@type":"Article","@id":"https:\/\/folhapopular.info\/index.php\/2022\/12\/29\/imigrante-abre-processo-seletivo-para-15-vagas\/#article","isPartOf":{"@id":"https:\/\/folhapopular.info\/index.php\/2022\/12\/29\/imigrante-abre-processo-seletivo-para-15-vagas\/"},"author":{"name":"Reda\u00e7\u00e3o Folha Popular","@id":"https:\/\/folhapopular.info\/#\/schema\/person\/2814e8a0df7643585a9ca38bc6eb9d4b"},"headline":"Imigrante abre processo seletivo para 15 vagas","datePublished":"2022-12-29T16:45:14+00:00","dateModified":"2022-12-29T16:45:19+00:00","mainEntityOfPage":{"@id":"https:\/\/folhapopular.info\/index.php\/2022\/12\/29\/imigrante-abre-processo-seletivo-para-15-vagas\/"},"wordCount":281,"commentCount":0,"image":{"@id":"https:\/\/folhapopular.info\/index.php\/2022\/12\/29\/imigrante-abre-processo-seletivo-para-15-vagas\/#primaryimage"},"thumbnailUrl":"https:\/\/folhapopular.info\/wp-content\/uploads\/2022\/12\/pexels-ketut-subiyanto-4962995-scaled-e1672332305575.jpg","keywords":["Contrata\u00e7\u00e3o","Imigrante","Processo Seletivo"],"articleSection":["Destaques","Geral"],"inLanguage":"pt-BR","potentialAction":[{"@type":"CommentAction","name":"Comment","target":["https:\/\/folhapopular.info\/index.php\/2022\/12\/29\/imigrante-abre-processo-seletivo-para-15-vagas\/#respond"]}]},{"@type":"WebPage","@id":"https:\/\/folhapopular.info\/index.php\/2022\/12\/29\/imigrante-abre-processo-seletivo-para-15-vagas\/","url":"https:\/\/folhapopular.info\/index.php\/2022\/12\/29\/imigrante-abre-processo-seletivo-para-15-vagas\/","name":"Imigrante abre processo seletivo para 15 vagas - Folha Popular","isPartOf":{"@id":"https:\/\/folhapopular.info\/#website"},"primaryImageOfPage":{"@id":"https:\/\/folhapopular.info\/index.php\/2022\/12\/29\/imigrante-abre-processo-seletivo-para-15-vagas\/#primaryimage"},"image":{"@id":"https:\/\/folhapopular.info\/index.php\/2022\/12\/29\/imigrante-abre-processo-seletivo-para-15-vagas\/#primaryimage"},"thumbnailUrl":"https:\/\/folhapopular.info\/wp-content\/uploads\/2022\/12\/pexels-ketut-subiyanto-4962995-scaled-e1672332305575.jpg","datePublished":"2022-12-29T16:45:14+00:00","dateModified":"2022-12-29T16:45:19+00:00","author":{"@id":"https:\/\/folhapopular.info\/#\/schema\/person\/2814e8a0df7643585a9ca38bc6eb9d4b"},"breadcrumb":{"@id":"https:\/\/folhapopular.info\/index.php\/2022\/12\/29\/imigrante-abre-processo-seletivo-para-15-vagas\/#breadcrumb"},"inLanguage":"pt-BR","potentialAction":[{"@type":"ReadAction","target":["https:\/\/folhapopular.info\/index.php\/2022\/12\/29\/imigrante-abre-processo-seletivo-para-15-vagas\/"]}]},{"@type":"ImageObject","inLanguage":"pt-BR","@id":"https:\/\/folhapopular.info\/index.php\/2022\/12\/29\/imigrante-abre-processo-seletivo-para-15-vagas\/#primaryimage","url":"https:\/\/folhapopular.info\/wp-content\/uploads\/2022\/12\/pexels-ketut-subiyanto-4962995-scaled-e1672332305575.jpg","contentUrl":"https:\/\/folhapopular.info\/wp-content\/uploads\/2022\/12\/pexels-ketut-subiyanto-4962995-scaled-e1672332305575.jpg","width":1200,"height":660,"caption":"O per\u00edodo de contrata\u00e7\u00e3o ser\u00e1 de seis meses e pode ser prorrogado \/ Cr\u00e9dito: Ketut Subiyanto \/ Pexels \/ Divulga\u00e7\u00e3o"},{"@type":"BreadcrumbList","@id":"https:\/\/folhapopular.info\/index.php\/2022\/12\/29\/imigrante-abre-processo-seletivo-para-15-vagas\/#breadcrumb","itemListElement":[{"@type":"ListItem","position":1,"name":"In\u00edcio","item":"https:\/\/folhapopular.info\/"},{"@type":"ListItem","position":2,"name":"Imigrante abre processo seletivo para 15 vagas"}]},{"@type":"WebSite","@id":"https:\/\/folhapopular.info\/#website","url":"https:\/\/folhapopular.info\/","name":"Folha Popular","description":"Onde voc\u00ea tem vez e voz","potentialAction":[{"@type":"SearchAction","target":{"@type":"EntryPoint","urlTemplate":"https:\/\/folhapopular.info\/?s={search_term_string}"},"query-input":{"@type":"PropertyValueSpecification","valueRequired":true,"valueName":"search_term_string"}}],"inLanguage":"pt-BR"},{"@type":"Person","@id":"https:\/\/folhapopular.info\/#\/schema\/person\/2814e8a0df7643585a9ca38bc6eb9d4b","name":"Reda\u00e7\u00e3o Folha Popular","image":{"@type":"ImageObject","inLanguage":"pt-BR","@id":"https:\/\/folhapopular.info\/wp-content\/uploads\/2026\/04\/Folha-1.webp","url":"https:\/\/folhapopular.info\/wp-content\/uploads\/2026\/04\/Folha-1.webp","contentUrl":"https:\/\/folhapopular.info\/wp-content\/uploads\/2026\/04\/Folha-1.webp","caption":"Reda\u00e7\u00e3o Folha Popular"},"url":"https:\/\/folhapopular.info\/index.php\/author\/redacao\/"}]}},"jetpack_featured_media_url":"https:\/\/folhapopular.info\/wp-content\/uploads\/2022\/12\/pexels-ketut-subiyanto-4962995-scaled-e1672332305575.jpg","jetpack_sharing_enabled":true,"amp_enabled":true,"_links":{"self":[{"href":"https:\/\/folhapopular.info\/index.php\/wp-json\/wp\/v2\/posts\/118587","targetHints":{"allow":["GET"]}}],"collection":[{"href":"https:\/\/folhapopular.info\/index.php\/wp-json\/wp\/v2\/posts"}],"about":[{"href":"https:\/\/folhapopular.info\/index.php\/wp-json\/wp\/v2\/types\/post"}],"author":[{"embeddable":true,"href":"https:\/\/folhapopular.info\/index.php\/wp-json\/wp\/v2\/users\/8"}],"replies":[{"embeddable":true,"href":"https:\/\/folhapopular.info\/index.php\/wp-json\/wp\/v2\/comments?post=118587"}],"version-history":[{"count":0,"href":"https:\/\/folhapopular.info\/index.php\/wp-json\/wp\/v2\/posts\/118587\/revisions"}],"wp:featuredmedia":[{"embeddable":true,"href":"https:\/\/folhapopular.info\/index.php\/wp-json\/wp\/v2\/media\/118588"}],"wp:attachment":[{"href":"https:\/\/folhapopular.info\/index.php\/wp-json\/wp\/v2\/media?parent=118587"}],"wp:term":[{"taxonomy":"category","embeddable":true,"href":"https:\/\/folhapopular.info\/index.php\/wp-json\/wp\/v2\/categories?post=118587"},{"taxonomy":"post_tag","embeddable":true,"href":"https:\/\/folhapopular.info\/index.php\/wp-json\/wp\/v2\/tags?post=118587"}],"curies":[{"name":"wp","href":"https:\/\/api.w.org\/{rel}","templated":true}]}}