{"id":118800,"date":"2023-01-04T13:31:27","date_gmt":"2023-01-04T16:31:27","guid":{"rendered":"https:\/\/folhapopular.info\/?p=118800"},"modified":"2023-01-04T13:31:30","modified_gmt":"2023-01-04T16:31:30","slug":"periodo-de-confirmacao-das-matriculas-nas-escolas-estaduais-segue-ate-13-de-janeiro","status":"publish","type":"post","link":"https:\/\/folhapopular.info\/index.php\/2023\/01\/04\/periodo-de-confirmacao-das-matriculas-nas-escolas-estaduais-segue-ate-13-de-janeiro\/","title":{"rendered":"Per\u00edodo de confirma\u00e7\u00e3o das matr\u00edculas nas escolas estaduais segue at\u00e9 13 de janeiro"},"content":{"rendered":"\n<p>O per\u00edodo de confirma\u00e7\u00e3o das matr\u00edculas da Rede Estadual para o ano letivo de 2023 segue at\u00e9 sexta-feira (13\/1\u00ba) diretamente na escola para onde o candidato foi designado. <\/p>\n\n\n\n<p>Para isso, \u00e9 necess\u00e1rio que pais ou respons\u00e1veis apresentem a documenta\u00e7\u00e3o necess\u00e1ria para a efetiva\u00e7\u00e3o da vaga. O procedimento de entrega dos documentos e a confirma\u00e7\u00e3o da matr\u00edcula de forma presencial nas institui\u00e7\u00f5es de ensino s\u00e3o necess\u00e1rios para que o estudante garanta a sua vaga.<\/p>\n\n\n\n<p>Devem ser entregues os seguintes documentos: <br>Certid\u00e3o de nascimento ou RG do aluno<br>Comprovante de escolaridade do aluno<br>Comprovante de resid\u00eancia do respons\u00e1vel<br>RG do respons\u00e1vel<\/p>\n\n\n\n<p>Para estudantes do 1\u00ba Ano do Ensino Fundamental: CNS (Cart\u00e3o Nacional de Sa\u00fade), NIS (N\u00famero de Identifica\u00e7\u00e3o Social) e atestado de vacina\u00e7\u00e3o.<\/p>\n\n\n\n<p><strong>Alunos n\u00e3o designados<\/strong><br>Em casos espec\u00edficos de n\u00e3o designa\u00e7\u00e3o, a Secretaria Estadual da Educa\u00e7\u00e3o refor\u00e7a que os pais ou respons\u00e1veis devem entrar em contato diretamente com a Central de Matr\u00edculas de Porto Alegre pelos telefones (51) 3288-4895, (51) 3288-4894 ou (51) 3288-4892.<\/p>\n\n\n\n<p>O contato tamb\u00e9m pode ser feito pelo <a href=\"central-portoalegre@seduc.rs.gov.br\">e-mail<\/a> ou presencialmente no pr\u00e9dio anexo do 2\u00ba andar do Centro Administrativo Fernando Ferrari (Caff). O hor\u00e1rio de funcionamento da Central de Matr\u00edculas de Porto Alegre \u00e9 das 8h30 as 11h30 e das 13h30 as 17h30.<\/p>\n\n\n\n<p>Os servidores da Seduc estar\u00e3o \u00e0 disposi\u00e7\u00e3o para solucionar cada um dos casos de forma conjunta com as fam\u00edlias e nenhum estudante ficar\u00e1 sem vaga na Rede Estadual de Ensino.<\/p>\n","protected":false},"excerpt":{"rendered":"<p>O per\u00edodo de confirma\u00e7\u00e3o das matr\u00edculas da Rede Estadual para o ano letivo de 2023 segue at\u00e9 sexta-feira (13\/1\u00ba) diretamente na escola para onde o candidato foi designado. Para isso, \u00e9 necess\u00e1rio que pais ou respons\u00e1veis apresentem a documenta\u00e7\u00e3o necess\u00e1ria para a efetiva\u00e7\u00e3o da vaga. O procedimento de entrega dos documentos e a confirma\u00e7\u00e3o da [&hellip;]<\/p>\n","protected":false},"author":8,"featured_media":118801,"comment_status":"open","ping_status":"open","sticky":false,"template":"","format":"standard","meta":{"pmpro_default_level":"","_jetpack_memberships_contains_paid_content":false,"footnotes":""},"categories":[2,3],"tags":[5155,647,176,1396],"class_list":{"0":"post-118800","1":"post","2":"type-post","3":"status-publish","4":"format-standard","5":"has-post-thumbnail","7":"category-featured","8":"category-geral","9":"tag-alunos","10":"tag-escolas-estaduais","11":"tag-estado","12":"tag-matriculas","13":"pmpro-has-access"},"yoast_head":"<!-- This site is optimized with the Yoast SEO plugin v27.5 - https:\/\/yoast.com\/product\/yoast-seo-wordpress\/ -->\n<title>Per\u00edodo de confirma\u00e7\u00e3o das matr\u00edculas nas escolas estaduais segue at\u00e9 13 de janeiro - Folha Popular<\/title>\n<meta name=\"robots\" content=\"index, follow, max-snippet:-1, max-image-preview:large, max-video-preview:-1\" \/>\n<link rel=\"canonical\" href=\"https:\/\/folhapopular.info\/index.php\/2023\/01\/04\/periodo-de-confirmacao-das-matriculas-nas-escolas-estaduais-segue-ate-13-de-janeiro\/\" \/>\n<meta property=\"og:locale\" content=\"pt_BR\" \/>\n<meta property=\"og:type\" content=\"article\" \/>\n<meta property=\"og:title\" content=\"Per\u00edodo de confirma\u00e7\u00e3o das matr\u00edculas nas escolas estaduais segue at\u00e9 13 de janeiro - Folha Popular\" \/>\n<meta property=\"og:description\" content=\"O per\u00edodo de confirma\u00e7\u00e3o das matr\u00edculas da Rede Estadual para o ano letivo de 2023 segue at\u00e9 sexta-feira (13\/1\u00ba) diretamente na escola para onde o candidato foi designado. Para isso, \u00e9 necess\u00e1rio que pais ou respons\u00e1veis apresentem a documenta\u00e7\u00e3o necess\u00e1ria para a efetiva\u00e7\u00e3o da vaga. O procedimento de entrega dos documentos e a confirma\u00e7\u00e3o da [&hellip;]\" \/>\n<meta property=\"og:url\" content=\"https:\/\/folhapopular.info\/index.php\/2023\/01\/04\/periodo-de-confirmacao-das-matriculas-nas-escolas-estaduais-segue-ate-13-de-janeiro\/\" \/>\n<meta property=\"og:site_name\" content=\"Folha Popular\" \/>\n<meta property=\"article:published_time\" content=\"2023-01-04T16:31:27+00:00\" \/>\n<meta property=\"article:modified_time\" content=\"2023-01-04T16:31:30+00:00\" \/>\n<meta property=\"og:image\" content=\"http:\/\/folhapopular.info\/wp-content\/uploads\/2023\/01\/pexels-pixabay-256395-scaled-e1672849704283.jpg\" \/>\n\t<meta property=\"og:image:width\" content=\"1200\" \/>\n\t<meta property=\"og:image:height\" content=\"800\" \/>\n\t<meta property=\"og:image:type\" content=\"image\/jpeg\" \/>\n<meta name=\"author\" content=\"Reda\u00e7\u00e3o Folha Popular\" \/>\n<meta name=\"twitter:card\" content=\"summary_large_image\" \/>\n<meta name=\"twitter:label1\" content=\"Escrito por\" \/>\n\t<meta name=\"twitter:data1\" content=\"Reda\u00e7\u00e3o Folha Popular\" \/>\n\t<meta name=\"twitter:label2\" content=\"Est. tempo de leitura\" \/>\n\t<meta name=\"twitter:data2\" content=\"2 minutos\" \/>\n<script type=\"application\/ld+json\" class=\"yoast-schema-graph\">{\"@context\":\"https:\\\/\\\/schema.org\",\"@graph\":[{\"@type\":\"Article\",\"@id\":\"https:\\\/\\\/folhapopular.info\\\/index.php\\\/2023\\\/01\\\/04\\\/periodo-de-confirmacao-das-matriculas-nas-escolas-estaduais-segue-ate-13-de-janeiro\\\/#article\",\"isPartOf\":{\"@id\":\"https:\\\/\\\/folhapopular.info\\\/index.php\\\/2023\\\/01\\\/04\\\/periodo-de-confirmacao-das-matriculas-nas-escolas-estaduais-segue-ate-13-de-janeiro\\\/\"},\"author\":{\"name\":\"Reda\u00e7\u00e3o Folha Popular\",\"@id\":\"https:\\\/\\\/folhapopular.info\\\/#\\\/schema\\\/person\\\/2814e8a0df7643585a9ca38bc6eb9d4b\"},\"headline\":\"Per\u00edodo de confirma\u00e7\u00e3o das matr\u00edculas nas escolas estaduais segue at\u00e9 13 de janeiro\",\"datePublished\":\"2023-01-04T16:31:27+00:00\",\"dateModified\":\"2023-01-04T16:31:30+00:00\",\"mainEntityOfPage\":{\"@id\":\"https:\\\/\\\/folhapopular.info\\\/index.php\\\/2023\\\/01\\\/04\\\/periodo-de-confirmacao-das-matriculas-nas-escolas-estaduais-segue-ate-13-de-janeiro\\\/\"},\"wordCount\":275,\"commentCount\":0,\"image\":{\"@id\":\"https:\\\/\\\/folhapopular.info\\\/index.php\\\/2023\\\/01\\\/04\\\/periodo-de-confirmacao-das-matriculas-nas-escolas-estaduais-segue-ate-13-de-janeiro\\\/#primaryimage\"},\"thumbnailUrl\":\"https:\\\/\\\/folhapopular.info\\\/wp-content\\\/uploads\\\/2023\\\/01\\\/pexels-pixabay-256395-scaled-e1672849704283.jpg\",\"keywords\":[\"alunos\",\"Escolas Estaduais\",\"Estado\",\"Matr\u00edculas\"],\"articleSection\":[\"Destaques\",\"Geral\"],\"inLanguage\":\"pt-BR\",\"potentialAction\":[{\"@type\":\"CommentAction\",\"name\":\"Comment\",\"target\":[\"https:\\\/\\\/folhapopular.info\\\/index.php\\\/2023\\\/01\\\/04\\\/periodo-de-confirmacao-das-matriculas-nas-escolas-estaduais-segue-ate-13-de-janeiro\\\/#respond\"]}]},{\"@type\":\"WebPage\",\"@id\":\"https:\\\/\\\/folhapopular.info\\\/index.php\\\/2023\\\/01\\\/04\\\/periodo-de-confirmacao-das-matriculas-nas-escolas-estaduais-segue-ate-13-de-janeiro\\\/\",\"url\":\"https:\\\/\\\/folhapopular.info\\\/index.php\\\/2023\\\/01\\\/04\\\/periodo-de-confirmacao-das-matriculas-nas-escolas-estaduais-segue-ate-13-de-janeiro\\\/\",\"name\":\"Per\u00edodo de confirma\u00e7\u00e3o das matr\u00edculas nas escolas estaduais segue at\u00e9 13 de janeiro - Folha Popular\",\"isPartOf\":{\"@id\":\"https:\\\/\\\/folhapopular.info\\\/#website\"},\"primaryImageOfPage\":{\"@id\":\"https:\\\/\\\/folhapopular.info\\\/index.php\\\/2023\\\/01\\\/04\\\/periodo-de-confirmacao-das-matriculas-nas-escolas-estaduais-segue-ate-13-de-janeiro\\\/#primaryimage\"},\"image\":{\"@id\":\"https:\\\/\\\/folhapopular.info\\\/index.php\\\/2023\\\/01\\\/04\\\/periodo-de-confirmacao-das-matriculas-nas-escolas-estaduais-segue-ate-13-de-janeiro\\\/#primaryimage\"},\"thumbnailUrl\":\"https:\\\/\\\/folhapopular.info\\\/wp-content\\\/uploads\\\/2023\\\/01\\\/pexels-pixabay-256395-scaled-e1672849704283.jpg\",\"datePublished\":\"2023-01-04T16:31:27+00:00\",\"dateModified\":\"2023-01-04T16:31:30+00:00\",\"author\":{\"@id\":\"https:\\\/\\\/folhapopular.info\\\/#\\\/schema\\\/person\\\/2814e8a0df7643585a9ca38bc6eb9d4b\"},\"breadcrumb\":{\"@id\":\"https:\\\/\\\/folhapopular.info\\\/index.php\\\/2023\\\/01\\\/04\\\/periodo-de-confirmacao-das-matriculas-nas-escolas-estaduais-segue-ate-13-de-janeiro\\\/#breadcrumb\"},\"inLanguage\":\"pt-BR\",\"potentialAction\":[{\"@type\":\"ReadAction\",\"target\":[\"https:\\\/\\\/folhapopular.info\\\/index.php\\\/2023\\\/01\\\/04\\\/periodo-de-confirmacao-das-matriculas-nas-escolas-estaduais-segue-ate-13-de-janeiro\\\/\"]}]},{\"@type\":\"ImageObject\",\"inLanguage\":\"pt-BR\",\"@id\":\"https:\\\/\\\/folhapopular.info\\\/index.php\\\/2023\\\/01\\\/04\\\/periodo-de-confirmacao-das-matriculas-nas-escolas-estaduais-segue-ate-13-de-janeiro\\\/#primaryimage\",\"url\":\"https:\\\/\\\/folhapopular.info\\\/wp-content\\\/uploads\\\/2023\\\/01\\\/pexels-pixabay-256395-scaled-e1672849704283.jpg\",\"contentUrl\":\"https:\\\/\\\/folhapopular.info\\\/wp-content\\\/uploads\\\/2023\\\/01\\\/pexels-pixabay-256395-scaled-e1672849704283.jpg\",\"width\":1200,\"height\":800,\"caption\":\"Os servidores da Seduc estar\u00e3o \u00e0 disposi\u00e7\u00e3o para solucionar cada um dos casos de forma conjunta com as fam\u00edlias \\\/ Cr\u00e9dito: Pexels \\\/ Pixabay \\\/ Divulga\u00e7\u00e3o\"},{\"@type\":\"BreadcrumbList\",\"@id\":\"https:\\\/\\\/folhapopular.info\\\/index.php\\\/2023\\\/01\\\/04\\\/periodo-de-confirmacao-das-matriculas-nas-escolas-estaduais-segue-ate-13-de-janeiro\\\/#breadcrumb\",\"itemListElement\":[{\"@type\":\"ListItem\",\"position\":1,\"name\":\"In\u00edcio\",\"item\":\"https:\\\/\\\/folhapopular.info\\\/\"},{\"@type\":\"ListItem\",\"position\":2,\"name\":\"Per\u00edodo de confirma\u00e7\u00e3o das matr\u00edculas nas escolas estaduais segue at\u00e9 13 de janeiro\"}]},{\"@type\":\"WebSite\",\"@id\":\"https:\\\/\\\/folhapopular.info\\\/#website\",\"url\":\"https:\\\/\\\/folhapopular.info\\\/\",\"name\":\"Folha Popular\",\"description\":\"Onde voc\u00ea tem vez e voz\",\"potentialAction\":[{\"@type\":\"SearchAction\",\"target\":{\"@type\":\"EntryPoint\",\"urlTemplate\":\"https:\\\/\\\/folhapopular.info\\\/?s={search_term_string}\"},\"query-input\":{\"@type\":\"PropertyValueSpecification\",\"valueRequired\":true,\"valueName\":\"search_term_string\"}}],\"inLanguage\":\"pt-BR\"},{\"@type\":\"Person\",\"@id\":\"https:\\\/\\\/folhapopular.info\\\/#\\\/schema\\\/person\\\/2814e8a0df7643585a9ca38bc6eb9d4b\",\"name\":\"Reda\u00e7\u00e3o Folha Popular\",\"image\":{\"@type\":\"ImageObject\",\"inLanguage\":\"pt-BR\",\"@id\":\"https:\\\/\\\/folhapopular.info\\\/wp-content\\\/uploads\\\/2026\\\/04\\\/Folha-1.webp\",\"url\":\"https:\\\/\\\/folhapopular.info\\\/wp-content\\\/uploads\\\/2026\\\/04\\\/Folha-1.webp\",\"contentUrl\":\"https:\\\/\\\/folhapopular.info\\\/wp-content\\\/uploads\\\/2026\\\/04\\\/Folha-1.webp\",\"caption\":\"Reda\u00e7\u00e3o Folha Popular\"},\"url\":\"https:\\\/\\\/folhapopular.info\\\/index.php\\\/author\\\/redacao\\\/\"}]}<\/script>\n<!-- \/ Yoast SEO plugin. -->","yoast_head_json":{"title":"Per\u00edodo de confirma\u00e7\u00e3o das matr\u00edculas nas escolas estaduais segue at\u00e9 13 de janeiro - Folha Popular","robots":{"index":"index","follow":"follow","max-snippet":"max-snippet:-1","max-image-preview":"max-image-preview:large","max-video-preview":"max-video-preview:-1"},"canonical":"https:\/\/folhapopular.info\/index.php\/2023\/01\/04\/periodo-de-confirmacao-das-matriculas-nas-escolas-estaduais-segue-ate-13-de-janeiro\/","og_locale":"pt_BR","og_type":"article","og_title":"Per\u00edodo de confirma\u00e7\u00e3o das matr\u00edculas nas escolas estaduais segue at\u00e9 13 de janeiro - Folha Popular","og_description":"O per\u00edodo de confirma\u00e7\u00e3o das matr\u00edculas da Rede Estadual para o ano letivo de 2023 segue at\u00e9 sexta-feira (13\/1\u00ba) diretamente na escola para onde o candidato foi designado. Para isso, \u00e9 necess\u00e1rio que pais ou respons\u00e1veis apresentem a documenta\u00e7\u00e3o necess\u00e1ria para a efetiva\u00e7\u00e3o da vaga. O procedimento de entrega dos documentos e a confirma\u00e7\u00e3o da [&hellip;]","og_url":"https:\/\/folhapopular.info\/index.php\/2023\/01\/04\/periodo-de-confirmacao-das-matriculas-nas-escolas-estaduais-segue-ate-13-de-janeiro\/","og_site_name":"Folha Popular","article_published_time":"2023-01-04T16:31:27+00:00","article_modified_time":"2023-01-04T16:31:30+00:00","og_image":[{"width":1200,"height":800,"url":"http:\/\/folhapopular.info\/wp-content\/uploads\/2023\/01\/pexels-pixabay-256395-scaled-e1672849704283.jpg","type":"image\/jpeg"}],"author":"Reda\u00e7\u00e3o Folha Popular","twitter_card":"summary_large_image","twitter_misc":{"Escrito por":"Reda\u00e7\u00e3o Folha Popular","Est. tempo de leitura":"2 minutos"},"schema":{"@context":"https:\/\/schema.org","@graph":[{"@type":"Article","@id":"https:\/\/folhapopular.info\/index.php\/2023\/01\/04\/periodo-de-confirmacao-das-matriculas-nas-escolas-estaduais-segue-ate-13-de-janeiro\/#article","isPartOf":{"@id":"https:\/\/folhapopular.info\/index.php\/2023\/01\/04\/periodo-de-confirmacao-das-matriculas-nas-escolas-estaduais-segue-ate-13-de-janeiro\/"},"author":{"name":"Reda\u00e7\u00e3o Folha Popular","@id":"https:\/\/folhapopular.info\/#\/schema\/person\/2814e8a0df7643585a9ca38bc6eb9d4b"},"headline":"Per\u00edodo de confirma\u00e7\u00e3o das matr\u00edculas nas escolas estaduais segue at\u00e9 13 de janeiro","datePublished":"2023-01-04T16:31:27+00:00","dateModified":"2023-01-04T16:31:30+00:00","mainEntityOfPage":{"@id":"https:\/\/folhapopular.info\/index.php\/2023\/01\/04\/periodo-de-confirmacao-das-matriculas-nas-escolas-estaduais-segue-ate-13-de-janeiro\/"},"wordCount":275,"commentCount":0,"image":{"@id":"https:\/\/folhapopular.info\/index.php\/2023\/01\/04\/periodo-de-confirmacao-das-matriculas-nas-escolas-estaduais-segue-ate-13-de-janeiro\/#primaryimage"},"thumbnailUrl":"https:\/\/folhapopular.info\/wp-content\/uploads\/2023\/01\/pexels-pixabay-256395-scaled-e1672849704283.jpg","keywords":["alunos","Escolas Estaduais","Estado","Matr\u00edculas"],"articleSection":["Destaques","Geral"],"inLanguage":"pt-BR","potentialAction":[{"@type":"CommentAction","name":"Comment","target":["https:\/\/folhapopular.info\/index.php\/2023\/01\/04\/periodo-de-confirmacao-das-matriculas-nas-escolas-estaduais-segue-ate-13-de-janeiro\/#respond"]}]},{"@type":"WebPage","@id":"https:\/\/folhapopular.info\/index.php\/2023\/01\/04\/periodo-de-confirmacao-das-matriculas-nas-escolas-estaduais-segue-ate-13-de-janeiro\/","url":"https:\/\/folhapopular.info\/index.php\/2023\/01\/04\/periodo-de-confirmacao-das-matriculas-nas-escolas-estaduais-segue-ate-13-de-janeiro\/","name":"Per\u00edodo de confirma\u00e7\u00e3o das matr\u00edculas nas escolas estaduais segue at\u00e9 13 de janeiro - Folha Popular","isPartOf":{"@id":"https:\/\/folhapopular.info\/#website"},"primaryImageOfPage":{"@id":"https:\/\/folhapopular.info\/index.php\/2023\/01\/04\/periodo-de-confirmacao-das-matriculas-nas-escolas-estaduais-segue-ate-13-de-janeiro\/#primaryimage"},"image":{"@id":"https:\/\/folhapopular.info\/index.php\/2023\/01\/04\/periodo-de-confirmacao-das-matriculas-nas-escolas-estaduais-segue-ate-13-de-janeiro\/#primaryimage"},"thumbnailUrl":"https:\/\/folhapopular.info\/wp-content\/uploads\/2023\/01\/pexels-pixabay-256395-scaled-e1672849704283.jpg","datePublished":"2023-01-04T16:31:27+00:00","dateModified":"2023-01-04T16:31:30+00:00","author":{"@id":"https:\/\/folhapopular.info\/#\/schema\/person\/2814e8a0df7643585a9ca38bc6eb9d4b"},"breadcrumb":{"@id":"https:\/\/folhapopular.info\/index.php\/2023\/01\/04\/periodo-de-confirmacao-das-matriculas-nas-escolas-estaduais-segue-ate-13-de-janeiro\/#breadcrumb"},"inLanguage":"pt-BR","potentialAction":[{"@type":"ReadAction","target":["https:\/\/folhapopular.info\/index.php\/2023\/01\/04\/periodo-de-confirmacao-das-matriculas-nas-escolas-estaduais-segue-ate-13-de-janeiro\/"]}]},{"@type":"ImageObject","inLanguage":"pt-BR","@id":"https:\/\/folhapopular.info\/index.php\/2023\/01\/04\/periodo-de-confirmacao-das-matriculas-nas-escolas-estaduais-segue-ate-13-de-janeiro\/#primaryimage","url":"https:\/\/folhapopular.info\/wp-content\/uploads\/2023\/01\/pexels-pixabay-256395-scaled-e1672849704283.jpg","contentUrl":"https:\/\/folhapopular.info\/wp-content\/uploads\/2023\/01\/pexels-pixabay-256395-scaled-e1672849704283.jpg","width":1200,"height":800,"caption":"Os servidores da Seduc estar\u00e3o \u00e0 disposi\u00e7\u00e3o para solucionar cada um dos casos de forma conjunta com as fam\u00edlias \/ Cr\u00e9dito: Pexels \/ Pixabay \/ Divulga\u00e7\u00e3o"},{"@type":"BreadcrumbList","@id":"https:\/\/folhapopular.info\/index.php\/2023\/01\/04\/periodo-de-confirmacao-das-matriculas-nas-escolas-estaduais-segue-ate-13-de-janeiro\/#breadcrumb","itemListElement":[{"@type":"ListItem","position":1,"name":"In\u00edcio","item":"https:\/\/folhapopular.info\/"},{"@type":"ListItem","position":2,"name":"Per\u00edodo de confirma\u00e7\u00e3o das matr\u00edculas nas escolas estaduais segue at\u00e9 13 de janeiro"}]},{"@type":"WebSite","@id":"https:\/\/folhapopular.info\/#website","url":"https:\/\/folhapopular.info\/","name":"Folha Popular","description":"Onde voc\u00ea tem vez e voz","potentialAction":[{"@type":"SearchAction","target":{"@type":"EntryPoint","urlTemplate":"https:\/\/folhapopular.info\/?s={search_term_string}"},"query-input":{"@type":"PropertyValueSpecification","valueRequired":true,"valueName":"search_term_string"}}],"inLanguage":"pt-BR"},{"@type":"Person","@id":"https:\/\/folhapopular.info\/#\/schema\/person\/2814e8a0df7643585a9ca38bc6eb9d4b","name":"Reda\u00e7\u00e3o Folha Popular","image":{"@type":"ImageObject","inLanguage":"pt-BR","@id":"https:\/\/folhapopular.info\/wp-content\/uploads\/2026\/04\/Folha-1.webp","url":"https:\/\/folhapopular.info\/wp-content\/uploads\/2026\/04\/Folha-1.webp","contentUrl":"https:\/\/folhapopular.info\/wp-content\/uploads\/2026\/04\/Folha-1.webp","caption":"Reda\u00e7\u00e3o Folha Popular"},"url":"https:\/\/folhapopular.info\/index.php\/author\/redacao\/"}]}},"jetpack_featured_media_url":"https:\/\/folhapopular.info\/wp-content\/uploads\/2023\/01\/pexels-pixabay-256395-scaled-e1672849704283.jpg","jetpack_sharing_enabled":true,"amp_enabled":true,"_links":{"self":[{"href":"https:\/\/folhapopular.info\/index.php\/wp-json\/wp\/v2\/posts\/118800","targetHints":{"allow":["GET"]}}],"collection":[{"href":"https:\/\/folhapopular.info\/index.php\/wp-json\/wp\/v2\/posts"}],"about":[{"href":"https:\/\/folhapopular.info\/index.php\/wp-json\/wp\/v2\/types\/post"}],"author":[{"embeddable":true,"href":"https:\/\/folhapopular.info\/index.php\/wp-json\/wp\/v2\/users\/8"}],"replies":[{"embeddable":true,"href":"https:\/\/folhapopular.info\/index.php\/wp-json\/wp\/v2\/comments?post=118800"}],"version-history":[{"count":0,"href":"https:\/\/folhapopular.info\/index.php\/wp-json\/wp\/v2\/posts\/118800\/revisions"}],"wp:featuredmedia":[{"embeddable":true,"href":"https:\/\/folhapopular.info\/index.php\/wp-json\/wp\/v2\/media\/118801"}],"wp:attachment":[{"href":"https:\/\/folhapopular.info\/index.php\/wp-json\/wp\/v2\/media?parent=118800"}],"wp:term":[{"taxonomy":"category","embeddable":true,"href":"https:\/\/folhapopular.info\/index.php\/wp-json\/wp\/v2\/categories?post=118800"},{"taxonomy":"post_tag","embeddable":true,"href":"https:\/\/folhapopular.info\/index.php\/wp-json\/wp\/v2\/tags?post=118800"}],"curies":[{"name":"wp","href":"https:\/\/api.w.org\/{rel}","templated":true}]}}