{"id":118862,"date":"2023-01-04T16:55:20","date_gmt":"2023-01-04T19:55:20","guid":{"rendered":"https:\/\/folhapopular.info\/?p=118862"},"modified":"2023-01-04T17:00:49","modified_gmt":"2023-01-04T20:00:49","slug":"imigrante-ultrapassa-aplicacao-de-oito-mil-doses-da-vacina-contra-a-covid-19","status":"publish","type":"post","link":"https:\/\/folhapopular.info\/index.php\/2023\/01\/04\/imigrante-ultrapassa-aplicacao-de-oito-mil-doses-da-vacina-contra-a-covid-19\/","title":{"rendered":"Imigrante ultrapassa\u00a0aplica\u00e7\u00e3o de\u00a0oito mil doses da\u00a0vacina\u00a0contra a\u00a0covid-19"},"content":{"rendered":"\n<p>A cidade de Imigrante ultrapassou a aplica\u00e7\u00e3o de oito mil doses de vacinas contra a covid-19. Com atual n\u00famero de aplica\u00e7\u00f5es, 99% da popula\u00e7\u00e3o est\u00e1 vacinada com a 1\u00aa dose ou a dose \u00fanica e 63,6% da popula\u00e7\u00e3o est\u00e1 com o esquema vacinal completo.<\/p>\n\n\n\n<p>A vacina\u00e7\u00e3o foi iniciada em janeiro de 2021 quando as cinco primeiras doses foram aplicadas nos profissionais da linha de frente do combate \u00e0 pandemia. Desde ent\u00e3o, 2.968 pessoas receberam a 1\u00aa dose; 2.827 a 2\u00aa dose e 86 pessoas a dose \u00fanica. <\/p>\n\n\n\n<p>A dose de refor\u00e7o foi aplicada em 1.659 pessoas e a 4\u00aa dose em 452. Outras 59 imigrantenses tamb\u00e9m foram vacinados com a 5\u00aa dose, aplicada em imunossuprimidos.<\/p>\n\n\n\n<p>Os g\u00eameos Davi e Pedro (2) foram vacinados na manh\u00e3 desta quarta-feira (4\/1\u00ba). Segundo o pai, Carlos Lutterbeck, \u00e9 importante ressaltar que as vacinas s\u00e3o aprovadas pela Anvisa e recomendadas pelo Minist\u00e9rio da Sa\u00fade. \u201cEles tomaram mais essa dose e n\u00e3o tiveram nenhum tipo de rea\u00e7\u00e3o, n\u00e3o choraram, n\u00e3o foi dolorido pra eles. Nossa obriga\u00e7\u00e3o como pais e respons\u00e1veis por essas crian\u00e7as \u00e9 proteg\u00ea-los, e o melhor meio \u00e9 a vacina\u00e7\u00e3o\u201d, pontua.<\/p>\n\n\n\n<figure class=\"wp-block-image size-large is-resized\"><img loading=\"lazy\" decoding=\"async\" src=\"https:\/\/folhapopular.info\/wp-content\/uploads\/2023\/01\/VACINACAO-COVID-IMIGRANTE-CRIANCAS-1-1024x768.jpg\" alt=\"\" class=\"wp-image-118864\" width=\"758\" height=\"552\"\/><figcaption class=\"wp-element-caption\"><strong>Pai dos g\u00eameos confirma que os pequenos n\u00e3o tiveram nenhuma rea\u00e7\u00e3o \/ Cr\u00e9dito: Carlos Eduardo Schneider \/ Divulga\u00e7\u00e3o<\/strong><\/figcaption><\/figure>\n\n\n\n<p><strong>Novo cronograma da vacina\u00e7\u00e3o<\/strong><br>A vacina\u00e7\u00e3o ocorre em quartas e sextas-feiras no Centro de Sa\u00fade. O agendamento deve ser feito pelo telefone (51) 3754-1031. Na Unidade B\u00e1sica de Sa\u00fade (UBS) de Daltro Filho a vacina\u00e7\u00e3o ocorre somente com agendamento, pelo telefone (51) 3754 0457.<\/p>\n\n\n\n<p>A vacina\u00e7\u00e3o no terceiro s\u00e1bado de cada m\u00eas permanece, mas ressaltando que as vacinas da covid-19 dever\u00e3o ser agendadas, para otimizar a abertura dos frascos. Aqueles que n\u00e3o comparecerem no hor\u00e1rio agendado, devem avisar, pois sua dose da vacina poder\u00e1 ser destinada para outra pessoa.<\/p>\n\n\n\n<p>&#8211; O 2\u00ba refor\u00e7o ou (4\u00ba dose) est\u00e1 sendo aplicada para maiores de 18 anos.<br>&#8211; Adolescentes acima de 12 devem receber a 3\u00ba dose da vacina do covid-19 (respeitando o intervalo entre as doses)<br>&#8211; Crian\u00e7as de tr\u00eas anos a 11 anos devem receber duas doses da vacina do covid-19 (respeitando o intervalo entre as doses)<br>&#8211; Crian\u00e7as de seis meses a dois anos dever\u00e3o receber tr\u00eas doses (vacina espec\u00edfica para esta idade), e ap\u00f3s a aplica\u00e7\u00e3o dever\u00e3o aguardar 15 minutos na UBS. Neste momento esta vacina est\u00e1 disponibilizada para crian\u00e7as com comorbidades. Assim que for liberada para as demais crian\u00e7as, ela ser\u00e1 aplicada somente em hor\u00e1rio comercial e com agendamento pr\u00e9vio.<\/p>\n\n\n\n<ul class=\"wp-block-list\">\n<li>* Crian\u00e7as de seis meses aos 11 anos ser\u00e3o contatados por um profissional da sa\u00fade para posterior agendamento da vacina. Caso houver recusa, o respons\u00e1vel pelo menor dever\u00e1 comparecer na UBS para assinar o \u201cTermo de Recusa\u201d.<\/li>\n<\/ul>\n","protected":false},"excerpt":{"rendered":"<p>A cidade de Imigrante ultrapassou a aplica\u00e7\u00e3o de oito mil doses de vacinas contra a covid-19. Com atual n\u00famero de aplica\u00e7\u00f5es, 99% da popula\u00e7\u00e3o est\u00e1 vacinada com a 1\u00aa dose ou a dose \u00fanica e 63,6% da popula\u00e7\u00e3o est\u00e1 com o esquema vacinal completo. A vacina\u00e7\u00e3o foi iniciada em janeiro de 2021 quando as cinco [&hellip;]<\/p>\n","protected":false},"author":8,"featured_media":118870,"comment_status":"open","ping_status":"open","sticky":false,"template":"","format":"standard","meta":{"pmpro_default_level":"","_jetpack_memberships_contains_paid_content":false,"footnotes":""},"categories":[2,3],"tags":[5707,135,34,5336,87],"class_list":{"0":"post-118862","1":"post","2":"type-post","3":"status-publish","4":"format-standard","5":"has-post-thumbnail","7":"category-featured","8":"category-geral","9":"tag-covid-19","10":"tag-criancas","11":"tag-imigrante","12":"tag-populacao","13":"tag-vacinacao","14":"pmpro-has-access"},"yoast_head":"<!-- This site is optimized with the Yoast SEO plugin v27.5 - https:\/\/yoast.com\/product\/yoast-seo-wordpress\/ -->\n<title>Imigrante ultrapassa\u00a0aplica\u00e7\u00e3o de\u00a0oito mil doses da\u00a0vacina\u00a0contra a\u00a0covid-19 - Folha Popular<\/title>\n<meta name=\"robots\" content=\"index, follow, max-snippet:-1, max-image-preview:large, max-video-preview:-1\" \/>\n<link rel=\"canonical\" href=\"https:\/\/folhapopular.info\/index.php\/2023\/01\/04\/imigrante-ultrapassa-aplicacao-de-oito-mil-doses-da-vacina-contra-a-covid-19\/\" \/>\n<meta property=\"og:locale\" content=\"pt_BR\" \/>\n<meta property=\"og:type\" content=\"article\" \/>\n<meta property=\"og:title\" content=\"Imigrante ultrapassa\u00a0aplica\u00e7\u00e3o de\u00a0oito mil doses da\u00a0vacina\u00a0contra a\u00a0covid-19 - Folha Popular\" \/>\n<meta property=\"og:description\" content=\"A cidade de Imigrante ultrapassou a aplica\u00e7\u00e3o de oito mil doses de vacinas contra a covid-19. Com atual n\u00famero de aplica\u00e7\u00f5es, 99% da popula\u00e7\u00e3o est\u00e1 vacinada com a 1\u00aa dose ou a dose \u00fanica e 63,6% da popula\u00e7\u00e3o est\u00e1 com o esquema vacinal completo. A vacina\u00e7\u00e3o foi iniciada em janeiro de 2021 quando as cinco [&hellip;]\" \/>\n<meta property=\"og:url\" content=\"https:\/\/folhapopular.info\/index.php\/2023\/01\/04\/imigrante-ultrapassa-aplicacao-de-oito-mil-doses-da-vacina-contra-a-covid-19\/\" \/>\n<meta property=\"og:site_name\" content=\"Folha Popular\" \/>\n<meta property=\"article:published_time\" content=\"2023-01-04T19:55:20+00:00\" \/>\n<meta property=\"article:modified_time\" content=\"2023-01-04T20:00:49+00:00\" \/>\n<meta property=\"og:image\" content=\"http:\/\/folhapopular.info\/wp-content\/uploads\/2023\/01\/close-up-doctor-vaccinating-kid-scaled-e1672862345674.jpg\" \/>\n\t<meta property=\"og:image:width\" content=\"1200\" \/>\n\t<meta property=\"og:image:height\" content=\"598\" \/>\n\t<meta property=\"og:image:type\" content=\"image\/jpeg\" \/>\n<meta name=\"author\" content=\"Reda\u00e7\u00e3o Folha Popular\" \/>\n<meta name=\"twitter:card\" content=\"summary_large_image\" \/>\n<meta name=\"twitter:label1\" content=\"Escrito por\" \/>\n\t<meta name=\"twitter:data1\" content=\"Reda\u00e7\u00e3o Folha Popular\" \/>\n\t<meta name=\"twitter:label2\" content=\"Est. tempo de leitura\" \/>\n\t<meta name=\"twitter:data2\" content=\"3 minutos\" \/>\n<script type=\"application\/ld+json\" class=\"yoast-schema-graph\">{\"@context\":\"https:\\\/\\\/schema.org\",\"@graph\":[{\"@type\":\"Article\",\"@id\":\"https:\\\/\\\/folhapopular.info\\\/index.php\\\/2023\\\/01\\\/04\\\/imigrante-ultrapassa-aplicacao-de-oito-mil-doses-da-vacina-contra-a-covid-19\\\/#article\",\"isPartOf\":{\"@id\":\"https:\\\/\\\/folhapopular.info\\\/index.php\\\/2023\\\/01\\\/04\\\/imigrante-ultrapassa-aplicacao-de-oito-mil-doses-da-vacina-contra-a-covid-19\\\/\"},\"author\":{\"name\":\"Reda\u00e7\u00e3o Folha Popular\",\"@id\":\"https:\\\/\\\/folhapopular.info\\\/#\\\/schema\\\/person\\\/2814e8a0df7643585a9ca38bc6eb9d4b\"},\"headline\":\"Imigrante ultrapassa\u00a0aplica\u00e7\u00e3o de\u00a0oito mil doses da\u00a0vacina\u00a0contra a\u00a0covid-19\",\"datePublished\":\"2023-01-04T19:55:20+00:00\",\"dateModified\":\"2023-01-04T20:00:49+00:00\",\"mainEntityOfPage\":{\"@id\":\"https:\\\/\\\/folhapopular.info\\\/index.php\\\/2023\\\/01\\\/04\\\/imigrante-ultrapassa-aplicacao-de-oito-mil-doses-da-vacina-contra-a-covid-19\\\/\"},\"wordCount\":479,\"commentCount\":0,\"image\":{\"@id\":\"https:\\\/\\\/folhapopular.info\\\/index.php\\\/2023\\\/01\\\/04\\\/imigrante-ultrapassa-aplicacao-de-oito-mil-doses-da-vacina-contra-a-covid-19\\\/#primaryimage\"},\"thumbnailUrl\":\"https:\\\/\\\/folhapopular.info\\\/wp-content\\\/uploads\\\/2023\\\/01\\\/close-up-doctor-vaccinating-kid-scaled-e1672862345674.jpg\",\"keywords\":[\"Covid-19\",\"Crian\u00e7as\",\"Imigrante\",\"popula\u00e7\u00e3o\",\"Vacina\u00e7\u00e3o\"],\"articleSection\":[\"Destaques\",\"Geral\"],\"inLanguage\":\"pt-BR\",\"potentialAction\":[{\"@type\":\"CommentAction\",\"name\":\"Comment\",\"target\":[\"https:\\\/\\\/folhapopular.info\\\/index.php\\\/2023\\\/01\\\/04\\\/imigrante-ultrapassa-aplicacao-de-oito-mil-doses-da-vacina-contra-a-covid-19\\\/#respond\"]}]},{\"@type\":\"WebPage\",\"@id\":\"https:\\\/\\\/folhapopular.info\\\/index.php\\\/2023\\\/01\\\/04\\\/imigrante-ultrapassa-aplicacao-de-oito-mil-doses-da-vacina-contra-a-covid-19\\\/\",\"url\":\"https:\\\/\\\/folhapopular.info\\\/index.php\\\/2023\\\/01\\\/04\\\/imigrante-ultrapassa-aplicacao-de-oito-mil-doses-da-vacina-contra-a-covid-19\\\/\",\"name\":\"Imigrante ultrapassa\u00a0aplica\u00e7\u00e3o de\u00a0oito mil doses da\u00a0vacina\u00a0contra a\u00a0covid-19 - Folha Popular\",\"isPartOf\":{\"@id\":\"https:\\\/\\\/folhapopular.info\\\/#website\"},\"primaryImageOfPage\":{\"@id\":\"https:\\\/\\\/folhapopular.info\\\/index.php\\\/2023\\\/01\\\/04\\\/imigrante-ultrapassa-aplicacao-de-oito-mil-doses-da-vacina-contra-a-covid-19\\\/#primaryimage\"},\"image\":{\"@id\":\"https:\\\/\\\/folhapopular.info\\\/index.php\\\/2023\\\/01\\\/04\\\/imigrante-ultrapassa-aplicacao-de-oito-mil-doses-da-vacina-contra-a-covid-19\\\/#primaryimage\"},\"thumbnailUrl\":\"https:\\\/\\\/folhapopular.info\\\/wp-content\\\/uploads\\\/2023\\\/01\\\/close-up-doctor-vaccinating-kid-scaled-e1672862345674.jpg\",\"datePublished\":\"2023-01-04T19:55:20+00:00\",\"dateModified\":\"2023-01-04T20:00:49+00:00\",\"author\":{\"@id\":\"https:\\\/\\\/folhapopular.info\\\/#\\\/schema\\\/person\\\/2814e8a0df7643585a9ca38bc6eb9d4b\"},\"breadcrumb\":{\"@id\":\"https:\\\/\\\/folhapopular.info\\\/index.php\\\/2023\\\/01\\\/04\\\/imigrante-ultrapassa-aplicacao-de-oito-mil-doses-da-vacina-contra-a-covid-19\\\/#breadcrumb\"},\"inLanguage\":\"pt-BR\",\"potentialAction\":[{\"@type\":\"ReadAction\",\"target\":[\"https:\\\/\\\/folhapopular.info\\\/index.php\\\/2023\\\/01\\\/04\\\/imigrante-ultrapassa-aplicacao-de-oito-mil-doses-da-vacina-contra-a-covid-19\\\/\"]}]},{\"@type\":\"ImageObject\",\"inLanguage\":\"pt-BR\",\"@id\":\"https:\\\/\\\/folhapopular.info\\\/index.php\\\/2023\\\/01\\\/04\\\/imigrante-ultrapassa-aplicacao-de-oito-mil-doses-da-vacina-contra-a-covid-19\\\/#primaryimage\",\"url\":\"https:\\\/\\\/folhapopular.info\\\/wp-content\\\/uploads\\\/2023\\\/01\\\/close-up-doctor-vaccinating-kid-scaled-e1672862345674.jpg\",\"contentUrl\":\"https:\\\/\\\/folhapopular.info\\\/wp-content\\\/uploads\\\/2023\\\/01\\\/close-up-doctor-vaccinating-kid-scaled-e1672862345674.jpg\",\"width\":1200,\"height\":598,\"caption\":\"\\\/ Cr\u00e9dito: Freepik \\\/ Divulga\u00e7\u00e3o\"},{\"@type\":\"BreadcrumbList\",\"@id\":\"https:\\\/\\\/folhapopular.info\\\/index.php\\\/2023\\\/01\\\/04\\\/imigrante-ultrapassa-aplicacao-de-oito-mil-doses-da-vacina-contra-a-covid-19\\\/#breadcrumb\",\"itemListElement\":[{\"@type\":\"ListItem\",\"position\":1,\"name\":\"In\u00edcio\",\"item\":\"https:\\\/\\\/folhapopular.info\\\/\"},{\"@type\":\"ListItem\",\"position\":2,\"name\":\"Imigrante ultrapassa\u00a0aplica\u00e7\u00e3o de\u00a0oito mil doses da\u00a0vacina\u00a0contra a\u00a0covid-19\"}]},{\"@type\":\"WebSite\",\"@id\":\"https:\\\/\\\/folhapopular.info\\\/#website\",\"url\":\"https:\\\/\\\/folhapopular.info\\\/\",\"name\":\"Folha Popular\",\"description\":\"Onde voc\u00ea tem vez e voz\",\"potentialAction\":[{\"@type\":\"SearchAction\",\"target\":{\"@type\":\"EntryPoint\",\"urlTemplate\":\"https:\\\/\\\/folhapopular.info\\\/?s={search_term_string}\"},\"query-input\":{\"@type\":\"PropertyValueSpecification\",\"valueRequired\":true,\"valueName\":\"search_term_string\"}}],\"inLanguage\":\"pt-BR\"},{\"@type\":\"Person\",\"@id\":\"https:\\\/\\\/folhapopular.info\\\/#\\\/schema\\\/person\\\/2814e8a0df7643585a9ca38bc6eb9d4b\",\"name\":\"Reda\u00e7\u00e3o Folha Popular\",\"image\":{\"@type\":\"ImageObject\",\"inLanguage\":\"pt-BR\",\"@id\":\"https:\\\/\\\/folhapopular.info\\\/wp-content\\\/uploads\\\/2026\\\/04\\\/Folha-1.webp\",\"url\":\"https:\\\/\\\/folhapopular.info\\\/wp-content\\\/uploads\\\/2026\\\/04\\\/Folha-1.webp\",\"contentUrl\":\"https:\\\/\\\/folhapopular.info\\\/wp-content\\\/uploads\\\/2026\\\/04\\\/Folha-1.webp\",\"caption\":\"Reda\u00e7\u00e3o Folha Popular\"},\"url\":\"https:\\\/\\\/folhapopular.info\\\/index.php\\\/author\\\/redacao\\\/\"}]}<\/script>\n<!-- \/ Yoast SEO plugin. -->","yoast_head_json":{"title":"Imigrante ultrapassa\u00a0aplica\u00e7\u00e3o de\u00a0oito mil doses da\u00a0vacina\u00a0contra a\u00a0covid-19 - Folha Popular","robots":{"index":"index","follow":"follow","max-snippet":"max-snippet:-1","max-image-preview":"max-image-preview:large","max-video-preview":"max-video-preview:-1"},"canonical":"https:\/\/folhapopular.info\/index.php\/2023\/01\/04\/imigrante-ultrapassa-aplicacao-de-oito-mil-doses-da-vacina-contra-a-covid-19\/","og_locale":"pt_BR","og_type":"article","og_title":"Imigrante ultrapassa\u00a0aplica\u00e7\u00e3o de\u00a0oito mil doses da\u00a0vacina\u00a0contra a\u00a0covid-19 - Folha Popular","og_description":"A cidade de Imigrante ultrapassou a aplica\u00e7\u00e3o de oito mil doses de vacinas contra a covid-19. Com atual n\u00famero de aplica\u00e7\u00f5es, 99% da popula\u00e7\u00e3o est\u00e1 vacinada com a 1\u00aa dose ou a dose \u00fanica e 63,6% da popula\u00e7\u00e3o est\u00e1 com o esquema vacinal completo. A vacina\u00e7\u00e3o foi iniciada em janeiro de 2021 quando as cinco [&hellip;]","og_url":"https:\/\/folhapopular.info\/index.php\/2023\/01\/04\/imigrante-ultrapassa-aplicacao-de-oito-mil-doses-da-vacina-contra-a-covid-19\/","og_site_name":"Folha Popular","article_published_time":"2023-01-04T19:55:20+00:00","article_modified_time":"2023-01-04T20:00:49+00:00","og_image":[{"width":1200,"height":598,"url":"http:\/\/folhapopular.info\/wp-content\/uploads\/2023\/01\/close-up-doctor-vaccinating-kid-scaled-e1672862345674.jpg","type":"image\/jpeg"}],"author":"Reda\u00e7\u00e3o Folha Popular","twitter_card":"summary_large_image","twitter_misc":{"Escrito por":"Reda\u00e7\u00e3o Folha Popular","Est. tempo de leitura":"3 minutos"},"schema":{"@context":"https:\/\/schema.org","@graph":[{"@type":"Article","@id":"https:\/\/folhapopular.info\/index.php\/2023\/01\/04\/imigrante-ultrapassa-aplicacao-de-oito-mil-doses-da-vacina-contra-a-covid-19\/#article","isPartOf":{"@id":"https:\/\/folhapopular.info\/index.php\/2023\/01\/04\/imigrante-ultrapassa-aplicacao-de-oito-mil-doses-da-vacina-contra-a-covid-19\/"},"author":{"name":"Reda\u00e7\u00e3o Folha Popular","@id":"https:\/\/folhapopular.info\/#\/schema\/person\/2814e8a0df7643585a9ca38bc6eb9d4b"},"headline":"Imigrante ultrapassa\u00a0aplica\u00e7\u00e3o de\u00a0oito mil doses da\u00a0vacina\u00a0contra a\u00a0covid-19","datePublished":"2023-01-04T19:55:20+00:00","dateModified":"2023-01-04T20:00:49+00:00","mainEntityOfPage":{"@id":"https:\/\/folhapopular.info\/index.php\/2023\/01\/04\/imigrante-ultrapassa-aplicacao-de-oito-mil-doses-da-vacina-contra-a-covid-19\/"},"wordCount":479,"commentCount":0,"image":{"@id":"https:\/\/folhapopular.info\/index.php\/2023\/01\/04\/imigrante-ultrapassa-aplicacao-de-oito-mil-doses-da-vacina-contra-a-covid-19\/#primaryimage"},"thumbnailUrl":"https:\/\/folhapopular.info\/wp-content\/uploads\/2023\/01\/close-up-doctor-vaccinating-kid-scaled-e1672862345674.jpg","keywords":["Covid-19","Crian\u00e7as","Imigrante","popula\u00e7\u00e3o","Vacina\u00e7\u00e3o"],"articleSection":["Destaques","Geral"],"inLanguage":"pt-BR","potentialAction":[{"@type":"CommentAction","name":"Comment","target":["https:\/\/folhapopular.info\/index.php\/2023\/01\/04\/imigrante-ultrapassa-aplicacao-de-oito-mil-doses-da-vacina-contra-a-covid-19\/#respond"]}]},{"@type":"WebPage","@id":"https:\/\/folhapopular.info\/index.php\/2023\/01\/04\/imigrante-ultrapassa-aplicacao-de-oito-mil-doses-da-vacina-contra-a-covid-19\/","url":"https:\/\/folhapopular.info\/index.php\/2023\/01\/04\/imigrante-ultrapassa-aplicacao-de-oito-mil-doses-da-vacina-contra-a-covid-19\/","name":"Imigrante ultrapassa\u00a0aplica\u00e7\u00e3o de\u00a0oito mil doses da\u00a0vacina\u00a0contra a\u00a0covid-19 - Folha Popular","isPartOf":{"@id":"https:\/\/folhapopular.info\/#website"},"primaryImageOfPage":{"@id":"https:\/\/folhapopular.info\/index.php\/2023\/01\/04\/imigrante-ultrapassa-aplicacao-de-oito-mil-doses-da-vacina-contra-a-covid-19\/#primaryimage"},"image":{"@id":"https:\/\/folhapopular.info\/index.php\/2023\/01\/04\/imigrante-ultrapassa-aplicacao-de-oito-mil-doses-da-vacina-contra-a-covid-19\/#primaryimage"},"thumbnailUrl":"https:\/\/folhapopular.info\/wp-content\/uploads\/2023\/01\/close-up-doctor-vaccinating-kid-scaled-e1672862345674.jpg","datePublished":"2023-01-04T19:55:20+00:00","dateModified":"2023-01-04T20:00:49+00:00","author":{"@id":"https:\/\/folhapopular.info\/#\/schema\/person\/2814e8a0df7643585a9ca38bc6eb9d4b"},"breadcrumb":{"@id":"https:\/\/folhapopular.info\/index.php\/2023\/01\/04\/imigrante-ultrapassa-aplicacao-de-oito-mil-doses-da-vacina-contra-a-covid-19\/#breadcrumb"},"inLanguage":"pt-BR","potentialAction":[{"@type":"ReadAction","target":["https:\/\/folhapopular.info\/index.php\/2023\/01\/04\/imigrante-ultrapassa-aplicacao-de-oito-mil-doses-da-vacina-contra-a-covid-19\/"]}]},{"@type":"ImageObject","inLanguage":"pt-BR","@id":"https:\/\/folhapopular.info\/index.php\/2023\/01\/04\/imigrante-ultrapassa-aplicacao-de-oito-mil-doses-da-vacina-contra-a-covid-19\/#primaryimage","url":"https:\/\/folhapopular.info\/wp-content\/uploads\/2023\/01\/close-up-doctor-vaccinating-kid-scaled-e1672862345674.jpg","contentUrl":"https:\/\/folhapopular.info\/wp-content\/uploads\/2023\/01\/close-up-doctor-vaccinating-kid-scaled-e1672862345674.jpg","width":1200,"height":598,"caption":"\/ Cr\u00e9dito: Freepik \/ Divulga\u00e7\u00e3o"},{"@type":"BreadcrumbList","@id":"https:\/\/folhapopular.info\/index.php\/2023\/01\/04\/imigrante-ultrapassa-aplicacao-de-oito-mil-doses-da-vacina-contra-a-covid-19\/#breadcrumb","itemListElement":[{"@type":"ListItem","position":1,"name":"In\u00edcio","item":"https:\/\/folhapopular.info\/"},{"@type":"ListItem","position":2,"name":"Imigrante ultrapassa\u00a0aplica\u00e7\u00e3o de\u00a0oito mil doses da\u00a0vacina\u00a0contra a\u00a0covid-19"}]},{"@type":"WebSite","@id":"https:\/\/folhapopular.info\/#website","url":"https:\/\/folhapopular.info\/","name":"Folha Popular","description":"Onde voc\u00ea tem vez e voz","potentialAction":[{"@type":"SearchAction","target":{"@type":"EntryPoint","urlTemplate":"https:\/\/folhapopular.info\/?s={search_term_string}"},"query-input":{"@type":"PropertyValueSpecification","valueRequired":true,"valueName":"search_term_string"}}],"inLanguage":"pt-BR"},{"@type":"Person","@id":"https:\/\/folhapopular.info\/#\/schema\/person\/2814e8a0df7643585a9ca38bc6eb9d4b","name":"Reda\u00e7\u00e3o Folha Popular","image":{"@type":"ImageObject","inLanguage":"pt-BR","@id":"https:\/\/folhapopular.info\/wp-content\/uploads\/2026\/04\/Folha-1.webp","url":"https:\/\/folhapopular.info\/wp-content\/uploads\/2026\/04\/Folha-1.webp","contentUrl":"https:\/\/folhapopular.info\/wp-content\/uploads\/2026\/04\/Folha-1.webp","caption":"Reda\u00e7\u00e3o Folha Popular"},"url":"https:\/\/folhapopular.info\/index.php\/author\/redacao\/"}]}},"jetpack_featured_media_url":"https:\/\/folhapopular.info\/wp-content\/uploads\/2023\/01\/close-up-doctor-vaccinating-kid-scaled-e1672862345674.jpg","jetpack_sharing_enabled":true,"amp_enabled":true,"_links":{"self":[{"href":"https:\/\/folhapopular.info\/index.php\/wp-json\/wp\/v2\/posts\/118862","targetHints":{"allow":["GET"]}}],"collection":[{"href":"https:\/\/folhapopular.info\/index.php\/wp-json\/wp\/v2\/posts"}],"about":[{"href":"https:\/\/folhapopular.info\/index.php\/wp-json\/wp\/v2\/types\/post"}],"author":[{"embeddable":true,"href":"https:\/\/folhapopular.info\/index.php\/wp-json\/wp\/v2\/users\/8"}],"replies":[{"embeddable":true,"href":"https:\/\/folhapopular.info\/index.php\/wp-json\/wp\/v2\/comments?post=118862"}],"version-history":[{"count":0,"href":"https:\/\/folhapopular.info\/index.php\/wp-json\/wp\/v2\/posts\/118862\/revisions"}],"wp:featuredmedia":[{"embeddable":true,"href":"https:\/\/folhapopular.info\/index.php\/wp-json\/wp\/v2\/media\/118870"}],"wp:attachment":[{"href":"https:\/\/folhapopular.info\/index.php\/wp-json\/wp\/v2\/media?parent=118862"}],"wp:term":[{"taxonomy":"category","embeddable":true,"href":"https:\/\/folhapopular.info\/index.php\/wp-json\/wp\/v2\/categories?post=118862"},{"taxonomy":"post_tag","embeddable":true,"href":"https:\/\/folhapopular.info\/index.php\/wp-json\/wp\/v2\/tags?post=118862"}],"curies":[{"name":"wp","href":"https:\/\/api.w.org\/{rel}","templated":true}]}}