{"id":118994,"date":"2023-01-07T09:20:00","date_gmt":"2023-01-07T12:20:00","guid":{"rendered":"https:\/\/folhapopular.info\/?p=118994"},"modified":"2023-01-07T08:47:40","modified_gmt":"2023-01-07T11:47:40","slug":"cooperativas-gauchas-celebram-2022-e-projetam-2023","status":"publish","type":"post","link":"https:\/\/folhapopular.info\/index.php\/2023\/01\/07\/cooperativas-gauchas-celebram-2022-e-projetam-2023\/","title":{"rendered":"Cooperativas ga\u00fachas celebram 2022 e projetam 2023"},"content":{"rendered":"\n<p>De acordo com o Sistema Ocergs, em avalia\u00e7\u00e3o do ano de 2022, o ano passado foi positivo para as cooperativas ga\u00fachas. A participa\u00e7\u00e3o em temas estrat\u00e9gicos tanto na pol\u00edtica como nas rela\u00e7\u00f5es institucionais acarretou novos neg\u00f3cios, produtos e servi\u00e7os ofertados, contribuindo para o desempenho econ\u00f4mico e social do Estado.<\/p>\n\n\n\n<p>Conforme a organiza\u00e7\u00e3o, o crescimento do cooperativismo ga\u00facho demonstra ser uma via de retomada da economia no Rio Grande do Sul. Segundo levantamento do Sistema Ocergs, a Express\u00e3o do Cooperativismo Ga\u00facho, o incremento no faturamento das cooperativas registradas chega a 36,8%, alcan\u00e7ando o valor recorde de R$ 71,2 bilh\u00f5es no exerc\u00edcio de 2021.<\/p>\n\n\n\n<p>O relat\u00f3rio apresenta indicadores de desempenho econ\u00f4mico e social dos sete ramos de atua\u00e7\u00e3o, com destaque para o segmento Agropecu\u00e1rio, que representa 71,6% do total. No \u00faltimo ano, o crescimento registrado nas sobras apuradas foi de 20,7%, atingindo o valor de R$ 3,6 bilh\u00f5es, o que representa o dobro do valor obtido em 2017.<\/p>\n\n\n\n<p>O protagonismo das cooperativas ga\u00fachos tamb\u00e9m foi evidenciado por meio de premia\u00e7\u00f5es e reconhecimentos. Dentre as premia\u00e7\u00f5es recebidas durante o ano de 2022 destacam-se as seguintes conquistas: Marcas de Quem Decide, Carrinho Agas, Top of Mind, Maiores e Melhores: as 1.000 Maiores Empresas do Brasil, Pr\u00eamio \u00cdndice Aneel de Satisfa\u00e7\u00e3o do Consumidor \u2013 Pr\u00eamio IASC 2015, Pr\u00eamio Sescoop Excel\u00eancia de Gest\u00e3o, Melhores Empresas para se Trabalhar, Carrinho AGAS, 100 melhores Vinhos do Mundo, Pr\u00eamio M\u00e9rito Lojista, Pr\u00eamio Responsabilidade Social, Pr\u00eamio Top de Marketing, Trof\u00e9u Campeador, 500 Maiores do Sul, Pr\u00eamio de Excel\u00eancia da Sa\u00fade, Valor 1000 Maiores Empresas, entre outras premia\u00e7\u00f5es.<\/p>\n\n\n\n<p>Para ouvir os p\u00fablicos estrat\u00e9gicos das cooperativas, a nova diretoria do Sistema Ocergs realizou uma pesquisa. Ela foi feita por meio de consultoria externa. Tamb\u00e9m teve objetivo de aperfei\u00e7oar os processos para aplica\u00e7\u00e3o dos recursos e melhorar o atendimento de acordo com as necessidades e expectativas das cooperativas ga\u00fachas. <\/p>\n\n\n\n<p>\u201cCumprindo o objetivo de ouvir e atender nosso p\u00fablico de forma cada vez mais assertiva, rodamos pesquisa para ouvir os feedbacks sobre o Fundo de Marketing e Comunica\u00e7\u00e3o, os principais ve\u00edculos de comunica\u00e7\u00e3o usados pelas coops, constru\u00edmos juntos o Workshop de Comunica\u00e7\u00e3o 2022, pesquisas aplicadas nas cooperativas como Certaja e RTC\u201d, destaca a entidade.<\/p>\n\n\n\n<p><strong>Import\u00e2ncia da inova\u00e7\u00e3o<\/strong><br>De acordo com dados do Sistema OCB, oito em cada 10 cooperativas consideram a inova\u00e7\u00e3o fundamental e estrat\u00e9gica para aprimorar sua atua\u00e7\u00e3o nos mais variados ramos do cooperativismo. <\/p>\n\n\n\n<p>Para apresentar as principais tend\u00eancias da atualidade, a entidade publicou, em abril, o livro Inova\u00e7\u00e3o no Cooperativismo: Um guia descomplicado para quem deseja inovar mais e melhor no universo coop. &#8220;O coop ga\u00facho deu show de inova\u00e7\u00e3o em 2022. Tivemos a participa\u00e7\u00e3o da Fetrabalho\/RS na primeira edi\u00e7\u00e3o do Programa Conex\u00e3o com Startups\u201d, exemplifica.<\/p>\n\n\n\n<p>A SmartCoop, plataforma digital onde as cooperativas agregam suas demandas, completou um ano de exist\u00eancia com n\u00fameros importantes. Atualmente, possui mais de 5 mil usu\u00e1rios ativos, mais de 19 mil cadastrados. <\/p>\n\n\n\n<p>Mais de 850 t\u00e9cnicos das cooperativas est\u00e3o dentro da plataforma que hoje consegue trabalhar com todo o manejo da propriedade.<\/p>\n\n\n\n<p><strong>Para 2023<\/strong><br>O Sistema Ocergs passou por modifica\u00e7\u00f5es e buscou ferramentas para melhorar os servi\u00e7os prestados \u00e0s cooperativas. O lan\u00e7amento do RSCOOP150 foi uma delas. O plano ser\u00e1 o norteador estrat\u00e9gico da organiza\u00e7\u00e3o para os pr\u00f3ximos anos.<\/p>\n\n\n\n<p>\u201cO Plano Ga\u00facho de Cooperativismo RSCOOP150 tem como objetivo tra\u00e7ar estrat\u00e9gias junto com as cooperativas para atingir metas desafiadoras at\u00e9 2027, considerando seus segmentos de neg\u00f3cios com vis\u00e3o de curto, m\u00e9dio e longo prazo\u201d, explica.<\/p>\n\n\n\n<p>A OCERGS lan\u00e7ou um hotsite exclusivo, para divulgar as cinco a\u00e7\u00f5es priorit\u00e1rias de cada \u00e1rea, alinhadas ao Planejamento Estrat\u00e9gico, que nortearam o caminho at\u00e9 aqui e a jornada que ser\u00e1 constru\u00edda em 2023.<\/p>\n","protected":false},"excerpt":{"rendered":"<p>De acordo com o Sistema Ocergs, em avalia\u00e7\u00e3o do ano de 2022, o ano passado foi positivo para as cooperativas ga\u00fachas. A participa\u00e7\u00e3o em temas estrat\u00e9gicos tanto na pol\u00edtica como nas rela\u00e7\u00f5es institucionais acarretou novos neg\u00f3cios, produtos e servi\u00e7os ofertados, contribuindo para o desempenho econ\u00f4mico e social do Estado. Conforme a organiza\u00e7\u00e3o, o crescimento do [&hellip;]<\/p>\n","protected":false},"author":8,"featured_media":118995,"comment_status":"open","ping_status":"open","sticky":false,"template":"","format":"standard","meta":{"pmpro_default_level":"","_jetpack_memberships_contains_paid_content":false,"footnotes":""},"categories":[2,3],"tags":[5187,2303,176,6250],"class_list":{"0":"post-118994","1":"post","2":"type-post","3":"status-publish","4":"format-standard","5":"has-post-thumbnail","7":"category-featured","8":"category-geral","9":"tag-cooperativas","10":"tag-cooperativismo","11":"tag-estado","12":"tag-projetos","13":"pmpro-has-access"},"yoast_head":"<!-- This site is optimized with the Yoast SEO plugin v27.5 - https:\/\/yoast.com\/product\/yoast-seo-wordpress\/ -->\n<title>Cooperativas ga\u00fachas celebram 2022 e projetam 2023 - Folha Popular<\/title>\n<meta name=\"robots\" content=\"index, follow, max-snippet:-1, max-image-preview:large, max-video-preview:-1\" \/>\n<link rel=\"canonical\" href=\"https:\/\/folhapopular.info\/index.php\/2023\/01\/07\/cooperativas-gauchas-celebram-2022-e-projetam-2023\/\" \/>\n<meta property=\"og:locale\" content=\"pt_BR\" \/>\n<meta property=\"og:type\" content=\"article\" \/>\n<meta property=\"og:title\" content=\"Cooperativas ga\u00fachas celebram 2022 e projetam 2023 - Folha Popular\" \/>\n<meta property=\"og:description\" content=\"De acordo com o Sistema Ocergs, em avalia\u00e7\u00e3o do ano de 2022, o ano passado foi positivo para as cooperativas ga\u00fachas. A participa\u00e7\u00e3o em temas estrat\u00e9gicos tanto na pol\u00edtica como nas rela\u00e7\u00f5es institucionais acarretou novos neg\u00f3cios, produtos e servi\u00e7os ofertados, contribuindo para o desempenho econ\u00f4mico e social do Estado. Conforme a organiza\u00e7\u00e3o, o crescimento do [&hellip;]\" \/>\n<meta property=\"og:url\" content=\"https:\/\/folhapopular.info\/index.php\/2023\/01\/07\/cooperativas-gauchas-celebram-2022-e-projetam-2023\/\" \/>\n<meta property=\"og:site_name\" content=\"Folha Popular\" \/>\n<meta property=\"article:published_time\" content=\"2023-01-07T12:20:00+00:00\" \/>\n<meta property=\"og:image\" content=\"https:\/\/folhapopular.info\/wp-content\/uploads\/2023\/01\/image-share.png\" \/>\n\t<meta property=\"og:image:width\" content=\"1200\" \/>\n\t<meta property=\"og:image:height\" content=\"640\" \/>\n\t<meta property=\"og:image:type\" content=\"image\/png\" \/>\n<meta name=\"author\" content=\"Reda\u00e7\u00e3o Folha Popular\" \/>\n<meta name=\"twitter:card\" content=\"summary_large_image\" \/>\n<meta name=\"twitter:label1\" content=\"Escrito por\" \/>\n\t<meta name=\"twitter:data1\" content=\"Reda\u00e7\u00e3o Folha Popular\" \/>\n\t<meta name=\"twitter:label2\" content=\"Est. tempo de leitura\" \/>\n\t<meta name=\"twitter:data2\" content=\"4 minutos\" \/>\n<script type=\"application\/ld+json\" class=\"yoast-schema-graph\">{\"@context\":\"https:\\\/\\\/schema.org\",\"@graph\":[{\"@type\":\"Article\",\"@id\":\"https:\\\/\\\/folhapopular.info\\\/index.php\\\/2023\\\/01\\\/07\\\/cooperativas-gauchas-celebram-2022-e-projetam-2023\\\/#article\",\"isPartOf\":{\"@id\":\"https:\\\/\\\/folhapopular.info\\\/index.php\\\/2023\\\/01\\\/07\\\/cooperativas-gauchas-celebram-2022-e-projetam-2023\\\/\"},\"author\":{\"name\":\"Reda\u00e7\u00e3o Folha Popular\",\"@id\":\"https:\\\/\\\/folhapopular.info\\\/#\\\/schema\\\/person\\\/2814e8a0df7643585a9ca38bc6eb9d4b\"},\"headline\":\"Cooperativas ga\u00fachas celebram 2022 e projetam 2023\",\"datePublished\":\"2023-01-07T12:20:00+00:00\",\"mainEntityOfPage\":{\"@id\":\"https:\\\/\\\/folhapopular.info\\\/index.php\\\/2023\\\/01\\\/07\\\/cooperativas-gauchas-celebram-2022-e-projetam-2023\\\/\"},\"wordCount\":669,\"commentCount\":0,\"image\":{\"@id\":\"https:\\\/\\\/folhapopular.info\\\/index.php\\\/2023\\\/01\\\/07\\\/cooperativas-gauchas-celebram-2022-e-projetam-2023\\\/#primaryimage\"},\"thumbnailUrl\":\"https:\\\/\\\/folhapopular.info\\\/wp-content\\\/uploads\\\/2023\\\/01\\\/image-share.png\",\"keywords\":[\"cooperativas\",\"cooperativismo\",\"Estado\",\"Projetos\"],\"articleSection\":[\"Destaques\",\"Geral\"],\"inLanguage\":\"pt-BR\",\"potentialAction\":[{\"@type\":\"CommentAction\",\"name\":\"Comment\",\"target\":[\"https:\\\/\\\/folhapopular.info\\\/index.php\\\/2023\\\/01\\\/07\\\/cooperativas-gauchas-celebram-2022-e-projetam-2023\\\/#respond\"]}]},{\"@type\":\"WebPage\",\"@id\":\"https:\\\/\\\/folhapopular.info\\\/index.php\\\/2023\\\/01\\\/07\\\/cooperativas-gauchas-celebram-2022-e-projetam-2023\\\/\",\"url\":\"https:\\\/\\\/folhapopular.info\\\/index.php\\\/2023\\\/01\\\/07\\\/cooperativas-gauchas-celebram-2022-e-projetam-2023\\\/\",\"name\":\"Cooperativas ga\u00fachas celebram 2022 e projetam 2023 - Folha Popular\",\"isPartOf\":{\"@id\":\"https:\\\/\\\/folhapopular.info\\\/#website\"},\"primaryImageOfPage\":{\"@id\":\"https:\\\/\\\/folhapopular.info\\\/index.php\\\/2023\\\/01\\\/07\\\/cooperativas-gauchas-celebram-2022-e-projetam-2023\\\/#primaryimage\"},\"image\":{\"@id\":\"https:\\\/\\\/folhapopular.info\\\/index.php\\\/2023\\\/01\\\/07\\\/cooperativas-gauchas-celebram-2022-e-projetam-2023\\\/#primaryimage\"},\"thumbnailUrl\":\"https:\\\/\\\/folhapopular.info\\\/wp-content\\\/uploads\\\/2023\\\/01\\\/image-share.png\",\"datePublished\":\"2023-01-07T12:20:00+00:00\",\"author\":{\"@id\":\"https:\\\/\\\/folhapopular.info\\\/#\\\/schema\\\/person\\\/2814e8a0df7643585a9ca38bc6eb9d4b\"},\"breadcrumb\":{\"@id\":\"https:\\\/\\\/folhapopular.info\\\/index.php\\\/2023\\\/01\\\/07\\\/cooperativas-gauchas-celebram-2022-e-projetam-2023\\\/#breadcrumb\"},\"inLanguage\":\"pt-BR\",\"potentialAction\":[{\"@type\":\"ReadAction\",\"target\":[\"https:\\\/\\\/folhapopular.info\\\/index.php\\\/2023\\\/01\\\/07\\\/cooperativas-gauchas-celebram-2022-e-projetam-2023\\\/\"]}]},{\"@type\":\"ImageObject\",\"inLanguage\":\"pt-BR\",\"@id\":\"https:\\\/\\\/folhapopular.info\\\/index.php\\\/2023\\\/01\\\/07\\\/cooperativas-gauchas-celebram-2022-e-projetam-2023\\\/#primaryimage\",\"url\":\"https:\\\/\\\/folhapopular.info\\\/wp-content\\\/uploads\\\/2023\\\/01\\\/image-share.png\",\"contentUrl\":\"https:\\\/\\\/folhapopular.info\\\/wp-content\\\/uploads\\\/2023\\\/01\\\/image-share.png\",\"width\":1200,\"height\":640,\"caption\":\"Cr\u00e9dito: Divulga\u00e7\u00e3o\"},{\"@type\":\"BreadcrumbList\",\"@id\":\"https:\\\/\\\/folhapopular.info\\\/index.php\\\/2023\\\/01\\\/07\\\/cooperativas-gauchas-celebram-2022-e-projetam-2023\\\/#breadcrumb\",\"itemListElement\":[{\"@type\":\"ListItem\",\"position\":1,\"name\":\"In\u00edcio\",\"item\":\"https:\\\/\\\/folhapopular.info\\\/\"},{\"@type\":\"ListItem\",\"position\":2,\"name\":\"Cooperativas ga\u00fachas celebram 2022 e projetam 2023\"}]},{\"@type\":\"WebSite\",\"@id\":\"https:\\\/\\\/folhapopular.info\\\/#website\",\"url\":\"https:\\\/\\\/folhapopular.info\\\/\",\"name\":\"Folha Popular\",\"description\":\"Onde voc\u00ea tem vez e voz\",\"potentialAction\":[{\"@type\":\"SearchAction\",\"target\":{\"@type\":\"EntryPoint\",\"urlTemplate\":\"https:\\\/\\\/folhapopular.info\\\/?s={search_term_string}\"},\"query-input\":{\"@type\":\"PropertyValueSpecification\",\"valueRequired\":true,\"valueName\":\"search_term_string\"}}],\"inLanguage\":\"pt-BR\"},{\"@type\":\"Person\",\"@id\":\"https:\\\/\\\/folhapopular.info\\\/#\\\/schema\\\/person\\\/2814e8a0df7643585a9ca38bc6eb9d4b\",\"name\":\"Reda\u00e7\u00e3o Folha Popular\",\"image\":{\"@type\":\"ImageObject\",\"inLanguage\":\"pt-BR\",\"@id\":\"https:\\\/\\\/folhapopular.info\\\/wp-content\\\/uploads\\\/2026\\\/04\\\/Folha-1.webp\",\"url\":\"https:\\\/\\\/folhapopular.info\\\/wp-content\\\/uploads\\\/2026\\\/04\\\/Folha-1.webp\",\"contentUrl\":\"https:\\\/\\\/folhapopular.info\\\/wp-content\\\/uploads\\\/2026\\\/04\\\/Folha-1.webp\",\"caption\":\"Reda\u00e7\u00e3o Folha Popular\"},\"url\":\"https:\\\/\\\/folhapopular.info\\\/index.php\\\/author\\\/redacao\\\/\"}]}<\/script>\n<!-- \/ Yoast SEO plugin. -->","yoast_head_json":{"title":"Cooperativas ga\u00fachas celebram 2022 e projetam 2023 - Folha Popular","robots":{"index":"index","follow":"follow","max-snippet":"max-snippet:-1","max-image-preview":"max-image-preview:large","max-video-preview":"max-video-preview:-1"},"canonical":"https:\/\/folhapopular.info\/index.php\/2023\/01\/07\/cooperativas-gauchas-celebram-2022-e-projetam-2023\/","og_locale":"pt_BR","og_type":"article","og_title":"Cooperativas ga\u00fachas celebram 2022 e projetam 2023 - Folha Popular","og_description":"De acordo com o Sistema Ocergs, em avalia\u00e7\u00e3o do ano de 2022, o ano passado foi positivo para as cooperativas ga\u00fachas. A participa\u00e7\u00e3o em temas estrat\u00e9gicos tanto na pol\u00edtica como nas rela\u00e7\u00f5es institucionais acarretou novos neg\u00f3cios, produtos e servi\u00e7os ofertados, contribuindo para o desempenho econ\u00f4mico e social do Estado. Conforme a organiza\u00e7\u00e3o, o crescimento do [&hellip;]","og_url":"https:\/\/folhapopular.info\/index.php\/2023\/01\/07\/cooperativas-gauchas-celebram-2022-e-projetam-2023\/","og_site_name":"Folha Popular","article_published_time":"2023-01-07T12:20:00+00:00","og_image":[{"width":1200,"height":640,"url":"https:\/\/folhapopular.info\/wp-content\/uploads\/2023\/01\/image-share.png","type":"image\/png"}],"author":"Reda\u00e7\u00e3o Folha Popular","twitter_card":"summary_large_image","twitter_misc":{"Escrito por":"Reda\u00e7\u00e3o Folha Popular","Est. tempo de leitura":"4 minutos"},"schema":{"@context":"https:\/\/schema.org","@graph":[{"@type":"Article","@id":"https:\/\/folhapopular.info\/index.php\/2023\/01\/07\/cooperativas-gauchas-celebram-2022-e-projetam-2023\/#article","isPartOf":{"@id":"https:\/\/folhapopular.info\/index.php\/2023\/01\/07\/cooperativas-gauchas-celebram-2022-e-projetam-2023\/"},"author":{"name":"Reda\u00e7\u00e3o Folha Popular","@id":"https:\/\/folhapopular.info\/#\/schema\/person\/2814e8a0df7643585a9ca38bc6eb9d4b"},"headline":"Cooperativas ga\u00fachas celebram 2022 e projetam 2023","datePublished":"2023-01-07T12:20:00+00:00","mainEntityOfPage":{"@id":"https:\/\/folhapopular.info\/index.php\/2023\/01\/07\/cooperativas-gauchas-celebram-2022-e-projetam-2023\/"},"wordCount":669,"commentCount":0,"image":{"@id":"https:\/\/folhapopular.info\/index.php\/2023\/01\/07\/cooperativas-gauchas-celebram-2022-e-projetam-2023\/#primaryimage"},"thumbnailUrl":"https:\/\/folhapopular.info\/wp-content\/uploads\/2023\/01\/image-share.png","keywords":["cooperativas","cooperativismo","Estado","Projetos"],"articleSection":["Destaques","Geral"],"inLanguage":"pt-BR","potentialAction":[{"@type":"CommentAction","name":"Comment","target":["https:\/\/folhapopular.info\/index.php\/2023\/01\/07\/cooperativas-gauchas-celebram-2022-e-projetam-2023\/#respond"]}]},{"@type":"WebPage","@id":"https:\/\/folhapopular.info\/index.php\/2023\/01\/07\/cooperativas-gauchas-celebram-2022-e-projetam-2023\/","url":"https:\/\/folhapopular.info\/index.php\/2023\/01\/07\/cooperativas-gauchas-celebram-2022-e-projetam-2023\/","name":"Cooperativas ga\u00fachas celebram 2022 e projetam 2023 - Folha Popular","isPartOf":{"@id":"https:\/\/folhapopular.info\/#website"},"primaryImageOfPage":{"@id":"https:\/\/folhapopular.info\/index.php\/2023\/01\/07\/cooperativas-gauchas-celebram-2022-e-projetam-2023\/#primaryimage"},"image":{"@id":"https:\/\/folhapopular.info\/index.php\/2023\/01\/07\/cooperativas-gauchas-celebram-2022-e-projetam-2023\/#primaryimage"},"thumbnailUrl":"https:\/\/folhapopular.info\/wp-content\/uploads\/2023\/01\/image-share.png","datePublished":"2023-01-07T12:20:00+00:00","author":{"@id":"https:\/\/folhapopular.info\/#\/schema\/person\/2814e8a0df7643585a9ca38bc6eb9d4b"},"breadcrumb":{"@id":"https:\/\/folhapopular.info\/index.php\/2023\/01\/07\/cooperativas-gauchas-celebram-2022-e-projetam-2023\/#breadcrumb"},"inLanguage":"pt-BR","potentialAction":[{"@type":"ReadAction","target":["https:\/\/folhapopular.info\/index.php\/2023\/01\/07\/cooperativas-gauchas-celebram-2022-e-projetam-2023\/"]}]},{"@type":"ImageObject","inLanguage":"pt-BR","@id":"https:\/\/folhapopular.info\/index.php\/2023\/01\/07\/cooperativas-gauchas-celebram-2022-e-projetam-2023\/#primaryimage","url":"https:\/\/folhapopular.info\/wp-content\/uploads\/2023\/01\/image-share.png","contentUrl":"https:\/\/folhapopular.info\/wp-content\/uploads\/2023\/01\/image-share.png","width":1200,"height":640,"caption":"Cr\u00e9dito: Divulga\u00e7\u00e3o"},{"@type":"BreadcrumbList","@id":"https:\/\/folhapopular.info\/index.php\/2023\/01\/07\/cooperativas-gauchas-celebram-2022-e-projetam-2023\/#breadcrumb","itemListElement":[{"@type":"ListItem","position":1,"name":"In\u00edcio","item":"https:\/\/folhapopular.info\/"},{"@type":"ListItem","position":2,"name":"Cooperativas ga\u00fachas celebram 2022 e projetam 2023"}]},{"@type":"WebSite","@id":"https:\/\/folhapopular.info\/#website","url":"https:\/\/folhapopular.info\/","name":"Folha Popular","description":"Onde voc\u00ea tem vez e voz","potentialAction":[{"@type":"SearchAction","target":{"@type":"EntryPoint","urlTemplate":"https:\/\/folhapopular.info\/?s={search_term_string}"},"query-input":{"@type":"PropertyValueSpecification","valueRequired":true,"valueName":"search_term_string"}}],"inLanguage":"pt-BR"},{"@type":"Person","@id":"https:\/\/folhapopular.info\/#\/schema\/person\/2814e8a0df7643585a9ca38bc6eb9d4b","name":"Reda\u00e7\u00e3o Folha Popular","image":{"@type":"ImageObject","inLanguage":"pt-BR","@id":"https:\/\/folhapopular.info\/wp-content\/uploads\/2026\/04\/Folha-1.webp","url":"https:\/\/folhapopular.info\/wp-content\/uploads\/2026\/04\/Folha-1.webp","contentUrl":"https:\/\/folhapopular.info\/wp-content\/uploads\/2026\/04\/Folha-1.webp","caption":"Reda\u00e7\u00e3o Folha Popular"},"url":"https:\/\/folhapopular.info\/index.php\/author\/redacao\/"}]}},"jetpack_featured_media_url":"https:\/\/folhapopular.info\/wp-content\/uploads\/2023\/01\/image-share.png","jetpack_sharing_enabled":true,"amp_enabled":true,"_links":{"self":[{"href":"https:\/\/folhapopular.info\/index.php\/wp-json\/wp\/v2\/posts\/118994","targetHints":{"allow":["GET"]}}],"collection":[{"href":"https:\/\/folhapopular.info\/index.php\/wp-json\/wp\/v2\/posts"}],"about":[{"href":"https:\/\/folhapopular.info\/index.php\/wp-json\/wp\/v2\/types\/post"}],"author":[{"embeddable":true,"href":"https:\/\/folhapopular.info\/index.php\/wp-json\/wp\/v2\/users\/8"}],"replies":[{"embeddable":true,"href":"https:\/\/folhapopular.info\/index.php\/wp-json\/wp\/v2\/comments?post=118994"}],"version-history":[{"count":0,"href":"https:\/\/folhapopular.info\/index.php\/wp-json\/wp\/v2\/posts\/118994\/revisions"}],"wp:featuredmedia":[{"embeddable":true,"href":"https:\/\/folhapopular.info\/index.php\/wp-json\/wp\/v2\/media\/118995"}],"wp:attachment":[{"href":"https:\/\/folhapopular.info\/index.php\/wp-json\/wp\/v2\/media?parent=118994"}],"wp:term":[{"taxonomy":"category","embeddable":true,"href":"https:\/\/folhapopular.info\/index.php\/wp-json\/wp\/v2\/categories?post=118994"},{"taxonomy":"post_tag","embeddable":true,"href":"https:\/\/folhapopular.info\/index.php\/wp-json\/wp\/v2\/tags?post=118994"}],"curies":[{"name":"wp","href":"https:\/\/api.w.org\/{rel}","templated":true}]}}