{"id":119222,"date":"2023-01-13T09:47:47","date_gmt":"2023-01-13T12:47:47","guid":{"rendered":"https:\/\/folhapopular.info\/?p=119222"},"modified":"2023-01-13T09:47:50","modified_gmt":"2023-01-13T12:47:50","slug":"saida-de-pista-seguida-de-capotamento-deixa-condutor-com-lesoes-graves-em-fazenda-vilanova","status":"publish","type":"post","link":"https:\/\/folhapopular.info\/index.php\/2023\/01\/13\/saida-de-pista-seguida-de-capotamento-deixa-condutor-com-lesoes-graves-em-fazenda-vilanova\/","title":{"rendered":"Sa\u00edda de pista, seguida de capotamento deixa condutor com les\u00f5es graves em Fazenda Vilanova"},"content":{"rendered":"\n<p>Um Chevrolet\/Cobalt saiu da pista, capotou e retornou para a via por volta das 8h30 desta sexta-feira (13\/1), no km 365 da BR-386, em Fazenda Vilanova. O autom\u00f3vel era emplacado em Capit\u00e3o.<\/p>\n\n\n\n<p>O condutor, de 67 anos, natural de Boa Esperan\u00e7a do Igua\u00e7u, Paran\u00e1, foi socorrido com les\u00f5es graves.<\/p>\n\n\n\n<p>A passageira, de 67 anos, natural de Tiradentes do Sul, foi socorrida com les\u00f5es leves.<\/p>\n\n\n\n<p>N\u00e3o houve preju\u00edzo ao fluxo de ve\u00edculos ap\u00f3s o acidente.<\/p>\n","protected":false},"excerpt":{"rendered":"<p>Um Chevrolet\/Cobalt saiu da pista, capotou e retornou para a via por volta das 8h30 desta sexta-feira (13\/1), no km 365 da BR-386, em Fazenda Vilanova. O autom\u00f3vel era emplacado em Capit\u00e3o. O condutor, de 67 anos, natural de Boa Esperan\u00e7a do Igua\u00e7u, Paran\u00e1, foi socorrido com les\u00f5es graves. A passageira, de 67 anos, natural [&hellip;]<\/p>\n","protected":false},"author":8,"featured_media":58540,"comment_status":"open","ping_status":"open","sticky":false,"template":"","format":"standard","meta":{"pmpro_default_level":"","_jetpack_memberships_contains_paid_content":false,"footnotes":""},"categories":[7],"tags":[195,204,10601,2078,1228,113],"class_list":{"0":"post-119222","1":"post","2":"type-post","3":"status-publish","4":"format-standard","5":"has-post-thumbnail","7":"category-seguranca","8":"tag-acidente","9":"tag-capotamento","10":"tag-graves","11":"tag-lesoes","12":"tag-saida-de-pista","13":"tag-transito","14":"pmpro-has-access"},"yoast_head":"<!-- This site is optimized with the Yoast SEO plugin v27.5 - https:\/\/yoast.com\/product\/yoast-seo-wordpress\/ -->\n<title>Sa\u00edda de pista, seguida de capotamento deixa condutor com les\u00f5es graves em Fazenda Vilanova - Folha Popular<\/title>\n<meta name=\"robots\" content=\"index, follow, max-snippet:-1, max-image-preview:large, max-video-preview:-1\" \/>\n<link rel=\"canonical\" href=\"https:\/\/folhapopular.info\/index.php\/2023\/01\/13\/saida-de-pista-seguida-de-capotamento-deixa-condutor-com-lesoes-graves-em-fazenda-vilanova\/\" \/>\n<meta property=\"og:locale\" content=\"pt_BR\" \/>\n<meta property=\"og:type\" content=\"article\" \/>\n<meta property=\"og:title\" content=\"Sa\u00edda de pista, seguida de capotamento deixa condutor com les\u00f5es graves em Fazenda Vilanova - Folha Popular\" \/>\n<meta property=\"og:description\" content=\"Um Chevrolet\/Cobalt saiu da pista, capotou e retornou para a via por volta das 8h30 desta sexta-feira (13\/1), no km 365 da BR-386, em Fazenda Vilanova. O autom\u00f3vel era emplacado em Capit\u00e3o. O condutor, de 67 anos, natural de Boa Esperan\u00e7a do Igua\u00e7u, Paran\u00e1, foi socorrido com les\u00f5es graves. A passageira, de 67 anos, natural [&hellip;]\" \/>\n<meta property=\"og:url\" content=\"https:\/\/folhapopular.info\/index.php\/2023\/01\/13\/saida-de-pista-seguida-de-capotamento-deixa-condutor-com-lesoes-graves-em-fazenda-vilanova\/\" \/>\n<meta property=\"og:site_name\" content=\"Folha Popular\" \/>\n<meta property=\"article:published_time\" content=\"2023-01-13T12:47:47+00:00\" \/>\n<meta property=\"article:modified_time\" content=\"2023-01-13T12:47:50+00:00\" \/>\n<meta property=\"og:image\" content=\"http:\/\/folhapopular.info\/wp-content\/uploads\/2019\/09\/tr\u00e2nsito-e1567961593182.jpg\" \/>\n\t<meta property=\"og:image:width\" content=\"800\" \/>\n\t<meta property=\"og:image:height\" content=\"563\" \/>\n\t<meta property=\"og:image:type\" content=\"image\/jpeg\" \/>\n<meta name=\"author\" content=\"Reda\u00e7\u00e3o Folha Popular\" \/>\n<meta name=\"twitter:card\" content=\"summary_large_image\" \/>\n<meta name=\"twitter:label1\" content=\"Escrito por\" \/>\n\t<meta name=\"twitter:data1\" content=\"Reda\u00e7\u00e3o Folha Popular\" \/>\n\t<meta name=\"twitter:label2\" content=\"Est. tempo de leitura\" \/>\n\t<meta name=\"twitter:data2\" content=\"1 minuto\" \/>\n<script type=\"application\/ld+json\" class=\"yoast-schema-graph\">{\"@context\":\"https:\\\/\\\/schema.org\",\"@graph\":[{\"@type\":\"Article\",\"@id\":\"https:\\\/\\\/folhapopular.info\\\/index.php\\\/2023\\\/01\\\/13\\\/saida-de-pista-seguida-de-capotamento-deixa-condutor-com-lesoes-graves-em-fazenda-vilanova\\\/#article\",\"isPartOf\":{\"@id\":\"https:\\\/\\\/folhapopular.info\\\/index.php\\\/2023\\\/01\\\/13\\\/saida-de-pista-seguida-de-capotamento-deixa-condutor-com-lesoes-graves-em-fazenda-vilanova\\\/\"},\"author\":{\"name\":\"Reda\u00e7\u00e3o Folha Popular\",\"@id\":\"https:\\\/\\\/folhapopular.info\\\/#\\\/schema\\\/person\\\/2814e8a0df7643585a9ca38bc6eb9d4b\"},\"headline\":\"Sa\u00edda de pista, seguida de capotamento deixa condutor com les\u00f5es graves em Fazenda Vilanova\",\"datePublished\":\"2023-01-13T12:47:47+00:00\",\"dateModified\":\"2023-01-13T12:47:50+00:00\",\"mainEntityOfPage\":{\"@id\":\"https:\\\/\\\/folhapopular.info\\\/index.php\\\/2023\\\/01\\\/13\\\/saida-de-pista-seguida-de-capotamento-deixa-condutor-com-lesoes-graves-em-fazenda-vilanova\\\/\"},\"wordCount\":97,\"commentCount\":0,\"image\":{\"@id\":\"https:\\\/\\\/folhapopular.info\\\/index.php\\\/2023\\\/01\\\/13\\\/saida-de-pista-seguida-de-capotamento-deixa-condutor-com-lesoes-graves-em-fazenda-vilanova\\\/#primaryimage\"},\"thumbnailUrl\":\"https:\\\/\\\/folhapopular.info\\\/wp-content\\\/uploads\\\/2019\\\/09\\\/tr\u00e2nsito-e1567961593182.jpg\",\"keywords\":[\"Acidente\",\"Capotamento\",\"Graves\",\"Les\u00f5es\",\"Sa\u00edda de Pista\",\"Tr\u00e2nsito\"],\"articleSection\":[\"Seguran\u00e7a\"],\"inLanguage\":\"pt-BR\",\"potentialAction\":[{\"@type\":\"CommentAction\",\"name\":\"Comment\",\"target\":[\"https:\\\/\\\/folhapopular.info\\\/index.php\\\/2023\\\/01\\\/13\\\/saida-de-pista-seguida-de-capotamento-deixa-condutor-com-lesoes-graves-em-fazenda-vilanova\\\/#respond\"]}]},{\"@type\":\"WebPage\",\"@id\":\"https:\\\/\\\/folhapopular.info\\\/index.php\\\/2023\\\/01\\\/13\\\/saida-de-pista-seguida-de-capotamento-deixa-condutor-com-lesoes-graves-em-fazenda-vilanova\\\/\",\"url\":\"https:\\\/\\\/folhapopular.info\\\/index.php\\\/2023\\\/01\\\/13\\\/saida-de-pista-seguida-de-capotamento-deixa-condutor-com-lesoes-graves-em-fazenda-vilanova\\\/\",\"name\":\"Sa\u00edda de pista, seguida de capotamento deixa condutor com les\u00f5es graves em Fazenda Vilanova - Folha Popular\",\"isPartOf\":{\"@id\":\"https:\\\/\\\/folhapopular.info\\\/#website\"},\"primaryImageOfPage\":{\"@id\":\"https:\\\/\\\/folhapopular.info\\\/index.php\\\/2023\\\/01\\\/13\\\/saida-de-pista-seguida-de-capotamento-deixa-condutor-com-lesoes-graves-em-fazenda-vilanova\\\/#primaryimage\"},\"image\":{\"@id\":\"https:\\\/\\\/folhapopular.info\\\/index.php\\\/2023\\\/01\\\/13\\\/saida-de-pista-seguida-de-capotamento-deixa-condutor-com-lesoes-graves-em-fazenda-vilanova\\\/#primaryimage\"},\"thumbnailUrl\":\"https:\\\/\\\/folhapopular.info\\\/wp-content\\\/uploads\\\/2019\\\/09\\\/tr\u00e2nsito-e1567961593182.jpg\",\"datePublished\":\"2023-01-13T12:47:47+00:00\",\"dateModified\":\"2023-01-13T12:47:50+00:00\",\"author\":{\"@id\":\"https:\\\/\\\/folhapopular.info\\\/#\\\/schema\\\/person\\\/2814e8a0df7643585a9ca38bc6eb9d4b\"},\"breadcrumb\":{\"@id\":\"https:\\\/\\\/folhapopular.info\\\/index.php\\\/2023\\\/01\\\/13\\\/saida-de-pista-seguida-de-capotamento-deixa-condutor-com-lesoes-graves-em-fazenda-vilanova\\\/#breadcrumb\"},\"inLanguage\":\"pt-BR\",\"potentialAction\":[{\"@type\":\"ReadAction\",\"target\":[\"https:\\\/\\\/folhapopular.info\\\/index.php\\\/2023\\\/01\\\/13\\\/saida-de-pista-seguida-de-capotamento-deixa-condutor-com-lesoes-graves-em-fazenda-vilanova\\\/\"]}]},{\"@type\":\"ImageObject\",\"inLanguage\":\"pt-BR\",\"@id\":\"https:\\\/\\\/folhapopular.info\\\/index.php\\\/2023\\\/01\\\/13\\\/saida-de-pista-seguida-de-capotamento-deixa-condutor-com-lesoes-graves-em-fazenda-vilanova\\\/#primaryimage\",\"url\":\"https:\\\/\\\/folhapopular.info\\\/wp-content\\\/uploads\\\/2019\\\/09\\\/tr\u00e2nsito-e1567961593182.jpg\",\"contentUrl\":\"https:\\\/\\\/folhapopular.info\\\/wp-content\\\/uploads\\\/2019\\\/09\\\/tr\u00e2nsito-e1567961593182.jpg\",\"width\":800,\"height\":563,\"caption\":\"Artes Transito\"},{\"@type\":\"BreadcrumbList\",\"@id\":\"https:\\\/\\\/folhapopular.info\\\/index.php\\\/2023\\\/01\\\/13\\\/saida-de-pista-seguida-de-capotamento-deixa-condutor-com-lesoes-graves-em-fazenda-vilanova\\\/#breadcrumb\",\"itemListElement\":[{\"@type\":\"ListItem\",\"position\":1,\"name\":\"In\u00edcio\",\"item\":\"https:\\\/\\\/folhapopular.info\\\/\"},{\"@type\":\"ListItem\",\"position\":2,\"name\":\"Sa\u00edda de pista, seguida de capotamento deixa condutor com les\u00f5es graves em Fazenda Vilanova\"}]},{\"@type\":\"WebSite\",\"@id\":\"https:\\\/\\\/folhapopular.info\\\/#website\",\"url\":\"https:\\\/\\\/folhapopular.info\\\/\",\"name\":\"Folha Popular\",\"description\":\"Onde voc\u00ea tem vez e voz\",\"potentialAction\":[{\"@type\":\"SearchAction\",\"target\":{\"@type\":\"EntryPoint\",\"urlTemplate\":\"https:\\\/\\\/folhapopular.info\\\/?s={search_term_string}\"},\"query-input\":{\"@type\":\"PropertyValueSpecification\",\"valueRequired\":true,\"valueName\":\"search_term_string\"}}],\"inLanguage\":\"pt-BR\"},{\"@type\":\"Person\",\"@id\":\"https:\\\/\\\/folhapopular.info\\\/#\\\/schema\\\/person\\\/2814e8a0df7643585a9ca38bc6eb9d4b\",\"name\":\"Reda\u00e7\u00e3o Folha Popular\",\"image\":{\"@type\":\"ImageObject\",\"inLanguage\":\"pt-BR\",\"@id\":\"https:\\\/\\\/folhapopular.info\\\/wp-content\\\/uploads\\\/2026\\\/04\\\/Folha-1.webp\",\"url\":\"https:\\\/\\\/folhapopular.info\\\/wp-content\\\/uploads\\\/2026\\\/04\\\/Folha-1.webp\",\"contentUrl\":\"https:\\\/\\\/folhapopular.info\\\/wp-content\\\/uploads\\\/2026\\\/04\\\/Folha-1.webp\",\"caption\":\"Reda\u00e7\u00e3o Folha Popular\"},\"url\":\"https:\\\/\\\/folhapopular.info\\\/index.php\\\/author\\\/redacao\\\/\"}]}<\/script>\n<!-- \/ Yoast SEO plugin. -->","yoast_head_json":{"title":"Sa\u00edda de pista, seguida de capotamento deixa condutor com les\u00f5es graves em Fazenda Vilanova - Folha Popular","robots":{"index":"index","follow":"follow","max-snippet":"max-snippet:-1","max-image-preview":"max-image-preview:large","max-video-preview":"max-video-preview:-1"},"canonical":"https:\/\/folhapopular.info\/index.php\/2023\/01\/13\/saida-de-pista-seguida-de-capotamento-deixa-condutor-com-lesoes-graves-em-fazenda-vilanova\/","og_locale":"pt_BR","og_type":"article","og_title":"Sa\u00edda de pista, seguida de capotamento deixa condutor com les\u00f5es graves em Fazenda Vilanova - Folha Popular","og_description":"Um Chevrolet\/Cobalt saiu da pista, capotou e retornou para a via por volta das 8h30 desta sexta-feira (13\/1), no km 365 da BR-386, em Fazenda Vilanova. O autom\u00f3vel era emplacado em Capit\u00e3o. O condutor, de 67 anos, natural de Boa Esperan\u00e7a do Igua\u00e7u, Paran\u00e1, foi socorrido com les\u00f5es graves. A passageira, de 67 anos, natural [&hellip;]","og_url":"https:\/\/folhapopular.info\/index.php\/2023\/01\/13\/saida-de-pista-seguida-de-capotamento-deixa-condutor-com-lesoes-graves-em-fazenda-vilanova\/","og_site_name":"Folha Popular","article_published_time":"2023-01-13T12:47:47+00:00","article_modified_time":"2023-01-13T12:47:50+00:00","og_image":[{"width":800,"height":563,"url":"http:\/\/folhapopular.info\/wp-content\/uploads\/2019\/09\/tr\u00e2nsito-e1567961593182.jpg","type":"image\/jpeg"}],"author":"Reda\u00e7\u00e3o Folha Popular","twitter_card":"summary_large_image","twitter_misc":{"Escrito por":"Reda\u00e7\u00e3o Folha Popular","Est. tempo de leitura":"1 minuto"},"schema":{"@context":"https:\/\/schema.org","@graph":[{"@type":"Article","@id":"https:\/\/folhapopular.info\/index.php\/2023\/01\/13\/saida-de-pista-seguida-de-capotamento-deixa-condutor-com-lesoes-graves-em-fazenda-vilanova\/#article","isPartOf":{"@id":"https:\/\/folhapopular.info\/index.php\/2023\/01\/13\/saida-de-pista-seguida-de-capotamento-deixa-condutor-com-lesoes-graves-em-fazenda-vilanova\/"},"author":{"name":"Reda\u00e7\u00e3o Folha Popular","@id":"https:\/\/folhapopular.info\/#\/schema\/person\/2814e8a0df7643585a9ca38bc6eb9d4b"},"headline":"Sa\u00edda de pista, seguida de capotamento deixa condutor com les\u00f5es graves em Fazenda Vilanova","datePublished":"2023-01-13T12:47:47+00:00","dateModified":"2023-01-13T12:47:50+00:00","mainEntityOfPage":{"@id":"https:\/\/folhapopular.info\/index.php\/2023\/01\/13\/saida-de-pista-seguida-de-capotamento-deixa-condutor-com-lesoes-graves-em-fazenda-vilanova\/"},"wordCount":97,"commentCount":0,"image":{"@id":"https:\/\/folhapopular.info\/index.php\/2023\/01\/13\/saida-de-pista-seguida-de-capotamento-deixa-condutor-com-lesoes-graves-em-fazenda-vilanova\/#primaryimage"},"thumbnailUrl":"https:\/\/folhapopular.info\/wp-content\/uploads\/2019\/09\/tr\u00e2nsito-e1567961593182.jpg","keywords":["Acidente","Capotamento","Graves","Les\u00f5es","Sa\u00edda de Pista","Tr\u00e2nsito"],"articleSection":["Seguran\u00e7a"],"inLanguage":"pt-BR","potentialAction":[{"@type":"CommentAction","name":"Comment","target":["https:\/\/folhapopular.info\/index.php\/2023\/01\/13\/saida-de-pista-seguida-de-capotamento-deixa-condutor-com-lesoes-graves-em-fazenda-vilanova\/#respond"]}]},{"@type":"WebPage","@id":"https:\/\/folhapopular.info\/index.php\/2023\/01\/13\/saida-de-pista-seguida-de-capotamento-deixa-condutor-com-lesoes-graves-em-fazenda-vilanova\/","url":"https:\/\/folhapopular.info\/index.php\/2023\/01\/13\/saida-de-pista-seguida-de-capotamento-deixa-condutor-com-lesoes-graves-em-fazenda-vilanova\/","name":"Sa\u00edda de pista, seguida de capotamento deixa condutor com les\u00f5es graves em Fazenda Vilanova - Folha Popular","isPartOf":{"@id":"https:\/\/folhapopular.info\/#website"},"primaryImageOfPage":{"@id":"https:\/\/folhapopular.info\/index.php\/2023\/01\/13\/saida-de-pista-seguida-de-capotamento-deixa-condutor-com-lesoes-graves-em-fazenda-vilanova\/#primaryimage"},"image":{"@id":"https:\/\/folhapopular.info\/index.php\/2023\/01\/13\/saida-de-pista-seguida-de-capotamento-deixa-condutor-com-lesoes-graves-em-fazenda-vilanova\/#primaryimage"},"thumbnailUrl":"https:\/\/folhapopular.info\/wp-content\/uploads\/2019\/09\/tr\u00e2nsito-e1567961593182.jpg","datePublished":"2023-01-13T12:47:47+00:00","dateModified":"2023-01-13T12:47:50+00:00","author":{"@id":"https:\/\/folhapopular.info\/#\/schema\/person\/2814e8a0df7643585a9ca38bc6eb9d4b"},"breadcrumb":{"@id":"https:\/\/folhapopular.info\/index.php\/2023\/01\/13\/saida-de-pista-seguida-de-capotamento-deixa-condutor-com-lesoes-graves-em-fazenda-vilanova\/#breadcrumb"},"inLanguage":"pt-BR","potentialAction":[{"@type":"ReadAction","target":["https:\/\/folhapopular.info\/index.php\/2023\/01\/13\/saida-de-pista-seguida-de-capotamento-deixa-condutor-com-lesoes-graves-em-fazenda-vilanova\/"]}]},{"@type":"ImageObject","inLanguage":"pt-BR","@id":"https:\/\/folhapopular.info\/index.php\/2023\/01\/13\/saida-de-pista-seguida-de-capotamento-deixa-condutor-com-lesoes-graves-em-fazenda-vilanova\/#primaryimage","url":"https:\/\/folhapopular.info\/wp-content\/uploads\/2019\/09\/tr\u00e2nsito-e1567961593182.jpg","contentUrl":"https:\/\/folhapopular.info\/wp-content\/uploads\/2019\/09\/tr\u00e2nsito-e1567961593182.jpg","width":800,"height":563,"caption":"Artes Transito"},{"@type":"BreadcrumbList","@id":"https:\/\/folhapopular.info\/index.php\/2023\/01\/13\/saida-de-pista-seguida-de-capotamento-deixa-condutor-com-lesoes-graves-em-fazenda-vilanova\/#breadcrumb","itemListElement":[{"@type":"ListItem","position":1,"name":"In\u00edcio","item":"https:\/\/folhapopular.info\/"},{"@type":"ListItem","position":2,"name":"Sa\u00edda de pista, seguida de capotamento deixa condutor com les\u00f5es graves em Fazenda Vilanova"}]},{"@type":"WebSite","@id":"https:\/\/folhapopular.info\/#website","url":"https:\/\/folhapopular.info\/","name":"Folha Popular","description":"Onde voc\u00ea tem vez e voz","potentialAction":[{"@type":"SearchAction","target":{"@type":"EntryPoint","urlTemplate":"https:\/\/folhapopular.info\/?s={search_term_string}"},"query-input":{"@type":"PropertyValueSpecification","valueRequired":true,"valueName":"search_term_string"}}],"inLanguage":"pt-BR"},{"@type":"Person","@id":"https:\/\/folhapopular.info\/#\/schema\/person\/2814e8a0df7643585a9ca38bc6eb9d4b","name":"Reda\u00e7\u00e3o Folha Popular","image":{"@type":"ImageObject","inLanguage":"pt-BR","@id":"https:\/\/folhapopular.info\/wp-content\/uploads\/2026\/04\/Folha-1.webp","url":"https:\/\/folhapopular.info\/wp-content\/uploads\/2026\/04\/Folha-1.webp","contentUrl":"https:\/\/folhapopular.info\/wp-content\/uploads\/2026\/04\/Folha-1.webp","caption":"Reda\u00e7\u00e3o Folha Popular"},"url":"https:\/\/folhapopular.info\/index.php\/author\/redacao\/"}]}},"jetpack_featured_media_url":"https:\/\/folhapopular.info\/wp-content\/uploads\/2019\/09\/tr\u00e2nsito-e1567961593182.jpg","jetpack_sharing_enabled":true,"amp_enabled":true,"_links":{"self":[{"href":"https:\/\/folhapopular.info\/index.php\/wp-json\/wp\/v2\/posts\/119222","targetHints":{"allow":["GET"]}}],"collection":[{"href":"https:\/\/folhapopular.info\/index.php\/wp-json\/wp\/v2\/posts"}],"about":[{"href":"https:\/\/folhapopular.info\/index.php\/wp-json\/wp\/v2\/types\/post"}],"author":[{"embeddable":true,"href":"https:\/\/folhapopular.info\/index.php\/wp-json\/wp\/v2\/users\/8"}],"replies":[{"embeddable":true,"href":"https:\/\/folhapopular.info\/index.php\/wp-json\/wp\/v2\/comments?post=119222"}],"version-history":[{"count":0,"href":"https:\/\/folhapopular.info\/index.php\/wp-json\/wp\/v2\/posts\/119222\/revisions"}],"wp:featuredmedia":[{"embeddable":true,"href":"https:\/\/folhapopular.info\/index.php\/wp-json\/wp\/v2\/media\/58540"}],"wp:attachment":[{"href":"https:\/\/folhapopular.info\/index.php\/wp-json\/wp\/v2\/media?parent=119222"}],"wp:term":[{"taxonomy":"category","embeddable":true,"href":"https:\/\/folhapopular.info\/index.php\/wp-json\/wp\/v2\/categories?post=119222"},{"taxonomy":"post_tag","embeddable":true,"href":"https:\/\/folhapopular.info\/index.php\/wp-json\/wp\/v2\/tags?post=119222"}],"curies":[{"name":"wp","href":"https:\/\/api.w.org\/{rel}","templated":true}]}}