{"id":119580,"date":"2023-01-20T17:59:16","date_gmt":"2023-01-20T20:59:16","guid":{"rendered":"https:\/\/folhapopular.info\/?p=119580"},"modified":"2023-01-20T17:59:19","modified_gmt":"2023-01-20T20:59:19","slug":"caminhoes-dos-bombeiros-voluntarios-de-teutonia-estao-sendo-consertados","status":"publish","type":"post","link":"https:\/\/folhapopular.info\/index.php\/2023\/01\/20\/caminhoes-dos-bombeiros-voluntarios-de-teutonia-estao-sendo-consertados\/","title":{"rendered":"Caminh\u00f5es dos Bombeiros Volunt\u00e1rios de Teut\u00f4nia est\u00e3o sendo consertados"},"content":{"rendered":"\n<p>O elevado n\u00famero de inc\u00eandios ocorridos desde o in\u00edcio do ver\u00e3o danificou os caminh\u00f5es do Corpo de Bombeiros Volunt\u00e1rios de Teut\u00f4nia (CBVT). Os ve\u00edculos ficaram inativos por cerca de duas semanas e foram consertados gra\u00e7as a contribui\u00e7\u00e3o da comunidade com doa\u00e7\u00f5es via pix, somado ao valor que seria utilizado para compra de EPIs e mais uma reserva do grupo.<\/p>\n\n\n\n<p>At\u00e9 o momento, o caminh\u00e3o mais antigo teve seus quatro pneus trocados e tem sido utilizado nas ocorr\u00eancias. A bomba do caminh\u00e3o Auto Bomba Tanque (ABT) est\u00e1 sendo trocada e em fase de testes na oficina. J\u00e1 o Auto Bomba Tanque Resgate (ABTR) est\u00e1 com problemas no motor e o or\u00e7amento est\u00e1 sendo aguardado.<\/p>\n\n\n\n<p>O bombeiro efetivo, Juliano Roberto Kohl, afirma que em breve os ve\u00edculos estar\u00e3o prontos para uso novamente. \u201cAos poucos voltaremos a ativa com toda a frota, infelizmente deu o acaso de os tr\u00eas caminh\u00f5es apresentarem problemas ao mesmo tempo\u201d, comenta.<\/p>\n\n\n\n<p><strong>Ajuda de parceiros e comunidade<\/strong><br>Durante o per\u00edodo, a equipe contou com o aux\u00edlio dos Bombeiros Militares de Estrela para conter sinistros maiores como inc\u00eandios florestais ou em carvoaria. Para as ocorr\u00eancias consideradas pequenas, foram deslocadas ambul\u00e2ncias, fazendo o uso de abafadores e bombas costais.<\/p>\n\n\n\n<p>O valor total do reparo feito no ABT foi de R$ 20 mil. Foi poss\u00edvel parcelar em quatro vezes e para isso, a turma buscar\u00e1 fundos para a quita\u00e7\u00e3o, assim como o conserto do ABTR que ter\u00e1 a forma de pagamento negociada e tamb\u00e9m estudar\u00e1 a\u00e7\u00f5es para fazer a quita\u00e7\u00e3o.<\/p>\n\n\n\n<p>O maior custo ser\u00e1 para o ABTR, pois para deixar em pleno funcionamento o valor a pagar ser\u00e1 em torno de R$ 30 mil. Kohl enfatiza que toda a ajuda ser\u00e1 bem-vinda. Para contribuir, o Corpo de Bombeiros Volunt\u00e1rios disponibiliza a chave pix (CNPJ) 05.151.797\/0001-41.<\/p>\n","protected":false},"excerpt":{"rendered":"<p>O elevado n\u00famero de inc\u00eandios ocorridos desde o in\u00edcio do ver\u00e3o danificou os caminh\u00f5es do Corpo de Bombeiros Volunt\u00e1rios de Teut\u00f4nia (CBVT). Os ve\u00edculos ficaram inativos por cerca de duas semanas e foram consertados gra\u00e7as a contribui\u00e7\u00e3o da comunidade com doa\u00e7\u00f5es via pix, somado ao valor que seria utilizado para compra de EPIs e mais [&hellip;]<\/p>\n","protected":false},"author":636,"featured_media":119581,"comment_status":"open","ping_status":"open","sticky":false,"template":"","format":"standard","meta":{"pmpro_default_level":"","_jetpack_memberships_contains_paid_content":false,"footnotes":""},"categories":[2,3],"tags":[1372,5003,5366,10635,6899,26],"class_list":{"0":"post-119580","1":"post","2":"type-post","3":"status-publish","4":"format-standard","5":"has-post-thumbnail","7":"category-featured","8":"category-geral","9":"tag-bombeiros-voluntarios-de-teutonia","10":"tag-caminhoes","11":"tag-comunidade","12":"tag-conserto","13":"tag-pix","14":"tag-teutonia","15":"pmpro-has-access"},"yoast_head":"<!-- This site is optimized with the Yoast SEO plugin v27.5 - https:\/\/yoast.com\/product\/yoast-seo-wordpress\/ -->\n<title>Caminh\u00f5es dos Bombeiros Volunt\u00e1rios de Teut\u00f4nia est\u00e3o sendo consertados - Folha Popular<\/title>\n<meta name=\"robots\" content=\"index, follow, max-snippet:-1, max-image-preview:large, max-video-preview:-1\" \/>\n<link rel=\"canonical\" href=\"https:\/\/folhapopular.info\/index.php\/2023\/01\/20\/caminhoes-dos-bombeiros-voluntarios-de-teutonia-estao-sendo-consertados\/\" \/>\n<meta property=\"og:locale\" content=\"pt_BR\" \/>\n<meta property=\"og:type\" content=\"article\" \/>\n<meta property=\"og:title\" content=\"Caminh\u00f5es dos Bombeiros Volunt\u00e1rios de Teut\u00f4nia est\u00e3o sendo consertados - Folha Popular\" \/>\n<meta property=\"og:description\" content=\"O elevado n\u00famero de inc\u00eandios ocorridos desde o in\u00edcio do ver\u00e3o danificou os caminh\u00f5es do Corpo de Bombeiros Volunt\u00e1rios de Teut\u00f4nia (CBVT). Os ve\u00edculos ficaram inativos por cerca de duas semanas e foram consertados gra\u00e7as a contribui\u00e7\u00e3o da comunidade com doa\u00e7\u00f5es via pix, somado ao valor que seria utilizado para compra de EPIs e mais [&hellip;]\" \/>\n<meta property=\"og:url\" content=\"https:\/\/folhapopular.info\/index.php\/2023\/01\/20\/caminhoes-dos-bombeiros-voluntarios-de-teutonia-estao-sendo-consertados\/\" \/>\n<meta property=\"og:site_name\" content=\"Folha Popular\" \/>\n<meta property=\"article:published_time\" content=\"2023-01-20T20:59:16+00:00\" \/>\n<meta property=\"article:modified_time\" content=\"2023-01-20T20:59:19+00:00\" \/>\n<meta property=\"og:image\" content=\"http:\/\/folhapopular.info\/wp-content\/uploads\/2023\/01\/Caminhoes-ficaram-inativos-por-quase-duas-semanas.jpg\" \/>\n\t<meta property=\"og:image:width\" content=\"768\" \/>\n\t<meta property=\"og:image:height\" content=\"576\" \/>\n\t<meta property=\"og:image:type\" content=\"image\/jpeg\" \/>\n<meta name=\"author\" content=\"Keila Gr\u00e4ff Anhaia\" \/>\n<meta name=\"twitter:card\" content=\"summary_large_image\" \/>\n<meta name=\"twitter:label1\" content=\"Escrito por\" \/>\n\t<meta name=\"twitter:data1\" content=\"Keila Gr\u00e4ff Anhaia\" \/>\n\t<meta name=\"twitter:label2\" content=\"Est. tempo de leitura\" \/>\n\t<meta name=\"twitter:data2\" content=\"2 minutos\" \/>\n<script type=\"application\/ld+json\" class=\"yoast-schema-graph\">{\"@context\":\"https:\\\/\\\/schema.org\",\"@graph\":[{\"@type\":\"Article\",\"@id\":\"https:\\\/\\\/folhapopular.info\\\/index.php\\\/2023\\\/01\\\/20\\\/caminhoes-dos-bombeiros-voluntarios-de-teutonia-estao-sendo-consertados\\\/#article\",\"isPartOf\":{\"@id\":\"https:\\\/\\\/folhapopular.info\\\/index.php\\\/2023\\\/01\\\/20\\\/caminhoes-dos-bombeiros-voluntarios-de-teutonia-estao-sendo-consertados\\\/\"},\"author\":{\"name\":\"Keila Gr\u00e4ff Anhaia\",\"@id\":\"https:\\\/\\\/folhapopular.info\\\/#\\\/schema\\\/person\\\/9a5695747e1046d5fac310c552cf6260\"},\"headline\":\"Caminh\u00f5es dos Bombeiros Volunt\u00e1rios de Teut\u00f4nia est\u00e3o sendo consertados\",\"datePublished\":\"2023-01-20T20:59:16+00:00\",\"dateModified\":\"2023-01-20T20:59:19+00:00\",\"mainEntityOfPage\":{\"@id\":\"https:\\\/\\\/folhapopular.info\\\/index.php\\\/2023\\\/01\\\/20\\\/caminhoes-dos-bombeiros-voluntarios-de-teutonia-estao-sendo-consertados\\\/\"},\"wordCount\":334,\"commentCount\":0,\"image\":{\"@id\":\"https:\\\/\\\/folhapopular.info\\\/index.php\\\/2023\\\/01\\\/20\\\/caminhoes-dos-bombeiros-voluntarios-de-teutonia-estao-sendo-consertados\\\/#primaryimage\"},\"thumbnailUrl\":\"https:\\\/\\\/folhapopular.info\\\/wp-content\\\/uploads\\\/2023\\\/01\\\/Caminhoes-ficaram-inativos-por-quase-duas-semanas.jpg\",\"keywords\":[\"Bombeiros Volunt\u00e1rios de Teut\u00f4nia\",\"caminh\u00f5es\",\"Comunidade\",\"Conserto\",\"Pix\",\"Teut\u00f4nia\"],\"articleSection\":[\"Destaques\",\"Geral\"],\"inLanguage\":\"pt-BR\",\"potentialAction\":[{\"@type\":\"CommentAction\",\"name\":\"Comment\",\"target\":[\"https:\\\/\\\/folhapopular.info\\\/index.php\\\/2023\\\/01\\\/20\\\/caminhoes-dos-bombeiros-voluntarios-de-teutonia-estao-sendo-consertados\\\/#respond\"]}]},{\"@type\":\"WebPage\",\"@id\":\"https:\\\/\\\/folhapopular.info\\\/index.php\\\/2023\\\/01\\\/20\\\/caminhoes-dos-bombeiros-voluntarios-de-teutonia-estao-sendo-consertados\\\/\",\"url\":\"https:\\\/\\\/folhapopular.info\\\/index.php\\\/2023\\\/01\\\/20\\\/caminhoes-dos-bombeiros-voluntarios-de-teutonia-estao-sendo-consertados\\\/\",\"name\":\"Caminh\u00f5es dos Bombeiros Volunt\u00e1rios de Teut\u00f4nia est\u00e3o sendo consertados - Folha Popular\",\"isPartOf\":{\"@id\":\"https:\\\/\\\/folhapopular.info\\\/#website\"},\"primaryImageOfPage\":{\"@id\":\"https:\\\/\\\/folhapopular.info\\\/index.php\\\/2023\\\/01\\\/20\\\/caminhoes-dos-bombeiros-voluntarios-de-teutonia-estao-sendo-consertados\\\/#primaryimage\"},\"image\":{\"@id\":\"https:\\\/\\\/folhapopular.info\\\/index.php\\\/2023\\\/01\\\/20\\\/caminhoes-dos-bombeiros-voluntarios-de-teutonia-estao-sendo-consertados\\\/#primaryimage\"},\"thumbnailUrl\":\"https:\\\/\\\/folhapopular.info\\\/wp-content\\\/uploads\\\/2023\\\/01\\\/Caminhoes-ficaram-inativos-por-quase-duas-semanas.jpg\",\"datePublished\":\"2023-01-20T20:59:16+00:00\",\"dateModified\":\"2023-01-20T20:59:19+00:00\",\"author\":{\"@id\":\"https:\\\/\\\/folhapopular.info\\\/#\\\/schema\\\/person\\\/9a5695747e1046d5fac310c552cf6260\"},\"breadcrumb\":{\"@id\":\"https:\\\/\\\/folhapopular.info\\\/index.php\\\/2023\\\/01\\\/20\\\/caminhoes-dos-bombeiros-voluntarios-de-teutonia-estao-sendo-consertados\\\/#breadcrumb\"},\"inLanguage\":\"pt-BR\",\"potentialAction\":[{\"@type\":\"ReadAction\",\"target\":[\"https:\\\/\\\/folhapopular.info\\\/index.php\\\/2023\\\/01\\\/20\\\/caminhoes-dos-bombeiros-voluntarios-de-teutonia-estao-sendo-consertados\\\/\"]}]},{\"@type\":\"ImageObject\",\"inLanguage\":\"pt-BR\",\"@id\":\"https:\\\/\\\/folhapopular.info\\\/index.php\\\/2023\\\/01\\\/20\\\/caminhoes-dos-bombeiros-voluntarios-de-teutonia-estao-sendo-consertados\\\/#primaryimage\",\"url\":\"https:\\\/\\\/folhapopular.info\\\/wp-content\\\/uploads\\\/2023\\\/01\\\/Caminhoes-ficaram-inativos-por-quase-duas-semanas.jpg\",\"contentUrl\":\"https:\\\/\\\/folhapopular.info\\\/wp-content\\\/uploads\\\/2023\\\/01\\\/Caminhoes-ficaram-inativos-por-quase-duas-semanas.jpg\",\"width\":768,\"height\":576,\"caption\":\"Caminh\u00f5es ficaram inativos por cerca de duas semanas \\\/ Cr\u00e9dito: CBVT \\\/ Divulga\u00e7\u00e3o\"},{\"@type\":\"BreadcrumbList\",\"@id\":\"https:\\\/\\\/folhapopular.info\\\/index.php\\\/2023\\\/01\\\/20\\\/caminhoes-dos-bombeiros-voluntarios-de-teutonia-estao-sendo-consertados\\\/#breadcrumb\",\"itemListElement\":[{\"@type\":\"ListItem\",\"position\":1,\"name\":\"In\u00edcio\",\"item\":\"https:\\\/\\\/folhapopular.info\\\/\"},{\"@type\":\"ListItem\",\"position\":2,\"name\":\"Caminh\u00f5es dos Bombeiros Volunt\u00e1rios de Teut\u00f4nia est\u00e3o sendo consertados\"}]},{\"@type\":\"WebSite\",\"@id\":\"https:\\\/\\\/folhapopular.info\\\/#website\",\"url\":\"https:\\\/\\\/folhapopular.info\\\/\",\"name\":\"Folha Popular\",\"description\":\"Onde voc\u00ea tem vez e voz\",\"potentialAction\":[{\"@type\":\"SearchAction\",\"target\":{\"@type\":\"EntryPoint\",\"urlTemplate\":\"https:\\\/\\\/folhapopular.info\\\/?s={search_term_string}\"},\"query-input\":{\"@type\":\"PropertyValueSpecification\",\"valueRequired\":true,\"valueName\":\"search_term_string\"}}],\"inLanguage\":\"pt-BR\"},{\"@type\":\"Person\",\"@id\":\"https:\\\/\\\/folhapopular.info\\\/#\\\/schema\\\/person\\\/9a5695747e1046d5fac310c552cf6260\",\"name\":\"Keila Gr\u00e4ff Anhaia\",\"image\":{\"@type\":\"ImageObject\",\"inLanguage\":\"pt-BR\",\"@id\":\"https:\\\/\\\/secure.gravatar.com\\\/avatar\\\/498ef5bfb389bc7ded562ad94f835a056e934ab779eb2a595c461a735cf74fba?s=96&d=mm&r=g\",\"url\":\"https:\\\/\\\/secure.gravatar.com\\\/avatar\\\/498ef5bfb389bc7ded562ad94f835a056e934ab779eb2a595c461a735cf74fba?s=96&d=mm&r=g\",\"contentUrl\":\"https:\\\/\\\/secure.gravatar.com\\\/avatar\\\/498ef5bfb389bc7ded562ad94f835a056e934ab779eb2a595c461a735cf74fba?s=96&d=mm&r=g\",\"caption\":\"Keila Gr\u00e4ff Anhaia\"},\"url\":\"https:\\\/\\\/folhapopular.info\\\/index.php\\\/author\\\/graffkeilagmail-com\\\/\"}]}<\/script>\n<!-- \/ Yoast SEO plugin. -->","yoast_head_json":{"title":"Caminh\u00f5es dos Bombeiros Volunt\u00e1rios de Teut\u00f4nia est\u00e3o sendo consertados - Folha Popular","robots":{"index":"index","follow":"follow","max-snippet":"max-snippet:-1","max-image-preview":"max-image-preview:large","max-video-preview":"max-video-preview:-1"},"canonical":"https:\/\/folhapopular.info\/index.php\/2023\/01\/20\/caminhoes-dos-bombeiros-voluntarios-de-teutonia-estao-sendo-consertados\/","og_locale":"pt_BR","og_type":"article","og_title":"Caminh\u00f5es dos Bombeiros Volunt\u00e1rios de Teut\u00f4nia est\u00e3o sendo consertados - Folha Popular","og_description":"O elevado n\u00famero de inc\u00eandios ocorridos desde o in\u00edcio do ver\u00e3o danificou os caminh\u00f5es do Corpo de Bombeiros Volunt\u00e1rios de Teut\u00f4nia (CBVT). Os ve\u00edculos ficaram inativos por cerca de duas semanas e foram consertados gra\u00e7as a contribui\u00e7\u00e3o da comunidade com doa\u00e7\u00f5es via pix, somado ao valor que seria utilizado para compra de EPIs e mais [&hellip;]","og_url":"https:\/\/folhapopular.info\/index.php\/2023\/01\/20\/caminhoes-dos-bombeiros-voluntarios-de-teutonia-estao-sendo-consertados\/","og_site_name":"Folha Popular","article_published_time":"2023-01-20T20:59:16+00:00","article_modified_time":"2023-01-20T20:59:19+00:00","og_image":[{"width":768,"height":576,"url":"http:\/\/folhapopular.info\/wp-content\/uploads\/2023\/01\/Caminhoes-ficaram-inativos-por-quase-duas-semanas.jpg","type":"image\/jpeg"}],"author":"Keila Gr\u00e4ff Anhaia","twitter_card":"summary_large_image","twitter_misc":{"Escrito por":"Keila Gr\u00e4ff Anhaia","Est. tempo de leitura":"2 minutos"},"schema":{"@context":"https:\/\/schema.org","@graph":[{"@type":"Article","@id":"https:\/\/folhapopular.info\/index.php\/2023\/01\/20\/caminhoes-dos-bombeiros-voluntarios-de-teutonia-estao-sendo-consertados\/#article","isPartOf":{"@id":"https:\/\/folhapopular.info\/index.php\/2023\/01\/20\/caminhoes-dos-bombeiros-voluntarios-de-teutonia-estao-sendo-consertados\/"},"author":{"name":"Keila Gr\u00e4ff Anhaia","@id":"https:\/\/folhapopular.info\/#\/schema\/person\/9a5695747e1046d5fac310c552cf6260"},"headline":"Caminh\u00f5es dos Bombeiros Volunt\u00e1rios de Teut\u00f4nia est\u00e3o sendo consertados","datePublished":"2023-01-20T20:59:16+00:00","dateModified":"2023-01-20T20:59:19+00:00","mainEntityOfPage":{"@id":"https:\/\/folhapopular.info\/index.php\/2023\/01\/20\/caminhoes-dos-bombeiros-voluntarios-de-teutonia-estao-sendo-consertados\/"},"wordCount":334,"commentCount":0,"image":{"@id":"https:\/\/folhapopular.info\/index.php\/2023\/01\/20\/caminhoes-dos-bombeiros-voluntarios-de-teutonia-estao-sendo-consertados\/#primaryimage"},"thumbnailUrl":"https:\/\/folhapopular.info\/wp-content\/uploads\/2023\/01\/Caminhoes-ficaram-inativos-por-quase-duas-semanas.jpg","keywords":["Bombeiros Volunt\u00e1rios de Teut\u00f4nia","caminh\u00f5es","Comunidade","Conserto","Pix","Teut\u00f4nia"],"articleSection":["Destaques","Geral"],"inLanguage":"pt-BR","potentialAction":[{"@type":"CommentAction","name":"Comment","target":["https:\/\/folhapopular.info\/index.php\/2023\/01\/20\/caminhoes-dos-bombeiros-voluntarios-de-teutonia-estao-sendo-consertados\/#respond"]}]},{"@type":"WebPage","@id":"https:\/\/folhapopular.info\/index.php\/2023\/01\/20\/caminhoes-dos-bombeiros-voluntarios-de-teutonia-estao-sendo-consertados\/","url":"https:\/\/folhapopular.info\/index.php\/2023\/01\/20\/caminhoes-dos-bombeiros-voluntarios-de-teutonia-estao-sendo-consertados\/","name":"Caminh\u00f5es dos Bombeiros Volunt\u00e1rios de Teut\u00f4nia est\u00e3o sendo consertados - Folha Popular","isPartOf":{"@id":"https:\/\/folhapopular.info\/#website"},"primaryImageOfPage":{"@id":"https:\/\/folhapopular.info\/index.php\/2023\/01\/20\/caminhoes-dos-bombeiros-voluntarios-de-teutonia-estao-sendo-consertados\/#primaryimage"},"image":{"@id":"https:\/\/folhapopular.info\/index.php\/2023\/01\/20\/caminhoes-dos-bombeiros-voluntarios-de-teutonia-estao-sendo-consertados\/#primaryimage"},"thumbnailUrl":"https:\/\/folhapopular.info\/wp-content\/uploads\/2023\/01\/Caminhoes-ficaram-inativos-por-quase-duas-semanas.jpg","datePublished":"2023-01-20T20:59:16+00:00","dateModified":"2023-01-20T20:59:19+00:00","author":{"@id":"https:\/\/folhapopular.info\/#\/schema\/person\/9a5695747e1046d5fac310c552cf6260"},"breadcrumb":{"@id":"https:\/\/folhapopular.info\/index.php\/2023\/01\/20\/caminhoes-dos-bombeiros-voluntarios-de-teutonia-estao-sendo-consertados\/#breadcrumb"},"inLanguage":"pt-BR","potentialAction":[{"@type":"ReadAction","target":["https:\/\/folhapopular.info\/index.php\/2023\/01\/20\/caminhoes-dos-bombeiros-voluntarios-de-teutonia-estao-sendo-consertados\/"]}]},{"@type":"ImageObject","inLanguage":"pt-BR","@id":"https:\/\/folhapopular.info\/index.php\/2023\/01\/20\/caminhoes-dos-bombeiros-voluntarios-de-teutonia-estao-sendo-consertados\/#primaryimage","url":"https:\/\/folhapopular.info\/wp-content\/uploads\/2023\/01\/Caminhoes-ficaram-inativos-por-quase-duas-semanas.jpg","contentUrl":"https:\/\/folhapopular.info\/wp-content\/uploads\/2023\/01\/Caminhoes-ficaram-inativos-por-quase-duas-semanas.jpg","width":768,"height":576,"caption":"Caminh\u00f5es ficaram inativos por cerca de duas semanas \/ Cr\u00e9dito: CBVT \/ Divulga\u00e7\u00e3o"},{"@type":"BreadcrumbList","@id":"https:\/\/folhapopular.info\/index.php\/2023\/01\/20\/caminhoes-dos-bombeiros-voluntarios-de-teutonia-estao-sendo-consertados\/#breadcrumb","itemListElement":[{"@type":"ListItem","position":1,"name":"In\u00edcio","item":"https:\/\/folhapopular.info\/"},{"@type":"ListItem","position":2,"name":"Caminh\u00f5es dos Bombeiros Volunt\u00e1rios de Teut\u00f4nia est\u00e3o sendo consertados"}]},{"@type":"WebSite","@id":"https:\/\/folhapopular.info\/#website","url":"https:\/\/folhapopular.info\/","name":"Folha Popular","description":"Onde voc\u00ea tem vez e voz","potentialAction":[{"@type":"SearchAction","target":{"@type":"EntryPoint","urlTemplate":"https:\/\/folhapopular.info\/?s={search_term_string}"},"query-input":{"@type":"PropertyValueSpecification","valueRequired":true,"valueName":"search_term_string"}}],"inLanguage":"pt-BR"},{"@type":"Person","@id":"https:\/\/folhapopular.info\/#\/schema\/person\/9a5695747e1046d5fac310c552cf6260","name":"Keila Gr\u00e4ff Anhaia","image":{"@type":"ImageObject","inLanguage":"pt-BR","@id":"https:\/\/secure.gravatar.com\/avatar\/498ef5bfb389bc7ded562ad94f835a056e934ab779eb2a595c461a735cf74fba?s=96&d=mm&r=g","url":"https:\/\/secure.gravatar.com\/avatar\/498ef5bfb389bc7ded562ad94f835a056e934ab779eb2a595c461a735cf74fba?s=96&d=mm&r=g","contentUrl":"https:\/\/secure.gravatar.com\/avatar\/498ef5bfb389bc7ded562ad94f835a056e934ab779eb2a595c461a735cf74fba?s=96&d=mm&r=g","caption":"Keila Gr\u00e4ff Anhaia"},"url":"https:\/\/folhapopular.info\/index.php\/author\/graffkeilagmail-com\/"}]}},"jetpack_featured_media_url":"https:\/\/folhapopular.info\/wp-content\/uploads\/2023\/01\/Caminhoes-ficaram-inativos-por-quase-duas-semanas.jpg","jetpack_sharing_enabled":true,"amp_enabled":true,"_links":{"self":[{"href":"https:\/\/folhapopular.info\/index.php\/wp-json\/wp\/v2\/posts\/119580","targetHints":{"allow":["GET"]}}],"collection":[{"href":"https:\/\/folhapopular.info\/index.php\/wp-json\/wp\/v2\/posts"}],"about":[{"href":"https:\/\/folhapopular.info\/index.php\/wp-json\/wp\/v2\/types\/post"}],"author":[{"embeddable":true,"href":"https:\/\/folhapopular.info\/index.php\/wp-json\/wp\/v2\/users\/636"}],"replies":[{"embeddable":true,"href":"https:\/\/folhapopular.info\/index.php\/wp-json\/wp\/v2\/comments?post=119580"}],"version-history":[{"count":0,"href":"https:\/\/folhapopular.info\/index.php\/wp-json\/wp\/v2\/posts\/119580\/revisions"}],"wp:featuredmedia":[{"embeddable":true,"href":"https:\/\/folhapopular.info\/index.php\/wp-json\/wp\/v2\/media\/119581"}],"wp:attachment":[{"href":"https:\/\/folhapopular.info\/index.php\/wp-json\/wp\/v2\/media?parent=119580"}],"wp:term":[{"taxonomy":"category","embeddable":true,"href":"https:\/\/folhapopular.info\/index.php\/wp-json\/wp\/v2\/categories?post=119580"},{"taxonomy":"post_tag","embeddable":true,"href":"https:\/\/folhapopular.info\/index.php\/wp-json\/wp\/v2\/tags?post=119580"}],"curies":[{"name":"wp","href":"https:\/\/api.w.org\/{rel}","templated":true}]}}