{"id":119599,"date":"2023-01-21T07:11:33","date_gmt":"2023-01-21T10:11:33","guid":{"rendered":"https:\/\/folhapopular.info\/?p=119599"},"modified":"2023-01-21T07:11:37","modified_gmt":"2023-01-21T10:11:37","slug":"futebol-amador-de-roca-sales-inicia-neste-domingo","status":"publish","type":"post","link":"https:\/\/folhapopular.info\/index.php\/2023\/01\/21\/futebol-amador-de-roca-sales-inicia-neste-domingo\/","title":{"rendered":"Futebol Amador de Roca Sales inicia neste domingo"},"content":{"rendered":"\n<p>O lan\u00e7amento do Campeonato de Futebol Amador de Roca Sales foi realizado na quarta-feira (18\/1) \u00e0 noite, no Centro Social Urbano (CSU). A edi\u00e7\u00e3o deste ano vem com novidades, especialmente no sistema de jogos e defini\u00e7\u00e3o de campe\u00f5es. Nove equipes disputar\u00e3o o certame na categoria For\u00e7a Livre e outras quatro jogar\u00e3o a categoria Veterano.<\/p>\n\n\n\n<p>Segundo o organizador Ezequiel Botega, na fase classificat\u00f3ria, os nove se enfrentam e oito passam de fase \u2013 do primeiro ao quarto colocado jogar\u00e3o as semifinais da S\u00e9rie Ouro; do quinto ao oitavo disputar\u00e3o as semifinais da S\u00e9rie Prata. <\/p>\n\n\n\n<p>Dessa forma, Roca Sales ter\u00e1 dois campe\u00f5es \u2013 Ouro e Prata \u2013 ao t\u00e9rmino da competi\u00e7\u00e3o. Nos Veteranos, os quatro se enfrentam todos contra todos. Os dois primeiros v\u00e3o direto para a final.<\/p>\n\n\n\n<p>A vereadora Jaquisele dos Santos, representando Legislativo e Executivo, ressaltou a amizade entre os atletas, que vai muito al\u00e9m da competi\u00e7\u00e3o, pois todos se conhecem. O vereador e ex-presidente da C\u00e2mara, Tairo Weirich, destacou as novas gera\u00e7\u00f5es que come\u00e7am a participar do futebol amador e s\u00e3o o futuro da modalidade. Ainda ressaltou que Roca Sales est\u00e1 um pouco atrasada, em rela\u00e7\u00e3o \u00e0 regi\u00e3o, no futebol amador, pela aus\u00eancia de clubes no Campeonato Regional.<\/p>\n\n\n\n<p>Tamb\u00e9m fez uso da palavra, Jorge de Freitas, da ARA, entidade que vai comandar a arbitragem. Taxa saudou a competi\u00e7\u00e3o como a maior do Vale. H\u00e1 investimento de R$ 45 mil por parte da administra\u00e7\u00e3o municipal. <\/p>\n\n\n\n<p>Como patrocinador, o gerente do Sicredi, Tiago Sonda, ressaltou a import\u00e2ncia do futebol para unir pessoas, e prop\u00f4s a atletas e dirigentes, que tenham jogos saud\u00e1veis.<\/p>\n\n\n\n<p>O presidente da Aslivata, Volnei Kochhann, desejou uma boa sorte a todos atletas e dirigentes, j\u00e1 em ritmo de despedida da entidade m\u00e1xima do futebol regional. Ele deve concluir o ciclo de 8 anos na presid\u00eancia no pr\u00f3ximo dia 31 de janeiro, data da assembleia da Aslivata.<\/p>\n\n\n\n<p>A primeira rodada j\u00e1 acontece nesse domingo em duas pra\u00e7as esportivas. Cada comunidade vai receber dois jogos por domingo, come\u00e7ando \u00e0s 14h.<\/p>\n\n\n\n<p><strong>Municipal de Roca Sales<\/strong><br><strong>1\u00aa rodada \u2013 22\/1 \u2013 Fazenda Lohmann<\/strong><br>14h00 &#8211; Real Lions x Juventude Parob\u00e9<br>16h00 &#8211; Esperan\u00e7a x Copalto<\/p>\n\n\n\n<p><strong>1\u00aa rodada \u2013 22\/1 \u2013 Serrinha<\/strong><br>14h00 &#8211; XV de Novembro x Juventude Encruz.<br>16H00 &#8211; Amigos da Serrinha x Ga\u00facho<\/p>\n\n\n\n<p><strong>Pela regi\u00e3o<\/strong><br><strong>Progresso<\/strong><br>O Campeonato Municipal iniciou dia 8 de janeiro e teve mais jogos no dia 15, pela categoria Titulares. Este domingo ser\u00e1 de folga e o retorno est\u00e1 marcado para o dia 29. J\u00e1 nos Veteranos, Progresso abriu a competi\u00e7\u00e3o dia 14 e hoje (21\/1) ter\u00e1 dois jogos, em Tiririca: \u00e0s 14h30, S\u00e3o Jo\u00e3o de Picada Serra x Flamengo de Xaxim; \u00e0s 16h30, Cruzeiro de Tiririca x Amizade de Morro Azul.<\/p>\n\n\n\n<p><strong>Boqueir\u00e3o do Le\u00e3o<\/strong><br>A bola rola pelo Campeonato Municipal de Boqueir\u00e3o do Le\u00e3o desde o dia 18 de dezembro de 2022. Neste domingo (22\/1), jogos entre Independente e Gr\u00eamio 5 de Junho, pelas categorias Aspirantes e Titulares. Ainda participam do certame: S\u00e3o Jos\u00e9 de Mat\u00e3o, Esportivo Linha Data, Internacional de Pedras Brancas e S\u00e3o Roque. As finais est\u00e3o marcadas para o m\u00eas de maio.<\/p>\n\n\n\n<p><strong>Arroio do Meio<\/strong><br>O lan\u00e7amento do Campeonato Municipal de Arroio do Meio ser\u00e1 dia 1\u00ba de fevereiro. A competi\u00e7\u00e3o ter\u00e1 seis equipes nos Veteranos e seis clubes nos Aspirantes e seis nos Titulares. Todos se enfrentam na primeira fase em turno \u00fanico. Os quatro primeiros colocados em cada categoria avan\u00e7am para a semifinal. <\/p>\n\n\n\n<p>Nos Veteranos n\u00e3o h\u00e1 vantagem e em caso de empate em pontos haver\u00e1 p\u00eanaltis. Nos Aspirantes e Titulares, o time de melhor campanha joga por dois empates, mas havendo uma vit\u00f3ria de cada lado, a vaga se decide nos p\u00eanaltis. O time de melhor disciplina leva o segundo jogo para casa.<\/p>\n\n\n\n<p><strong>Futebol 7<\/strong><br>Dois munic\u00edpios da regi\u00e3o optaram em promover o Campeonato Municipal de Futebol Sete. Canudos do Vale ter\u00e1 in\u00edcio domingo (22\/1) e Marques de Souza programa bola rolando para o dia 29 de janeiro.<\/p>\n\n\n\n<p><strong>Travesseiro<\/strong><br>O Campeonato Municipal de Travesseiro deve iniciar no dia 12 de fevereiro. S\u00e3o quatro clubes participantes, com jogos de turno e returno na primeira fase. <\/p>\n\n\n\n<p>Conforme a coloca\u00e7\u00e3o das equipes ser\u00e1 definido o cruzamento da semifinal, com decis\u00f5es em dois jogos tamb\u00e9m. O calend\u00e1rio prev\u00ea a conclus\u00e3o dia 23 de abril.<\/p>\n\n\n\n<p><strong>Intermunicipal<\/strong><br>O Campeonato Intermunicipal Teut\u00f4nia \/ Westf\u00e1lia \/ Po\u00e7o das Antas ter\u00e1 reuni\u00e3o t\u00e9cnica na pr\u00f3xima segunda-feira (23\/1), \u00e0s 20h, no Hotel e Restaurante Uni\u00e3o. O encontro servir\u00e1 para a an\u00e1lise do regulamento geral da competi\u00e7\u00e3o e ultimar detalhes at\u00e9 o lan\u00e7amento. <\/p>\n\n\n\n<p>A competi\u00e7\u00e3o tem in\u00edcio programado para o dia 26 de fevereiro. Ser\u00e3o sete clubes participantes: quatro de Teut\u00f4nia (Esperan\u00e7a, Canabarrense, Atl\u00e9tico Ga\u00facho e Uni\u00e3o-G), dois de Po\u00e7o das Antas (11 Amigos e Po\u00e7o das Antas) e um de Westf\u00e1lia (Juventude da Berlim).<\/p>\n\n\n\n<p><strong>Estrela<\/strong><br>O Campeonato Municipal de Estrela ter\u00e1 a primeira reuni\u00e3o t\u00e9cnica na pr\u00f3xima quarta-feira (25\/1). A tend\u00eancia \u00e9 ter nove ou at\u00e9 dez clubes participantes, novamente com uma categoria. O Atl\u00e2ntico de Cost\u00e3o, que em 2022 ingressou com duas equipes, dever\u00e1 apresentar apenas uma forma\u00e7\u00e3o.<\/p>\n","protected":false},"excerpt":{"rendered":"<p>O lan\u00e7amento do Campeonato de Futebol Amador de Roca Sales foi realizado na quarta-feira (18\/1) \u00e0 noite, no Centro Social Urbano (CSU). A edi\u00e7\u00e3o deste ano vem com novidades, especialmente no sistema de jogos e defini\u00e7\u00e3o de campe\u00f5es. Nove equipes disputar\u00e3o o certame na categoria For\u00e7a Livre e outras quatro jogar\u00e3o a categoria Veterano. Segundo [&hellip;]<\/p>\n","protected":false},"author":591,"featured_media":119600,"comment_status":"open","ping_status":"open","sticky":false,"template":"","format":"standard","meta":{"pmpro_default_level":"","_jetpack_memberships_contains_paid_content":false,"footnotes":""},"categories":[5],"tags":[86,5125,498,147,707],"class_list":{"0":"post-119599","1":"post","2":"type-post","3":"status-publish","4":"format-standard","5":"has-post-thumbnail","7":"category-esportes","8":"tag-campeonato","9":"tag-esportes","10":"tag-futebol","11":"tag-futebol-amador","12":"tag-roca-sales","13":"pmpro-has-access"},"yoast_head":"<!-- This site is optimized with the Yoast SEO plugin v27.5 - https:\/\/yoast.com\/product\/yoast-seo-wordpress\/ -->\n<title>Futebol Amador de Roca Sales inicia neste domingo - Folha Popular<\/title>\n<meta name=\"robots\" content=\"index, follow, max-snippet:-1, max-image-preview:large, max-video-preview:-1\" \/>\n<link rel=\"canonical\" href=\"https:\/\/folhapopular.info\/index.php\/2023\/01\/21\/futebol-amador-de-roca-sales-inicia-neste-domingo\/\" \/>\n<meta property=\"og:locale\" content=\"pt_BR\" \/>\n<meta property=\"og:type\" content=\"article\" \/>\n<meta property=\"og:title\" content=\"Futebol Amador de Roca Sales inicia neste domingo - Folha Popular\" \/>\n<meta property=\"og:description\" content=\"O lan\u00e7amento do Campeonato de Futebol Amador de Roca Sales foi realizado na quarta-feira (18\/1) \u00e0 noite, no Centro Social Urbano (CSU). A edi\u00e7\u00e3o deste ano vem com novidades, especialmente no sistema de jogos e defini\u00e7\u00e3o de campe\u00f5es. Nove equipes disputar\u00e3o o certame na categoria For\u00e7a Livre e outras quatro jogar\u00e3o a categoria Veterano. Segundo [&hellip;]\" \/>\n<meta property=\"og:url\" content=\"https:\/\/folhapopular.info\/index.php\/2023\/01\/21\/futebol-amador-de-roca-sales-inicia-neste-domingo\/\" \/>\n<meta property=\"og:site_name\" content=\"Folha Popular\" \/>\n<meta property=\"article:published_time\" content=\"2023-01-21T10:11:33+00:00\" \/>\n<meta property=\"article:modified_time\" content=\"2023-01-21T10:11:37+00:00\" \/>\n<meta property=\"og:image\" content=\"http:\/\/folhapopular.info\/wp-content\/uploads\/2023\/01\/WhatsApp-Image-2023-01-18-at-19.41.36-e1674295685843.jpeg\" \/>\n\t<meta property=\"og:image:width\" content=\"1200\" \/>\n\t<meta property=\"og:image:height\" content=\"675\" \/>\n\t<meta property=\"og:image:type\" content=\"image\/jpeg\" \/>\n<meta name=\"author\" content=\"Marcos Vin\u00edcius Bilhar\" \/>\n<meta name=\"twitter:card\" content=\"summary_large_image\" \/>\n<meta name=\"twitter:label1\" content=\"Escrito por\" \/>\n\t<meta name=\"twitter:data1\" content=\"Marcos Vin\u00edcius Bilhar\" \/>\n\t<meta name=\"twitter:label2\" content=\"Est. tempo de leitura\" \/>\n\t<meta name=\"twitter:data2\" content=\"5 minutos\" \/>\n<script type=\"application\/ld+json\" class=\"yoast-schema-graph\">{\"@context\":\"https:\\\/\\\/schema.org\",\"@graph\":[{\"@type\":\"Article\",\"@id\":\"https:\\\/\\\/folhapopular.info\\\/index.php\\\/2023\\\/01\\\/21\\\/futebol-amador-de-roca-sales-inicia-neste-domingo\\\/#article\",\"isPartOf\":{\"@id\":\"https:\\\/\\\/folhapopular.info\\\/index.php\\\/2023\\\/01\\\/21\\\/futebol-amador-de-roca-sales-inicia-neste-domingo\\\/\"},\"author\":{\"name\":\"Marcos Vin\u00edcius Bilhar\",\"@id\":\"https:\\\/\\\/folhapopular.info\\\/#\\\/schema\\\/person\\\/d5775ed8ef9756d0e063ce0e0d622ef6\"},\"headline\":\"Futebol Amador de Roca Sales inicia neste domingo\",\"datePublished\":\"2023-01-21T10:11:33+00:00\",\"dateModified\":\"2023-01-21T10:11:37+00:00\",\"mainEntityOfPage\":{\"@id\":\"https:\\\/\\\/folhapopular.info\\\/index.php\\\/2023\\\/01\\\/21\\\/futebol-amador-de-roca-sales-inicia-neste-domingo\\\/\"},\"wordCount\":895,\"commentCount\":0,\"image\":{\"@id\":\"https:\\\/\\\/folhapopular.info\\\/index.php\\\/2023\\\/01\\\/21\\\/futebol-amador-de-roca-sales-inicia-neste-domingo\\\/#primaryimage\"},\"thumbnailUrl\":\"https:\\\/\\\/folhapopular.info\\\/wp-content\\\/uploads\\\/2023\\\/01\\\/WhatsApp-Image-2023-01-18-at-19.41.36-e1674295685843.jpeg\",\"keywords\":[\"Campeonato\",\"Esportes\",\"Futebol\",\"futebol amador\",\"Roca Sales\"],\"articleSection\":[\"Esportes\"],\"inLanguage\":\"pt-BR\",\"potentialAction\":[{\"@type\":\"CommentAction\",\"name\":\"Comment\",\"target\":[\"https:\\\/\\\/folhapopular.info\\\/index.php\\\/2023\\\/01\\\/21\\\/futebol-amador-de-roca-sales-inicia-neste-domingo\\\/#respond\"]}]},{\"@type\":\"WebPage\",\"@id\":\"https:\\\/\\\/folhapopular.info\\\/index.php\\\/2023\\\/01\\\/21\\\/futebol-amador-de-roca-sales-inicia-neste-domingo\\\/\",\"url\":\"https:\\\/\\\/folhapopular.info\\\/index.php\\\/2023\\\/01\\\/21\\\/futebol-amador-de-roca-sales-inicia-neste-domingo\\\/\",\"name\":\"Futebol Amador de Roca Sales inicia neste domingo - Folha Popular\",\"isPartOf\":{\"@id\":\"https:\\\/\\\/folhapopular.info\\\/#website\"},\"primaryImageOfPage\":{\"@id\":\"https:\\\/\\\/folhapopular.info\\\/index.php\\\/2023\\\/01\\\/21\\\/futebol-amador-de-roca-sales-inicia-neste-domingo\\\/#primaryimage\"},\"image\":{\"@id\":\"https:\\\/\\\/folhapopular.info\\\/index.php\\\/2023\\\/01\\\/21\\\/futebol-amador-de-roca-sales-inicia-neste-domingo\\\/#primaryimage\"},\"thumbnailUrl\":\"https:\\\/\\\/folhapopular.info\\\/wp-content\\\/uploads\\\/2023\\\/01\\\/WhatsApp-Image-2023-01-18-at-19.41.36-e1674295685843.jpeg\",\"datePublished\":\"2023-01-21T10:11:33+00:00\",\"dateModified\":\"2023-01-21T10:11:37+00:00\",\"author\":{\"@id\":\"https:\\\/\\\/folhapopular.info\\\/#\\\/schema\\\/person\\\/d5775ed8ef9756d0e063ce0e0d622ef6\"},\"breadcrumb\":{\"@id\":\"https:\\\/\\\/folhapopular.info\\\/index.php\\\/2023\\\/01\\\/21\\\/futebol-amador-de-roca-sales-inicia-neste-domingo\\\/#breadcrumb\"},\"inLanguage\":\"pt-BR\",\"potentialAction\":[{\"@type\":\"ReadAction\",\"target\":[\"https:\\\/\\\/folhapopular.info\\\/index.php\\\/2023\\\/01\\\/21\\\/futebol-amador-de-roca-sales-inicia-neste-domingo\\\/\"]}]},{\"@type\":\"ImageObject\",\"inLanguage\":\"pt-BR\",\"@id\":\"https:\\\/\\\/folhapopular.info\\\/index.php\\\/2023\\\/01\\\/21\\\/futebol-amador-de-roca-sales-inicia-neste-domingo\\\/#primaryimage\",\"url\":\"https:\\\/\\\/folhapopular.info\\\/wp-content\\\/uploads\\\/2023\\\/01\\\/WhatsApp-Image-2023-01-18-at-19.41.36-e1674295685843.jpeg\",\"contentUrl\":\"https:\\\/\\\/folhapopular.info\\\/wp-content\\\/uploads\\\/2023\\\/01\\\/WhatsApp-Image-2023-01-18-at-19.41.36-e1674295685843.jpeg\",\"width\":1200,\"height\":675,\"caption\":\"Lan\u00e7amento foi na noite de quarta-feira em Roca Sales \\\/\\\/ Cr\u00e9dito: Lu\u00eds Roberto Closs\"},{\"@type\":\"BreadcrumbList\",\"@id\":\"https:\\\/\\\/folhapopular.info\\\/index.php\\\/2023\\\/01\\\/21\\\/futebol-amador-de-roca-sales-inicia-neste-domingo\\\/#breadcrumb\",\"itemListElement\":[{\"@type\":\"ListItem\",\"position\":1,\"name\":\"In\u00edcio\",\"item\":\"https:\\\/\\\/folhapopular.info\\\/\"},{\"@type\":\"ListItem\",\"position\":2,\"name\":\"Futebol Amador de Roca Sales inicia neste domingo\"}]},{\"@type\":\"WebSite\",\"@id\":\"https:\\\/\\\/folhapopular.info\\\/#website\",\"url\":\"https:\\\/\\\/folhapopular.info\\\/\",\"name\":\"Folha Popular\",\"description\":\"Onde voc\u00ea tem vez e voz\",\"potentialAction\":[{\"@type\":\"SearchAction\",\"target\":{\"@type\":\"EntryPoint\",\"urlTemplate\":\"https:\\\/\\\/folhapopular.info\\\/?s={search_term_string}\"},\"query-input\":{\"@type\":\"PropertyValueSpecification\",\"valueRequired\":true,\"valueName\":\"search_term_string\"}}],\"inLanguage\":\"pt-BR\"},{\"@type\":\"Person\",\"@id\":\"https:\\\/\\\/folhapopular.info\\\/#\\\/schema\\\/person\\\/d5775ed8ef9756d0e063ce0e0d622ef6\",\"name\":\"Marcos Vin\u00edcius Bilhar\",\"image\":{\"@type\":\"ImageObject\",\"inLanguage\":\"pt-BR\",\"@id\":\"https:\\\/\\\/secure.gravatar.com\\\/avatar\\\/6c44b5941169423203ed2408d1c47a2e0ba31d152a11a420026ca41ffd589d80?s=96&d=mm&r=g\",\"url\":\"https:\\\/\\\/secure.gravatar.com\\\/avatar\\\/6c44b5941169423203ed2408d1c47a2e0ba31d152a11a420026ca41ffd589d80?s=96&d=mm&r=g\",\"contentUrl\":\"https:\\\/\\\/secure.gravatar.com\\\/avatar\\\/6c44b5941169423203ed2408d1c47a2e0ba31d152a11a420026ca41ffd589d80?s=96&d=mm&r=g\",\"caption\":\"Marcos Vin\u00edcius Bilhar\"},\"url\":\"https:\\\/\\\/folhapopular.info\\\/index.php\\\/author\\\/bilhar-vinigmail-com\\\/\"}]}<\/script>\n<!-- \/ Yoast SEO plugin. -->","yoast_head_json":{"title":"Futebol Amador de Roca Sales inicia neste domingo - Folha Popular","robots":{"index":"index","follow":"follow","max-snippet":"max-snippet:-1","max-image-preview":"max-image-preview:large","max-video-preview":"max-video-preview:-1"},"canonical":"https:\/\/folhapopular.info\/index.php\/2023\/01\/21\/futebol-amador-de-roca-sales-inicia-neste-domingo\/","og_locale":"pt_BR","og_type":"article","og_title":"Futebol Amador de Roca Sales inicia neste domingo - Folha Popular","og_description":"O lan\u00e7amento do Campeonato de Futebol Amador de Roca Sales foi realizado na quarta-feira (18\/1) \u00e0 noite, no Centro Social Urbano (CSU). A edi\u00e7\u00e3o deste ano vem com novidades, especialmente no sistema de jogos e defini\u00e7\u00e3o de campe\u00f5es. Nove equipes disputar\u00e3o o certame na categoria For\u00e7a Livre e outras quatro jogar\u00e3o a categoria Veterano. Segundo [&hellip;]","og_url":"https:\/\/folhapopular.info\/index.php\/2023\/01\/21\/futebol-amador-de-roca-sales-inicia-neste-domingo\/","og_site_name":"Folha Popular","article_published_time":"2023-01-21T10:11:33+00:00","article_modified_time":"2023-01-21T10:11:37+00:00","og_image":[{"width":1200,"height":675,"url":"http:\/\/folhapopular.info\/wp-content\/uploads\/2023\/01\/WhatsApp-Image-2023-01-18-at-19.41.36-e1674295685843.jpeg","type":"image\/jpeg"}],"author":"Marcos Vin\u00edcius Bilhar","twitter_card":"summary_large_image","twitter_misc":{"Escrito por":"Marcos Vin\u00edcius Bilhar","Est. tempo de leitura":"5 minutos"},"schema":{"@context":"https:\/\/schema.org","@graph":[{"@type":"Article","@id":"https:\/\/folhapopular.info\/index.php\/2023\/01\/21\/futebol-amador-de-roca-sales-inicia-neste-domingo\/#article","isPartOf":{"@id":"https:\/\/folhapopular.info\/index.php\/2023\/01\/21\/futebol-amador-de-roca-sales-inicia-neste-domingo\/"},"author":{"name":"Marcos Vin\u00edcius Bilhar","@id":"https:\/\/folhapopular.info\/#\/schema\/person\/d5775ed8ef9756d0e063ce0e0d622ef6"},"headline":"Futebol Amador de Roca Sales inicia neste domingo","datePublished":"2023-01-21T10:11:33+00:00","dateModified":"2023-01-21T10:11:37+00:00","mainEntityOfPage":{"@id":"https:\/\/folhapopular.info\/index.php\/2023\/01\/21\/futebol-amador-de-roca-sales-inicia-neste-domingo\/"},"wordCount":895,"commentCount":0,"image":{"@id":"https:\/\/folhapopular.info\/index.php\/2023\/01\/21\/futebol-amador-de-roca-sales-inicia-neste-domingo\/#primaryimage"},"thumbnailUrl":"https:\/\/folhapopular.info\/wp-content\/uploads\/2023\/01\/WhatsApp-Image-2023-01-18-at-19.41.36-e1674295685843.jpeg","keywords":["Campeonato","Esportes","Futebol","futebol amador","Roca Sales"],"articleSection":["Esportes"],"inLanguage":"pt-BR","potentialAction":[{"@type":"CommentAction","name":"Comment","target":["https:\/\/folhapopular.info\/index.php\/2023\/01\/21\/futebol-amador-de-roca-sales-inicia-neste-domingo\/#respond"]}]},{"@type":"WebPage","@id":"https:\/\/folhapopular.info\/index.php\/2023\/01\/21\/futebol-amador-de-roca-sales-inicia-neste-domingo\/","url":"https:\/\/folhapopular.info\/index.php\/2023\/01\/21\/futebol-amador-de-roca-sales-inicia-neste-domingo\/","name":"Futebol Amador de Roca Sales inicia neste domingo - Folha Popular","isPartOf":{"@id":"https:\/\/folhapopular.info\/#website"},"primaryImageOfPage":{"@id":"https:\/\/folhapopular.info\/index.php\/2023\/01\/21\/futebol-amador-de-roca-sales-inicia-neste-domingo\/#primaryimage"},"image":{"@id":"https:\/\/folhapopular.info\/index.php\/2023\/01\/21\/futebol-amador-de-roca-sales-inicia-neste-domingo\/#primaryimage"},"thumbnailUrl":"https:\/\/folhapopular.info\/wp-content\/uploads\/2023\/01\/WhatsApp-Image-2023-01-18-at-19.41.36-e1674295685843.jpeg","datePublished":"2023-01-21T10:11:33+00:00","dateModified":"2023-01-21T10:11:37+00:00","author":{"@id":"https:\/\/folhapopular.info\/#\/schema\/person\/d5775ed8ef9756d0e063ce0e0d622ef6"},"breadcrumb":{"@id":"https:\/\/folhapopular.info\/index.php\/2023\/01\/21\/futebol-amador-de-roca-sales-inicia-neste-domingo\/#breadcrumb"},"inLanguage":"pt-BR","potentialAction":[{"@type":"ReadAction","target":["https:\/\/folhapopular.info\/index.php\/2023\/01\/21\/futebol-amador-de-roca-sales-inicia-neste-domingo\/"]}]},{"@type":"ImageObject","inLanguage":"pt-BR","@id":"https:\/\/folhapopular.info\/index.php\/2023\/01\/21\/futebol-amador-de-roca-sales-inicia-neste-domingo\/#primaryimage","url":"https:\/\/folhapopular.info\/wp-content\/uploads\/2023\/01\/WhatsApp-Image-2023-01-18-at-19.41.36-e1674295685843.jpeg","contentUrl":"https:\/\/folhapopular.info\/wp-content\/uploads\/2023\/01\/WhatsApp-Image-2023-01-18-at-19.41.36-e1674295685843.jpeg","width":1200,"height":675,"caption":"Lan\u00e7amento foi na noite de quarta-feira em Roca Sales \/\/ Cr\u00e9dito: Lu\u00eds Roberto Closs"},{"@type":"BreadcrumbList","@id":"https:\/\/folhapopular.info\/index.php\/2023\/01\/21\/futebol-amador-de-roca-sales-inicia-neste-domingo\/#breadcrumb","itemListElement":[{"@type":"ListItem","position":1,"name":"In\u00edcio","item":"https:\/\/folhapopular.info\/"},{"@type":"ListItem","position":2,"name":"Futebol Amador de Roca Sales inicia neste domingo"}]},{"@type":"WebSite","@id":"https:\/\/folhapopular.info\/#website","url":"https:\/\/folhapopular.info\/","name":"Folha Popular","description":"Onde voc\u00ea tem vez e voz","potentialAction":[{"@type":"SearchAction","target":{"@type":"EntryPoint","urlTemplate":"https:\/\/folhapopular.info\/?s={search_term_string}"},"query-input":{"@type":"PropertyValueSpecification","valueRequired":true,"valueName":"search_term_string"}}],"inLanguage":"pt-BR"},{"@type":"Person","@id":"https:\/\/folhapopular.info\/#\/schema\/person\/d5775ed8ef9756d0e063ce0e0d622ef6","name":"Marcos Vin\u00edcius Bilhar","image":{"@type":"ImageObject","inLanguage":"pt-BR","@id":"https:\/\/secure.gravatar.com\/avatar\/6c44b5941169423203ed2408d1c47a2e0ba31d152a11a420026ca41ffd589d80?s=96&d=mm&r=g","url":"https:\/\/secure.gravatar.com\/avatar\/6c44b5941169423203ed2408d1c47a2e0ba31d152a11a420026ca41ffd589d80?s=96&d=mm&r=g","contentUrl":"https:\/\/secure.gravatar.com\/avatar\/6c44b5941169423203ed2408d1c47a2e0ba31d152a11a420026ca41ffd589d80?s=96&d=mm&r=g","caption":"Marcos Vin\u00edcius Bilhar"},"url":"https:\/\/folhapopular.info\/index.php\/author\/bilhar-vinigmail-com\/"}]}},"jetpack_featured_media_url":"https:\/\/folhapopular.info\/wp-content\/uploads\/2023\/01\/WhatsApp-Image-2023-01-18-at-19.41.36-e1674295685843.jpeg","jetpack_sharing_enabled":true,"amp_enabled":true,"_links":{"self":[{"href":"https:\/\/folhapopular.info\/index.php\/wp-json\/wp\/v2\/posts\/119599","targetHints":{"allow":["GET"]}}],"collection":[{"href":"https:\/\/folhapopular.info\/index.php\/wp-json\/wp\/v2\/posts"}],"about":[{"href":"https:\/\/folhapopular.info\/index.php\/wp-json\/wp\/v2\/types\/post"}],"author":[{"embeddable":true,"href":"https:\/\/folhapopular.info\/index.php\/wp-json\/wp\/v2\/users\/591"}],"replies":[{"embeddable":true,"href":"https:\/\/folhapopular.info\/index.php\/wp-json\/wp\/v2\/comments?post=119599"}],"version-history":[{"count":0,"href":"https:\/\/folhapopular.info\/index.php\/wp-json\/wp\/v2\/posts\/119599\/revisions"}],"wp:featuredmedia":[{"embeddable":true,"href":"https:\/\/folhapopular.info\/index.php\/wp-json\/wp\/v2\/media\/119600"}],"wp:attachment":[{"href":"https:\/\/folhapopular.info\/index.php\/wp-json\/wp\/v2\/media?parent=119599"}],"wp:term":[{"taxonomy":"category","embeddable":true,"href":"https:\/\/folhapopular.info\/index.php\/wp-json\/wp\/v2\/categories?post=119599"},{"taxonomy":"post_tag","embeddable":true,"href":"https:\/\/folhapopular.info\/index.php\/wp-json\/wp\/v2\/tags?post=119599"}],"curies":[{"name":"wp","href":"https:\/\/api.w.org\/{rel}","templated":true}]}}