{"id":119675,"date":"2023-01-22T16:54:24","date_gmt":"2023-01-22T19:54:24","guid":{"rendered":"https:\/\/folhapopular.info\/?p=119675"},"modified":"2023-01-23T06:00:37","modified_gmt":"2023-01-23T09:00:37","slug":"aviario-e-consumido-por-incendio-em-linha-wink","status":"publish","type":"post","link":"https:\/\/folhapopular.info\/index.php\/2023\/01\/22\/aviario-e-consumido-por-incendio-em-linha-wink\/","title":{"rendered":"Avi\u00e1rio \u00e9 consumido por inc\u00eandio em Linha Wink"},"content":{"rendered":"\n<p class=\"wp-block-paragraph\">Um avi\u00e1rio pegou fogo em Linha Wink, em Teut\u00f4nia, neste domingo (22\/1). O inc\u00eandio iniciou por volta das 11h30. Conforme o Corpo de Bombeiros Volunt\u00e1rios de Teut\u00f4nia, 22 mil litros de \u00e1gua foram usados no combate \u00e0s chamas. <\/p>\n\n\n\n<p class=\"wp-block-paragraph\">Dentro do local ainda havia 700 fardos de feno que foram queimados. N\u00e3o havia frangos alojados no avi\u00e1rio. As causas do sinistro ainda s\u00e3o desconhecidas. Ningu\u00e9m se feriu.<\/p>\n","protected":false},"excerpt":{"rendered":"<p>Um avi\u00e1rio pegou fogo em Linha Wink, em Teut\u00f4nia, neste domingo (22\/1). O inc\u00eandio iniciou por volta das 11h30. Conforme o Corpo de Bombeiros Volunt\u00e1rios de Teut\u00f4nia, 22 mil litros de \u00e1gua foram usados no combate \u00e0s chamas. Dentro do local ainda havia 700 fardos de feno que foram queimados. N\u00e3o havia frangos alojados no [&hellip;]<\/p>\n","protected":false},"author":8,"featured_media":119676,"comment_status":"open","ping_status":"open","sticky":false,"template":"","format":"standard","meta":{"pmpro_default_level":"","_jetpack_memberships_contains_paid_content":false,"footnotes":""},"categories":[7],"tags":[],"class_list":["post-119675","post","type-post","status-publish","format-standard","has-post-thumbnail","category-seguranca","pmpro-has-access"],"yoast_head":"<!-- This site is optimized with the Yoast SEO plugin v28.4 - https:\/\/yoast.com\/product\/yoast-seo-wordpress\/ -->\n<title>Avi\u00e1rio \u00e9 consumido por inc\u00eandio em Linha Wink - Folha Popular<\/title>\n<meta name=\"robots\" content=\"index, follow, max-snippet:-1, max-image-preview:large, max-video-preview:-1\" \/>\n<link rel=\"canonical\" href=\"https:\/\/folhapopular.info\/index.php\/2023\/01\/22\/aviario-e-consumido-por-incendio-em-linha-wink\/\" \/>\n<meta property=\"og:locale\" content=\"pt_BR\" \/>\n<meta property=\"og:type\" content=\"article\" \/>\n<meta property=\"og:title\" content=\"Avi\u00e1rio \u00e9 consumido por inc\u00eandio em Linha Wink - Folha Popular\" \/>\n<meta property=\"og:description\" content=\"Um avi\u00e1rio pegou fogo em Linha Wink, em Teut\u00f4nia, neste domingo (22\/1). O inc\u00eandio iniciou por volta das 11h30. Conforme o Corpo de Bombeiros Volunt\u00e1rios de Teut\u00f4nia, 22 mil litros de \u00e1gua foram usados no combate \u00e0s chamas. Dentro do local ainda havia 700 fardos de feno que foram queimados. N\u00e3o havia frangos alojados no [&hellip;]\" \/>\n<meta property=\"og:url\" content=\"https:\/\/folhapopular.info\/index.php\/2023\/01\/22\/aviario-e-consumido-por-incendio-em-linha-wink\/\" \/>\n<meta property=\"og:site_name\" content=\"Folha Popular\" \/>\n<meta property=\"article:published_time\" content=\"2023-01-22T19:54:24+00:00\" \/>\n<meta property=\"article:modified_time\" content=\"2023-01-23T09:00:37+00:00\" \/>\n<meta property=\"og:image\" content=\"http:\/\/folhapopular.info\/wp-content\/uploads\/2023\/01\/WhatsApp-Image-2023-01-22-at-16.19.31.jpeg\" \/>\n\t<meta property=\"og:image:width\" content=\"1280\" \/>\n\t<meta property=\"og:image:height\" content=\"576\" \/>\n\t<meta property=\"og:image:type\" content=\"image\/jpeg\" \/>\n<meta name=\"author\" content=\"Reda\u00e7\u00e3o Folha Popular\" \/>\n<meta name=\"twitter:card\" content=\"summary_large_image\" \/>\n<meta name=\"twitter:label1\" content=\"Escrito por\" \/>\n\t<meta name=\"twitter:data1\" content=\"Reda\u00e7\u00e3o Folha Popular\" \/>\n\t<meta name=\"twitter:label2\" content=\"Est. tempo de leitura\" \/>\n\t<meta name=\"twitter:data2\" content=\"1 minuto\" \/>\n<script type=\"application\/ld+json\" class=\"yoast-schema-graph\">{\"@context\":\"https:\\\/\\\/schema.org\",\"@graph\":[{\"@type\":\"Article\",\"@id\":\"https:\\\/\\\/folhapopular.info\\\/index.php\\\/2023\\\/01\\\/22\\\/aviario-e-consumido-por-incendio-em-linha-wink\\\/#article\",\"isPartOf\":{\"@id\":\"https:\\\/\\\/folhapopular.info\\\/index.php\\\/2023\\\/01\\\/22\\\/aviario-e-consumido-por-incendio-em-linha-wink\\\/\"},\"author\":{\"name\":\"Reda\u00e7\u00e3o Folha Popular\",\"@id\":\"https:\\\/\\\/folhapopular.info\\\/#\\\/schema\\\/person\\\/2814e8a0df7643585a9ca38bc6eb9d4b\"},\"headline\":\"Avi\u00e1rio \u00e9 consumido por inc\u00eandio em Linha Wink\",\"datePublished\":\"2023-01-22T19:54:24+00:00\",\"dateModified\":\"2023-01-23T09:00:37+00:00\",\"mainEntityOfPage\":{\"@id\":\"https:\\\/\\\/folhapopular.info\\\/index.php\\\/2023\\\/01\\\/22\\\/aviario-e-consumido-por-incendio-em-linha-wink\\\/\"},\"wordCount\":81,\"commentCount\":0,\"image\":{\"@id\":\"https:\\\/\\\/folhapopular.info\\\/index.php\\\/2023\\\/01\\\/22\\\/aviario-e-consumido-por-incendio-em-linha-wink\\\/#primaryimage\"},\"thumbnailUrl\":\"https:\\\/\\\/folhapopular.info\\\/wp-content\\\/uploads\\\/2023\\\/01\\\/WhatsApp-Image-2023-01-22-at-16.19.31.jpeg\",\"articleSection\":[\"Seguran\u00e7a\"],\"inLanguage\":\"pt-BR\",\"potentialAction\":[{\"@type\":\"CommentAction\",\"name\":\"Comment\",\"target\":[\"https:\\\/\\\/folhapopular.info\\\/index.php\\\/2023\\\/01\\\/22\\\/aviario-e-consumido-por-incendio-em-linha-wink\\\/#respond\"]}]},{\"@type\":\"WebPage\",\"@id\":\"https:\\\/\\\/folhapopular.info\\\/index.php\\\/2023\\\/01\\\/22\\\/aviario-e-consumido-por-incendio-em-linha-wink\\\/\",\"url\":\"https:\\\/\\\/folhapopular.info\\\/index.php\\\/2023\\\/01\\\/22\\\/aviario-e-consumido-por-incendio-em-linha-wink\\\/\",\"name\":\"Avi\u00e1rio \u00e9 consumido por inc\u00eandio em Linha Wink - Folha Popular\",\"isPartOf\":{\"@id\":\"https:\\\/\\\/folhapopular.info\\\/#website\"},\"primaryImageOfPage\":{\"@id\":\"https:\\\/\\\/folhapopular.info\\\/index.php\\\/2023\\\/01\\\/22\\\/aviario-e-consumido-por-incendio-em-linha-wink\\\/#primaryimage\"},\"image\":{\"@id\":\"https:\\\/\\\/folhapopular.info\\\/index.php\\\/2023\\\/01\\\/22\\\/aviario-e-consumido-por-incendio-em-linha-wink\\\/#primaryimage\"},\"thumbnailUrl\":\"https:\\\/\\\/folhapopular.info\\\/wp-content\\\/uploads\\\/2023\\\/01\\\/WhatsApp-Image-2023-01-22-at-16.19.31.jpeg\",\"datePublished\":\"2023-01-22T19:54:24+00:00\",\"dateModified\":\"2023-01-23T09:00:37+00:00\",\"author\":{\"@id\":\"https:\\\/\\\/folhapopular.info\\\/#\\\/schema\\\/person\\\/2814e8a0df7643585a9ca38bc6eb9d4b\"},\"breadcrumb\":{\"@id\":\"https:\\\/\\\/folhapopular.info\\\/index.php\\\/2023\\\/01\\\/22\\\/aviario-e-consumido-por-incendio-em-linha-wink\\\/#breadcrumb\"},\"inLanguage\":\"pt-BR\",\"potentialAction\":[{\"@type\":\"ReadAction\",\"target\":[\"https:\\\/\\\/folhapopular.info\\\/index.php\\\/2023\\\/01\\\/22\\\/aviario-e-consumido-por-incendio-em-linha-wink\\\/\"]}]},{\"@type\":\"ImageObject\",\"inLanguage\":\"pt-BR\",\"@id\":\"https:\\\/\\\/folhapopular.info\\\/index.php\\\/2023\\\/01\\\/22\\\/aviario-e-consumido-por-incendio-em-linha-wink\\\/#primaryimage\",\"url\":\"https:\\\/\\\/folhapopular.info\\\/wp-content\\\/uploads\\\/2023\\\/01\\\/WhatsApp-Image-2023-01-22-at-16.19.31.jpeg\",\"contentUrl\":\"https:\\\/\\\/folhapopular.info\\\/wp-content\\\/uploads\\\/2023\\\/01\\\/WhatsApp-Image-2023-01-22-at-16.19.31.jpeg\",\"width\":1280,\"height\":576},{\"@type\":\"BreadcrumbList\",\"@id\":\"https:\\\/\\\/folhapopular.info\\\/index.php\\\/2023\\\/01\\\/22\\\/aviario-e-consumido-por-incendio-em-linha-wink\\\/#breadcrumb\",\"itemListElement\":[{\"@type\":\"ListItem\",\"position\":1,\"name\":\"In\u00edcio\",\"item\":\"https:\\\/\\\/folhapopular.info\\\/\"},{\"@type\":\"ListItem\",\"position\":2,\"name\":\"Avi\u00e1rio \u00e9 consumido por inc\u00eandio em Linha Wink\"}]},{\"@type\":\"WebSite\",\"@id\":\"https:\\\/\\\/folhapopular.info\\\/#website\",\"url\":\"https:\\\/\\\/folhapopular.info\\\/\",\"name\":\"Folha Popular\",\"description\":\"Onde voc\u00ea tem vez e voz\",\"potentialAction\":[{\"@type\":\"SearchAction\",\"target\":{\"@type\":\"EntryPoint\",\"urlTemplate\":\"https:\\\/\\\/folhapopular.info\\\/?s={search_term_string}\"},\"query-input\":{\"@type\":\"PropertyValueSpecification\",\"valueRequired\":true,\"valueName\":\"search_term_string\"}}],\"inLanguage\":\"pt-BR\"},{\"@type\":\"Person\",\"@id\":\"https:\\\/\\\/folhapopular.info\\\/#\\\/schema\\\/person\\\/2814e8a0df7643585a9ca38bc6eb9d4b\",\"name\":\"Reda\u00e7\u00e3o Folha Popular\",\"image\":{\"@type\":\"ImageObject\",\"inLanguage\":\"pt-BR\",\"@id\":\"https:\\\/\\\/folhapopular.info\\\/wp-content\\\/uploads\\\/2026\\\/04\\\/Folha-1.webp\",\"url\":\"https:\\\/\\\/folhapopular.info\\\/wp-content\\\/uploads\\\/2026\\\/04\\\/Folha-1.webp\",\"contentUrl\":\"https:\\\/\\\/folhapopular.info\\\/wp-content\\\/uploads\\\/2026\\\/04\\\/Folha-1.webp\",\"caption\":\"Reda\u00e7\u00e3o Folha Popular\"},\"url\":\"https:\\\/\\\/folhapopular.info\\\/index.php\\\/author\\\/redacao\\\/\"}]}<\/script>\n<!-- \/ Yoast SEO plugin. -->","yoast_head_json":{"title":"Avi\u00e1rio \u00e9 consumido por inc\u00eandio em Linha Wink - Folha Popular","robots":{"index":"index","follow":"follow","max-snippet":"max-snippet:-1","max-image-preview":"max-image-preview:large","max-video-preview":"max-video-preview:-1"},"canonical":"https:\/\/folhapopular.info\/index.php\/2023\/01\/22\/aviario-e-consumido-por-incendio-em-linha-wink\/","og_locale":"pt_BR","og_type":"article","og_title":"Avi\u00e1rio \u00e9 consumido por inc\u00eandio em Linha Wink - Folha Popular","og_description":"Um avi\u00e1rio pegou fogo em Linha Wink, em Teut\u00f4nia, neste domingo (22\/1). O inc\u00eandio iniciou por volta das 11h30. Conforme o Corpo de Bombeiros Volunt\u00e1rios de Teut\u00f4nia, 22 mil litros de \u00e1gua foram usados no combate \u00e0s chamas. Dentro do local ainda havia 700 fardos de feno que foram queimados. N\u00e3o havia frangos alojados no [&hellip;]","og_url":"https:\/\/folhapopular.info\/index.php\/2023\/01\/22\/aviario-e-consumido-por-incendio-em-linha-wink\/","og_site_name":"Folha Popular","article_published_time":"2023-01-22T19:54:24+00:00","article_modified_time":"2023-01-23T09:00:37+00:00","og_image":[{"width":1280,"height":576,"url":"http:\/\/folhapopular.info\/wp-content\/uploads\/2023\/01\/WhatsApp-Image-2023-01-22-at-16.19.31.jpeg","type":"image\/jpeg"}],"author":"Reda\u00e7\u00e3o Folha Popular","twitter_card":"summary_large_image","twitter_misc":{"Escrito por":"Reda\u00e7\u00e3o Folha Popular","Est. tempo de leitura":"1 minuto"},"schema":{"@context":"https:\/\/schema.org","@graph":[{"@type":"Article","@id":"https:\/\/folhapopular.info\/index.php\/2023\/01\/22\/aviario-e-consumido-por-incendio-em-linha-wink\/#article","isPartOf":{"@id":"https:\/\/folhapopular.info\/index.php\/2023\/01\/22\/aviario-e-consumido-por-incendio-em-linha-wink\/"},"author":{"name":"Reda\u00e7\u00e3o Folha Popular","@id":"https:\/\/folhapopular.info\/#\/schema\/person\/2814e8a0df7643585a9ca38bc6eb9d4b"},"headline":"Avi\u00e1rio \u00e9 consumido por inc\u00eandio em Linha Wink","datePublished":"2023-01-22T19:54:24+00:00","dateModified":"2023-01-23T09:00:37+00:00","mainEntityOfPage":{"@id":"https:\/\/folhapopular.info\/index.php\/2023\/01\/22\/aviario-e-consumido-por-incendio-em-linha-wink\/"},"wordCount":81,"commentCount":0,"image":{"@id":"https:\/\/folhapopular.info\/index.php\/2023\/01\/22\/aviario-e-consumido-por-incendio-em-linha-wink\/#primaryimage"},"thumbnailUrl":"https:\/\/folhapopular.info\/wp-content\/uploads\/2023\/01\/WhatsApp-Image-2023-01-22-at-16.19.31.jpeg","articleSection":["Seguran\u00e7a"],"inLanguage":"pt-BR","potentialAction":[{"@type":"CommentAction","name":"Comment","target":["https:\/\/folhapopular.info\/index.php\/2023\/01\/22\/aviario-e-consumido-por-incendio-em-linha-wink\/#respond"]}]},{"@type":"WebPage","@id":"https:\/\/folhapopular.info\/index.php\/2023\/01\/22\/aviario-e-consumido-por-incendio-em-linha-wink\/","url":"https:\/\/folhapopular.info\/index.php\/2023\/01\/22\/aviario-e-consumido-por-incendio-em-linha-wink\/","name":"Avi\u00e1rio \u00e9 consumido por inc\u00eandio em Linha Wink - Folha Popular","isPartOf":{"@id":"https:\/\/folhapopular.info\/#website"},"primaryImageOfPage":{"@id":"https:\/\/folhapopular.info\/index.php\/2023\/01\/22\/aviario-e-consumido-por-incendio-em-linha-wink\/#primaryimage"},"image":{"@id":"https:\/\/folhapopular.info\/index.php\/2023\/01\/22\/aviario-e-consumido-por-incendio-em-linha-wink\/#primaryimage"},"thumbnailUrl":"https:\/\/folhapopular.info\/wp-content\/uploads\/2023\/01\/WhatsApp-Image-2023-01-22-at-16.19.31.jpeg","datePublished":"2023-01-22T19:54:24+00:00","dateModified":"2023-01-23T09:00:37+00:00","author":{"@id":"https:\/\/folhapopular.info\/#\/schema\/person\/2814e8a0df7643585a9ca38bc6eb9d4b"},"breadcrumb":{"@id":"https:\/\/folhapopular.info\/index.php\/2023\/01\/22\/aviario-e-consumido-por-incendio-em-linha-wink\/#breadcrumb"},"inLanguage":"pt-BR","potentialAction":[{"@type":"ReadAction","target":["https:\/\/folhapopular.info\/index.php\/2023\/01\/22\/aviario-e-consumido-por-incendio-em-linha-wink\/"]}]},{"@type":"ImageObject","inLanguage":"pt-BR","@id":"https:\/\/folhapopular.info\/index.php\/2023\/01\/22\/aviario-e-consumido-por-incendio-em-linha-wink\/#primaryimage","url":"https:\/\/folhapopular.info\/wp-content\/uploads\/2023\/01\/WhatsApp-Image-2023-01-22-at-16.19.31.jpeg","contentUrl":"https:\/\/folhapopular.info\/wp-content\/uploads\/2023\/01\/WhatsApp-Image-2023-01-22-at-16.19.31.jpeg","width":1280,"height":576},{"@type":"BreadcrumbList","@id":"https:\/\/folhapopular.info\/index.php\/2023\/01\/22\/aviario-e-consumido-por-incendio-em-linha-wink\/#breadcrumb","itemListElement":[{"@type":"ListItem","position":1,"name":"In\u00edcio","item":"https:\/\/folhapopular.info\/"},{"@type":"ListItem","position":2,"name":"Avi\u00e1rio \u00e9 consumido por inc\u00eandio em Linha Wink"}]},{"@type":"WebSite","@id":"https:\/\/folhapopular.info\/#website","url":"https:\/\/folhapopular.info\/","name":"Folha Popular","description":"Onde voc\u00ea tem vez e voz","potentialAction":[{"@type":"SearchAction","target":{"@type":"EntryPoint","urlTemplate":"https:\/\/folhapopular.info\/?s={search_term_string}"},"query-input":{"@type":"PropertyValueSpecification","valueRequired":true,"valueName":"search_term_string"}}],"inLanguage":"pt-BR"},{"@type":"Person","@id":"https:\/\/folhapopular.info\/#\/schema\/person\/2814e8a0df7643585a9ca38bc6eb9d4b","name":"Reda\u00e7\u00e3o Folha Popular","image":{"@type":"ImageObject","inLanguage":"pt-BR","@id":"https:\/\/folhapopular.info\/wp-content\/uploads\/2026\/04\/Folha-1.webp","url":"https:\/\/folhapopular.info\/wp-content\/uploads\/2026\/04\/Folha-1.webp","contentUrl":"https:\/\/folhapopular.info\/wp-content\/uploads\/2026\/04\/Folha-1.webp","caption":"Reda\u00e7\u00e3o Folha Popular"},"url":"https:\/\/folhapopular.info\/index.php\/author\/redacao\/"}]}},"jetpack_sharing_enabled":true,"amp_enabled":true,"jetpack_featured_media_url":"https:\/\/folhapopular.info\/wp-content\/uploads\/2023\/01\/WhatsApp-Image-2023-01-22-at-16.19.31.jpeg","_links":{"self":[{"href":"https:\/\/folhapopular.info\/index.php\/wp-json\/wp\/v2\/posts\/119675","targetHints":{"allow":["GET"]}}],"collection":[{"href":"https:\/\/folhapopular.info\/index.php\/wp-json\/wp\/v2\/posts"}],"about":[{"href":"https:\/\/folhapopular.info\/index.php\/wp-json\/wp\/v2\/types\/post"}],"author":[{"embeddable":true,"href":"https:\/\/folhapopular.info\/index.php\/wp-json\/wp\/v2\/users\/8"}],"replies":[{"embeddable":true,"href":"https:\/\/folhapopular.info\/index.php\/wp-json\/wp\/v2\/comments?post=119675"}],"version-history":[{"count":0,"href":"https:\/\/folhapopular.info\/index.php\/wp-json\/wp\/v2\/posts\/119675\/revisions"}],"wp:featuredmedia":[{"embeddable":true,"href":"https:\/\/folhapopular.info\/index.php\/wp-json\/wp\/v2\/media\/119676"}],"wp:attachment":[{"href":"https:\/\/folhapopular.info\/index.php\/wp-json\/wp\/v2\/media?parent=119675"}],"wp:term":[{"taxonomy":"category","embeddable":true,"href":"https:\/\/folhapopular.info\/index.php\/wp-json\/wp\/v2\/categories?post=119675"},{"taxonomy":"post_tag","embeddable":true,"href":"https:\/\/folhapopular.info\/index.php\/wp-json\/wp\/v2\/tags?post=119675"}],"curies":[{"name":"wp","href":"https:\/\/api.w.org\/{rel}","templated":true}]}}