{"id":119724,"date":"2023-01-23T15:13:12","date_gmt":"2023-01-23T18:13:12","guid":{"rendered":"https:\/\/folhapopular.info\/?p=119724"},"modified":"2023-01-23T15:35:47","modified_gmt":"2023-01-23T18:35:47","slug":"empresa-terceirizada-pela-prefeitura-de-teutonia-estima-concluir-limpeza-de-area-ate-o-inicio-de-fevereiro","status":"publish","type":"post","link":"https:\/\/folhapopular.info\/index.php\/2023\/01\/23\/empresa-terceirizada-pela-prefeitura-de-teutonia-estima-concluir-limpeza-de-area-ate-o-inicio-de-fevereiro\/","title":{"rendered":"Empresa terceirizada pela Prefeitura de Teut\u00f4nia estima concluir limpeza de \u00e1rea at\u00e9 o in\u00edcio de fevereiro"},"content":{"rendered":"\n<p>A Prefeitura de Teut\u00f4nia comunicou, por meio de nota enviada pela Assessoria de Imprensa, que o dep\u00f3sito de materiais em terreno de propriedade do Munic\u00edpio no Bairro Centro Administrativo \u00e9 tempor\u00e1rio e servir\u00e1 somente at\u00e9 a conclus\u00e3o da limpeza da \u00e1rea. O local possui ac\u00famulo grande de res\u00edduos a c\u00e9u aberto.<\/p>\n\n\n\n<p>Conforme o Executivo, a limpeza vem ocorrendo diariamente h\u00e1 semanas, mas em fun\u00e7\u00e3o da alta demanda de descarte, ainda n\u00e3o foi poss\u00edvel retirar todos os res\u00edduos. A empresa terceirizada estima concluir o servi\u00e7o at\u00e9 in\u00edcio do m\u00eas de fevereiro, quando n\u00e3o ser\u00e1 depositado mais nenhum tipo de res\u00edduo no local.<\/p>\n\n\n\n<p><strong>Minist\u00e9rio P\u00fablico<\/strong><\/p>\n\n\n\n<p>A reportagem da Folha Popular teve acesso a uma den\u00fancia formalizada de maneira an\u00f4nima no Minist\u00e9rio P\u00fablico no dia 8 de dezembro de 2022. No dia 10 de janeiro de 2023, o MP deu prazo de 20 dias para o Munic\u00edpio se manifestar e requisitou a tomada de provid\u00eancias. No dia 11 de janeiro, servidor do MP realizou dilig\u00eancia ao local.<\/p>\n","protected":false},"excerpt":{"rendered":"<p>A Prefeitura de Teut\u00f4nia comunicou, por meio de nota enviada pela Assessoria de Imprensa, que o dep\u00f3sito de materiais em terreno de propriedade do Munic\u00edpio no Bairro Centro Administrativo \u00e9 tempor\u00e1rio e servir\u00e1 somente at\u00e9 a conclus\u00e3o da limpeza da \u00e1rea. O local possui ac\u00famulo grande de res\u00edduos a c\u00e9u aberto. Conforme o Executivo, a [&hellip;]<\/p>\n","protected":false},"author":639,"featured_media":119737,"comment_status":"open","ping_status":"open","sticky":false,"template":"","format":"standard","meta":{"pmpro_default_level":"","_jetpack_memberships_contains_paid_content":false,"footnotes":""},"categories":[2,3],"tags":[9498,2960,57,2457],"class_list":{"0":"post-119724","1":"post","2":"type-post","3":"status-publish","4":"format-standard","5":"has-post-thumbnail","7":"category-featured","8":"category-geral","9":"tag-denuncia-2","10":"tag-descarte-de-lixo","11":"tag-meio-ambiente","12":"tag-ministerio-publico","13":"pmpro-has-access"},"yoast_head":"<!-- This site is optimized with the Yoast SEO plugin v27.5 - https:\/\/yoast.com\/product\/yoast-seo-wordpress\/ -->\n<title>Empresa terceirizada pela Prefeitura de Teut\u00f4nia estima concluir limpeza de \u00e1rea at\u00e9 o in\u00edcio de fevereiro - Folha Popular<\/title>\n<meta name=\"description\" content=\"Den\u00fancia an\u00f4nima havia sido registrada ainda em dezembro de 2022 no Minist\u00e9rio P\u00fablico, que pediu provid\u00eancias.\" \/>\n<meta name=\"robots\" content=\"index, follow, max-snippet:-1, max-image-preview:large, max-video-preview:-1\" \/>\n<link rel=\"canonical\" href=\"https:\/\/folhapopular.info\/index.php\/2023\/01\/23\/empresa-terceirizada-pela-prefeitura-de-teutonia-estima-concluir-limpeza-de-area-ate-o-inicio-de-fevereiro\/\" \/>\n<meta property=\"og:locale\" content=\"pt_BR\" \/>\n<meta property=\"og:type\" content=\"article\" \/>\n<meta property=\"og:title\" content=\"Empresa terceirizada pela Prefeitura de Teut\u00f4nia estima concluir limpeza de \u00e1rea at\u00e9 o in\u00edcio de fevereiro - Folha Popular\" \/>\n<meta property=\"og:description\" content=\"Den\u00fancia an\u00f4nima havia sido registrada ainda em dezembro de 2022 no Minist\u00e9rio P\u00fablico, que pediu provid\u00eancias.\" \/>\n<meta property=\"og:url\" content=\"https:\/\/folhapopular.info\/index.php\/2023\/01\/23\/empresa-terceirizada-pela-prefeitura-de-teutonia-estima-concluir-limpeza-de-area-ate-o-inicio-de-fevereiro\/\" \/>\n<meta property=\"og:site_name\" content=\"Folha Popular\" \/>\n<meta property=\"article:published_time\" content=\"2023-01-23T18:13:12+00:00\" \/>\n<meta property=\"article:modified_time\" content=\"2023-01-23T18:35:47+00:00\" \/>\n<meta property=\"og:image\" content=\"http:\/\/folhapopular.info\/wp-content\/uploads\/2023\/01\/IMG_9773.jpeg\" \/>\n\t<meta property=\"og:image:width\" content=\"2048\" \/>\n\t<meta property=\"og:image:height\" content=\"1536\" \/>\n\t<meta property=\"og:image:type\" content=\"image\/jpeg\" \/>\n<meta name=\"author\" content=\"Camille Lenz da Silva\" \/>\n<meta name=\"twitter:card\" content=\"summary_large_image\" \/>\n<meta name=\"twitter:label1\" content=\"Escrito por\" \/>\n\t<meta name=\"twitter:data1\" content=\"Camille Lenz da Silva\" \/>\n\t<meta name=\"twitter:label2\" content=\"Est. tempo de leitura\" \/>\n\t<meta name=\"twitter:data2\" content=\"1 minuto\" \/>\n<script type=\"application\/ld+json\" class=\"yoast-schema-graph\">{\"@context\":\"https:\\\/\\\/schema.org\",\"@graph\":[{\"@type\":\"Article\",\"@id\":\"https:\\\/\\\/folhapopular.info\\\/index.php\\\/2023\\\/01\\\/23\\\/empresa-terceirizada-pela-prefeitura-de-teutonia-estima-concluir-limpeza-de-area-ate-o-inicio-de-fevereiro\\\/#article\",\"isPartOf\":{\"@id\":\"https:\\\/\\\/folhapopular.info\\\/index.php\\\/2023\\\/01\\\/23\\\/empresa-terceirizada-pela-prefeitura-de-teutonia-estima-concluir-limpeza-de-area-ate-o-inicio-de-fevereiro\\\/\"},\"author\":{\"name\":\"Camille Lenz da Silva\",\"@id\":\"https:\\\/\\\/folhapopular.info\\\/#\\\/schema\\\/person\\\/f0b811f932ef2505faf473ffaef49df5\"},\"headline\":\"Empresa terceirizada pela Prefeitura de Teut\u00f4nia estima concluir limpeza de \u00e1rea at\u00e9 o in\u00edcio de fevereiro\",\"datePublished\":\"2023-01-23T18:13:12+00:00\",\"dateModified\":\"2023-01-23T18:35:47+00:00\",\"mainEntityOfPage\":{\"@id\":\"https:\\\/\\\/folhapopular.info\\\/index.php\\\/2023\\\/01\\\/23\\\/empresa-terceirizada-pela-prefeitura-de-teutonia-estima-concluir-limpeza-de-area-ate-o-inicio-de-fevereiro\\\/\"},\"wordCount\":201,\"commentCount\":0,\"image\":{\"@id\":\"https:\\\/\\\/folhapopular.info\\\/index.php\\\/2023\\\/01\\\/23\\\/empresa-terceirizada-pela-prefeitura-de-teutonia-estima-concluir-limpeza-de-area-ate-o-inicio-de-fevereiro\\\/#primaryimage\"},\"thumbnailUrl\":\"https:\\\/\\\/folhapopular.info\\\/wp-content\\\/uploads\\\/2023\\\/01\\\/IMG_9773.jpeg\",\"keywords\":[\"Den\u00fancia\",\"Descarte de Lixo\",\"Meio Ambiente\",\"Minist\u00e9rio P\u00fablico\"],\"articleSection\":[\"Destaques\",\"Geral\"],\"inLanguage\":\"pt-BR\",\"potentialAction\":[{\"@type\":\"CommentAction\",\"name\":\"Comment\",\"target\":[\"https:\\\/\\\/folhapopular.info\\\/index.php\\\/2023\\\/01\\\/23\\\/empresa-terceirizada-pela-prefeitura-de-teutonia-estima-concluir-limpeza-de-area-ate-o-inicio-de-fevereiro\\\/#respond\"]}]},{\"@type\":\"WebPage\",\"@id\":\"https:\\\/\\\/folhapopular.info\\\/index.php\\\/2023\\\/01\\\/23\\\/empresa-terceirizada-pela-prefeitura-de-teutonia-estima-concluir-limpeza-de-area-ate-o-inicio-de-fevereiro\\\/\",\"url\":\"https:\\\/\\\/folhapopular.info\\\/index.php\\\/2023\\\/01\\\/23\\\/empresa-terceirizada-pela-prefeitura-de-teutonia-estima-concluir-limpeza-de-area-ate-o-inicio-de-fevereiro\\\/\",\"name\":\"Empresa terceirizada pela Prefeitura de Teut\u00f4nia estima concluir limpeza de \u00e1rea at\u00e9 o in\u00edcio de fevereiro - Folha Popular\",\"isPartOf\":{\"@id\":\"https:\\\/\\\/folhapopular.info\\\/#website\"},\"primaryImageOfPage\":{\"@id\":\"https:\\\/\\\/folhapopular.info\\\/index.php\\\/2023\\\/01\\\/23\\\/empresa-terceirizada-pela-prefeitura-de-teutonia-estima-concluir-limpeza-de-area-ate-o-inicio-de-fevereiro\\\/#primaryimage\"},\"image\":{\"@id\":\"https:\\\/\\\/folhapopular.info\\\/index.php\\\/2023\\\/01\\\/23\\\/empresa-terceirizada-pela-prefeitura-de-teutonia-estima-concluir-limpeza-de-area-ate-o-inicio-de-fevereiro\\\/#primaryimage\"},\"thumbnailUrl\":\"https:\\\/\\\/folhapopular.info\\\/wp-content\\\/uploads\\\/2023\\\/01\\\/IMG_9773.jpeg\",\"datePublished\":\"2023-01-23T18:13:12+00:00\",\"dateModified\":\"2023-01-23T18:35:47+00:00\",\"author\":{\"@id\":\"https:\\\/\\\/folhapopular.info\\\/#\\\/schema\\\/person\\\/f0b811f932ef2505faf473ffaef49df5\"},\"description\":\"Den\u00fancia an\u00f4nima havia sido registrada ainda em dezembro de 2022 no Minist\u00e9rio P\u00fablico, que pediu provid\u00eancias.\",\"breadcrumb\":{\"@id\":\"https:\\\/\\\/folhapopular.info\\\/index.php\\\/2023\\\/01\\\/23\\\/empresa-terceirizada-pela-prefeitura-de-teutonia-estima-concluir-limpeza-de-area-ate-o-inicio-de-fevereiro\\\/#breadcrumb\"},\"inLanguage\":\"pt-BR\",\"potentialAction\":[{\"@type\":\"ReadAction\",\"target\":[\"https:\\\/\\\/folhapopular.info\\\/index.php\\\/2023\\\/01\\\/23\\\/empresa-terceirizada-pela-prefeitura-de-teutonia-estima-concluir-limpeza-de-area-ate-o-inicio-de-fevereiro\\\/\"]}]},{\"@type\":\"ImageObject\",\"inLanguage\":\"pt-BR\",\"@id\":\"https:\\\/\\\/folhapopular.info\\\/index.php\\\/2023\\\/01\\\/23\\\/empresa-terceirizada-pela-prefeitura-de-teutonia-estima-concluir-limpeza-de-area-ate-o-inicio-de-fevereiro\\\/#primaryimage\",\"url\":\"https:\\\/\\\/folhapopular.info\\\/wp-content\\\/uploads\\\/2023\\\/01\\\/IMG_9773.jpeg\",\"contentUrl\":\"https:\\\/\\\/folhapopular.info\\\/wp-content\\\/uploads\\\/2023\\\/01\\\/IMG_9773.jpeg\",\"width\":2048,\"height\":1536,\"caption\":\"Den\u00fancia an\u00f4nima havia sido registrada no Minist\u00e9rio P\u00fablico ainda em dezembro. Cr\u00e9ditos: Camille Lenz da Silva\"},{\"@type\":\"BreadcrumbList\",\"@id\":\"https:\\\/\\\/folhapopular.info\\\/index.php\\\/2023\\\/01\\\/23\\\/empresa-terceirizada-pela-prefeitura-de-teutonia-estima-concluir-limpeza-de-area-ate-o-inicio-de-fevereiro\\\/#breadcrumb\",\"itemListElement\":[{\"@type\":\"ListItem\",\"position\":1,\"name\":\"In\u00edcio\",\"item\":\"https:\\\/\\\/folhapopular.info\\\/\"},{\"@type\":\"ListItem\",\"position\":2,\"name\":\"Empresa terceirizada pela Prefeitura de Teut\u00f4nia estima concluir limpeza de \u00e1rea at\u00e9 o in\u00edcio de fevereiro\"}]},{\"@type\":\"WebSite\",\"@id\":\"https:\\\/\\\/folhapopular.info\\\/#website\",\"url\":\"https:\\\/\\\/folhapopular.info\\\/\",\"name\":\"Folha Popular\",\"description\":\"Onde voc\u00ea tem vez e voz\",\"potentialAction\":[{\"@type\":\"SearchAction\",\"target\":{\"@type\":\"EntryPoint\",\"urlTemplate\":\"https:\\\/\\\/folhapopular.info\\\/?s={search_term_string}\"},\"query-input\":{\"@type\":\"PropertyValueSpecification\",\"valueRequired\":true,\"valueName\":\"search_term_string\"}}],\"inLanguage\":\"pt-BR\"},{\"@type\":\"Person\",\"@id\":\"https:\\\/\\\/folhapopular.info\\\/#\\\/schema\\\/person\\\/f0b811f932ef2505faf473ffaef49df5\",\"name\":\"Camille Lenz da Silva\",\"image\":{\"@type\":\"ImageObject\",\"inLanguage\":\"pt-BR\",\"@id\":\"https:\\\/\\\/secure.gravatar.com\\\/avatar\\\/50be826d73ca259ec0e0a88a407f5de800c576c46cfdc57e50ef28551e216fff?s=96&d=mm&r=g\",\"url\":\"https:\\\/\\\/secure.gravatar.com\\\/avatar\\\/50be826d73ca259ec0e0a88a407f5de800c576c46cfdc57e50ef28551e216fff?s=96&d=mm&r=g\",\"contentUrl\":\"https:\\\/\\\/secure.gravatar.com\\\/avatar\\\/50be826d73ca259ec0e0a88a407f5de800c576c46cfdc57e50ef28551e216fff?s=96&d=mm&r=g\",\"caption\":\"Camille Lenz da Silva\"},\"url\":\"https:\\\/\\\/folhapopular.info\\\/index.php\\\/author\\\/camillelenzgmail-com\\\/\"}]}<\/script>\n<!-- \/ Yoast SEO plugin. -->","yoast_head_json":{"title":"Empresa terceirizada pela Prefeitura de Teut\u00f4nia estima concluir limpeza de \u00e1rea at\u00e9 o in\u00edcio de fevereiro - Folha Popular","description":"Den\u00fancia an\u00f4nima havia sido registrada ainda em dezembro de 2022 no Minist\u00e9rio P\u00fablico, que pediu provid\u00eancias.","robots":{"index":"index","follow":"follow","max-snippet":"max-snippet:-1","max-image-preview":"max-image-preview:large","max-video-preview":"max-video-preview:-1"},"canonical":"https:\/\/folhapopular.info\/index.php\/2023\/01\/23\/empresa-terceirizada-pela-prefeitura-de-teutonia-estima-concluir-limpeza-de-area-ate-o-inicio-de-fevereiro\/","og_locale":"pt_BR","og_type":"article","og_title":"Empresa terceirizada pela Prefeitura de Teut\u00f4nia estima concluir limpeza de \u00e1rea at\u00e9 o in\u00edcio de fevereiro - Folha Popular","og_description":"Den\u00fancia an\u00f4nima havia sido registrada ainda em dezembro de 2022 no Minist\u00e9rio P\u00fablico, que pediu provid\u00eancias.","og_url":"https:\/\/folhapopular.info\/index.php\/2023\/01\/23\/empresa-terceirizada-pela-prefeitura-de-teutonia-estima-concluir-limpeza-de-area-ate-o-inicio-de-fevereiro\/","og_site_name":"Folha Popular","article_published_time":"2023-01-23T18:13:12+00:00","article_modified_time":"2023-01-23T18:35:47+00:00","og_image":[{"width":2048,"height":1536,"url":"http:\/\/folhapopular.info\/wp-content\/uploads\/2023\/01\/IMG_9773.jpeg","type":"image\/jpeg"}],"author":"Camille Lenz da Silva","twitter_card":"summary_large_image","twitter_misc":{"Escrito por":"Camille Lenz da Silva","Est. tempo de leitura":"1 minuto"},"schema":{"@context":"https:\/\/schema.org","@graph":[{"@type":"Article","@id":"https:\/\/folhapopular.info\/index.php\/2023\/01\/23\/empresa-terceirizada-pela-prefeitura-de-teutonia-estima-concluir-limpeza-de-area-ate-o-inicio-de-fevereiro\/#article","isPartOf":{"@id":"https:\/\/folhapopular.info\/index.php\/2023\/01\/23\/empresa-terceirizada-pela-prefeitura-de-teutonia-estima-concluir-limpeza-de-area-ate-o-inicio-de-fevereiro\/"},"author":{"name":"Camille Lenz da Silva","@id":"https:\/\/folhapopular.info\/#\/schema\/person\/f0b811f932ef2505faf473ffaef49df5"},"headline":"Empresa terceirizada pela Prefeitura de Teut\u00f4nia estima concluir limpeza de \u00e1rea at\u00e9 o in\u00edcio de fevereiro","datePublished":"2023-01-23T18:13:12+00:00","dateModified":"2023-01-23T18:35:47+00:00","mainEntityOfPage":{"@id":"https:\/\/folhapopular.info\/index.php\/2023\/01\/23\/empresa-terceirizada-pela-prefeitura-de-teutonia-estima-concluir-limpeza-de-area-ate-o-inicio-de-fevereiro\/"},"wordCount":201,"commentCount":0,"image":{"@id":"https:\/\/folhapopular.info\/index.php\/2023\/01\/23\/empresa-terceirizada-pela-prefeitura-de-teutonia-estima-concluir-limpeza-de-area-ate-o-inicio-de-fevereiro\/#primaryimage"},"thumbnailUrl":"https:\/\/folhapopular.info\/wp-content\/uploads\/2023\/01\/IMG_9773.jpeg","keywords":["Den\u00fancia","Descarte de Lixo","Meio Ambiente","Minist\u00e9rio P\u00fablico"],"articleSection":["Destaques","Geral"],"inLanguage":"pt-BR","potentialAction":[{"@type":"CommentAction","name":"Comment","target":["https:\/\/folhapopular.info\/index.php\/2023\/01\/23\/empresa-terceirizada-pela-prefeitura-de-teutonia-estima-concluir-limpeza-de-area-ate-o-inicio-de-fevereiro\/#respond"]}]},{"@type":"WebPage","@id":"https:\/\/folhapopular.info\/index.php\/2023\/01\/23\/empresa-terceirizada-pela-prefeitura-de-teutonia-estima-concluir-limpeza-de-area-ate-o-inicio-de-fevereiro\/","url":"https:\/\/folhapopular.info\/index.php\/2023\/01\/23\/empresa-terceirizada-pela-prefeitura-de-teutonia-estima-concluir-limpeza-de-area-ate-o-inicio-de-fevereiro\/","name":"Empresa terceirizada pela Prefeitura de Teut\u00f4nia estima concluir limpeza de \u00e1rea at\u00e9 o in\u00edcio de fevereiro - Folha Popular","isPartOf":{"@id":"https:\/\/folhapopular.info\/#website"},"primaryImageOfPage":{"@id":"https:\/\/folhapopular.info\/index.php\/2023\/01\/23\/empresa-terceirizada-pela-prefeitura-de-teutonia-estima-concluir-limpeza-de-area-ate-o-inicio-de-fevereiro\/#primaryimage"},"image":{"@id":"https:\/\/folhapopular.info\/index.php\/2023\/01\/23\/empresa-terceirizada-pela-prefeitura-de-teutonia-estima-concluir-limpeza-de-area-ate-o-inicio-de-fevereiro\/#primaryimage"},"thumbnailUrl":"https:\/\/folhapopular.info\/wp-content\/uploads\/2023\/01\/IMG_9773.jpeg","datePublished":"2023-01-23T18:13:12+00:00","dateModified":"2023-01-23T18:35:47+00:00","author":{"@id":"https:\/\/folhapopular.info\/#\/schema\/person\/f0b811f932ef2505faf473ffaef49df5"},"description":"Den\u00fancia an\u00f4nima havia sido registrada ainda em dezembro de 2022 no Minist\u00e9rio P\u00fablico, que pediu provid\u00eancias.","breadcrumb":{"@id":"https:\/\/folhapopular.info\/index.php\/2023\/01\/23\/empresa-terceirizada-pela-prefeitura-de-teutonia-estima-concluir-limpeza-de-area-ate-o-inicio-de-fevereiro\/#breadcrumb"},"inLanguage":"pt-BR","potentialAction":[{"@type":"ReadAction","target":["https:\/\/folhapopular.info\/index.php\/2023\/01\/23\/empresa-terceirizada-pela-prefeitura-de-teutonia-estima-concluir-limpeza-de-area-ate-o-inicio-de-fevereiro\/"]}]},{"@type":"ImageObject","inLanguage":"pt-BR","@id":"https:\/\/folhapopular.info\/index.php\/2023\/01\/23\/empresa-terceirizada-pela-prefeitura-de-teutonia-estima-concluir-limpeza-de-area-ate-o-inicio-de-fevereiro\/#primaryimage","url":"https:\/\/folhapopular.info\/wp-content\/uploads\/2023\/01\/IMG_9773.jpeg","contentUrl":"https:\/\/folhapopular.info\/wp-content\/uploads\/2023\/01\/IMG_9773.jpeg","width":2048,"height":1536,"caption":"Den\u00fancia an\u00f4nima havia sido registrada no Minist\u00e9rio P\u00fablico ainda em dezembro. Cr\u00e9ditos: Camille Lenz da Silva"},{"@type":"BreadcrumbList","@id":"https:\/\/folhapopular.info\/index.php\/2023\/01\/23\/empresa-terceirizada-pela-prefeitura-de-teutonia-estima-concluir-limpeza-de-area-ate-o-inicio-de-fevereiro\/#breadcrumb","itemListElement":[{"@type":"ListItem","position":1,"name":"In\u00edcio","item":"https:\/\/folhapopular.info\/"},{"@type":"ListItem","position":2,"name":"Empresa terceirizada pela Prefeitura de Teut\u00f4nia estima concluir limpeza de \u00e1rea at\u00e9 o in\u00edcio de fevereiro"}]},{"@type":"WebSite","@id":"https:\/\/folhapopular.info\/#website","url":"https:\/\/folhapopular.info\/","name":"Folha Popular","description":"Onde voc\u00ea tem vez e voz","potentialAction":[{"@type":"SearchAction","target":{"@type":"EntryPoint","urlTemplate":"https:\/\/folhapopular.info\/?s={search_term_string}"},"query-input":{"@type":"PropertyValueSpecification","valueRequired":true,"valueName":"search_term_string"}}],"inLanguage":"pt-BR"},{"@type":"Person","@id":"https:\/\/folhapopular.info\/#\/schema\/person\/f0b811f932ef2505faf473ffaef49df5","name":"Camille Lenz da Silva","image":{"@type":"ImageObject","inLanguage":"pt-BR","@id":"https:\/\/secure.gravatar.com\/avatar\/50be826d73ca259ec0e0a88a407f5de800c576c46cfdc57e50ef28551e216fff?s=96&d=mm&r=g","url":"https:\/\/secure.gravatar.com\/avatar\/50be826d73ca259ec0e0a88a407f5de800c576c46cfdc57e50ef28551e216fff?s=96&d=mm&r=g","contentUrl":"https:\/\/secure.gravatar.com\/avatar\/50be826d73ca259ec0e0a88a407f5de800c576c46cfdc57e50ef28551e216fff?s=96&d=mm&r=g","caption":"Camille Lenz da Silva"},"url":"https:\/\/folhapopular.info\/index.php\/author\/camillelenzgmail-com\/"}]}},"jetpack_featured_media_url":"https:\/\/folhapopular.info\/wp-content\/uploads\/2023\/01\/IMG_9773.jpeg","jetpack_sharing_enabled":true,"amp_enabled":true,"_links":{"self":[{"href":"https:\/\/folhapopular.info\/index.php\/wp-json\/wp\/v2\/posts\/119724","targetHints":{"allow":["GET"]}}],"collection":[{"href":"https:\/\/folhapopular.info\/index.php\/wp-json\/wp\/v2\/posts"}],"about":[{"href":"https:\/\/folhapopular.info\/index.php\/wp-json\/wp\/v2\/types\/post"}],"author":[{"embeddable":true,"href":"https:\/\/folhapopular.info\/index.php\/wp-json\/wp\/v2\/users\/639"}],"replies":[{"embeddable":true,"href":"https:\/\/folhapopular.info\/index.php\/wp-json\/wp\/v2\/comments?post=119724"}],"version-history":[{"count":0,"href":"https:\/\/folhapopular.info\/index.php\/wp-json\/wp\/v2\/posts\/119724\/revisions"}],"wp:featuredmedia":[{"embeddable":true,"href":"https:\/\/folhapopular.info\/index.php\/wp-json\/wp\/v2\/media\/119737"}],"wp:attachment":[{"href":"https:\/\/folhapopular.info\/index.php\/wp-json\/wp\/v2\/media?parent=119724"}],"wp:term":[{"taxonomy":"category","embeddable":true,"href":"https:\/\/folhapopular.info\/index.php\/wp-json\/wp\/v2\/categories?post=119724"},{"taxonomy":"post_tag","embeddable":true,"href":"https:\/\/folhapopular.info\/index.php\/wp-json\/wp\/v2\/tags?post=119724"}],"curies":[{"name":"wp","href":"https:\/\/api.w.org\/{rel}","templated":true}]}}