{"id":120277,"date":"2023-01-31T15:15:51","date_gmt":"2023-01-31T18:15:51","guid":{"rendered":"https:\/\/folhapopular.info\/?p=120277"},"modified":"2023-01-31T15:18:20","modified_gmt":"2023-01-31T18:18:20","slug":"emef-leopoldo-klepker-do-bairro-alesgut-recebe-obra-de-melhoria","status":"publish","type":"post","link":"https:\/\/folhapopular.info\/index.php\/2023\/01\/31\/emef-leopoldo-klepker-do-bairro-alesgut-recebe-obra-de-melhoria\/","title":{"rendered":"EMEF Leopoldo Klepker, do Bairro Alesgut, recebe obra de melhoria"},"content":{"rendered":"\n<p>Iniciaram nesta ter\u00e7a-feira (31\/1) obras de repara\u00e7\u00e3o no p\u00e1tio da EMEF Professor Leopoldo Klepker. O servi\u00e7o \u00e9 de drenagem do terreno. O objetivo \u00e9 evitar os alagamentos eventuais que aconteciam em per\u00edodos de chuva.<\/p>\n\n\n\n<p>Ap\u00f3s o trabalho, o local receber\u00e1 blocos intertravados de concreto (PAVS) para ampliar o espa\u00e7o de conviv\u00eancia dos alunos. A obra ser\u00e1 executada em parceria entre o Munic\u00edpio de Teut\u00f4nia com o C\u00edrculo de Pais e Mestres (CPM).<\/p>\n\n\n\n<p>A Administra\u00e7\u00e3o de Teut\u00f4nia parabeniza o movimento das fam\u00edlias para apressar a execu\u00e7\u00e3o da obra no local. A secret\u00e1ria de Educa\u00e7\u00e3o, Fabiana Lampert, destaca a relev\u00e2ncia da atua\u00e7\u00e3o do CPM, que contribui com recomenda\u00e7\u00f5es, ideias para melhorar a infraestrutura e se disp\u00f5e a auxiliar com m\u00e3o de obra, al\u00e9m de outros investimentos que beneficiam os estudantes.<\/p>\n\n\n\n<p>&#8220;\u00c9 importante fortalecer cada vez mais o trabalho conjunto e o envolvimento das comunidades. Este \u00e9 apenas um dos exemplos, temos outras escolas que tamb\u00e9m possuem diretorias de CPM bem atuantes&#8221;, pontua.<\/p>\n","protected":false},"excerpt":{"rendered":"<p>Iniciaram nesta ter\u00e7a-feira (31\/1) obras de repara\u00e7\u00e3o no p\u00e1tio da EMEF Professor Leopoldo Klepker. O servi\u00e7o \u00e9 de drenagem do terreno. O objetivo \u00e9 evitar os alagamentos eventuais que aconteciam em per\u00edodos de chuva. Ap\u00f3s o trabalho, o local receber\u00e1 blocos intertravados de concreto (PAVS) para ampliar o espa\u00e7o de conviv\u00eancia dos alunos. A obra [&hellip;]<\/p>\n","protected":false},"author":8,"featured_media":120275,"comment_status":"open","ping_status":"open","sticky":false,"template":"","format":"standard","meta":{"pmpro_default_level":"","_jetpack_memberships_contains_paid_content":false,"footnotes":""},"categories":[2,3],"tags":[1176,700,32,26],"class_list":{"0":"post-120277","1":"post","2":"type-post","3":"status-publish","4":"format-standard","5":"has-post-thumbnail","7":"category-featured","8":"category-geral","9":"tag-bairro-alesgut","10":"tag-emef-leopoldo-klepker","11":"tag-obras","12":"tag-teutonia","13":"pmpro-has-access"},"yoast_head":"<!-- This site is optimized with the Yoast SEO plugin v27.5 - https:\/\/yoast.com\/product\/yoast-seo-wordpress\/ -->\n<title>EMEF Leopoldo Klepker, do Bairro Alesgut, recebe obra de melhoria - Folha Popular<\/title>\n<meta name=\"robots\" content=\"index, follow, max-snippet:-1, max-image-preview:large, max-video-preview:-1\" \/>\n<link rel=\"canonical\" href=\"https:\/\/folhapopular.info\/index.php\/2023\/01\/31\/emef-leopoldo-klepker-do-bairro-alesgut-recebe-obra-de-melhoria\/\" \/>\n<meta property=\"og:locale\" content=\"pt_BR\" \/>\n<meta property=\"og:type\" content=\"article\" \/>\n<meta property=\"og:title\" content=\"EMEF Leopoldo Klepker, do Bairro Alesgut, recebe obra de melhoria - Folha Popular\" \/>\n<meta property=\"og:description\" content=\"Iniciaram nesta ter\u00e7a-feira (31\/1) obras de repara\u00e7\u00e3o no p\u00e1tio da EMEF Professor Leopoldo Klepker. O servi\u00e7o \u00e9 de drenagem do terreno. O objetivo \u00e9 evitar os alagamentos eventuais que aconteciam em per\u00edodos de chuva. Ap\u00f3s o trabalho, o local receber\u00e1 blocos intertravados de concreto (PAVS) para ampliar o espa\u00e7o de conviv\u00eancia dos alunos. A obra [&hellip;]\" \/>\n<meta property=\"og:url\" content=\"https:\/\/folhapopular.info\/index.php\/2023\/01\/31\/emef-leopoldo-klepker-do-bairro-alesgut-recebe-obra-de-melhoria\/\" \/>\n<meta property=\"og:site_name\" content=\"Folha Popular\" \/>\n<meta property=\"article:published_time\" content=\"2023-01-31T18:15:51+00:00\" \/>\n<meta property=\"article:modified_time\" content=\"2023-01-31T18:18:20+00:00\" \/>\n<meta property=\"og:image\" content=\"http:\/\/folhapopular.info\/wp-content\/uploads\/2023\/01\/WhatsApp-Image-2023-01-31-at-15.10.15.jpeg\" \/>\n\t<meta property=\"og:image:width\" content=\"1024\" \/>\n\t<meta property=\"og:image:height\" content=\"683\" \/>\n\t<meta property=\"og:image:type\" content=\"image\/jpeg\" \/>\n<meta name=\"author\" content=\"Reda\u00e7\u00e3o Folha Popular\" \/>\n<meta name=\"twitter:card\" content=\"summary_large_image\" \/>\n<meta name=\"twitter:label1\" content=\"Escrito por\" \/>\n\t<meta name=\"twitter:data1\" content=\"Reda\u00e7\u00e3o Folha Popular\" \/>\n\t<meta name=\"twitter:label2\" content=\"Est. tempo de leitura\" \/>\n\t<meta name=\"twitter:data2\" content=\"1 minuto\" \/>\n<script type=\"application\/ld+json\" class=\"yoast-schema-graph\">{\"@context\":\"https:\\\/\\\/schema.org\",\"@graph\":[{\"@type\":\"Article\",\"@id\":\"https:\\\/\\\/folhapopular.info\\\/index.php\\\/2023\\\/01\\\/31\\\/emef-leopoldo-klepker-do-bairro-alesgut-recebe-obra-de-melhoria\\\/#article\",\"isPartOf\":{\"@id\":\"https:\\\/\\\/folhapopular.info\\\/index.php\\\/2023\\\/01\\\/31\\\/emef-leopoldo-klepker-do-bairro-alesgut-recebe-obra-de-melhoria\\\/\"},\"author\":{\"name\":\"Reda\u00e7\u00e3o Folha Popular\",\"@id\":\"https:\\\/\\\/folhapopular.info\\\/#\\\/schema\\\/person\\\/2814e8a0df7643585a9ca38bc6eb9d4b\"},\"headline\":\"EMEF Leopoldo Klepker, do Bairro Alesgut, recebe obra de melhoria\",\"datePublished\":\"2023-01-31T18:15:51+00:00\",\"dateModified\":\"2023-01-31T18:18:20+00:00\",\"mainEntityOfPage\":{\"@id\":\"https:\\\/\\\/folhapopular.info\\\/index.php\\\/2023\\\/01\\\/31\\\/emef-leopoldo-klepker-do-bairro-alesgut-recebe-obra-de-melhoria\\\/\"},\"wordCount\":189,\"commentCount\":0,\"image\":{\"@id\":\"https:\\\/\\\/folhapopular.info\\\/index.php\\\/2023\\\/01\\\/31\\\/emef-leopoldo-klepker-do-bairro-alesgut-recebe-obra-de-melhoria\\\/#primaryimage\"},\"thumbnailUrl\":\"https:\\\/\\\/folhapopular.info\\\/wp-content\\\/uploads\\\/2023\\\/01\\\/WhatsApp-Image-2023-01-31-at-15.10.15.jpeg\",\"keywords\":[\"Bairro Alesgut\",\"EMEF Leopoldo Klepker\",\"Obras\",\"Teut\u00f4nia\"],\"articleSection\":[\"Destaques\",\"Geral\"],\"inLanguage\":\"pt-BR\",\"potentialAction\":[{\"@type\":\"CommentAction\",\"name\":\"Comment\",\"target\":[\"https:\\\/\\\/folhapopular.info\\\/index.php\\\/2023\\\/01\\\/31\\\/emef-leopoldo-klepker-do-bairro-alesgut-recebe-obra-de-melhoria\\\/#respond\"]}]},{\"@type\":\"WebPage\",\"@id\":\"https:\\\/\\\/folhapopular.info\\\/index.php\\\/2023\\\/01\\\/31\\\/emef-leopoldo-klepker-do-bairro-alesgut-recebe-obra-de-melhoria\\\/\",\"url\":\"https:\\\/\\\/folhapopular.info\\\/index.php\\\/2023\\\/01\\\/31\\\/emef-leopoldo-klepker-do-bairro-alesgut-recebe-obra-de-melhoria\\\/\",\"name\":\"EMEF Leopoldo Klepker, do Bairro Alesgut, recebe obra de melhoria - Folha Popular\",\"isPartOf\":{\"@id\":\"https:\\\/\\\/folhapopular.info\\\/#website\"},\"primaryImageOfPage\":{\"@id\":\"https:\\\/\\\/folhapopular.info\\\/index.php\\\/2023\\\/01\\\/31\\\/emef-leopoldo-klepker-do-bairro-alesgut-recebe-obra-de-melhoria\\\/#primaryimage\"},\"image\":{\"@id\":\"https:\\\/\\\/folhapopular.info\\\/index.php\\\/2023\\\/01\\\/31\\\/emef-leopoldo-klepker-do-bairro-alesgut-recebe-obra-de-melhoria\\\/#primaryimage\"},\"thumbnailUrl\":\"https:\\\/\\\/folhapopular.info\\\/wp-content\\\/uploads\\\/2023\\\/01\\\/WhatsApp-Image-2023-01-31-at-15.10.15.jpeg\",\"datePublished\":\"2023-01-31T18:15:51+00:00\",\"dateModified\":\"2023-01-31T18:18:20+00:00\",\"author\":{\"@id\":\"https:\\\/\\\/folhapopular.info\\\/#\\\/schema\\\/person\\\/2814e8a0df7643585a9ca38bc6eb9d4b\"},\"breadcrumb\":{\"@id\":\"https:\\\/\\\/folhapopular.info\\\/index.php\\\/2023\\\/01\\\/31\\\/emef-leopoldo-klepker-do-bairro-alesgut-recebe-obra-de-melhoria\\\/#breadcrumb\"},\"inLanguage\":\"pt-BR\",\"potentialAction\":[{\"@type\":\"ReadAction\",\"target\":[\"https:\\\/\\\/folhapopular.info\\\/index.php\\\/2023\\\/01\\\/31\\\/emef-leopoldo-klepker-do-bairro-alesgut-recebe-obra-de-melhoria\\\/\"]}]},{\"@type\":\"ImageObject\",\"inLanguage\":\"pt-BR\",\"@id\":\"https:\\\/\\\/folhapopular.info\\\/index.php\\\/2023\\\/01\\\/31\\\/emef-leopoldo-klepker-do-bairro-alesgut-recebe-obra-de-melhoria\\\/#primaryimage\",\"url\":\"https:\\\/\\\/folhapopular.info\\\/wp-content\\\/uploads\\\/2023\\\/01\\\/WhatsApp-Image-2023-01-31-at-15.10.15.jpeg\",\"contentUrl\":\"https:\\\/\\\/folhapopular.info\\\/wp-content\\\/uploads\\\/2023\\\/01\\\/WhatsApp-Image-2023-01-31-at-15.10.15.jpeg\",\"width\":1024,\"height\":683,\"caption\":\"A obra ser\u00e1 executada em parceria entre o Munic\u00edpio de Teut\u00f4nia com o C\u00edrculo de Pais e Mestres (CPM) \\\/ Cr\u00e9dito: Nicolas Mallmann \\\/ Divulga\u00e7\u00e3o\"},{\"@type\":\"BreadcrumbList\",\"@id\":\"https:\\\/\\\/folhapopular.info\\\/index.php\\\/2023\\\/01\\\/31\\\/emef-leopoldo-klepker-do-bairro-alesgut-recebe-obra-de-melhoria\\\/#breadcrumb\",\"itemListElement\":[{\"@type\":\"ListItem\",\"position\":1,\"name\":\"In\u00edcio\",\"item\":\"https:\\\/\\\/folhapopular.info\\\/\"},{\"@type\":\"ListItem\",\"position\":2,\"name\":\"EMEF Leopoldo Klepker, do Bairro Alesgut, recebe obra de melhoria\"}]},{\"@type\":\"WebSite\",\"@id\":\"https:\\\/\\\/folhapopular.info\\\/#website\",\"url\":\"https:\\\/\\\/folhapopular.info\\\/\",\"name\":\"Folha Popular\",\"description\":\"Onde voc\u00ea tem vez e voz\",\"potentialAction\":[{\"@type\":\"SearchAction\",\"target\":{\"@type\":\"EntryPoint\",\"urlTemplate\":\"https:\\\/\\\/folhapopular.info\\\/?s={search_term_string}\"},\"query-input\":{\"@type\":\"PropertyValueSpecification\",\"valueRequired\":true,\"valueName\":\"search_term_string\"}}],\"inLanguage\":\"pt-BR\"},{\"@type\":\"Person\",\"@id\":\"https:\\\/\\\/folhapopular.info\\\/#\\\/schema\\\/person\\\/2814e8a0df7643585a9ca38bc6eb9d4b\",\"name\":\"Reda\u00e7\u00e3o Folha Popular\",\"image\":{\"@type\":\"ImageObject\",\"inLanguage\":\"pt-BR\",\"@id\":\"https:\\\/\\\/folhapopular.info\\\/wp-content\\\/uploads\\\/2026\\\/04\\\/Folha-1.webp\",\"url\":\"https:\\\/\\\/folhapopular.info\\\/wp-content\\\/uploads\\\/2026\\\/04\\\/Folha-1.webp\",\"contentUrl\":\"https:\\\/\\\/folhapopular.info\\\/wp-content\\\/uploads\\\/2026\\\/04\\\/Folha-1.webp\",\"caption\":\"Reda\u00e7\u00e3o Folha Popular\"},\"url\":\"https:\\\/\\\/folhapopular.info\\\/index.php\\\/author\\\/redacao\\\/\"}]}<\/script>\n<!-- \/ Yoast SEO plugin. -->","yoast_head_json":{"title":"EMEF Leopoldo Klepker, do Bairro Alesgut, recebe obra de melhoria - Folha Popular","robots":{"index":"index","follow":"follow","max-snippet":"max-snippet:-1","max-image-preview":"max-image-preview:large","max-video-preview":"max-video-preview:-1"},"canonical":"https:\/\/folhapopular.info\/index.php\/2023\/01\/31\/emef-leopoldo-klepker-do-bairro-alesgut-recebe-obra-de-melhoria\/","og_locale":"pt_BR","og_type":"article","og_title":"EMEF Leopoldo Klepker, do Bairro Alesgut, recebe obra de melhoria - Folha Popular","og_description":"Iniciaram nesta ter\u00e7a-feira (31\/1) obras de repara\u00e7\u00e3o no p\u00e1tio da EMEF Professor Leopoldo Klepker. O servi\u00e7o \u00e9 de drenagem do terreno. O objetivo \u00e9 evitar os alagamentos eventuais que aconteciam em per\u00edodos de chuva. Ap\u00f3s o trabalho, o local receber\u00e1 blocos intertravados de concreto (PAVS) para ampliar o espa\u00e7o de conviv\u00eancia dos alunos. A obra [&hellip;]","og_url":"https:\/\/folhapopular.info\/index.php\/2023\/01\/31\/emef-leopoldo-klepker-do-bairro-alesgut-recebe-obra-de-melhoria\/","og_site_name":"Folha Popular","article_published_time":"2023-01-31T18:15:51+00:00","article_modified_time":"2023-01-31T18:18:20+00:00","og_image":[{"width":1024,"height":683,"url":"http:\/\/folhapopular.info\/wp-content\/uploads\/2023\/01\/WhatsApp-Image-2023-01-31-at-15.10.15.jpeg","type":"image\/jpeg"}],"author":"Reda\u00e7\u00e3o Folha Popular","twitter_card":"summary_large_image","twitter_misc":{"Escrito por":"Reda\u00e7\u00e3o Folha Popular","Est. tempo de leitura":"1 minuto"},"schema":{"@context":"https:\/\/schema.org","@graph":[{"@type":"Article","@id":"https:\/\/folhapopular.info\/index.php\/2023\/01\/31\/emef-leopoldo-klepker-do-bairro-alesgut-recebe-obra-de-melhoria\/#article","isPartOf":{"@id":"https:\/\/folhapopular.info\/index.php\/2023\/01\/31\/emef-leopoldo-klepker-do-bairro-alesgut-recebe-obra-de-melhoria\/"},"author":{"name":"Reda\u00e7\u00e3o Folha Popular","@id":"https:\/\/folhapopular.info\/#\/schema\/person\/2814e8a0df7643585a9ca38bc6eb9d4b"},"headline":"EMEF Leopoldo Klepker, do Bairro Alesgut, recebe obra de melhoria","datePublished":"2023-01-31T18:15:51+00:00","dateModified":"2023-01-31T18:18:20+00:00","mainEntityOfPage":{"@id":"https:\/\/folhapopular.info\/index.php\/2023\/01\/31\/emef-leopoldo-klepker-do-bairro-alesgut-recebe-obra-de-melhoria\/"},"wordCount":189,"commentCount":0,"image":{"@id":"https:\/\/folhapopular.info\/index.php\/2023\/01\/31\/emef-leopoldo-klepker-do-bairro-alesgut-recebe-obra-de-melhoria\/#primaryimage"},"thumbnailUrl":"https:\/\/folhapopular.info\/wp-content\/uploads\/2023\/01\/WhatsApp-Image-2023-01-31-at-15.10.15.jpeg","keywords":["Bairro Alesgut","EMEF Leopoldo Klepker","Obras","Teut\u00f4nia"],"articleSection":["Destaques","Geral"],"inLanguage":"pt-BR","potentialAction":[{"@type":"CommentAction","name":"Comment","target":["https:\/\/folhapopular.info\/index.php\/2023\/01\/31\/emef-leopoldo-klepker-do-bairro-alesgut-recebe-obra-de-melhoria\/#respond"]}]},{"@type":"WebPage","@id":"https:\/\/folhapopular.info\/index.php\/2023\/01\/31\/emef-leopoldo-klepker-do-bairro-alesgut-recebe-obra-de-melhoria\/","url":"https:\/\/folhapopular.info\/index.php\/2023\/01\/31\/emef-leopoldo-klepker-do-bairro-alesgut-recebe-obra-de-melhoria\/","name":"EMEF Leopoldo Klepker, do Bairro Alesgut, recebe obra de melhoria - Folha Popular","isPartOf":{"@id":"https:\/\/folhapopular.info\/#website"},"primaryImageOfPage":{"@id":"https:\/\/folhapopular.info\/index.php\/2023\/01\/31\/emef-leopoldo-klepker-do-bairro-alesgut-recebe-obra-de-melhoria\/#primaryimage"},"image":{"@id":"https:\/\/folhapopular.info\/index.php\/2023\/01\/31\/emef-leopoldo-klepker-do-bairro-alesgut-recebe-obra-de-melhoria\/#primaryimage"},"thumbnailUrl":"https:\/\/folhapopular.info\/wp-content\/uploads\/2023\/01\/WhatsApp-Image-2023-01-31-at-15.10.15.jpeg","datePublished":"2023-01-31T18:15:51+00:00","dateModified":"2023-01-31T18:18:20+00:00","author":{"@id":"https:\/\/folhapopular.info\/#\/schema\/person\/2814e8a0df7643585a9ca38bc6eb9d4b"},"breadcrumb":{"@id":"https:\/\/folhapopular.info\/index.php\/2023\/01\/31\/emef-leopoldo-klepker-do-bairro-alesgut-recebe-obra-de-melhoria\/#breadcrumb"},"inLanguage":"pt-BR","potentialAction":[{"@type":"ReadAction","target":["https:\/\/folhapopular.info\/index.php\/2023\/01\/31\/emef-leopoldo-klepker-do-bairro-alesgut-recebe-obra-de-melhoria\/"]}]},{"@type":"ImageObject","inLanguage":"pt-BR","@id":"https:\/\/folhapopular.info\/index.php\/2023\/01\/31\/emef-leopoldo-klepker-do-bairro-alesgut-recebe-obra-de-melhoria\/#primaryimage","url":"https:\/\/folhapopular.info\/wp-content\/uploads\/2023\/01\/WhatsApp-Image-2023-01-31-at-15.10.15.jpeg","contentUrl":"https:\/\/folhapopular.info\/wp-content\/uploads\/2023\/01\/WhatsApp-Image-2023-01-31-at-15.10.15.jpeg","width":1024,"height":683,"caption":"A obra ser\u00e1 executada em parceria entre o Munic\u00edpio de Teut\u00f4nia com o C\u00edrculo de Pais e Mestres (CPM) \/ Cr\u00e9dito: Nicolas Mallmann \/ Divulga\u00e7\u00e3o"},{"@type":"BreadcrumbList","@id":"https:\/\/folhapopular.info\/index.php\/2023\/01\/31\/emef-leopoldo-klepker-do-bairro-alesgut-recebe-obra-de-melhoria\/#breadcrumb","itemListElement":[{"@type":"ListItem","position":1,"name":"In\u00edcio","item":"https:\/\/folhapopular.info\/"},{"@type":"ListItem","position":2,"name":"EMEF Leopoldo Klepker, do Bairro Alesgut, recebe obra de melhoria"}]},{"@type":"WebSite","@id":"https:\/\/folhapopular.info\/#website","url":"https:\/\/folhapopular.info\/","name":"Folha Popular","description":"Onde voc\u00ea tem vez e voz","potentialAction":[{"@type":"SearchAction","target":{"@type":"EntryPoint","urlTemplate":"https:\/\/folhapopular.info\/?s={search_term_string}"},"query-input":{"@type":"PropertyValueSpecification","valueRequired":true,"valueName":"search_term_string"}}],"inLanguage":"pt-BR"},{"@type":"Person","@id":"https:\/\/folhapopular.info\/#\/schema\/person\/2814e8a0df7643585a9ca38bc6eb9d4b","name":"Reda\u00e7\u00e3o Folha Popular","image":{"@type":"ImageObject","inLanguage":"pt-BR","@id":"https:\/\/folhapopular.info\/wp-content\/uploads\/2026\/04\/Folha-1.webp","url":"https:\/\/folhapopular.info\/wp-content\/uploads\/2026\/04\/Folha-1.webp","contentUrl":"https:\/\/folhapopular.info\/wp-content\/uploads\/2026\/04\/Folha-1.webp","caption":"Reda\u00e7\u00e3o Folha Popular"},"url":"https:\/\/folhapopular.info\/index.php\/author\/redacao\/"}]}},"jetpack_featured_media_url":"https:\/\/folhapopular.info\/wp-content\/uploads\/2023\/01\/WhatsApp-Image-2023-01-31-at-15.10.15.jpeg","jetpack_sharing_enabled":true,"amp_enabled":true,"_links":{"self":[{"href":"https:\/\/folhapopular.info\/index.php\/wp-json\/wp\/v2\/posts\/120277","targetHints":{"allow":["GET"]}}],"collection":[{"href":"https:\/\/folhapopular.info\/index.php\/wp-json\/wp\/v2\/posts"}],"about":[{"href":"https:\/\/folhapopular.info\/index.php\/wp-json\/wp\/v2\/types\/post"}],"author":[{"embeddable":true,"href":"https:\/\/folhapopular.info\/index.php\/wp-json\/wp\/v2\/users\/8"}],"replies":[{"embeddable":true,"href":"https:\/\/folhapopular.info\/index.php\/wp-json\/wp\/v2\/comments?post=120277"}],"version-history":[{"count":0,"href":"https:\/\/folhapopular.info\/index.php\/wp-json\/wp\/v2\/posts\/120277\/revisions"}],"wp:featuredmedia":[{"embeddable":true,"href":"https:\/\/folhapopular.info\/index.php\/wp-json\/wp\/v2\/media\/120275"}],"wp:attachment":[{"href":"https:\/\/folhapopular.info\/index.php\/wp-json\/wp\/v2\/media?parent=120277"}],"wp:term":[{"taxonomy":"category","embeddable":true,"href":"https:\/\/folhapopular.info\/index.php\/wp-json\/wp\/v2\/categories?post=120277"},{"taxonomy":"post_tag","embeddable":true,"href":"https:\/\/folhapopular.info\/index.php\/wp-json\/wp\/v2\/tags?post=120277"}],"curies":[{"name":"wp","href":"https:\/\/api.w.org\/{rel}","templated":true}]}}