{"id":120562,"date":"2023-02-06T09:21:26","date_gmt":"2023-02-06T12:21:26","guid":{"rendered":"https:\/\/folhapopular.info\/?p=120562"},"modified":"2023-02-06T09:21:29","modified_gmt":"2023-02-06T12:21:29","slug":"governo-de-estrela-entrega-licenca-de-operacao-para-a-nimec","status":"publish","type":"post","link":"https:\/\/folhapopular.info\/index.php\/2023\/02\/06\/governo-de-estrela-entrega-licenca-de-operacao-para-a-nimec\/","title":{"rendered":"Governo de Estrela entrega Licen\u00e7a de Opera\u00e7\u00e3o para a Nimec"},"content":{"rendered":"\n<p> O Governo de Estrela realizou, no dia 1\u00ba de fevereiro, uma visita t\u00e9cnica \u00e0 nova sede da empresa de log\u00edstica Nimec, na localidade de Santa Rita. Al\u00e9m de acompanhar as obras finais de estrutura\u00e7\u00e3o do espa\u00e7o, a comitiva entregou pessoalmente aos propriet\u00e1rios Reni Ant\u00f4nio e F\u00e1bio Nicaretta a licen\u00e7a de opera\u00e7\u00e3o do empreendimento. <\/p>\n\n\n\n<p>Para o prefeito Elmar Schneider, investimentos como o da Nimec s\u00e3o fundamentais para Estrela se tornar protagonista na gera\u00e7\u00e3o de empregos e se consolidar como polo log\u00edstico no Rio Grande do Sul. &#8220;Para o munic\u00edpio e o Vale do Taquari se destacarem ainda mais, precisamos, definitivamente, ativar o entroncamento rodo-hidro-a\u00e9reo e ferrovi\u00e1rio&#8221;, comenta.<\/p>\n\n\n\n<p>Conforme os empres\u00e1rios da Nimec, a expectativa \u00e9 dar in\u00edcio \u00e0s opera\u00e7\u00f5es no munic\u00edpio em 1\u00ba de mar\u00e7o.<\/p>\n\n\n\n<h6 class=\"wp-block-heading\"><strong>Saiba mais<\/strong><\/h6>\n\n\n\n<p>Fundada em 1975, a Transportadora Nimec RS atua no Rio Grande do Sul, Santa Catarina, Paran\u00e1 e S\u00e3o Paulo com tr\u00eas Centros de Distribui\u00e7\u00e3o. Em Estrela, o CD foi projetado para operar com at\u00e9 30 caminh\u00f5es simultaneamente na \u00e1rea de carga e descarga. J\u00e1 a frota da transportadora \u00e9 de cerca de cem ve\u00edculos. <\/p>\n\n\n\n<p>A obra marca a transfer\u00eancia da matriz de Lajeado para Estrela. Os cerca de R$ 3 milh\u00f5es investidos na compra da \u00e1rea de aproximadamente 2,4 hectares, que estava sob judice, foram destinados pelo Minist\u00e9rio P\u00fablico para duas pautas sociais: parte ser\u00e1 investido na constru\u00e7\u00e3o da nova sede da Pousada da Crian\u00e7a, local de acolhimento de crian\u00e7as em estado de vulnerabilidade, e a outra para o projeto do novo Canil Municipal.<\/p>\n","protected":false},"excerpt":{"rendered":"<p>O Governo de Estrela realizou, no dia 1\u00ba de fevereiro, uma visita t\u00e9cnica \u00e0 nova sede da empresa de log\u00edstica Nimec, na localidade de Santa Rita. Al\u00e9m de acompanhar as obras finais de estrutura\u00e7\u00e3o do espa\u00e7o, a comitiva entregou pessoalmente aos propriet\u00e1rios Reni Ant\u00f4nio e F\u00e1bio Nicaretta a licen\u00e7a de opera\u00e7\u00e3o do empreendimento. Para o [&hellip;]<\/p>\n","protected":false},"author":8,"featured_media":120563,"comment_status":"open","ping_status":"open","sticky":false,"template":"","format":"standard","meta":{"pmpro_default_level":"","_jetpack_memberships_contains_paid_content":false,"footnotes":""},"categories":[2,3],"tags":[6333,8,10734,10733,10732,156],"class_list":{"0":"post-120562","1":"post","2":"type-post","3":"status-publish","4":"format-standard","5":"has-post-thumbnail","7":"category-featured","8":"category-geral","9":"tag-elmar-schneider","10":"tag-estrela","11":"tag-licenca-de-operacao","12":"tag-logistica","13":"tag-nimec","14":"tag-vale-do-taquari","15":"pmpro-has-access"},"yoast_head":"<!-- This site is optimized with the Yoast SEO plugin v27.5 - https:\/\/yoast.com\/product\/yoast-seo-wordpress\/ -->\n<title>Governo de Estrela entrega Licen\u00e7a de Opera\u00e7\u00e3o para a Nimec - Folha Popular<\/title>\n<meta name=\"description\" content=\"Com 48 anos de estrada, a empresa est\u00e1 transferindo sua matriz de Lajeado para Estrela e prev\u00ea para mar\u00e7o o in\u00edcio das atividades.\" \/>\n<meta name=\"robots\" content=\"index, follow, max-snippet:-1, max-image-preview:large, max-video-preview:-1\" \/>\n<link rel=\"canonical\" href=\"https:\/\/folhapopular.info\/index.php\/2023\/02\/06\/governo-de-estrela-entrega-licenca-de-operacao-para-a-nimec\/\" \/>\n<meta property=\"og:locale\" content=\"pt_BR\" \/>\n<meta property=\"og:type\" content=\"article\" \/>\n<meta property=\"og:title\" content=\"Governo de Estrela entrega Licen\u00e7a de Opera\u00e7\u00e3o para a Nimec - Folha Popular\" \/>\n<meta property=\"og:description\" content=\"Com 48 anos de estrada, a empresa est\u00e1 transferindo sua matriz de Lajeado para Estrela e prev\u00ea para mar\u00e7o o in\u00edcio das atividades.\" \/>\n<meta property=\"og:url\" content=\"https:\/\/folhapopular.info\/index.php\/2023\/02\/06\/governo-de-estrela-entrega-licenca-de-operacao-para-a-nimec\/\" \/>\n<meta property=\"og:site_name\" content=\"Folha Popular\" \/>\n<meta property=\"article:published_time\" content=\"2023-02-06T12:21:26+00:00\" \/>\n<meta property=\"article:modified_time\" content=\"2023-02-06T12:21:29+00:00\" \/>\n<meta property=\"og:image\" content=\"http:\/\/folhapopular.info\/wp-content\/uploads\/2023\/02\/Licensa-de-instalacao-Nimec-3.jpeg\" \/>\n\t<meta property=\"og:image:width\" content=\"1280\" \/>\n\t<meta property=\"og:image:height\" content=\"963\" \/>\n\t<meta property=\"og:image:type\" content=\"image\/jpeg\" \/>\n<meta name=\"author\" content=\"Reda\u00e7\u00e3o Folha Popular\" \/>\n<meta name=\"twitter:card\" content=\"summary_large_image\" \/>\n<meta name=\"twitter:label1\" content=\"Escrito por\" \/>\n\t<meta name=\"twitter:data1\" content=\"Reda\u00e7\u00e3o Folha Popular\" \/>\n\t<meta name=\"twitter:label2\" content=\"Est. tempo de leitura\" \/>\n\t<meta name=\"twitter:data2\" content=\"2 minutos\" \/>\n<script type=\"application\/ld+json\" class=\"yoast-schema-graph\">{\"@context\":\"https:\\\/\\\/schema.org\",\"@graph\":[{\"@type\":\"Article\",\"@id\":\"https:\\\/\\\/folhapopular.info\\\/index.php\\\/2023\\\/02\\\/06\\\/governo-de-estrela-entrega-licenca-de-operacao-para-a-nimec\\\/#article\",\"isPartOf\":{\"@id\":\"https:\\\/\\\/folhapopular.info\\\/index.php\\\/2023\\\/02\\\/06\\\/governo-de-estrela-entrega-licenca-de-operacao-para-a-nimec\\\/\"},\"author\":{\"name\":\"Reda\u00e7\u00e3o Folha Popular\",\"@id\":\"https:\\\/\\\/folhapopular.info\\\/#\\\/schema\\\/person\\\/2814e8a0df7643585a9ca38bc6eb9d4b\"},\"headline\":\"Governo de Estrela entrega Licen\u00e7a de Opera\u00e7\u00e3o para a Nimec\",\"datePublished\":\"2023-02-06T12:21:26+00:00\",\"dateModified\":\"2023-02-06T12:21:29+00:00\",\"mainEntityOfPage\":{\"@id\":\"https:\\\/\\\/folhapopular.info\\\/index.php\\\/2023\\\/02\\\/06\\\/governo-de-estrela-entrega-licenca-de-operacao-para-a-nimec\\\/\"},\"wordCount\":286,\"commentCount\":0,\"image\":{\"@id\":\"https:\\\/\\\/folhapopular.info\\\/index.php\\\/2023\\\/02\\\/06\\\/governo-de-estrela-entrega-licenca-de-operacao-para-a-nimec\\\/#primaryimage\"},\"thumbnailUrl\":\"https:\\\/\\\/folhapopular.info\\\/wp-content\\\/uploads\\\/2023\\\/02\\\/Licensa-de-instalacao-Nimec-3.jpeg\",\"keywords\":[\"Elmar Schneider\",\"Estrela\",\"licen\u00e7a de opera\u00e7\u00e3o\",\"log\u00edstica\",\"nimec\",\"Vale do Taquari\"],\"articleSection\":[\"Destaques\",\"Geral\"],\"inLanguage\":\"pt-BR\",\"potentialAction\":[{\"@type\":\"CommentAction\",\"name\":\"Comment\",\"target\":[\"https:\\\/\\\/folhapopular.info\\\/index.php\\\/2023\\\/02\\\/06\\\/governo-de-estrela-entrega-licenca-de-operacao-para-a-nimec\\\/#respond\"]}]},{\"@type\":\"WebPage\",\"@id\":\"https:\\\/\\\/folhapopular.info\\\/index.php\\\/2023\\\/02\\\/06\\\/governo-de-estrela-entrega-licenca-de-operacao-para-a-nimec\\\/\",\"url\":\"https:\\\/\\\/folhapopular.info\\\/index.php\\\/2023\\\/02\\\/06\\\/governo-de-estrela-entrega-licenca-de-operacao-para-a-nimec\\\/\",\"name\":\"Governo de Estrela entrega Licen\u00e7a de Opera\u00e7\u00e3o para a Nimec - Folha Popular\",\"isPartOf\":{\"@id\":\"https:\\\/\\\/folhapopular.info\\\/#website\"},\"primaryImageOfPage\":{\"@id\":\"https:\\\/\\\/folhapopular.info\\\/index.php\\\/2023\\\/02\\\/06\\\/governo-de-estrela-entrega-licenca-de-operacao-para-a-nimec\\\/#primaryimage\"},\"image\":{\"@id\":\"https:\\\/\\\/folhapopular.info\\\/index.php\\\/2023\\\/02\\\/06\\\/governo-de-estrela-entrega-licenca-de-operacao-para-a-nimec\\\/#primaryimage\"},\"thumbnailUrl\":\"https:\\\/\\\/folhapopular.info\\\/wp-content\\\/uploads\\\/2023\\\/02\\\/Licensa-de-instalacao-Nimec-3.jpeg\",\"datePublished\":\"2023-02-06T12:21:26+00:00\",\"dateModified\":\"2023-02-06T12:21:29+00:00\",\"author\":{\"@id\":\"https:\\\/\\\/folhapopular.info\\\/#\\\/schema\\\/person\\\/2814e8a0df7643585a9ca38bc6eb9d4b\"},\"description\":\"Com 48 anos de estrada, a empresa est\u00e1 transferindo sua matriz de Lajeado para Estrela e prev\u00ea para mar\u00e7o o in\u00edcio das atividades.\",\"breadcrumb\":{\"@id\":\"https:\\\/\\\/folhapopular.info\\\/index.php\\\/2023\\\/02\\\/06\\\/governo-de-estrela-entrega-licenca-de-operacao-para-a-nimec\\\/#breadcrumb\"},\"inLanguage\":\"pt-BR\",\"potentialAction\":[{\"@type\":\"ReadAction\",\"target\":[\"https:\\\/\\\/folhapopular.info\\\/index.php\\\/2023\\\/02\\\/06\\\/governo-de-estrela-entrega-licenca-de-operacao-para-a-nimec\\\/\"]}]},{\"@type\":\"ImageObject\",\"inLanguage\":\"pt-BR\",\"@id\":\"https:\\\/\\\/folhapopular.info\\\/index.php\\\/2023\\\/02\\\/06\\\/governo-de-estrela-entrega-licenca-de-operacao-para-a-nimec\\\/#primaryimage\",\"url\":\"https:\\\/\\\/folhapopular.info\\\/wp-content\\\/uploads\\\/2023\\\/02\\\/Licensa-de-instalacao-Nimec-3.jpeg\",\"contentUrl\":\"https:\\\/\\\/folhapopular.info\\\/wp-content\\\/uploads\\\/2023\\\/02\\\/Licensa-de-instalacao-Nimec-3.jpeg\",\"width\":1280,\"height\":963,\"caption\":\"Visita t\u00e9cnica \u00e0s instala\u00e7\u00f5es da empresa ocorreu na quarta-feira, 1\u00ba de fevereiro. Cr\u00e9ditos: J\u00f4natas dos Santos\\\/Governo de Estrela\"},{\"@type\":\"BreadcrumbList\",\"@id\":\"https:\\\/\\\/folhapopular.info\\\/index.php\\\/2023\\\/02\\\/06\\\/governo-de-estrela-entrega-licenca-de-operacao-para-a-nimec\\\/#breadcrumb\",\"itemListElement\":[{\"@type\":\"ListItem\",\"position\":1,\"name\":\"In\u00edcio\",\"item\":\"https:\\\/\\\/folhapopular.info\\\/\"},{\"@type\":\"ListItem\",\"position\":2,\"name\":\"Governo de Estrela entrega Licen\u00e7a de Opera\u00e7\u00e3o para a Nimec\"}]},{\"@type\":\"WebSite\",\"@id\":\"https:\\\/\\\/folhapopular.info\\\/#website\",\"url\":\"https:\\\/\\\/folhapopular.info\\\/\",\"name\":\"Folha Popular\",\"description\":\"Onde voc\u00ea tem vez e voz\",\"potentialAction\":[{\"@type\":\"SearchAction\",\"target\":{\"@type\":\"EntryPoint\",\"urlTemplate\":\"https:\\\/\\\/folhapopular.info\\\/?s={search_term_string}\"},\"query-input\":{\"@type\":\"PropertyValueSpecification\",\"valueRequired\":true,\"valueName\":\"search_term_string\"}}],\"inLanguage\":\"pt-BR\"},{\"@type\":\"Person\",\"@id\":\"https:\\\/\\\/folhapopular.info\\\/#\\\/schema\\\/person\\\/2814e8a0df7643585a9ca38bc6eb9d4b\",\"name\":\"Reda\u00e7\u00e3o Folha Popular\",\"image\":{\"@type\":\"ImageObject\",\"inLanguage\":\"pt-BR\",\"@id\":\"https:\\\/\\\/folhapopular.info\\\/wp-content\\\/uploads\\\/2026\\\/04\\\/Folha-1.webp\",\"url\":\"https:\\\/\\\/folhapopular.info\\\/wp-content\\\/uploads\\\/2026\\\/04\\\/Folha-1.webp\",\"contentUrl\":\"https:\\\/\\\/folhapopular.info\\\/wp-content\\\/uploads\\\/2026\\\/04\\\/Folha-1.webp\",\"caption\":\"Reda\u00e7\u00e3o Folha Popular\"},\"url\":\"https:\\\/\\\/folhapopular.info\\\/index.php\\\/author\\\/redacao\\\/\"}]}<\/script>\n<!-- \/ Yoast SEO plugin. -->","yoast_head_json":{"title":"Governo de Estrela entrega Licen\u00e7a de Opera\u00e7\u00e3o para a Nimec - Folha Popular","description":"Com 48 anos de estrada, a empresa est\u00e1 transferindo sua matriz de Lajeado para Estrela e prev\u00ea para mar\u00e7o o in\u00edcio das atividades.","robots":{"index":"index","follow":"follow","max-snippet":"max-snippet:-1","max-image-preview":"max-image-preview:large","max-video-preview":"max-video-preview:-1"},"canonical":"https:\/\/folhapopular.info\/index.php\/2023\/02\/06\/governo-de-estrela-entrega-licenca-de-operacao-para-a-nimec\/","og_locale":"pt_BR","og_type":"article","og_title":"Governo de Estrela entrega Licen\u00e7a de Opera\u00e7\u00e3o para a Nimec - Folha Popular","og_description":"Com 48 anos de estrada, a empresa est\u00e1 transferindo sua matriz de Lajeado para Estrela e prev\u00ea para mar\u00e7o o in\u00edcio das atividades.","og_url":"https:\/\/folhapopular.info\/index.php\/2023\/02\/06\/governo-de-estrela-entrega-licenca-de-operacao-para-a-nimec\/","og_site_name":"Folha Popular","article_published_time":"2023-02-06T12:21:26+00:00","article_modified_time":"2023-02-06T12:21:29+00:00","og_image":[{"width":1280,"height":963,"url":"http:\/\/folhapopular.info\/wp-content\/uploads\/2023\/02\/Licensa-de-instalacao-Nimec-3.jpeg","type":"image\/jpeg"}],"author":"Reda\u00e7\u00e3o Folha Popular","twitter_card":"summary_large_image","twitter_misc":{"Escrito por":"Reda\u00e7\u00e3o Folha Popular","Est. tempo de leitura":"2 minutos"},"schema":{"@context":"https:\/\/schema.org","@graph":[{"@type":"Article","@id":"https:\/\/folhapopular.info\/index.php\/2023\/02\/06\/governo-de-estrela-entrega-licenca-de-operacao-para-a-nimec\/#article","isPartOf":{"@id":"https:\/\/folhapopular.info\/index.php\/2023\/02\/06\/governo-de-estrela-entrega-licenca-de-operacao-para-a-nimec\/"},"author":{"name":"Reda\u00e7\u00e3o Folha Popular","@id":"https:\/\/folhapopular.info\/#\/schema\/person\/2814e8a0df7643585a9ca38bc6eb9d4b"},"headline":"Governo de Estrela entrega Licen\u00e7a de Opera\u00e7\u00e3o para a Nimec","datePublished":"2023-02-06T12:21:26+00:00","dateModified":"2023-02-06T12:21:29+00:00","mainEntityOfPage":{"@id":"https:\/\/folhapopular.info\/index.php\/2023\/02\/06\/governo-de-estrela-entrega-licenca-de-operacao-para-a-nimec\/"},"wordCount":286,"commentCount":0,"image":{"@id":"https:\/\/folhapopular.info\/index.php\/2023\/02\/06\/governo-de-estrela-entrega-licenca-de-operacao-para-a-nimec\/#primaryimage"},"thumbnailUrl":"https:\/\/folhapopular.info\/wp-content\/uploads\/2023\/02\/Licensa-de-instalacao-Nimec-3.jpeg","keywords":["Elmar Schneider","Estrela","licen\u00e7a de opera\u00e7\u00e3o","log\u00edstica","nimec","Vale do Taquari"],"articleSection":["Destaques","Geral"],"inLanguage":"pt-BR","potentialAction":[{"@type":"CommentAction","name":"Comment","target":["https:\/\/folhapopular.info\/index.php\/2023\/02\/06\/governo-de-estrela-entrega-licenca-de-operacao-para-a-nimec\/#respond"]}]},{"@type":"WebPage","@id":"https:\/\/folhapopular.info\/index.php\/2023\/02\/06\/governo-de-estrela-entrega-licenca-de-operacao-para-a-nimec\/","url":"https:\/\/folhapopular.info\/index.php\/2023\/02\/06\/governo-de-estrela-entrega-licenca-de-operacao-para-a-nimec\/","name":"Governo de Estrela entrega Licen\u00e7a de Opera\u00e7\u00e3o para a Nimec - Folha Popular","isPartOf":{"@id":"https:\/\/folhapopular.info\/#website"},"primaryImageOfPage":{"@id":"https:\/\/folhapopular.info\/index.php\/2023\/02\/06\/governo-de-estrela-entrega-licenca-de-operacao-para-a-nimec\/#primaryimage"},"image":{"@id":"https:\/\/folhapopular.info\/index.php\/2023\/02\/06\/governo-de-estrela-entrega-licenca-de-operacao-para-a-nimec\/#primaryimage"},"thumbnailUrl":"https:\/\/folhapopular.info\/wp-content\/uploads\/2023\/02\/Licensa-de-instalacao-Nimec-3.jpeg","datePublished":"2023-02-06T12:21:26+00:00","dateModified":"2023-02-06T12:21:29+00:00","author":{"@id":"https:\/\/folhapopular.info\/#\/schema\/person\/2814e8a0df7643585a9ca38bc6eb9d4b"},"description":"Com 48 anos de estrada, a empresa est\u00e1 transferindo sua matriz de Lajeado para Estrela e prev\u00ea para mar\u00e7o o in\u00edcio das atividades.","breadcrumb":{"@id":"https:\/\/folhapopular.info\/index.php\/2023\/02\/06\/governo-de-estrela-entrega-licenca-de-operacao-para-a-nimec\/#breadcrumb"},"inLanguage":"pt-BR","potentialAction":[{"@type":"ReadAction","target":["https:\/\/folhapopular.info\/index.php\/2023\/02\/06\/governo-de-estrela-entrega-licenca-de-operacao-para-a-nimec\/"]}]},{"@type":"ImageObject","inLanguage":"pt-BR","@id":"https:\/\/folhapopular.info\/index.php\/2023\/02\/06\/governo-de-estrela-entrega-licenca-de-operacao-para-a-nimec\/#primaryimage","url":"https:\/\/folhapopular.info\/wp-content\/uploads\/2023\/02\/Licensa-de-instalacao-Nimec-3.jpeg","contentUrl":"https:\/\/folhapopular.info\/wp-content\/uploads\/2023\/02\/Licensa-de-instalacao-Nimec-3.jpeg","width":1280,"height":963,"caption":"Visita t\u00e9cnica \u00e0s instala\u00e7\u00f5es da empresa ocorreu na quarta-feira, 1\u00ba de fevereiro. Cr\u00e9ditos: J\u00f4natas dos Santos\/Governo de Estrela"},{"@type":"BreadcrumbList","@id":"https:\/\/folhapopular.info\/index.php\/2023\/02\/06\/governo-de-estrela-entrega-licenca-de-operacao-para-a-nimec\/#breadcrumb","itemListElement":[{"@type":"ListItem","position":1,"name":"In\u00edcio","item":"https:\/\/folhapopular.info\/"},{"@type":"ListItem","position":2,"name":"Governo de Estrela entrega Licen\u00e7a de Opera\u00e7\u00e3o para a Nimec"}]},{"@type":"WebSite","@id":"https:\/\/folhapopular.info\/#website","url":"https:\/\/folhapopular.info\/","name":"Folha Popular","description":"Onde voc\u00ea tem vez e voz","potentialAction":[{"@type":"SearchAction","target":{"@type":"EntryPoint","urlTemplate":"https:\/\/folhapopular.info\/?s={search_term_string}"},"query-input":{"@type":"PropertyValueSpecification","valueRequired":true,"valueName":"search_term_string"}}],"inLanguage":"pt-BR"},{"@type":"Person","@id":"https:\/\/folhapopular.info\/#\/schema\/person\/2814e8a0df7643585a9ca38bc6eb9d4b","name":"Reda\u00e7\u00e3o Folha Popular","image":{"@type":"ImageObject","inLanguage":"pt-BR","@id":"https:\/\/folhapopular.info\/wp-content\/uploads\/2026\/04\/Folha-1.webp","url":"https:\/\/folhapopular.info\/wp-content\/uploads\/2026\/04\/Folha-1.webp","contentUrl":"https:\/\/folhapopular.info\/wp-content\/uploads\/2026\/04\/Folha-1.webp","caption":"Reda\u00e7\u00e3o Folha Popular"},"url":"https:\/\/folhapopular.info\/index.php\/author\/redacao\/"}]}},"jetpack_featured_media_url":"https:\/\/folhapopular.info\/wp-content\/uploads\/2023\/02\/Licensa-de-instalacao-Nimec-3.jpeg","jetpack_sharing_enabled":true,"amp_enabled":true,"_links":{"self":[{"href":"https:\/\/folhapopular.info\/index.php\/wp-json\/wp\/v2\/posts\/120562","targetHints":{"allow":["GET"]}}],"collection":[{"href":"https:\/\/folhapopular.info\/index.php\/wp-json\/wp\/v2\/posts"}],"about":[{"href":"https:\/\/folhapopular.info\/index.php\/wp-json\/wp\/v2\/types\/post"}],"author":[{"embeddable":true,"href":"https:\/\/folhapopular.info\/index.php\/wp-json\/wp\/v2\/users\/8"}],"replies":[{"embeddable":true,"href":"https:\/\/folhapopular.info\/index.php\/wp-json\/wp\/v2\/comments?post=120562"}],"version-history":[{"count":0,"href":"https:\/\/folhapopular.info\/index.php\/wp-json\/wp\/v2\/posts\/120562\/revisions"}],"wp:featuredmedia":[{"embeddable":true,"href":"https:\/\/folhapopular.info\/index.php\/wp-json\/wp\/v2\/media\/120563"}],"wp:attachment":[{"href":"https:\/\/folhapopular.info\/index.php\/wp-json\/wp\/v2\/media?parent=120562"}],"wp:term":[{"taxonomy":"category","embeddable":true,"href":"https:\/\/folhapopular.info\/index.php\/wp-json\/wp\/v2\/categories?post=120562"},{"taxonomy":"post_tag","embeddable":true,"href":"https:\/\/folhapopular.info\/index.php\/wp-json\/wp\/v2\/tags?post=120562"}],"curies":[{"name":"wp","href":"https:\/\/api.w.org\/{rel}","templated":true}]}}