{"id":120598,"date":"2023-02-06T15:11:16","date_gmt":"2023-02-06T18:11:16","guid":{"rendered":"https:\/\/folhapopular.info\/?p=120598"},"modified":"2023-02-06T16:09:13","modified_gmt":"2023-02-06T19:09:13","slug":"equipes-da-educacao-de-municipios-do-g7-realizam-curso-de-formacao-de-gestores","status":"publish","type":"post","link":"https:\/\/folhapopular.info\/index.php\/2023\/02\/06\/equipes-da-educacao-de-municipios-do-g7-realizam-curso-de-formacao-de-gestores\/","title":{"rendered":"Equipes da Educa\u00e7\u00e3o de munic\u00edpios do G7 realizam curso de forma\u00e7\u00e3o de gestores"},"content":{"rendered":"\n<p>A Administra\u00e7\u00e3o de Imigrante promoveu, no dia 1\u00ba de fevereiro, um curso de forma\u00e7\u00e3o de gestores. Al\u00e9m de representantes da Secretaria de Educa\u00e7\u00e3o do munic\u00edpio, a forma\u00e7\u00e3o reuniu equipes diretivas e servidores das pastas de Westf\u00e1lia, Colinas e Po\u00e7o das Antas. O curso foi foi realizado na Escola Estadual de Ensino M\u00e9dio 25 de Maio e ministrado pela coordenadora pedag\u00f3gica do Senai Lajeado e assessora pedag\u00f3gica da <a href=\"https:\/\/www.univates.br\/\">Univates<\/a>, Roberta Acorsi.<\/p>\n\n\n\n<p>A forma\u00e7\u00e3o tem como objetivo desenvolver o gestor enquanto l\u00edder de equipe, definindo papeis e responsabilidades, estimulando a capacidade de resolu\u00e7\u00e3o de problemas e desenvolvendo estrat\u00e9gias de gest\u00e3o de pessoas, visando aprimorar suas equipes de trabalho nas escolas. Al\u00e9m disso, se est\u00e1 em discuss\u00e3o mais espec\u00edfica sobre a defini\u00e7\u00e3o de metas e as estrat\u00e9gias mais adequadas para que as mesmas sejam alcan\u00e7adas.<\/p>\n\n\n\n<h6 class=\"wp-block-heading\"><strong>Motiva\u00e7\u00e3o<\/strong><\/h6>\n\n\n\n<p>Conforme Roberta, todos estiveram muito motivados e engajados nas atividades, mostrando-se abertos a pensar &#8216;fora da caixa&#8217;, buscando estrat\u00e9gias criativas para a solu\u00e7\u00e3o de problemas e o desenvolvimento de suas equipes. &#8220;\u00c9 um privil\u00e9gio fazer parte deste projeto e contribuir para o crescimento das cidades envolvidas atrav\u00e9s do investimento em educa\u00e7\u00e3o e qualifica\u00e7\u00e3o de suas equipes de gestores&#8221;, declarou. <\/p>\n\n\n\n<p>O secret\u00e1rio de Educa\u00e7\u00e3o de Imigrante, Carlos Alexandre Lutterbeck, explicou por que o curso foi pensado junto aos demais munic\u00edpios. \u201cTemos muitas quest\u00f5es similares, at\u00e9 por estarmos geograficamente pr\u00f3ximos. Os desafios s\u00e3o semelhantes. Enquanto secret\u00e1rios, entendemos que essa seria uma excelente oportunidade de crescimento conjunto&#8221;, pontuou.<\/p>\n\n\n\n<p>Lutterbeck falou, tamb\u00e9m, sobre a import\u00e2ncia da forma\u00e7\u00e3o para as equipes diretivas e servidores da Educa\u00e7\u00e3o. &#8220;Por meio dela, estamos nos qualificando e tamb\u00e9m \u00e0s nossas equipes diretivas. N\u00e3o \u00e9 tarefa f\u00e1cil gerir, estar \u00e0 frente e trabalhar com pessoas, porque elas t\u00eam desejos e necessidades diferentes. Buscamos essa forma\u00e7\u00e3o para que possamos dar suporte a todas as equipes, para que tenhamos profissionais felizes no seu ambiente de trabalho, podendo mediar e agir da melhor forma diante das diversas situa\u00e7\u00f5es da rotina escolar\u201d, disse.<\/p>\n\n\n\n<figure class=\"wp-block-gallery has-nested-images columns-default is-cropped wp-block-gallery-1 is-layout-flex wp-block-gallery-is-layout-flex\">\n<figure class=\"wp-block-image size-large\"><img loading=\"lazy\" decoding=\"async\" width=\"1024\" height=\"769\" data-id=\"120604\" src=\"https:\/\/folhapopular.info\/wp-content\/uploads\/2023\/02\/FORMACAO-DE-GESTORES-2-1024x769.jpg\" alt=\"\" class=\"wp-image-120604\" srcset=\"https:\/\/folhapopular.info\/wp-content\/uploads\/2023\/02\/FORMACAO-DE-GESTORES-2-1024x769.jpg 1024w, https:\/\/folhapopular.info\/wp-content\/uploads\/2023\/02\/FORMACAO-DE-GESTORES-2-300x225.jpg 300w, https:\/\/folhapopular.info\/wp-content\/uploads\/2023\/02\/FORMACAO-DE-GESTORES-2-768x577.jpg 768w, https:\/\/folhapopular.info\/wp-content\/uploads\/2023\/02\/FORMACAO-DE-GESTORES-2-1536x1153.jpg 1536w, https:\/\/folhapopular.info\/wp-content\/uploads\/2023\/02\/FORMACAO-DE-GESTORES-2-2048x1537.jpg 2048w, https:\/\/folhapopular.info\/wp-content\/uploads\/2023\/02\/FORMACAO-DE-GESTORES-2-696x522.jpg 696w, https:\/\/folhapopular.info\/wp-content\/uploads\/2023\/02\/FORMACAO-DE-GESTORES-2-1068x802.jpg 1068w, https:\/\/folhapopular.info\/wp-content\/uploads\/2023\/02\/FORMACAO-DE-GESTORES-2-1920x1441.jpg 1920w\" sizes=\"auto, (max-width: 1024px) 100vw, 1024px\" \/><figcaption class=\"wp-element-caption\">Cr\u00e9ditos: Carlos Eduardo Schneider<\/figcaption><\/figure>\n\n\n\n<figure class=\"wp-block-image size-large\"><img loading=\"lazy\" decoding=\"async\" width=\"1024\" height=\"768\" data-id=\"120601\" src=\"https:\/\/folhapopular.info\/wp-content\/uploads\/2023\/02\/FORMACAO-DE-GESTORES-15-1024x768.jpg\" alt=\"\" class=\"wp-image-120601\" srcset=\"https:\/\/folhapopular.info\/wp-content\/uploads\/2023\/02\/FORMACAO-DE-GESTORES-15-1024x768.jpg 1024w, https:\/\/folhapopular.info\/wp-content\/uploads\/2023\/02\/FORMACAO-DE-GESTORES-15-300x225.jpg 300w, https:\/\/folhapopular.info\/wp-content\/uploads\/2023\/02\/FORMACAO-DE-GESTORES-15-768x576.jpg 768w, https:\/\/folhapopular.info\/wp-content\/uploads\/2023\/02\/FORMACAO-DE-GESTORES-15-696x522.jpg 696w, https:\/\/folhapopular.info\/wp-content\/uploads\/2023\/02\/FORMACAO-DE-GESTORES-15-1068x801.jpg 1068w, https:\/\/folhapopular.info\/wp-content\/uploads\/2023\/02\/FORMACAO-DE-GESTORES-15.jpg 1280w\" sizes=\"auto, (max-width: 1024px) 100vw, 1024px\" \/><figcaption class=\"wp-element-caption\">Cr\u00e9ditos: Carlos Eduardo Schneider<\/figcaption><\/figure>\n\n\n\n<figure class=\"wp-block-image size-large\"><img loading=\"lazy\" decoding=\"async\" width=\"1024\" height=\"764\" data-id=\"120602\" src=\"https:\/\/folhapopular.info\/wp-content\/uploads\/2023\/02\/FORMACAO-DE-GESTORES-14-1024x764.jpg\" alt=\"\" class=\"wp-image-120602\" srcset=\"https:\/\/folhapopular.info\/wp-content\/uploads\/2023\/02\/FORMACAO-DE-GESTORES-14-1024x764.jpg 1024w, https:\/\/folhapopular.info\/wp-content\/uploads\/2023\/02\/FORMACAO-DE-GESTORES-14-300x224.jpg 300w, https:\/\/folhapopular.info\/wp-content\/uploads\/2023\/02\/FORMACAO-DE-GESTORES-14-768x573.jpg 768w, https:\/\/folhapopular.info\/wp-content\/uploads\/2023\/02\/FORMACAO-DE-GESTORES-14-1536x1146.jpg 1536w, https:\/\/folhapopular.info\/wp-content\/uploads\/2023\/02\/FORMACAO-DE-GESTORES-14-696x519.jpg 696w, https:\/\/folhapopular.info\/wp-content\/uploads\/2023\/02\/FORMACAO-DE-GESTORES-14-1068x797.jpg 1068w, https:\/\/folhapopular.info\/wp-content\/uploads\/2023\/02\/FORMACAO-DE-GESTORES-14-1920x1433.jpg 1920w, https:\/\/folhapopular.info\/wp-content\/uploads\/2023\/02\/FORMACAO-DE-GESTORES-14.jpg 1986w\" sizes=\"auto, (max-width: 1024px) 100vw, 1024px\" \/><figcaption class=\"wp-element-caption\">Cr\u00e9ditos: Carlos Eduardo Schneider<\/figcaption><\/figure>\n\n\n\n<figure class=\"wp-block-image size-large\"><img loading=\"lazy\" decoding=\"async\" width=\"1024\" height=\"766\" data-id=\"120603\" src=\"https:\/\/folhapopular.info\/wp-content\/uploads\/2023\/02\/FORMACAO-DE-GESTORES-7-1024x766.jpg\" alt=\"\" class=\"wp-image-120603\" srcset=\"https:\/\/folhapopular.info\/wp-content\/uploads\/2023\/02\/FORMACAO-DE-GESTORES-7-1024x766.jpg 1024w, https:\/\/folhapopular.info\/wp-content\/uploads\/2023\/02\/FORMACAO-DE-GESTORES-7-300x224.jpg 300w, https:\/\/folhapopular.info\/wp-content\/uploads\/2023\/02\/FORMACAO-DE-GESTORES-7-768x574.jpg 768w, https:\/\/folhapopular.info\/wp-content\/uploads\/2023\/02\/FORMACAO-DE-GESTORES-7-1536x1149.jpg 1536w, https:\/\/folhapopular.info\/wp-content\/uploads\/2023\/02\/FORMACAO-DE-GESTORES-7-2048x1531.jpg 2048w, https:\/\/folhapopular.info\/wp-content\/uploads\/2023\/02\/FORMACAO-DE-GESTORES-7-696x520.jpg 696w, https:\/\/folhapopular.info\/wp-content\/uploads\/2023\/02\/FORMACAO-DE-GESTORES-7-1068x799.jpg 1068w, https:\/\/folhapopular.info\/wp-content\/uploads\/2023\/02\/FORMACAO-DE-GESTORES-7-1920x1436.jpg 1920w\" sizes=\"auto, (max-width: 1024px) 100vw, 1024px\" \/><figcaption class=\"wp-element-caption\">Cr\u00e9ditos: Carlos Eduardo Schneider<\/figcaption><\/figure>\n\n\n\n<figure class=\"wp-block-image size-large\"><img loading=\"lazy\" decoding=\"async\" width=\"1024\" height=\"768\" data-id=\"120600\" src=\"https:\/\/folhapopular.info\/wp-content\/uploads\/2023\/02\/FORMACAO-DE-GESTORES-17-1024x768.jpg\" alt=\"\" class=\"wp-image-120600\" srcset=\"https:\/\/folhapopular.info\/wp-content\/uploads\/2023\/02\/FORMACAO-DE-GESTORES-17-1024x768.jpg 1024w, https:\/\/folhapopular.info\/wp-content\/uploads\/2023\/02\/FORMACAO-DE-GESTORES-17-300x225.jpg 300w, https:\/\/folhapopular.info\/wp-content\/uploads\/2023\/02\/FORMACAO-DE-GESTORES-17-768x576.jpg 768w, https:\/\/folhapopular.info\/wp-content\/uploads\/2023\/02\/FORMACAO-DE-GESTORES-17-696x522.jpg 696w, https:\/\/folhapopular.info\/wp-content\/uploads\/2023\/02\/FORMACAO-DE-GESTORES-17-1068x801.jpg 1068w, https:\/\/folhapopular.info\/wp-content\/uploads\/2023\/02\/FORMACAO-DE-GESTORES-17.jpg 1280w\" sizes=\"auto, (max-width: 1024px) 100vw, 1024px\" \/><figcaption class=\"wp-element-caption\">Cr\u00e9ditos: Carlos Eduardo Schneider<\/figcaption><\/figure>\n<\/figure>\n","protected":false},"excerpt":{"rendered":"<p>A Administra\u00e7\u00e3o de Imigrante promoveu, no dia 1\u00ba de fevereiro, um curso de forma\u00e7\u00e3o de gestores. Al\u00e9m de representantes da Secretaria de Educa\u00e7\u00e3o do munic\u00edpio, a forma\u00e7\u00e3o reuniu equipes diretivas e servidores das pastas de Westf\u00e1lia, Colinas e Po\u00e7o das Antas. O curso foi foi realizado na Escola Estadual de Ensino M\u00e9dio 25 de Maio [&hellip;]<\/p>\n","protected":false},"author":8,"featured_media":120599,"comment_status":"open","ping_status":"open","sticky":false,"template":"","format":"standard","meta":{"pmpro_default_level":"","_jetpack_memberships_contains_paid_content":false,"footnotes":""},"categories":[2,3],"tags":[183,73,34,40,3806,10749,83,25],"class_list":{"0":"post-120598","1":"post","2":"type-post","3":"status-publish","4":"format-standard","5":"has-post-thumbnail","7":"category-featured","8":"category-geral","9":"tag-colinas","10":"tag-educacao","11":"tag-imigrante","12":"tag-poco-das-antas","13":"tag-secretaria-de-educacao","14":"tag-senai-lajeado","15":"tag-univates","16":"tag-westfalia","17":"pmpro-has-access"},"yoast_head":"<!-- This site is optimized with the Yoast SEO plugin v27.5 - https:\/\/yoast.com\/product\/yoast-seo-wordpress\/ -->\n<title>Equipes da Educa\u00e7\u00e3o de munic\u00edpios do G7 realizam curso de forma\u00e7\u00e3o de gestores - Folha Popular<\/title>\n<meta name=\"description\" content=\"Al\u00e9m de diretivas e servidores de Imigrante, forma\u00e7\u00e3o reuniu ainda equipes de Westf\u00e1lia, Colinas e Po\u00e7o das Antas.\" \/>\n<meta name=\"robots\" content=\"index, follow, max-snippet:-1, max-image-preview:large, max-video-preview:-1\" \/>\n<link rel=\"canonical\" href=\"https:\/\/folhapopular.info\/index.php\/2023\/02\/06\/equipes-da-educacao-de-municipios-do-g7-realizam-curso-de-formacao-de-gestores\/\" \/>\n<meta property=\"og:locale\" content=\"pt_BR\" \/>\n<meta property=\"og:type\" content=\"article\" \/>\n<meta property=\"og:title\" content=\"Equipes da Educa\u00e7\u00e3o de munic\u00edpios do G7 realizam curso de forma\u00e7\u00e3o de gestores - Folha Popular\" \/>\n<meta property=\"og:description\" content=\"Al\u00e9m de diretivas e servidores de Imigrante, forma\u00e7\u00e3o reuniu ainda equipes de Westf\u00e1lia, Colinas e Po\u00e7o das Antas.\" \/>\n<meta property=\"og:url\" content=\"https:\/\/folhapopular.info\/index.php\/2023\/02\/06\/equipes-da-educacao-de-municipios-do-g7-realizam-curso-de-formacao-de-gestores\/\" \/>\n<meta property=\"og:site_name\" content=\"Folha Popular\" \/>\n<meta property=\"article:published_time\" content=\"2023-02-06T18:11:16+00:00\" \/>\n<meta property=\"article:modified_time\" content=\"2023-02-06T19:09:13+00:00\" \/>\n<meta property=\"og:image\" content=\"http:\/\/folhapopular.info\/wp-content\/uploads\/2023\/02\/FORMACAO-DE-GESTORES-5.jpg\" \/>\n\t<meta property=\"og:image:width\" content=\"1811\" \/>\n\t<meta property=\"og:image:height\" content=\"1353\" \/>\n\t<meta property=\"og:image:type\" content=\"image\/jpeg\" \/>\n<meta name=\"author\" content=\"Reda\u00e7\u00e3o Folha Popular\" \/>\n<meta name=\"twitter:card\" content=\"summary_large_image\" \/>\n<meta name=\"twitter:label1\" content=\"Escrito por\" \/>\n\t<meta name=\"twitter:data1\" content=\"Reda\u00e7\u00e3o Folha Popular\" \/>\n\t<meta name=\"twitter:label2\" content=\"Est. tempo de leitura\" \/>\n\t<meta name=\"twitter:data2\" content=\"3 minutos\" \/>\n<script type=\"application\/ld+json\" class=\"yoast-schema-graph\">{\"@context\":\"https:\\\/\\\/schema.org\",\"@graph\":[{\"@type\":\"Article\",\"@id\":\"https:\\\/\\\/folhapopular.info\\\/index.php\\\/2023\\\/02\\\/06\\\/equipes-da-educacao-de-municipios-do-g7-realizam-curso-de-formacao-de-gestores\\\/#article\",\"isPartOf\":{\"@id\":\"https:\\\/\\\/folhapopular.info\\\/index.php\\\/2023\\\/02\\\/06\\\/equipes-da-educacao-de-municipios-do-g7-realizam-curso-de-formacao-de-gestores\\\/\"},\"author\":{\"name\":\"Reda\u00e7\u00e3o Folha Popular\",\"@id\":\"https:\\\/\\\/folhapopular.info\\\/#\\\/schema\\\/person\\\/2814e8a0df7643585a9ca38bc6eb9d4b\"},\"headline\":\"Equipes da Educa\u00e7\u00e3o de munic\u00edpios do G7 realizam curso de forma\u00e7\u00e3o de gestores\",\"datePublished\":\"2023-02-06T18:11:16+00:00\",\"dateModified\":\"2023-02-06T19:09:13+00:00\",\"mainEntityOfPage\":{\"@id\":\"https:\\\/\\\/folhapopular.info\\\/index.php\\\/2023\\\/02\\\/06\\\/equipes-da-educacao-de-municipios-do-g7-realizam-curso-de-formacao-de-gestores\\\/\"},\"wordCount\":404,\"commentCount\":0,\"image\":{\"@id\":\"https:\\\/\\\/folhapopular.info\\\/index.php\\\/2023\\\/02\\\/06\\\/equipes-da-educacao-de-municipios-do-g7-realizam-curso-de-formacao-de-gestores\\\/#primaryimage\"},\"thumbnailUrl\":\"https:\\\/\\\/folhapopular.info\\\/wp-content\\\/uploads\\\/2023\\\/02\\\/FORMACAO-DE-GESTORES-5.jpg\",\"keywords\":[\"Colinas\",\"Educa\u00e7\u00e3o\",\"Imigrante\",\"Po\u00e7o das Antas\",\"Secretaria de Educa\u00e7\u00e3o\",\"senai lajeado\",\"Univates\",\"Westf\u00e1lia\"],\"articleSection\":[\"Destaques\",\"Geral\"],\"inLanguage\":\"pt-BR\",\"potentialAction\":[{\"@type\":\"CommentAction\",\"name\":\"Comment\",\"target\":[\"https:\\\/\\\/folhapopular.info\\\/index.php\\\/2023\\\/02\\\/06\\\/equipes-da-educacao-de-municipios-do-g7-realizam-curso-de-formacao-de-gestores\\\/#respond\"]}]},{\"@type\":\"WebPage\",\"@id\":\"https:\\\/\\\/folhapopular.info\\\/index.php\\\/2023\\\/02\\\/06\\\/equipes-da-educacao-de-municipios-do-g7-realizam-curso-de-formacao-de-gestores\\\/\",\"url\":\"https:\\\/\\\/folhapopular.info\\\/index.php\\\/2023\\\/02\\\/06\\\/equipes-da-educacao-de-municipios-do-g7-realizam-curso-de-formacao-de-gestores\\\/\",\"name\":\"Equipes da Educa\u00e7\u00e3o de munic\u00edpios do G7 realizam curso de forma\u00e7\u00e3o de gestores - Folha Popular\",\"isPartOf\":{\"@id\":\"https:\\\/\\\/folhapopular.info\\\/#website\"},\"primaryImageOfPage\":{\"@id\":\"https:\\\/\\\/folhapopular.info\\\/index.php\\\/2023\\\/02\\\/06\\\/equipes-da-educacao-de-municipios-do-g7-realizam-curso-de-formacao-de-gestores\\\/#primaryimage\"},\"image\":{\"@id\":\"https:\\\/\\\/folhapopular.info\\\/index.php\\\/2023\\\/02\\\/06\\\/equipes-da-educacao-de-municipios-do-g7-realizam-curso-de-formacao-de-gestores\\\/#primaryimage\"},\"thumbnailUrl\":\"https:\\\/\\\/folhapopular.info\\\/wp-content\\\/uploads\\\/2023\\\/02\\\/FORMACAO-DE-GESTORES-5.jpg\",\"datePublished\":\"2023-02-06T18:11:16+00:00\",\"dateModified\":\"2023-02-06T19:09:13+00:00\",\"author\":{\"@id\":\"https:\\\/\\\/folhapopular.info\\\/#\\\/schema\\\/person\\\/2814e8a0df7643585a9ca38bc6eb9d4b\"},\"description\":\"Al\u00e9m de diretivas e servidores de Imigrante, forma\u00e7\u00e3o reuniu ainda equipes de Westf\u00e1lia, Colinas e Po\u00e7o das Antas.\",\"breadcrumb\":{\"@id\":\"https:\\\/\\\/folhapopular.info\\\/index.php\\\/2023\\\/02\\\/06\\\/equipes-da-educacao-de-municipios-do-g7-realizam-curso-de-formacao-de-gestores\\\/#breadcrumb\"},\"inLanguage\":\"pt-BR\",\"potentialAction\":[{\"@type\":\"ReadAction\",\"target\":[\"https:\\\/\\\/folhapopular.info\\\/index.php\\\/2023\\\/02\\\/06\\\/equipes-da-educacao-de-municipios-do-g7-realizam-curso-de-formacao-de-gestores\\\/\"]}]},{\"@type\":\"ImageObject\",\"inLanguage\":\"pt-BR\",\"@id\":\"https:\\\/\\\/folhapopular.info\\\/index.php\\\/2023\\\/02\\\/06\\\/equipes-da-educacao-de-municipios-do-g7-realizam-curso-de-formacao-de-gestores\\\/#primaryimage\",\"url\":\"https:\\\/\\\/folhapopular.info\\\/wp-content\\\/uploads\\\/2023\\\/02\\\/FORMACAO-DE-GESTORES-5.jpg\",\"contentUrl\":\"https:\\\/\\\/folhapopular.info\\\/wp-content\\\/uploads\\\/2023\\\/02\\\/FORMACAO-DE-GESTORES-5.jpg\",\"width\":1811,\"height\":1353,\"caption\":\"Proposta pedag\u00f3gica de 2023 prev\u00ea forma\u00e7\u00f5es durante todo o ano letivo. Cr\u00e9ditos: Carlos Eduardo Schneider\\\/divulga\u00e7\u00e3o\"},{\"@type\":\"BreadcrumbList\",\"@id\":\"https:\\\/\\\/folhapopular.info\\\/index.php\\\/2023\\\/02\\\/06\\\/equipes-da-educacao-de-municipios-do-g7-realizam-curso-de-formacao-de-gestores\\\/#breadcrumb\",\"itemListElement\":[{\"@type\":\"ListItem\",\"position\":1,\"name\":\"In\u00edcio\",\"item\":\"https:\\\/\\\/folhapopular.info\\\/\"},{\"@type\":\"ListItem\",\"position\":2,\"name\":\"Equipes da Educa\u00e7\u00e3o de munic\u00edpios do G7 realizam curso de forma\u00e7\u00e3o de gestores\"}]},{\"@type\":\"WebSite\",\"@id\":\"https:\\\/\\\/folhapopular.info\\\/#website\",\"url\":\"https:\\\/\\\/folhapopular.info\\\/\",\"name\":\"Folha Popular\",\"description\":\"Onde voc\u00ea tem vez e voz\",\"potentialAction\":[{\"@type\":\"SearchAction\",\"target\":{\"@type\":\"EntryPoint\",\"urlTemplate\":\"https:\\\/\\\/folhapopular.info\\\/?s={search_term_string}\"},\"query-input\":{\"@type\":\"PropertyValueSpecification\",\"valueRequired\":true,\"valueName\":\"search_term_string\"}}],\"inLanguage\":\"pt-BR\"},{\"@type\":\"Person\",\"@id\":\"https:\\\/\\\/folhapopular.info\\\/#\\\/schema\\\/person\\\/2814e8a0df7643585a9ca38bc6eb9d4b\",\"name\":\"Reda\u00e7\u00e3o Folha Popular\",\"image\":{\"@type\":\"ImageObject\",\"inLanguage\":\"pt-BR\",\"@id\":\"https:\\\/\\\/folhapopular.info\\\/wp-content\\\/uploads\\\/2026\\\/04\\\/Folha-1.webp\",\"url\":\"https:\\\/\\\/folhapopular.info\\\/wp-content\\\/uploads\\\/2026\\\/04\\\/Folha-1.webp\",\"contentUrl\":\"https:\\\/\\\/folhapopular.info\\\/wp-content\\\/uploads\\\/2026\\\/04\\\/Folha-1.webp\",\"caption\":\"Reda\u00e7\u00e3o Folha Popular\"},\"url\":\"https:\\\/\\\/folhapopular.info\\\/index.php\\\/author\\\/redacao\\\/\"}]}<\/script>\n<!-- \/ Yoast SEO plugin. -->","yoast_head_json":{"title":"Equipes da Educa\u00e7\u00e3o de munic\u00edpios do G7 realizam curso de forma\u00e7\u00e3o de gestores - Folha Popular","description":"Al\u00e9m de diretivas e servidores de Imigrante, forma\u00e7\u00e3o reuniu ainda equipes de Westf\u00e1lia, Colinas e Po\u00e7o das Antas.","robots":{"index":"index","follow":"follow","max-snippet":"max-snippet:-1","max-image-preview":"max-image-preview:large","max-video-preview":"max-video-preview:-1"},"canonical":"https:\/\/folhapopular.info\/index.php\/2023\/02\/06\/equipes-da-educacao-de-municipios-do-g7-realizam-curso-de-formacao-de-gestores\/","og_locale":"pt_BR","og_type":"article","og_title":"Equipes da Educa\u00e7\u00e3o de munic\u00edpios do G7 realizam curso de forma\u00e7\u00e3o de gestores - Folha Popular","og_description":"Al\u00e9m de diretivas e servidores de Imigrante, forma\u00e7\u00e3o reuniu ainda equipes de Westf\u00e1lia, Colinas e Po\u00e7o das Antas.","og_url":"https:\/\/folhapopular.info\/index.php\/2023\/02\/06\/equipes-da-educacao-de-municipios-do-g7-realizam-curso-de-formacao-de-gestores\/","og_site_name":"Folha Popular","article_published_time":"2023-02-06T18:11:16+00:00","article_modified_time":"2023-02-06T19:09:13+00:00","og_image":[{"width":1811,"height":1353,"url":"http:\/\/folhapopular.info\/wp-content\/uploads\/2023\/02\/FORMACAO-DE-GESTORES-5.jpg","type":"image\/jpeg"}],"author":"Reda\u00e7\u00e3o Folha Popular","twitter_card":"summary_large_image","twitter_misc":{"Escrito por":"Reda\u00e7\u00e3o Folha Popular","Est. tempo de leitura":"3 minutos"},"schema":{"@context":"https:\/\/schema.org","@graph":[{"@type":"Article","@id":"https:\/\/folhapopular.info\/index.php\/2023\/02\/06\/equipes-da-educacao-de-municipios-do-g7-realizam-curso-de-formacao-de-gestores\/#article","isPartOf":{"@id":"https:\/\/folhapopular.info\/index.php\/2023\/02\/06\/equipes-da-educacao-de-municipios-do-g7-realizam-curso-de-formacao-de-gestores\/"},"author":{"name":"Reda\u00e7\u00e3o Folha Popular","@id":"https:\/\/folhapopular.info\/#\/schema\/person\/2814e8a0df7643585a9ca38bc6eb9d4b"},"headline":"Equipes da Educa\u00e7\u00e3o de munic\u00edpios do G7 realizam curso de forma\u00e7\u00e3o de gestores","datePublished":"2023-02-06T18:11:16+00:00","dateModified":"2023-02-06T19:09:13+00:00","mainEntityOfPage":{"@id":"https:\/\/folhapopular.info\/index.php\/2023\/02\/06\/equipes-da-educacao-de-municipios-do-g7-realizam-curso-de-formacao-de-gestores\/"},"wordCount":404,"commentCount":0,"image":{"@id":"https:\/\/folhapopular.info\/index.php\/2023\/02\/06\/equipes-da-educacao-de-municipios-do-g7-realizam-curso-de-formacao-de-gestores\/#primaryimage"},"thumbnailUrl":"https:\/\/folhapopular.info\/wp-content\/uploads\/2023\/02\/FORMACAO-DE-GESTORES-5.jpg","keywords":["Colinas","Educa\u00e7\u00e3o","Imigrante","Po\u00e7o das Antas","Secretaria de Educa\u00e7\u00e3o","senai lajeado","Univates","Westf\u00e1lia"],"articleSection":["Destaques","Geral"],"inLanguage":"pt-BR","potentialAction":[{"@type":"CommentAction","name":"Comment","target":["https:\/\/folhapopular.info\/index.php\/2023\/02\/06\/equipes-da-educacao-de-municipios-do-g7-realizam-curso-de-formacao-de-gestores\/#respond"]}]},{"@type":"WebPage","@id":"https:\/\/folhapopular.info\/index.php\/2023\/02\/06\/equipes-da-educacao-de-municipios-do-g7-realizam-curso-de-formacao-de-gestores\/","url":"https:\/\/folhapopular.info\/index.php\/2023\/02\/06\/equipes-da-educacao-de-municipios-do-g7-realizam-curso-de-formacao-de-gestores\/","name":"Equipes da Educa\u00e7\u00e3o de munic\u00edpios do G7 realizam curso de forma\u00e7\u00e3o de gestores - Folha Popular","isPartOf":{"@id":"https:\/\/folhapopular.info\/#website"},"primaryImageOfPage":{"@id":"https:\/\/folhapopular.info\/index.php\/2023\/02\/06\/equipes-da-educacao-de-municipios-do-g7-realizam-curso-de-formacao-de-gestores\/#primaryimage"},"image":{"@id":"https:\/\/folhapopular.info\/index.php\/2023\/02\/06\/equipes-da-educacao-de-municipios-do-g7-realizam-curso-de-formacao-de-gestores\/#primaryimage"},"thumbnailUrl":"https:\/\/folhapopular.info\/wp-content\/uploads\/2023\/02\/FORMACAO-DE-GESTORES-5.jpg","datePublished":"2023-02-06T18:11:16+00:00","dateModified":"2023-02-06T19:09:13+00:00","author":{"@id":"https:\/\/folhapopular.info\/#\/schema\/person\/2814e8a0df7643585a9ca38bc6eb9d4b"},"description":"Al\u00e9m de diretivas e servidores de Imigrante, forma\u00e7\u00e3o reuniu ainda equipes de Westf\u00e1lia, Colinas e Po\u00e7o das Antas.","breadcrumb":{"@id":"https:\/\/folhapopular.info\/index.php\/2023\/02\/06\/equipes-da-educacao-de-municipios-do-g7-realizam-curso-de-formacao-de-gestores\/#breadcrumb"},"inLanguage":"pt-BR","potentialAction":[{"@type":"ReadAction","target":["https:\/\/folhapopular.info\/index.php\/2023\/02\/06\/equipes-da-educacao-de-municipios-do-g7-realizam-curso-de-formacao-de-gestores\/"]}]},{"@type":"ImageObject","inLanguage":"pt-BR","@id":"https:\/\/folhapopular.info\/index.php\/2023\/02\/06\/equipes-da-educacao-de-municipios-do-g7-realizam-curso-de-formacao-de-gestores\/#primaryimage","url":"https:\/\/folhapopular.info\/wp-content\/uploads\/2023\/02\/FORMACAO-DE-GESTORES-5.jpg","contentUrl":"https:\/\/folhapopular.info\/wp-content\/uploads\/2023\/02\/FORMACAO-DE-GESTORES-5.jpg","width":1811,"height":1353,"caption":"Proposta pedag\u00f3gica de 2023 prev\u00ea forma\u00e7\u00f5es durante todo o ano letivo. Cr\u00e9ditos: Carlos Eduardo Schneider\/divulga\u00e7\u00e3o"},{"@type":"BreadcrumbList","@id":"https:\/\/folhapopular.info\/index.php\/2023\/02\/06\/equipes-da-educacao-de-municipios-do-g7-realizam-curso-de-formacao-de-gestores\/#breadcrumb","itemListElement":[{"@type":"ListItem","position":1,"name":"In\u00edcio","item":"https:\/\/folhapopular.info\/"},{"@type":"ListItem","position":2,"name":"Equipes da Educa\u00e7\u00e3o de munic\u00edpios do G7 realizam curso de forma\u00e7\u00e3o de gestores"}]},{"@type":"WebSite","@id":"https:\/\/folhapopular.info\/#website","url":"https:\/\/folhapopular.info\/","name":"Folha Popular","description":"Onde voc\u00ea tem vez e voz","potentialAction":[{"@type":"SearchAction","target":{"@type":"EntryPoint","urlTemplate":"https:\/\/folhapopular.info\/?s={search_term_string}"},"query-input":{"@type":"PropertyValueSpecification","valueRequired":true,"valueName":"search_term_string"}}],"inLanguage":"pt-BR"},{"@type":"Person","@id":"https:\/\/folhapopular.info\/#\/schema\/person\/2814e8a0df7643585a9ca38bc6eb9d4b","name":"Reda\u00e7\u00e3o Folha Popular","image":{"@type":"ImageObject","inLanguage":"pt-BR","@id":"https:\/\/folhapopular.info\/wp-content\/uploads\/2026\/04\/Folha-1.webp","url":"https:\/\/folhapopular.info\/wp-content\/uploads\/2026\/04\/Folha-1.webp","contentUrl":"https:\/\/folhapopular.info\/wp-content\/uploads\/2026\/04\/Folha-1.webp","caption":"Reda\u00e7\u00e3o Folha Popular"},"url":"https:\/\/folhapopular.info\/index.php\/author\/redacao\/"}]}},"jetpack_featured_media_url":"https:\/\/folhapopular.info\/wp-content\/uploads\/2023\/02\/FORMACAO-DE-GESTORES-5.jpg","jetpack_sharing_enabled":true,"amp_enabled":true,"_links":{"self":[{"href":"https:\/\/folhapopular.info\/index.php\/wp-json\/wp\/v2\/posts\/120598","targetHints":{"allow":["GET"]}}],"collection":[{"href":"https:\/\/folhapopular.info\/index.php\/wp-json\/wp\/v2\/posts"}],"about":[{"href":"https:\/\/folhapopular.info\/index.php\/wp-json\/wp\/v2\/types\/post"}],"author":[{"embeddable":true,"href":"https:\/\/folhapopular.info\/index.php\/wp-json\/wp\/v2\/users\/8"}],"replies":[{"embeddable":true,"href":"https:\/\/folhapopular.info\/index.php\/wp-json\/wp\/v2\/comments?post=120598"}],"version-history":[{"count":0,"href":"https:\/\/folhapopular.info\/index.php\/wp-json\/wp\/v2\/posts\/120598\/revisions"}],"wp:featuredmedia":[{"embeddable":true,"href":"https:\/\/folhapopular.info\/index.php\/wp-json\/wp\/v2\/media\/120599"}],"wp:attachment":[{"href":"https:\/\/folhapopular.info\/index.php\/wp-json\/wp\/v2\/media?parent=120598"}],"wp:term":[{"taxonomy":"category","embeddable":true,"href":"https:\/\/folhapopular.info\/index.php\/wp-json\/wp\/v2\/categories?post=120598"},{"taxonomy":"post_tag","embeddable":true,"href":"https:\/\/folhapopular.info\/index.php\/wp-json\/wp\/v2\/tags?post=120598"}],"curies":[{"name":"wp","href":"https:\/\/api.w.org\/{rel}","templated":true}]}}