{"id":120714,"date":"2023-02-08T10:16:36","date_gmt":"2023-02-08T13:16:36","guid":{"rendered":"https:\/\/folhapopular.info\/?p=120714"},"modified":"2023-02-08T10:28:32","modified_gmt":"2023-02-08T13:28:32","slug":"obras-na-br-386-e-na-ers-130-alteram-transito-em-lajeado-a-partir-desta-quarta","status":"publish","type":"post","link":"https:\/\/folhapopular.info\/index.php\/2023\/02\/08\/obras-na-br-386-e-na-ers-130-alteram-transito-em-lajeado-a-partir-desta-quarta\/","title":{"rendered":"Obras na BR-386 e na ERS-130 alteram tr\u00e2nsito em Lajeado a partir desta quarta"},"content":{"rendered":"\n<p>Com o avan\u00e7o das obras de duplica\u00e7\u00e3o da BR-386 e da implanta\u00e7\u00e3o das novas vias marginais, a CCR ViaSul informa que ser\u00e1 necess\u00e1rio bloquear totalmente, de forma tempor\u00e1ria, o acesso \u00e0 BR-386 feito pela Rua Donga Menezes no Bairro Montanha, em Lajeado, na altura do km 345,6 da pista Sul (sentido capital), a partir desta quarta.<\/p>\n\n\n\n<p>Dessa forma, ve\u00edculos que saem do bairro e queiram acessar a rodovia dever\u00e3o utilizar outras alternativas de vias locais. J\u00e1 o acesso para os motoristas que desejam ingressar no bairro Montanha pela BR-386 segue inalterado, sendo feito no km 345. A previs\u00e3o de dura\u00e7\u00e3o das interven\u00e7\u00f5es \u00e9 de 15 dias.<\/p>\n\n\n\n<figure class=\"wp-block-image size-large is-resized\"><img loading=\"lazy\" decoding=\"async\" src=\"https:\/\/folhapopular.info\/wp-content\/uploads\/2023\/02\/acesso-bairro-Montanha2-1-1024x576.png\" alt=\"\" class=\"wp-image-120718\" width=\"903\" height=\"508\" srcset=\"https:\/\/folhapopular.info\/wp-content\/uploads\/2023\/02\/acesso-bairro-Montanha2-1-1024x576.png 1024w, https:\/\/folhapopular.info\/wp-content\/uploads\/2023\/02\/acesso-bairro-Montanha2-1-300x169.png 300w, https:\/\/folhapopular.info\/wp-content\/uploads\/2023\/02\/acesso-bairro-Montanha2-1-768x432.png 768w, https:\/\/folhapopular.info\/wp-content\/uploads\/2023\/02\/acesso-bairro-Montanha2-1-696x392.png 696w, https:\/\/folhapopular.info\/wp-content\/uploads\/2023\/02\/acesso-bairro-Montanha2-1-1068x601.png 1068w, https:\/\/folhapopular.info\/wp-content\/uploads\/2023\/02\/acesso-bairro-Montanha2-1.png 1280w\" sizes=\"auto, (max-width: 903px) 100vw, 903px\" \/><figcaption class=\"wp-element-caption\">Obras na BR-386 ocorrem a partir desta quarta. Cr\u00e9ditos: CCR Viasul\/divulga\u00e7\u00e3o<\/figcaption><\/figure>\n\n\n\n<h6 class=\"wp-block-heading\"><strong>ERS-130<\/strong><\/h6>\n\n\n\n<p>E a partir de s\u00e1bado (11\/2), em caso de tempo seco, ter\u00e1 in\u00edcio a nova etapa das <a href=\"https:\/\/www.lajeado.rs.gov.br\/noticia\/11543\/11543?titulo=Obras+estruturais+na+ERS+130+s%C3%A3o+iniciadas\">obras da ERS-130<\/a>, que consiste na constru\u00e7\u00e3o de t\u00fanel onde hoje est\u00e1 a r\u00f3tula da BRF, que liga os bairros Moinhos e Moinhos d&#8217;\u00c1gua, e exigir\u00e1 que o fluxo dos dois sentidos da rodovia seja provisoriamente desviado para a via marginal, localizada \u00e0 esquerda de quem trafega no sentido Lajeado &#8211; Ven\u00e2ncio Aires.<\/p>\n\n\n\n<p>Em fun\u00e7\u00e3o das obras, ficar\u00e1 proibido qualquer cruzamento de pista no trecho da rodovia situado entre as rotat\u00f3rias da BRF e do Centro de Distribui\u00e7\u00e3o da Imec. Pede-se que os motoristas que puderem, evitem utilizar o trecho, dando prefer\u00eancia a rotas alternativas dentro da cidade.<\/p>\n\n\n\n<p>Para ajudar na organiza\u00e7\u00e3o do fluxo de ve\u00edculos, tanto a Pol\u00edcia Rodovi\u00e1ria Estadual quanto os fiscais do Departamento de Tr\u00e2nsito de Lajeado estar\u00e3o no s\u00e1bado no local dos desvios para orienta\u00e7\u00e3o. A sinaliza\u00e7\u00e3o vi\u00e1ria apontando os locais dos desvios tamb\u00e9m ser\u00e1 utilizada.<\/p>\n","protected":false},"excerpt":{"rendered":"<p>Com o avan\u00e7o das obras de duplica\u00e7\u00e3o da BR-386 e da implanta\u00e7\u00e3o das novas vias marginais, a CCR ViaSul informa que ser\u00e1 necess\u00e1rio bloquear totalmente, de forma tempor\u00e1ria, o acesso \u00e0 BR-386 feito pela Rua Donga Menezes no Bairro Montanha, em Lajeado, na altura do km 345,6 da pista Sul (sentido capital), a partir desta [&hellip;]<\/p>\n","protected":false},"author":8,"featured_media":120715,"comment_status":"open","ping_status":"open","sticky":false,"template":"","format":"standard","meta":{"pmpro_default_level":"","_jetpack_memberships_contains_paid_content":false,"footnotes":""},"categories":[2,3],"tags":[10781,1564,91,5556,298,843,27,32,3119,113,708],"class_list":{"0":"post-120714","1":"post","2":"type-post","3":"status-publish","4":"format-standard","5":"has-post-thumbnail","7":"category-featured","8":"category-geral","9":"tag-alteracao","10":"tag-bairro-montanha","11":"tag-br-386","12":"tag-ccr-viasul","13":"tag-duplicacao","14":"tag-ers-130","15":"tag-lajeado","16":"tag-obras","17":"tag-rodovia","18":"tag-transito","19":"tag-venancio-aires","20":"pmpro-has-access"},"yoast_head":"<!-- This site is optimized with the Yoast SEO plugin v27.5 - https:\/\/yoast.com\/product\/yoast-seo-wordpress\/ -->\n<title>Obras na BR-386 e na ERS-130 alteram tr\u00e2nsito em Lajeado<\/title>\n<meta name=\"description\" content=\"Na rodovia federal, as obras iniciam nesta quarta-feira. J\u00e1 na estadual, a execu\u00e7\u00e3o deve come\u00e7ar no s\u00e1bado, em caso de tempo seco.\" \/>\n<meta name=\"robots\" content=\"index, follow, max-snippet:-1, max-image-preview:large, max-video-preview:-1\" \/>\n<link rel=\"canonical\" href=\"https:\/\/folhapopular.info\/index.php\/2023\/02\/08\/obras-na-br-386-e-na-ers-130-alteram-transito-em-lajeado-a-partir-desta-quarta\/\" \/>\n<meta property=\"og:locale\" content=\"pt_BR\" \/>\n<meta property=\"og:type\" content=\"article\" \/>\n<meta property=\"og:title\" content=\"Obras na BR-386 e na ERS-130 alteram tr\u00e2nsito em Lajeado\" \/>\n<meta property=\"og:description\" content=\"Na rodovia federal, as obras iniciam nesta quarta-feira. J\u00e1 na estadual, a execu\u00e7\u00e3o deve come\u00e7ar no s\u00e1bado, em caso de tempo seco.\" \/>\n<meta property=\"og:url\" content=\"https:\/\/folhapopular.info\/index.php\/2023\/02\/08\/obras-na-br-386-e-na-ers-130-alteram-transito-em-lajeado-a-partir-desta-quarta\/\" \/>\n<meta property=\"og:site_name\" content=\"Folha Popular\" \/>\n<meta property=\"article:published_time\" content=\"2023-02-08T13:16:36+00:00\" \/>\n<meta property=\"article:modified_time\" content=\"2023-02-08T13:28:32+00:00\" \/>\n<meta property=\"og:image\" content=\"http:\/\/folhapopular.info\/wp-content\/uploads\/2023\/02\/Ampla-editada-scaled.jpg\" \/>\n\t<meta property=\"og:image:width\" content=\"2560\" \/>\n\t<meta property=\"og:image:height\" content=\"1440\" \/>\n\t<meta property=\"og:image:type\" content=\"image\/jpeg\" \/>\n<meta name=\"author\" content=\"Reda\u00e7\u00e3o Folha Popular\" \/>\n<meta name=\"twitter:card\" content=\"summary_large_image\" \/>\n<meta name=\"twitter:label1\" content=\"Escrito por\" \/>\n\t<meta name=\"twitter:data1\" content=\"Reda\u00e7\u00e3o Folha Popular\" \/>\n\t<meta name=\"twitter:label2\" content=\"Est. tempo de leitura\" \/>\n\t<meta name=\"twitter:data2\" content=\"2 minutos\" \/>\n<script type=\"application\/ld+json\" class=\"yoast-schema-graph\">{\"@context\":\"https:\\\/\\\/schema.org\",\"@graph\":[{\"@type\":\"Article\",\"@id\":\"https:\\\/\\\/folhapopular.info\\\/index.php\\\/2023\\\/02\\\/08\\\/obras-na-br-386-e-na-ers-130-alteram-transito-em-lajeado-a-partir-desta-quarta\\\/#article\",\"isPartOf\":{\"@id\":\"https:\\\/\\\/folhapopular.info\\\/index.php\\\/2023\\\/02\\\/08\\\/obras-na-br-386-e-na-ers-130-alteram-transito-em-lajeado-a-partir-desta-quarta\\\/\"},\"author\":{\"name\":\"Reda\u00e7\u00e3o Folha Popular\",\"@id\":\"https:\\\/\\\/folhapopular.info\\\/#\\\/schema\\\/person\\\/2814e8a0df7643585a9ca38bc6eb9d4b\"},\"headline\":\"Obras na BR-386 e na ERS-130 alteram tr\u00e2nsito em Lajeado a partir desta quarta\",\"datePublished\":\"2023-02-08T13:16:36+00:00\",\"dateModified\":\"2023-02-08T13:28:32+00:00\",\"mainEntityOfPage\":{\"@id\":\"https:\\\/\\\/folhapopular.info\\\/index.php\\\/2023\\\/02\\\/08\\\/obras-na-br-386-e-na-ers-130-alteram-transito-em-lajeado-a-partir-desta-quarta\\\/\"},\"wordCount\":318,\"commentCount\":0,\"image\":{\"@id\":\"https:\\\/\\\/folhapopular.info\\\/index.php\\\/2023\\\/02\\\/08\\\/obras-na-br-386-e-na-ers-130-alteram-transito-em-lajeado-a-partir-desta-quarta\\\/#primaryimage\"},\"thumbnailUrl\":\"https:\\\/\\\/folhapopular.info\\\/wp-content\\\/uploads\\\/2023\\\/02\\\/Ampla-editada-scaled.jpg\",\"keywords\":[\"altera\u00e7\u00e3o\",\"Bairro Montanha\",\"BR-386\",\"CCR Viasul\",\"Duplica\u00e7\u00e3o\",\"ERS-130\",\"Lajeado\",\"Obras\",\"Rodovia\",\"Tr\u00e2nsito\",\"Ven\u00e2ncio Aires\"],\"articleSection\":[\"Destaques\",\"Geral\"],\"inLanguage\":\"pt-BR\",\"potentialAction\":[{\"@type\":\"CommentAction\",\"name\":\"Comment\",\"target\":[\"https:\\\/\\\/folhapopular.info\\\/index.php\\\/2023\\\/02\\\/08\\\/obras-na-br-386-e-na-ers-130-alteram-transito-em-lajeado-a-partir-desta-quarta\\\/#respond\"]}]},{\"@type\":\"WebPage\",\"@id\":\"https:\\\/\\\/folhapopular.info\\\/index.php\\\/2023\\\/02\\\/08\\\/obras-na-br-386-e-na-ers-130-alteram-transito-em-lajeado-a-partir-desta-quarta\\\/\",\"url\":\"https:\\\/\\\/folhapopular.info\\\/index.php\\\/2023\\\/02\\\/08\\\/obras-na-br-386-e-na-ers-130-alteram-transito-em-lajeado-a-partir-desta-quarta\\\/\",\"name\":\"Obras na BR-386 e na ERS-130 alteram tr\u00e2nsito em Lajeado\",\"isPartOf\":{\"@id\":\"https:\\\/\\\/folhapopular.info\\\/#website\"},\"primaryImageOfPage\":{\"@id\":\"https:\\\/\\\/folhapopular.info\\\/index.php\\\/2023\\\/02\\\/08\\\/obras-na-br-386-e-na-ers-130-alteram-transito-em-lajeado-a-partir-desta-quarta\\\/#primaryimage\"},\"image\":{\"@id\":\"https:\\\/\\\/folhapopular.info\\\/index.php\\\/2023\\\/02\\\/08\\\/obras-na-br-386-e-na-ers-130-alteram-transito-em-lajeado-a-partir-desta-quarta\\\/#primaryimage\"},\"thumbnailUrl\":\"https:\\\/\\\/folhapopular.info\\\/wp-content\\\/uploads\\\/2023\\\/02\\\/Ampla-editada-scaled.jpg\",\"datePublished\":\"2023-02-08T13:16:36+00:00\",\"dateModified\":\"2023-02-08T13:28:32+00:00\",\"author\":{\"@id\":\"https:\\\/\\\/folhapopular.info\\\/#\\\/schema\\\/person\\\/2814e8a0df7643585a9ca38bc6eb9d4b\"},\"description\":\"Na rodovia federal, as obras iniciam nesta quarta-feira. J\u00e1 na estadual, a execu\u00e7\u00e3o deve come\u00e7ar no s\u00e1bado, em caso de tempo seco.\",\"breadcrumb\":{\"@id\":\"https:\\\/\\\/folhapopular.info\\\/index.php\\\/2023\\\/02\\\/08\\\/obras-na-br-386-e-na-ers-130-alteram-transito-em-lajeado-a-partir-desta-quarta\\\/#breadcrumb\"},\"inLanguage\":\"pt-BR\",\"potentialAction\":[{\"@type\":\"ReadAction\",\"target\":[\"https:\\\/\\\/folhapopular.info\\\/index.php\\\/2023\\\/02\\\/08\\\/obras-na-br-386-e-na-ers-130-alteram-transito-em-lajeado-a-partir-desta-quarta\\\/\"]}]},{\"@type\":\"ImageObject\",\"inLanguage\":\"pt-BR\",\"@id\":\"https:\\\/\\\/folhapopular.info\\\/index.php\\\/2023\\\/02\\\/08\\\/obras-na-br-386-e-na-ers-130-alteram-transito-em-lajeado-a-partir-desta-quarta\\\/#primaryimage\",\"url\":\"https:\\\/\\\/folhapopular.info\\\/wp-content\\\/uploads\\\/2023\\\/02\\\/Ampla-editada-scaled.jpg\",\"contentUrl\":\"https:\\\/\\\/folhapopular.info\\\/wp-content\\\/uploads\\\/2023\\\/02\\\/Ampla-editada-scaled.jpg\",\"width\":2560,\"height\":1440,\"caption\":\"Etapa na ERS-130 inicia neste s\u00e1bado. Cr\u00e9ditos: Gabriela Rohers\\\/divulga\u00e7\u00e3o\"},{\"@type\":\"BreadcrumbList\",\"@id\":\"https:\\\/\\\/folhapopular.info\\\/index.php\\\/2023\\\/02\\\/08\\\/obras-na-br-386-e-na-ers-130-alteram-transito-em-lajeado-a-partir-desta-quarta\\\/#breadcrumb\",\"itemListElement\":[{\"@type\":\"ListItem\",\"position\":1,\"name\":\"In\u00edcio\",\"item\":\"https:\\\/\\\/folhapopular.info\\\/\"},{\"@type\":\"ListItem\",\"position\":2,\"name\":\"Obras na BR-386 e na ERS-130 alteram tr\u00e2nsito em Lajeado a partir desta quarta\"}]},{\"@type\":\"WebSite\",\"@id\":\"https:\\\/\\\/folhapopular.info\\\/#website\",\"url\":\"https:\\\/\\\/folhapopular.info\\\/\",\"name\":\"Folha Popular\",\"description\":\"Onde voc\u00ea tem vez e voz\",\"potentialAction\":[{\"@type\":\"SearchAction\",\"target\":{\"@type\":\"EntryPoint\",\"urlTemplate\":\"https:\\\/\\\/folhapopular.info\\\/?s={search_term_string}\"},\"query-input\":{\"@type\":\"PropertyValueSpecification\",\"valueRequired\":true,\"valueName\":\"search_term_string\"}}],\"inLanguage\":\"pt-BR\"},{\"@type\":\"Person\",\"@id\":\"https:\\\/\\\/folhapopular.info\\\/#\\\/schema\\\/person\\\/2814e8a0df7643585a9ca38bc6eb9d4b\",\"name\":\"Reda\u00e7\u00e3o Folha Popular\",\"image\":{\"@type\":\"ImageObject\",\"inLanguage\":\"pt-BR\",\"@id\":\"https:\\\/\\\/folhapopular.info\\\/wp-content\\\/uploads\\\/2026\\\/04\\\/Folha-1.webp\",\"url\":\"https:\\\/\\\/folhapopular.info\\\/wp-content\\\/uploads\\\/2026\\\/04\\\/Folha-1.webp\",\"contentUrl\":\"https:\\\/\\\/folhapopular.info\\\/wp-content\\\/uploads\\\/2026\\\/04\\\/Folha-1.webp\",\"caption\":\"Reda\u00e7\u00e3o Folha Popular\"},\"url\":\"https:\\\/\\\/folhapopular.info\\\/index.php\\\/author\\\/redacao\\\/\"}]}<\/script>\n<!-- \/ Yoast SEO plugin. -->","yoast_head_json":{"title":"Obras na BR-386 e na ERS-130 alteram tr\u00e2nsito em Lajeado","description":"Na rodovia federal, as obras iniciam nesta quarta-feira. J\u00e1 na estadual, a execu\u00e7\u00e3o deve come\u00e7ar no s\u00e1bado, em caso de tempo seco.","robots":{"index":"index","follow":"follow","max-snippet":"max-snippet:-1","max-image-preview":"max-image-preview:large","max-video-preview":"max-video-preview:-1"},"canonical":"https:\/\/folhapopular.info\/index.php\/2023\/02\/08\/obras-na-br-386-e-na-ers-130-alteram-transito-em-lajeado-a-partir-desta-quarta\/","og_locale":"pt_BR","og_type":"article","og_title":"Obras na BR-386 e na ERS-130 alteram tr\u00e2nsito em Lajeado","og_description":"Na rodovia federal, as obras iniciam nesta quarta-feira. J\u00e1 na estadual, a execu\u00e7\u00e3o deve come\u00e7ar no s\u00e1bado, em caso de tempo seco.","og_url":"https:\/\/folhapopular.info\/index.php\/2023\/02\/08\/obras-na-br-386-e-na-ers-130-alteram-transito-em-lajeado-a-partir-desta-quarta\/","og_site_name":"Folha Popular","article_published_time":"2023-02-08T13:16:36+00:00","article_modified_time":"2023-02-08T13:28:32+00:00","og_image":[{"width":2560,"height":1440,"url":"http:\/\/folhapopular.info\/wp-content\/uploads\/2023\/02\/Ampla-editada-scaled.jpg","type":"image\/jpeg"}],"author":"Reda\u00e7\u00e3o Folha Popular","twitter_card":"summary_large_image","twitter_misc":{"Escrito por":"Reda\u00e7\u00e3o Folha Popular","Est. tempo de leitura":"2 minutos"},"schema":{"@context":"https:\/\/schema.org","@graph":[{"@type":"Article","@id":"https:\/\/folhapopular.info\/index.php\/2023\/02\/08\/obras-na-br-386-e-na-ers-130-alteram-transito-em-lajeado-a-partir-desta-quarta\/#article","isPartOf":{"@id":"https:\/\/folhapopular.info\/index.php\/2023\/02\/08\/obras-na-br-386-e-na-ers-130-alteram-transito-em-lajeado-a-partir-desta-quarta\/"},"author":{"name":"Reda\u00e7\u00e3o Folha Popular","@id":"https:\/\/folhapopular.info\/#\/schema\/person\/2814e8a0df7643585a9ca38bc6eb9d4b"},"headline":"Obras na BR-386 e na ERS-130 alteram tr\u00e2nsito em Lajeado a partir desta quarta","datePublished":"2023-02-08T13:16:36+00:00","dateModified":"2023-02-08T13:28:32+00:00","mainEntityOfPage":{"@id":"https:\/\/folhapopular.info\/index.php\/2023\/02\/08\/obras-na-br-386-e-na-ers-130-alteram-transito-em-lajeado-a-partir-desta-quarta\/"},"wordCount":318,"commentCount":0,"image":{"@id":"https:\/\/folhapopular.info\/index.php\/2023\/02\/08\/obras-na-br-386-e-na-ers-130-alteram-transito-em-lajeado-a-partir-desta-quarta\/#primaryimage"},"thumbnailUrl":"https:\/\/folhapopular.info\/wp-content\/uploads\/2023\/02\/Ampla-editada-scaled.jpg","keywords":["altera\u00e7\u00e3o","Bairro Montanha","BR-386","CCR Viasul","Duplica\u00e7\u00e3o","ERS-130","Lajeado","Obras","Rodovia","Tr\u00e2nsito","Ven\u00e2ncio Aires"],"articleSection":["Destaques","Geral"],"inLanguage":"pt-BR","potentialAction":[{"@type":"CommentAction","name":"Comment","target":["https:\/\/folhapopular.info\/index.php\/2023\/02\/08\/obras-na-br-386-e-na-ers-130-alteram-transito-em-lajeado-a-partir-desta-quarta\/#respond"]}]},{"@type":"WebPage","@id":"https:\/\/folhapopular.info\/index.php\/2023\/02\/08\/obras-na-br-386-e-na-ers-130-alteram-transito-em-lajeado-a-partir-desta-quarta\/","url":"https:\/\/folhapopular.info\/index.php\/2023\/02\/08\/obras-na-br-386-e-na-ers-130-alteram-transito-em-lajeado-a-partir-desta-quarta\/","name":"Obras na BR-386 e na ERS-130 alteram tr\u00e2nsito em Lajeado","isPartOf":{"@id":"https:\/\/folhapopular.info\/#website"},"primaryImageOfPage":{"@id":"https:\/\/folhapopular.info\/index.php\/2023\/02\/08\/obras-na-br-386-e-na-ers-130-alteram-transito-em-lajeado-a-partir-desta-quarta\/#primaryimage"},"image":{"@id":"https:\/\/folhapopular.info\/index.php\/2023\/02\/08\/obras-na-br-386-e-na-ers-130-alteram-transito-em-lajeado-a-partir-desta-quarta\/#primaryimage"},"thumbnailUrl":"https:\/\/folhapopular.info\/wp-content\/uploads\/2023\/02\/Ampla-editada-scaled.jpg","datePublished":"2023-02-08T13:16:36+00:00","dateModified":"2023-02-08T13:28:32+00:00","author":{"@id":"https:\/\/folhapopular.info\/#\/schema\/person\/2814e8a0df7643585a9ca38bc6eb9d4b"},"description":"Na rodovia federal, as obras iniciam nesta quarta-feira. J\u00e1 na estadual, a execu\u00e7\u00e3o deve come\u00e7ar no s\u00e1bado, em caso de tempo seco.","breadcrumb":{"@id":"https:\/\/folhapopular.info\/index.php\/2023\/02\/08\/obras-na-br-386-e-na-ers-130-alteram-transito-em-lajeado-a-partir-desta-quarta\/#breadcrumb"},"inLanguage":"pt-BR","potentialAction":[{"@type":"ReadAction","target":["https:\/\/folhapopular.info\/index.php\/2023\/02\/08\/obras-na-br-386-e-na-ers-130-alteram-transito-em-lajeado-a-partir-desta-quarta\/"]}]},{"@type":"ImageObject","inLanguage":"pt-BR","@id":"https:\/\/folhapopular.info\/index.php\/2023\/02\/08\/obras-na-br-386-e-na-ers-130-alteram-transito-em-lajeado-a-partir-desta-quarta\/#primaryimage","url":"https:\/\/folhapopular.info\/wp-content\/uploads\/2023\/02\/Ampla-editada-scaled.jpg","contentUrl":"https:\/\/folhapopular.info\/wp-content\/uploads\/2023\/02\/Ampla-editada-scaled.jpg","width":2560,"height":1440,"caption":"Etapa na ERS-130 inicia neste s\u00e1bado. Cr\u00e9ditos: Gabriela Rohers\/divulga\u00e7\u00e3o"},{"@type":"BreadcrumbList","@id":"https:\/\/folhapopular.info\/index.php\/2023\/02\/08\/obras-na-br-386-e-na-ers-130-alteram-transito-em-lajeado-a-partir-desta-quarta\/#breadcrumb","itemListElement":[{"@type":"ListItem","position":1,"name":"In\u00edcio","item":"https:\/\/folhapopular.info\/"},{"@type":"ListItem","position":2,"name":"Obras na BR-386 e na ERS-130 alteram tr\u00e2nsito em Lajeado a partir desta quarta"}]},{"@type":"WebSite","@id":"https:\/\/folhapopular.info\/#website","url":"https:\/\/folhapopular.info\/","name":"Folha Popular","description":"Onde voc\u00ea tem vez e voz","potentialAction":[{"@type":"SearchAction","target":{"@type":"EntryPoint","urlTemplate":"https:\/\/folhapopular.info\/?s={search_term_string}"},"query-input":{"@type":"PropertyValueSpecification","valueRequired":true,"valueName":"search_term_string"}}],"inLanguage":"pt-BR"},{"@type":"Person","@id":"https:\/\/folhapopular.info\/#\/schema\/person\/2814e8a0df7643585a9ca38bc6eb9d4b","name":"Reda\u00e7\u00e3o Folha Popular","image":{"@type":"ImageObject","inLanguage":"pt-BR","@id":"https:\/\/folhapopular.info\/wp-content\/uploads\/2026\/04\/Folha-1.webp","url":"https:\/\/folhapopular.info\/wp-content\/uploads\/2026\/04\/Folha-1.webp","contentUrl":"https:\/\/folhapopular.info\/wp-content\/uploads\/2026\/04\/Folha-1.webp","caption":"Reda\u00e7\u00e3o Folha Popular"},"url":"https:\/\/folhapopular.info\/index.php\/author\/redacao\/"}]}},"jetpack_featured_media_url":"https:\/\/folhapopular.info\/wp-content\/uploads\/2023\/02\/Ampla-editada-scaled.jpg","jetpack_sharing_enabled":true,"amp_enabled":true,"_links":{"self":[{"href":"https:\/\/folhapopular.info\/index.php\/wp-json\/wp\/v2\/posts\/120714","targetHints":{"allow":["GET"]}}],"collection":[{"href":"https:\/\/folhapopular.info\/index.php\/wp-json\/wp\/v2\/posts"}],"about":[{"href":"https:\/\/folhapopular.info\/index.php\/wp-json\/wp\/v2\/types\/post"}],"author":[{"embeddable":true,"href":"https:\/\/folhapopular.info\/index.php\/wp-json\/wp\/v2\/users\/8"}],"replies":[{"embeddable":true,"href":"https:\/\/folhapopular.info\/index.php\/wp-json\/wp\/v2\/comments?post=120714"}],"version-history":[{"count":0,"href":"https:\/\/folhapopular.info\/index.php\/wp-json\/wp\/v2\/posts\/120714\/revisions"}],"wp:featuredmedia":[{"embeddable":true,"href":"https:\/\/folhapopular.info\/index.php\/wp-json\/wp\/v2\/media\/120715"}],"wp:attachment":[{"href":"https:\/\/folhapopular.info\/index.php\/wp-json\/wp\/v2\/media?parent=120714"}],"wp:term":[{"taxonomy":"category","embeddable":true,"href":"https:\/\/folhapopular.info\/index.php\/wp-json\/wp\/v2\/categories?post=120714"},{"taxonomy":"post_tag","embeddable":true,"href":"https:\/\/folhapopular.info\/index.php\/wp-json\/wp\/v2\/tags?post=120714"}],"curies":[{"name":"wp","href":"https:\/\/api.w.org\/{rel}","templated":true}]}}