{"id":120812,"date":"2023-02-10T16:44:24","date_gmt":"2023-02-10T19:44:24","guid":{"rendered":"https:\/\/folhapopular.info\/?p=120812"},"modified":"2023-02-10T17:22:19","modified_gmt":"2023-02-10T20:22:19","slug":"usuarios-do-cadunico-de-lajedo-devem-atualizar-seus-dados","status":"publish","type":"post","link":"https:\/\/folhapopular.info\/index.php\/2023\/02\/10\/usuarios-do-cadunico-de-lajedo-devem-atualizar-seus-dados\/","title":{"rendered":"Usu\u00e1rios do Cad\u00danico de Lajeado devem atualizar seus dados"},"content":{"rendered":"\n<p>A Secretaria de Desenvolvimento Social (SMDS), informa \u00e0s fam\u00edlias usu\u00e1rias do Cadastro \u00danico (Cad\u00danico) para Programas Sociais, para atualizar seus dados. A convoca\u00e7\u00e3o deve ser considerada pelos indiv\u00edduos com dados desatualizados h\u00e1 mais de 2 anos. O Governo Federal recomenda a atualiza\u00e7\u00e3o a cada 2 anos ou quando houver altera\u00e7\u00e3o. Mais de duas mil fam\u00edlias precisam fazer a atualiza\u00e7\u00e3o no munic\u00edpio, que tem 7,3 mil inscri\u00e7\u00f5es no programa.<\/p>\n\n\n\n<h6 class=\"wp-block-heading\"><strong>Informa\u00e7\u00f5es<\/strong><\/h6>\n\n\n\n<p>A a\u00e7\u00e3o difere para cada fam\u00edlia e depende do bairro em que a resid\u00eancia est\u00e1 localizada. Confira:<\/p>\n\n\n\n<p>&#8211; Bairros Alto do Parque, Campestre, Centen\u00e1rio, Igrejinha, Imigrante, Olarias, Planalto, Santo Andr\u00e9, S\u00e3o Crist\u00f3v\u00e3o e Universit\u00e1rio devem contatar o Centro de Refer\u00eancia da Assist\u00eancia Social (CRAS) Espa\u00e7o de Todos N\u00f3s, do Bairro Santo Andr\u00e9, por meio do telefone (51) 3982-1133 ou pelo Whatsapp (51) 98038-2746.<\/p>\n\n\n\n<p>&#8211; Outros bairros: atualiza\u00e7\u00e3o \u00e9 realizada na sede da SMDS, na Avenida Benjamin Constant, 428, no Centro, e o agendamento deve ocorrer pelo telefone (51) 3982-1092.<\/p>\n","protected":false},"excerpt":{"rendered":"<p>A Secretaria de Desenvolvimento Social (SMDS), informa \u00e0s fam\u00edlias usu\u00e1rias do Cadastro \u00danico (Cad\u00danico) para Programas Sociais, para atualizar seus dados. A convoca\u00e7\u00e3o deve ser considerada pelos indiv\u00edduos com dados desatualizados h\u00e1 mais de 2 anos. O Governo Federal recomenda a atualiza\u00e7\u00e3o a cada 2 anos ou quando houver altera\u00e7\u00e3o. Mais de duas mil fam\u00edlias [&hellip;]<\/p>\n","protected":false},"author":8,"featured_media":120814,"comment_status":"open","ping_status":"open","sticky":false,"template":"","format":"standard","meta":{"pmpro_default_level":"","_jetpack_memberships_contains_paid_content":false,"footnotes":""},"categories":[2,3],"tags":[4073,5358,5847,946,27,10800,5240],"class_list":{"0":"post-120812","1":"post","2":"type-post","3":"status-publish","4":"format-standard","5":"has-post-thumbnail","7":"category-featured","8":"category-geral","9":"tag-cadunico","10":"tag-familias","11":"tag-governo-federal","12":"tag-inscricoes","13":"tag-lajeado","14":"tag-smds","15":"tag-usuarios","16":"pmpro-has-access"},"yoast_head":"<!-- This site is optimized with the Yoast SEO plugin v27.5 - https:\/\/yoast.com\/product\/yoast-seo-wordpress\/ -->\n<title>Usu\u00e1rios do Cad\u00danico de Lajeado devem atualizar seus dados - Folha Popular<\/title>\n<meta name=\"robots\" content=\"index, follow, max-snippet:-1, max-image-preview:large, max-video-preview:-1\" \/>\n<link rel=\"canonical\" href=\"https:\/\/folhapopular.info\/index.php\/2023\/02\/10\/usuarios-do-cadunico-de-lajedo-devem-atualizar-seus-dados\/\" \/>\n<meta property=\"og:locale\" content=\"pt_BR\" \/>\n<meta property=\"og:type\" content=\"article\" \/>\n<meta property=\"og:title\" content=\"Usu\u00e1rios do Cad\u00danico de Lajeado devem atualizar seus dados - Folha Popular\" \/>\n<meta property=\"og:description\" content=\"A Secretaria de Desenvolvimento Social (SMDS), informa \u00e0s fam\u00edlias usu\u00e1rias do Cadastro \u00danico (Cad\u00danico) para Programas Sociais, para atualizar seus dados. A convoca\u00e7\u00e3o deve ser considerada pelos indiv\u00edduos com dados desatualizados h\u00e1 mais de 2 anos. O Governo Federal recomenda a atualiza\u00e7\u00e3o a cada 2 anos ou quando houver altera\u00e7\u00e3o. Mais de duas mil fam\u00edlias [&hellip;]\" \/>\n<meta property=\"og:url\" content=\"https:\/\/folhapopular.info\/index.php\/2023\/02\/10\/usuarios-do-cadunico-de-lajedo-devem-atualizar-seus-dados\/\" \/>\n<meta property=\"og:site_name\" content=\"Folha Popular\" \/>\n<meta property=\"article:published_time\" content=\"2023-02-10T19:44:24+00:00\" \/>\n<meta property=\"article:modified_time\" content=\"2023-02-10T20:22:19+00:00\" \/>\n<meta property=\"og:image\" content=\"http:\/\/folhapopular.info\/wp-content\/uploads\/2023\/02\/cadunico_governo_federal-divulgacao.jpg\" \/>\n\t<meta property=\"og:image:width\" content=\"806\" \/>\n\t<meta property=\"og:image:height\" content=\"443\" \/>\n\t<meta property=\"og:image:type\" content=\"image\/jpeg\" \/>\n<meta name=\"author\" content=\"Reda\u00e7\u00e3o Folha Popular\" \/>\n<meta name=\"twitter:card\" content=\"summary_large_image\" \/>\n<meta name=\"twitter:label1\" content=\"Escrito por\" \/>\n\t<meta name=\"twitter:data1\" content=\"Reda\u00e7\u00e3o Folha Popular\" \/>\n\t<meta name=\"twitter:label2\" content=\"Est. tempo de leitura\" \/>\n\t<meta name=\"twitter:data2\" content=\"1 minuto\" \/>\n<script type=\"application\/ld+json\" class=\"yoast-schema-graph\">{\"@context\":\"https:\\\/\\\/schema.org\",\"@graph\":[{\"@type\":\"Article\",\"@id\":\"https:\\\/\\\/folhapopular.info\\\/index.php\\\/2023\\\/02\\\/10\\\/usuarios-do-cadunico-de-lajedo-devem-atualizar-seus-dados\\\/#article\",\"isPartOf\":{\"@id\":\"https:\\\/\\\/folhapopular.info\\\/index.php\\\/2023\\\/02\\\/10\\\/usuarios-do-cadunico-de-lajedo-devem-atualizar-seus-dados\\\/\"},\"author\":{\"name\":\"Reda\u00e7\u00e3o Folha Popular\",\"@id\":\"https:\\\/\\\/folhapopular.info\\\/#\\\/schema\\\/person\\\/2814e8a0df7643585a9ca38bc6eb9d4b\"},\"headline\":\"Usu\u00e1rios do Cad\u00danico de Lajeado devem atualizar seus dados\",\"datePublished\":\"2023-02-10T19:44:24+00:00\",\"dateModified\":\"2023-02-10T20:22:19+00:00\",\"mainEntityOfPage\":{\"@id\":\"https:\\\/\\\/folhapopular.info\\\/index.php\\\/2023\\\/02\\\/10\\\/usuarios-do-cadunico-de-lajedo-devem-atualizar-seus-dados\\\/\"},\"wordCount\":186,\"commentCount\":0,\"image\":{\"@id\":\"https:\\\/\\\/folhapopular.info\\\/index.php\\\/2023\\\/02\\\/10\\\/usuarios-do-cadunico-de-lajedo-devem-atualizar-seus-dados\\\/#primaryimage\"},\"thumbnailUrl\":\"https:\\\/\\\/folhapopular.info\\\/wp-content\\\/uploads\\\/2023\\\/02\\\/cadunico_governo_federal-divulgacao.jpg\",\"keywords\":[\"Cad\u00danico\",\"fam\u00edlias\",\"Governo Federal\",\"Inscri\u00e7\u00f5es\",\"Lajeado\",\"SMDS\",\"usu\u00e1rios\"],\"articleSection\":[\"Destaques\",\"Geral\"],\"inLanguage\":\"pt-BR\",\"potentialAction\":[{\"@type\":\"CommentAction\",\"name\":\"Comment\",\"target\":[\"https:\\\/\\\/folhapopular.info\\\/index.php\\\/2023\\\/02\\\/10\\\/usuarios-do-cadunico-de-lajedo-devem-atualizar-seus-dados\\\/#respond\"]}]},{\"@type\":\"WebPage\",\"@id\":\"https:\\\/\\\/folhapopular.info\\\/index.php\\\/2023\\\/02\\\/10\\\/usuarios-do-cadunico-de-lajedo-devem-atualizar-seus-dados\\\/\",\"url\":\"https:\\\/\\\/folhapopular.info\\\/index.php\\\/2023\\\/02\\\/10\\\/usuarios-do-cadunico-de-lajedo-devem-atualizar-seus-dados\\\/\",\"name\":\"Usu\u00e1rios do Cad\u00danico de Lajeado devem atualizar seus dados - Folha Popular\",\"isPartOf\":{\"@id\":\"https:\\\/\\\/folhapopular.info\\\/#website\"},\"primaryImageOfPage\":{\"@id\":\"https:\\\/\\\/folhapopular.info\\\/index.php\\\/2023\\\/02\\\/10\\\/usuarios-do-cadunico-de-lajedo-devem-atualizar-seus-dados\\\/#primaryimage\"},\"image\":{\"@id\":\"https:\\\/\\\/folhapopular.info\\\/index.php\\\/2023\\\/02\\\/10\\\/usuarios-do-cadunico-de-lajedo-devem-atualizar-seus-dados\\\/#primaryimage\"},\"thumbnailUrl\":\"https:\\\/\\\/folhapopular.info\\\/wp-content\\\/uploads\\\/2023\\\/02\\\/cadunico_governo_federal-divulgacao.jpg\",\"datePublished\":\"2023-02-10T19:44:24+00:00\",\"dateModified\":\"2023-02-10T20:22:19+00:00\",\"author\":{\"@id\":\"https:\\\/\\\/folhapopular.info\\\/#\\\/schema\\\/person\\\/2814e8a0df7643585a9ca38bc6eb9d4b\"},\"breadcrumb\":{\"@id\":\"https:\\\/\\\/folhapopular.info\\\/index.php\\\/2023\\\/02\\\/10\\\/usuarios-do-cadunico-de-lajedo-devem-atualizar-seus-dados\\\/#breadcrumb\"},\"inLanguage\":\"pt-BR\",\"potentialAction\":[{\"@type\":\"ReadAction\",\"target\":[\"https:\\\/\\\/folhapopular.info\\\/index.php\\\/2023\\\/02\\\/10\\\/usuarios-do-cadunico-de-lajedo-devem-atualizar-seus-dados\\\/\"]}]},{\"@type\":\"ImageObject\",\"inLanguage\":\"pt-BR\",\"@id\":\"https:\\\/\\\/folhapopular.info\\\/index.php\\\/2023\\\/02\\\/10\\\/usuarios-do-cadunico-de-lajedo-devem-atualizar-seus-dados\\\/#primaryimage\",\"url\":\"https:\\\/\\\/folhapopular.info\\\/wp-content\\\/uploads\\\/2023\\\/02\\\/cadunico_governo_federal-divulgacao.jpg\",\"contentUrl\":\"https:\\\/\\\/folhapopular.info\\\/wp-content\\\/uploads\\\/2023\\\/02\\\/cadunico_governo_federal-divulgacao.jpg\",\"width\":806,\"height\":443,\"caption\":\"Cr\u00e9dito: Divulga\u00e7\u00e3o\"},{\"@type\":\"BreadcrumbList\",\"@id\":\"https:\\\/\\\/folhapopular.info\\\/index.php\\\/2023\\\/02\\\/10\\\/usuarios-do-cadunico-de-lajedo-devem-atualizar-seus-dados\\\/#breadcrumb\",\"itemListElement\":[{\"@type\":\"ListItem\",\"position\":1,\"name\":\"In\u00edcio\",\"item\":\"https:\\\/\\\/folhapopular.info\\\/\"},{\"@type\":\"ListItem\",\"position\":2,\"name\":\"Usu\u00e1rios do Cad\u00danico de Lajeado devem atualizar seus dados\"}]},{\"@type\":\"WebSite\",\"@id\":\"https:\\\/\\\/folhapopular.info\\\/#website\",\"url\":\"https:\\\/\\\/folhapopular.info\\\/\",\"name\":\"Folha Popular\",\"description\":\"Onde voc\u00ea tem vez e voz\",\"potentialAction\":[{\"@type\":\"SearchAction\",\"target\":{\"@type\":\"EntryPoint\",\"urlTemplate\":\"https:\\\/\\\/folhapopular.info\\\/?s={search_term_string}\"},\"query-input\":{\"@type\":\"PropertyValueSpecification\",\"valueRequired\":true,\"valueName\":\"search_term_string\"}}],\"inLanguage\":\"pt-BR\"},{\"@type\":\"Person\",\"@id\":\"https:\\\/\\\/folhapopular.info\\\/#\\\/schema\\\/person\\\/2814e8a0df7643585a9ca38bc6eb9d4b\",\"name\":\"Reda\u00e7\u00e3o Folha Popular\",\"image\":{\"@type\":\"ImageObject\",\"inLanguage\":\"pt-BR\",\"@id\":\"https:\\\/\\\/folhapopular.info\\\/wp-content\\\/uploads\\\/2026\\\/04\\\/Folha-1.webp\",\"url\":\"https:\\\/\\\/folhapopular.info\\\/wp-content\\\/uploads\\\/2026\\\/04\\\/Folha-1.webp\",\"contentUrl\":\"https:\\\/\\\/folhapopular.info\\\/wp-content\\\/uploads\\\/2026\\\/04\\\/Folha-1.webp\",\"caption\":\"Reda\u00e7\u00e3o Folha Popular\"},\"url\":\"https:\\\/\\\/folhapopular.info\\\/index.php\\\/author\\\/redacao\\\/\"}]}<\/script>\n<!-- \/ Yoast SEO plugin. -->","yoast_head_json":{"title":"Usu\u00e1rios do Cad\u00danico de Lajeado devem atualizar seus dados - Folha Popular","robots":{"index":"index","follow":"follow","max-snippet":"max-snippet:-1","max-image-preview":"max-image-preview:large","max-video-preview":"max-video-preview:-1"},"canonical":"https:\/\/folhapopular.info\/index.php\/2023\/02\/10\/usuarios-do-cadunico-de-lajedo-devem-atualizar-seus-dados\/","og_locale":"pt_BR","og_type":"article","og_title":"Usu\u00e1rios do Cad\u00danico de Lajeado devem atualizar seus dados - Folha Popular","og_description":"A Secretaria de Desenvolvimento Social (SMDS), informa \u00e0s fam\u00edlias usu\u00e1rias do Cadastro \u00danico (Cad\u00danico) para Programas Sociais, para atualizar seus dados. A convoca\u00e7\u00e3o deve ser considerada pelos indiv\u00edduos com dados desatualizados h\u00e1 mais de 2 anos. O Governo Federal recomenda a atualiza\u00e7\u00e3o a cada 2 anos ou quando houver altera\u00e7\u00e3o. Mais de duas mil fam\u00edlias [&hellip;]","og_url":"https:\/\/folhapopular.info\/index.php\/2023\/02\/10\/usuarios-do-cadunico-de-lajedo-devem-atualizar-seus-dados\/","og_site_name":"Folha Popular","article_published_time":"2023-02-10T19:44:24+00:00","article_modified_time":"2023-02-10T20:22:19+00:00","og_image":[{"width":806,"height":443,"url":"http:\/\/folhapopular.info\/wp-content\/uploads\/2023\/02\/cadunico_governo_federal-divulgacao.jpg","type":"image\/jpeg"}],"author":"Reda\u00e7\u00e3o Folha Popular","twitter_card":"summary_large_image","twitter_misc":{"Escrito por":"Reda\u00e7\u00e3o Folha Popular","Est. tempo de leitura":"1 minuto"},"schema":{"@context":"https:\/\/schema.org","@graph":[{"@type":"Article","@id":"https:\/\/folhapopular.info\/index.php\/2023\/02\/10\/usuarios-do-cadunico-de-lajedo-devem-atualizar-seus-dados\/#article","isPartOf":{"@id":"https:\/\/folhapopular.info\/index.php\/2023\/02\/10\/usuarios-do-cadunico-de-lajedo-devem-atualizar-seus-dados\/"},"author":{"name":"Reda\u00e7\u00e3o Folha Popular","@id":"https:\/\/folhapopular.info\/#\/schema\/person\/2814e8a0df7643585a9ca38bc6eb9d4b"},"headline":"Usu\u00e1rios do Cad\u00danico de Lajeado devem atualizar seus dados","datePublished":"2023-02-10T19:44:24+00:00","dateModified":"2023-02-10T20:22:19+00:00","mainEntityOfPage":{"@id":"https:\/\/folhapopular.info\/index.php\/2023\/02\/10\/usuarios-do-cadunico-de-lajedo-devem-atualizar-seus-dados\/"},"wordCount":186,"commentCount":0,"image":{"@id":"https:\/\/folhapopular.info\/index.php\/2023\/02\/10\/usuarios-do-cadunico-de-lajedo-devem-atualizar-seus-dados\/#primaryimage"},"thumbnailUrl":"https:\/\/folhapopular.info\/wp-content\/uploads\/2023\/02\/cadunico_governo_federal-divulgacao.jpg","keywords":["Cad\u00danico","fam\u00edlias","Governo Federal","Inscri\u00e7\u00f5es","Lajeado","SMDS","usu\u00e1rios"],"articleSection":["Destaques","Geral"],"inLanguage":"pt-BR","potentialAction":[{"@type":"CommentAction","name":"Comment","target":["https:\/\/folhapopular.info\/index.php\/2023\/02\/10\/usuarios-do-cadunico-de-lajedo-devem-atualizar-seus-dados\/#respond"]}]},{"@type":"WebPage","@id":"https:\/\/folhapopular.info\/index.php\/2023\/02\/10\/usuarios-do-cadunico-de-lajedo-devem-atualizar-seus-dados\/","url":"https:\/\/folhapopular.info\/index.php\/2023\/02\/10\/usuarios-do-cadunico-de-lajedo-devem-atualizar-seus-dados\/","name":"Usu\u00e1rios do Cad\u00danico de Lajeado devem atualizar seus dados - Folha Popular","isPartOf":{"@id":"https:\/\/folhapopular.info\/#website"},"primaryImageOfPage":{"@id":"https:\/\/folhapopular.info\/index.php\/2023\/02\/10\/usuarios-do-cadunico-de-lajedo-devem-atualizar-seus-dados\/#primaryimage"},"image":{"@id":"https:\/\/folhapopular.info\/index.php\/2023\/02\/10\/usuarios-do-cadunico-de-lajedo-devem-atualizar-seus-dados\/#primaryimage"},"thumbnailUrl":"https:\/\/folhapopular.info\/wp-content\/uploads\/2023\/02\/cadunico_governo_federal-divulgacao.jpg","datePublished":"2023-02-10T19:44:24+00:00","dateModified":"2023-02-10T20:22:19+00:00","author":{"@id":"https:\/\/folhapopular.info\/#\/schema\/person\/2814e8a0df7643585a9ca38bc6eb9d4b"},"breadcrumb":{"@id":"https:\/\/folhapopular.info\/index.php\/2023\/02\/10\/usuarios-do-cadunico-de-lajedo-devem-atualizar-seus-dados\/#breadcrumb"},"inLanguage":"pt-BR","potentialAction":[{"@type":"ReadAction","target":["https:\/\/folhapopular.info\/index.php\/2023\/02\/10\/usuarios-do-cadunico-de-lajedo-devem-atualizar-seus-dados\/"]}]},{"@type":"ImageObject","inLanguage":"pt-BR","@id":"https:\/\/folhapopular.info\/index.php\/2023\/02\/10\/usuarios-do-cadunico-de-lajedo-devem-atualizar-seus-dados\/#primaryimage","url":"https:\/\/folhapopular.info\/wp-content\/uploads\/2023\/02\/cadunico_governo_federal-divulgacao.jpg","contentUrl":"https:\/\/folhapopular.info\/wp-content\/uploads\/2023\/02\/cadunico_governo_federal-divulgacao.jpg","width":806,"height":443,"caption":"Cr\u00e9dito: Divulga\u00e7\u00e3o"},{"@type":"BreadcrumbList","@id":"https:\/\/folhapopular.info\/index.php\/2023\/02\/10\/usuarios-do-cadunico-de-lajedo-devem-atualizar-seus-dados\/#breadcrumb","itemListElement":[{"@type":"ListItem","position":1,"name":"In\u00edcio","item":"https:\/\/folhapopular.info\/"},{"@type":"ListItem","position":2,"name":"Usu\u00e1rios do Cad\u00danico de Lajeado devem atualizar seus dados"}]},{"@type":"WebSite","@id":"https:\/\/folhapopular.info\/#website","url":"https:\/\/folhapopular.info\/","name":"Folha Popular","description":"Onde voc\u00ea tem vez e voz","potentialAction":[{"@type":"SearchAction","target":{"@type":"EntryPoint","urlTemplate":"https:\/\/folhapopular.info\/?s={search_term_string}"},"query-input":{"@type":"PropertyValueSpecification","valueRequired":true,"valueName":"search_term_string"}}],"inLanguage":"pt-BR"},{"@type":"Person","@id":"https:\/\/folhapopular.info\/#\/schema\/person\/2814e8a0df7643585a9ca38bc6eb9d4b","name":"Reda\u00e7\u00e3o Folha Popular","image":{"@type":"ImageObject","inLanguage":"pt-BR","@id":"https:\/\/folhapopular.info\/wp-content\/uploads\/2026\/04\/Folha-1.webp","url":"https:\/\/folhapopular.info\/wp-content\/uploads\/2026\/04\/Folha-1.webp","contentUrl":"https:\/\/folhapopular.info\/wp-content\/uploads\/2026\/04\/Folha-1.webp","caption":"Reda\u00e7\u00e3o Folha Popular"},"url":"https:\/\/folhapopular.info\/index.php\/author\/redacao\/"}]}},"jetpack_featured_media_url":"https:\/\/folhapopular.info\/wp-content\/uploads\/2023\/02\/cadunico_governo_federal-divulgacao.jpg","jetpack_sharing_enabled":true,"amp_enabled":true,"_links":{"self":[{"href":"https:\/\/folhapopular.info\/index.php\/wp-json\/wp\/v2\/posts\/120812","targetHints":{"allow":["GET"]}}],"collection":[{"href":"https:\/\/folhapopular.info\/index.php\/wp-json\/wp\/v2\/posts"}],"about":[{"href":"https:\/\/folhapopular.info\/index.php\/wp-json\/wp\/v2\/types\/post"}],"author":[{"embeddable":true,"href":"https:\/\/folhapopular.info\/index.php\/wp-json\/wp\/v2\/users\/8"}],"replies":[{"embeddable":true,"href":"https:\/\/folhapopular.info\/index.php\/wp-json\/wp\/v2\/comments?post=120812"}],"version-history":[{"count":0,"href":"https:\/\/folhapopular.info\/index.php\/wp-json\/wp\/v2\/posts\/120812\/revisions"}],"wp:featuredmedia":[{"embeddable":true,"href":"https:\/\/folhapopular.info\/index.php\/wp-json\/wp\/v2\/media\/120814"}],"wp:attachment":[{"href":"https:\/\/folhapopular.info\/index.php\/wp-json\/wp\/v2\/media?parent=120812"}],"wp:term":[{"taxonomy":"category","embeddable":true,"href":"https:\/\/folhapopular.info\/index.php\/wp-json\/wp\/v2\/categories?post=120812"},{"taxonomy":"post_tag","embeddable":true,"href":"https:\/\/folhapopular.info\/index.php\/wp-json\/wp\/v2\/tags?post=120812"}],"curies":[{"name":"wp","href":"https:\/\/api.w.org\/{rel}","templated":true}]}}