{"id":120899,"date":"2023-02-11T15:35:00","date_gmt":"2023-02-11T18:35:00","guid":{"rendered":"https:\/\/folhapopular.info\/?p=120899"},"modified":"2023-02-11T10:19:05","modified_gmt":"2023-02-11T13:19:05","slug":"bereal-traz-nova-proposta-de-interacao-entre-usuarios","status":"publish","type":"post","link":"https:\/\/folhapopular.info\/index.php\/2023\/02\/11\/bereal-traz-nova-proposta-de-interacao-entre-usuarios\/","title":{"rendered":"BeReal traz nova proposta de intera\u00e7\u00e3o entre usu\u00e1rios"},"content":{"rendered":"\n<p>A rede social BeReal (do portugu\u00eas \u201cseja real) surgiu em 2020 e se popularizou, principalmente com a gera\u00e7\u00e3o Z, em 2022. O aplicativo foi criado por Alexis Barreyat e K\u00e9vin Perreau, com o intuito de incentivar os usu\u00e1rios a serem aut\u00eanticos e espont\u00e2neos.<\/p>\n\n\n\n<p>Elisa Joana Schneider do Nascimento (16) utiliza as redes sociais por cerca de 5h por dia e baixou o BeReal h\u00e1 quase sete meses. Ela baixou o app por ouvir muitas pessoas comentando sobre. \u201cA proposta parecia interessante, ver a realidade, o dia a dia sem filtros, e at\u00e9 para tentar estar \u2018perto\u2019 mesmo longe dos meus amigos no per\u00edodo de f\u00e9rias\u201d, conta.<\/p>\n\n\n\n<p>Do seu ponto de vista se trata de ser o mais espont\u00e2neo poss\u00edvel, compartilhar a realidade de forma descontra\u00edda com pessoas pr\u00f3ximas, mas n\u00e3o acha poss\u00edvel utiliz\u00e1-lo para substituir outras redes. \u201cEu vejo como um ref\u00fagio, por se tratar de algo compartilhado temporariamente, com pessoas selecionadas, sem press\u00e3o por <em>like<\/em> e engajamento, mostrando realidade do dia a dia e n\u00e3o perfei\u00e7\u00e3o como nas redes vizinhas\u201d, afirma.<\/p>\n\n\n\n<p>Elisa tamb\u00e9m acredita que o BeReal pode se popularizar ainda mais entre as pessoas porque elas est\u00e3o cansadas da intera\u00e7\u00e3o constante da maioria das outras redes.<\/p>\n\n\n\n<p><strong>Fugindo de padr\u00f5es<\/strong><\/p>\n\n\n\n<p>Luana Naiara Santos (23) utiliza o aplicativo desde novembro do ano passado e baixou, inicialmente, com intuito de conhecer a rede social por ser muito comentada, entender qual era o intuito e verificar se conseguiria se adaptar e gostar.<\/p>\n\n\n\n<p>Considera a proposta incr\u00edvel e reitera sobre o refor\u00e7o de outros aplicativos \u00e0 beleza e o superficial. \u201cSinto que quando se cria uma rede social com o intuito totalmente ao contr\u00e1rio, ela se torna um ambiente mais livre e leve. A sociedade criou um e de beleza e as pessoas se desesperam para se encaixar\u201d, pontua.<\/p>\n\n\n\n<p>Por esse motivo, reflete sobre a import\u00e2ncia do aplicativo, por ele mostrar a dispensabilidade de efeitos, de um bom \u00e2ngulo para parecer perfeito. \u201cIsso \u00e9 ser real. Isso \u00e9 a vida real\u201d, classifica.<\/p>\n\n\n\n<p>Luana tamb\u00e9m n\u00e3o substituiria outras redes pelo BeReal, pois, apesar de ser interessante, ainda \u00e9 b\u00e1sico e tem pouca intera\u00e7\u00e3o. Analisa que as pessoas n\u00e3o gostam de sair da sua zona de conforto e sentem ainda mais medo de ser julgadas por suas caracter\u00edsticas f\u00edsica, por isso, acha dif\u00edcil o app se popularizar.<\/p>\n","protected":false},"excerpt":{"rendered":"<p>A rede social BeReal (do portugu\u00eas \u201cseja real) surgiu em 2020 e se popularizou, principalmente com a gera\u00e7\u00e3o Z, em 2022. O aplicativo foi criado por Alexis Barreyat e K\u00e9vin Perreau, com o intuito de incentivar os usu\u00e1rios a serem aut\u00eanticos e espont\u00e2neos. Elisa Joana Schneider do Nascimento (16) utiliza as redes sociais por cerca [&hellip;]<\/p>\n","protected":false},"author":636,"featured_media":120900,"comment_status":"open","ping_status":"open","sticky":false,"template":"","format":"standard","meta":{"pmpro_default_level":"","_jetpack_memberships_contains_paid_content":false,"footnotes":""},"categories":[2,3],"tags":[1184,528,10815,6663,5240],"class_list":{"0":"post-120899","1":"post","2":"type-post","3":"status-publish","4":"format-standard","5":"has-post-thumbnail","7":"category-featured","8":"category-geral","9":"tag-aplicativo","10":"tag-app","11":"tag-bereal","12":"tag-internet","13":"tag-usuarios","14":"pmpro-has-access"},"yoast_head":"<!-- This site is optimized with the Yoast SEO plugin v27.5 - https:\/\/yoast.com\/product\/yoast-seo-wordpress\/ -->\n<title>BeReal traz nova proposta de intera\u00e7\u00e3o entre usu\u00e1rios - Folha Popular<\/title>\n<meta name=\"robots\" content=\"index, follow, max-snippet:-1, max-image-preview:large, max-video-preview:-1\" \/>\n<link rel=\"canonical\" href=\"https:\/\/folhapopular.info\/index.php\/2023\/02\/11\/bereal-traz-nova-proposta-de-interacao-entre-usuarios\/\" \/>\n<meta property=\"og:locale\" content=\"pt_BR\" \/>\n<meta property=\"og:type\" content=\"article\" \/>\n<meta property=\"og:title\" content=\"BeReal traz nova proposta de intera\u00e7\u00e3o entre usu\u00e1rios - Folha Popular\" \/>\n<meta property=\"og:description\" content=\"A rede social BeReal (do portugu\u00eas \u201cseja real) surgiu em 2020 e se popularizou, principalmente com a gera\u00e7\u00e3o Z, em 2022. O aplicativo foi criado por Alexis Barreyat e K\u00e9vin Perreau, com o intuito de incentivar os usu\u00e1rios a serem aut\u00eanticos e espont\u00e2neos. Elisa Joana Schneider do Nascimento (16) utiliza as redes sociais por cerca [&hellip;]\" \/>\n<meta property=\"og:url\" content=\"https:\/\/folhapopular.info\/index.php\/2023\/02\/11\/bereal-traz-nova-proposta-de-interacao-entre-usuarios\/\" \/>\n<meta property=\"og:site_name\" content=\"Folha Popular\" \/>\n<meta property=\"article:published_time\" content=\"2023-02-11T18:35:00+00:00\" \/>\n<meta property=\"og:image\" content=\"https:\/\/folhapopular.info\/wp-content\/uploads\/2023\/02\/3a72faaf-bf1d-4e9e-b53c-84e873ee7af2-e1676121479606.jpg\" \/>\n\t<meta property=\"og:image:width\" content=\"579\" \/>\n\t<meta property=\"og:image:height\" content=\"882\" \/>\n\t<meta property=\"og:image:type\" content=\"image\/jpeg\" \/>\n<meta name=\"author\" content=\"Keila Gr\u00e4ff Anhaia\" \/>\n<meta name=\"twitter:card\" content=\"summary_large_image\" \/>\n<meta name=\"twitter:label1\" content=\"Escrito por\" \/>\n\t<meta name=\"twitter:data1\" content=\"Keila Gr\u00e4ff Anhaia\" \/>\n\t<meta name=\"twitter:label2\" content=\"Est. tempo de leitura\" \/>\n\t<meta name=\"twitter:data2\" content=\"3 minutos\" \/>\n<script type=\"application\/ld+json\" class=\"yoast-schema-graph\">{\"@context\":\"https:\\\/\\\/schema.org\",\"@graph\":[{\"@type\":\"Article\",\"@id\":\"https:\\\/\\\/folhapopular.info\\\/index.php\\\/2023\\\/02\\\/11\\\/bereal-traz-nova-proposta-de-interacao-entre-usuarios\\\/#article\",\"isPartOf\":{\"@id\":\"https:\\\/\\\/folhapopular.info\\\/index.php\\\/2023\\\/02\\\/11\\\/bereal-traz-nova-proposta-de-interacao-entre-usuarios\\\/\"},\"author\":{\"name\":\"Keila Gr\u00e4ff Anhaia\",\"@id\":\"https:\\\/\\\/folhapopular.info\\\/#\\\/schema\\\/person\\\/9a5695747e1046d5fac310c552cf6260\"},\"headline\":\"BeReal traz nova proposta de intera\u00e7\u00e3o entre usu\u00e1rios\",\"datePublished\":\"2023-02-11T18:35:00+00:00\",\"mainEntityOfPage\":{\"@id\":\"https:\\\/\\\/folhapopular.info\\\/index.php\\\/2023\\\/02\\\/11\\\/bereal-traz-nova-proposta-de-interacao-entre-usuarios\\\/\"},\"wordCount\":419,\"commentCount\":0,\"image\":{\"@id\":\"https:\\\/\\\/folhapopular.info\\\/index.php\\\/2023\\\/02\\\/11\\\/bereal-traz-nova-proposta-de-interacao-entre-usuarios\\\/#primaryimage\"},\"thumbnailUrl\":\"https:\\\/\\\/folhapopular.info\\\/wp-content\\\/uploads\\\/2023\\\/02\\\/3a72faaf-bf1d-4e9e-b53c-84e873ee7af2-e1676121479606.jpg\",\"keywords\":[\"Aplicativo\",\"App\",\"BeReal\",\"Internet\",\"usu\u00e1rios\"],\"articleSection\":[\"Destaques\",\"Geral\"],\"inLanguage\":\"pt-BR\",\"potentialAction\":[{\"@type\":\"CommentAction\",\"name\":\"Comment\",\"target\":[\"https:\\\/\\\/folhapopular.info\\\/index.php\\\/2023\\\/02\\\/11\\\/bereal-traz-nova-proposta-de-interacao-entre-usuarios\\\/#respond\"]}]},{\"@type\":\"WebPage\",\"@id\":\"https:\\\/\\\/folhapopular.info\\\/index.php\\\/2023\\\/02\\\/11\\\/bereal-traz-nova-proposta-de-interacao-entre-usuarios\\\/\",\"url\":\"https:\\\/\\\/folhapopular.info\\\/index.php\\\/2023\\\/02\\\/11\\\/bereal-traz-nova-proposta-de-interacao-entre-usuarios\\\/\",\"name\":\"BeReal traz nova proposta de intera\u00e7\u00e3o entre usu\u00e1rios - Folha Popular\",\"isPartOf\":{\"@id\":\"https:\\\/\\\/folhapopular.info\\\/#website\"},\"primaryImageOfPage\":{\"@id\":\"https:\\\/\\\/folhapopular.info\\\/index.php\\\/2023\\\/02\\\/11\\\/bereal-traz-nova-proposta-de-interacao-entre-usuarios\\\/#primaryimage\"},\"image\":{\"@id\":\"https:\\\/\\\/folhapopular.info\\\/index.php\\\/2023\\\/02\\\/11\\\/bereal-traz-nova-proposta-de-interacao-entre-usuarios\\\/#primaryimage\"},\"thumbnailUrl\":\"https:\\\/\\\/folhapopular.info\\\/wp-content\\\/uploads\\\/2023\\\/02\\\/3a72faaf-bf1d-4e9e-b53c-84e873ee7af2-e1676121479606.jpg\",\"datePublished\":\"2023-02-11T18:35:00+00:00\",\"author\":{\"@id\":\"https:\\\/\\\/folhapopular.info\\\/#\\\/schema\\\/person\\\/9a5695747e1046d5fac310c552cf6260\"},\"breadcrumb\":{\"@id\":\"https:\\\/\\\/folhapopular.info\\\/index.php\\\/2023\\\/02\\\/11\\\/bereal-traz-nova-proposta-de-interacao-entre-usuarios\\\/#breadcrumb\"},\"inLanguage\":\"pt-BR\",\"potentialAction\":[{\"@type\":\"ReadAction\",\"target\":[\"https:\\\/\\\/folhapopular.info\\\/index.php\\\/2023\\\/02\\\/11\\\/bereal-traz-nova-proposta-de-interacao-entre-usuarios\\\/\"]}]},{\"@type\":\"ImageObject\",\"inLanguage\":\"pt-BR\",\"@id\":\"https:\\\/\\\/folhapopular.info\\\/index.php\\\/2023\\\/02\\\/11\\\/bereal-traz-nova-proposta-de-interacao-entre-usuarios\\\/#primaryimage\",\"url\":\"https:\\\/\\\/folhapopular.info\\\/wp-content\\\/uploads\\\/2023\\\/02\\\/3a72faaf-bf1d-4e9e-b53c-84e873ee7af2-e1676121479606.jpg\",\"contentUrl\":\"https:\\\/\\\/folhapopular.info\\\/wp-content\\\/uploads\\\/2023\\\/02\\\/3a72faaf-bf1d-4e9e-b53c-84e873ee7af2-e1676121479606.jpg\",\"width\":579,\"height\":882,\"caption\":\"Aplicativo fez sucesso principalmente com a gera\u00e7\u00e3o Z \\\/\"},{\"@type\":\"BreadcrumbList\",\"@id\":\"https:\\\/\\\/folhapopular.info\\\/index.php\\\/2023\\\/02\\\/11\\\/bereal-traz-nova-proposta-de-interacao-entre-usuarios\\\/#breadcrumb\",\"itemListElement\":[{\"@type\":\"ListItem\",\"position\":1,\"name\":\"In\u00edcio\",\"item\":\"https:\\\/\\\/folhapopular.info\\\/\"},{\"@type\":\"ListItem\",\"position\":2,\"name\":\"BeReal traz nova proposta de intera\u00e7\u00e3o entre usu\u00e1rios\"}]},{\"@type\":\"WebSite\",\"@id\":\"https:\\\/\\\/folhapopular.info\\\/#website\",\"url\":\"https:\\\/\\\/folhapopular.info\\\/\",\"name\":\"Folha Popular\",\"description\":\"Onde voc\u00ea tem vez e voz\",\"potentialAction\":[{\"@type\":\"SearchAction\",\"target\":{\"@type\":\"EntryPoint\",\"urlTemplate\":\"https:\\\/\\\/folhapopular.info\\\/?s={search_term_string}\"},\"query-input\":{\"@type\":\"PropertyValueSpecification\",\"valueRequired\":true,\"valueName\":\"search_term_string\"}}],\"inLanguage\":\"pt-BR\"},{\"@type\":\"Person\",\"@id\":\"https:\\\/\\\/folhapopular.info\\\/#\\\/schema\\\/person\\\/9a5695747e1046d5fac310c552cf6260\",\"name\":\"Keila Gr\u00e4ff Anhaia\",\"image\":{\"@type\":\"ImageObject\",\"inLanguage\":\"pt-BR\",\"@id\":\"https:\\\/\\\/secure.gravatar.com\\\/avatar\\\/498ef5bfb389bc7ded562ad94f835a056e934ab779eb2a595c461a735cf74fba?s=96&d=mm&r=g\",\"url\":\"https:\\\/\\\/secure.gravatar.com\\\/avatar\\\/498ef5bfb389bc7ded562ad94f835a056e934ab779eb2a595c461a735cf74fba?s=96&d=mm&r=g\",\"contentUrl\":\"https:\\\/\\\/secure.gravatar.com\\\/avatar\\\/498ef5bfb389bc7ded562ad94f835a056e934ab779eb2a595c461a735cf74fba?s=96&d=mm&r=g\",\"caption\":\"Keila Gr\u00e4ff Anhaia\"},\"url\":\"https:\\\/\\\/folhapopular.info\\\/index.php\\\/author\\\/graffkeilagmail-com\\\/\"}]}<\/script>\n<!-- \/ Yoast SEO plugin. -->","yoast_head_json":{"title":"BeReal traz nova proposta de intera\u00e7\u00e3o entre usu\u00e1rios - Folha Popular","robots":{"index":"index","follow":"follow","max-snippet":"max-snippet:-1","max-image-preview":"max-image-preview:large","max-video-preview":"max-video-preview:-1"},"canonical":"https:\/\/folhapopular.info\/index.php\/2023\/02\/11\/bereal-traz-nova-proposta-de-interacao-entre-usuarios\/","og_locale":"pt_BR","og_type":"article","og_title":"BeReal traz nova proposta de intera\u00e7\u00e3o entre usu\u00e1rios - Folha Popular","og_description":"A rede social BeReal (do portugu\u00eas \u201cseja real) surgiu em 2020 e se popularizou, principalmente com a gera\u00e7\u00e3o Z, em 2022. O aplicativo foi criado por Alexis Barreyat e K\u00e9vin Perreau, com o intuito de incentivar os usu\u00e1rios a serem aut\u00eanticos e espont\u00e2neos. Elisa Joana Schneider do Nascimento (16) utiliza as redes sociais por cerca [&hellip;]","og_url":"https:\/\/folhapopular.info\/index.php\/2023\/02\/11\/bereal-traz-nova-proposta-de-interacao-entre-usuarios\/","og_site_name":"Folha Popular","article_published_time":"2023-02-11T18:35:00+00:00","og_image":[{"width":579,"height":882,"url":"https:\/\/folhapopular.info\/wp-content\/uploads\/2023\/02\/3a72faaf-bf1d-4e9e-b53c-84e873ee7af2-e1676121479606.jpg","type":"image\/jpeg"}],"author":"Keila Gr\u00e4ff Anhaia","twitter_card":"summary_large_image","twitter_misc":{"Escrito por":"Keila Gr\u00e4ff Anhaia","Est. tempo de leitura":"3 minutos"},"schema":{"@context":"https:\/\/schema.org","@graph":[{"@type":"Article","@id":"https:\/\/folhapopular.info\/index.php\/2023\/02\/11\/bereal-traz-nova-proposta-de-interacao-entre-usuarios\/#article","isPartOf":{"@id":"https:\/\/folhapopular.info\/index.php\/2023\/02\/11\/bereal-traz-nova-proposta-de-interacao-entre-usuarios\/"},"author":{"name":"Keila Gr\u00e4ff Anhaia","@id":"https:\/\/folhapopular.info\/#\/schema\/person\/9a5695747e1046d5fac310c552cf6260"},"headline":"BeReal traz nova proposta de intera\u00e7\u00e3o entre usu\u00e1rios","datePublished":"2023-02-11T18:35:00+00:00","mainEntityOfPage":{"@id":"https:\/\/folhapopular.info\/index.php\/2023\/02\/11\/bereal-traz-nova-proposta-de-interacao-entre-usuarios\/"},"wordCount":419,"commentCount":0,"image":{"@id":"https:\/\/folhapopular.info\/index.php\/2023\/02\/11\/bereal-traz-nova-proposta-de-interacao-entre-usuarios\/#primaryimage"},"thumbnailUrl":"https:\/\/folhapopular.info\/wp-content\/uploads\/2023\/02\/3a72faaf-bf1d-4e9e-b53c-84e873ee7af2-e1676121479606.jpg","keywords":["Aplicativo","App","BeReal","Internet","usu\u00e1rios"],"articleSection":["Destaques","Geral"],"inLanguage":"pt-BR","potentialAction":[{"@type":"CommentAction","name":"Comment","target":["https:\/\/folhapopular.info\/index.php\/2023\/02\/11\/bereal-traz-nova-proposta-de-interacao-entre-usuarios\/#respond"]}]},{"@type":"WebPage","@id":"https:\/\/folhapopular.info\/index.php\/2023\/02\/11\/bereal-traz-nova-proposta-de-interacao-entre-usuarios\/","url":"https:\/\/folhapopular.info\/index.php\/2023\/02\/11\/bereal-traz-nova-proposta-de-interacao-entre-usuarios\/","name":"BeReal traz nova proposta de intera\u00e7\u00e3o entre usu\u00e1rios - Folha Popular","isPartOf":{"@id":"https:\/\/folhapopular.info\/#website"},"primaryImageOfPage":{"@id":"https:\/\/folhapopular.info\/index.php\/2023\/02\/11\/bereal-traz-nova-proposta-de-interacao-entre-usuarios\/#primaryimage"},"image":{"@id":"https:\/\/folhapopular.info\/index.php\/2023\/02\/11\/bereal-traz-nova-proposta-de-interacao-entre-usuarios\/#primaryimage"},"thumbnailUrl":"https:\/\/folhapopular.info\/wp-content\/uploads\/2023\/02\/3a72faaf-bf1d-4e9e-b53c-84e873ee7af2-e1676121479606.jpg","datePublished":"2023-02-11T18:35:00+00:00","author":{"@id":"https:\/\/folhapopular.info\/#\/schema\/person\/9a5695747e1046d5fac310c552cf6260"},"breadcrumb":{"@id":"https:\/\/folhapopular.info\/index.php\/2023\/02\/11\/bereal-traz-nova-proposta-de-interacao-entre-usuarios\/#breadcrumb"},"inLanguage":"pt-BR","potentialAction":[{"@type":"ReadAction","target":["https:\/\/folhapopular.info\/index.php\/2023\/02\/11\/bereal-traz-nova-proposta-de-interacao-entre-usuarios\/"]}]},{"@type":"ImageObject","inLanguage":"pt-BR","@id":"https:\/\/folhapopular.info\/index.php\/2023\/02\/11\/bereal-traz-nova-proposta-de-interacao-entre-usuarios\/#primaryimage","url":"https:\/\/folhapopular.info\/wp-content\/uploads\/2023\/02\/3a72faaf-bf1d-4e9e-b53c-84e873ee7af2-e1676121479606.jpg","contentUrl":"https:\/\/folhapopular.info\/wp-content\/uploads\/2023\/02\/3a72faaf-bf1d-4e9e-b53c-84e873ee7af2-e1676121479606.jpg","width":579,"height":882,"caption":"Aplicativo fez sucesso principalmente com a gera\u00e7\u00e3o Z \/"},{"@type":"BreadcrumbList","@id":"https:\/\/folhapopular.info\/index.php\/2023\/02\/11\/bereal-traz-nova-proposta-de-interacao-entre-usuarios\/#breadcrumb","itemListElement":[{"@type":"ListItem","position":1,"name":"In\u00edcio","item":"https:\/\/folhapopular.info\/"},{"@type":"ListItem","position":2,"name":"BeReal traz nova proposta de intera\u00e7\u00e3o entre usu\u00e1rios"}]},{"@type":"WebSite","@id":"https:\/\/folhapopular.info\/#website","url":"https:\/\/folhapopular.info\/","name":"Folha Popular","description":"Onde voc\u00ea tem vez e voz","potentialAction":[{"@type":"SearchAction","target":{"@type":"EntryPoint","urlTemplate":"https:\/\/folhapopular.info\/?s={search_term_string}"},"query-input":{"@type":"PropertyValueSpecification","valueRequired":true,"valueName":"search_term_string"}}],"inLanguage":"pt-BR"},{"@type":"Person","@id":"https:\/\/folhapopular.info\/#\/schema\/person\/9a5695747e1046d5fac310c552cf6260","name":"Keila Gr\u00e4ff Anhaia","image":{"@type":"ImageObject","inLanguage":"pt-BR","@id":"https:\/\/secure.gravatar.com\/avatar\/498ef5bfb389bc7ded562ad94f835a056e934ab779eb2a595c461a735cf74fba?s=96&d=mm&r=g","url":"https:\/\/secure.gravatar.com\/avatar\/498ef5bfb389bc7ded562ad94f835a056e934ab779eb2a595c461a735cf74fba?s=96&d=mm&r=g","contentUrl":"https:\/\/secure.gravatar.com\/avatar\/498ef5bfb389bc7ded562ad94f835a056e934ab779eb2a595c461a735cf74fba?s=96&d=mm&r=g","caption":"Keila Gr\u00e4ff Anhaia"},"url":"https:\/\/folhapopular.info\/index.php\/author\/graffkeilagmail-com\/"}]}},"jetpack_featured_media_url":"https:\/\/folhapopular.info\/wp-content\/uploads\/2023\/02\/3a72faaf-bf1d-4e9e-b53c-84e873ee7af2-e1676121479606.jpg","jetpack_sharing_enabled":true,"amp_enabled":true,"_links":{"self":[{"href":"https:\/\/folhapopular.info\/index.php\/wp-json\/wp\/v2\/posts\/120899","targetHints":{"allow":["GET"]}}],"collection":[{"href":"https:\/\/folhapopular.info\/index.php\/wp-json\/wp\/v2\/posts"}],"about":[{"href":"https:\/\/folhapopular.info\/index.php\/wp-json\/wp\/v2\/types\/post"}],"author":[{"embeddable":true,"href":"https:\/\/folhapopular.info\/index.php\/wp-json\/wp\/v2\/users\/636"}],"replies":[{"embeddable":true,"href":"https:\/\/folhapopular.info\/index.php\/wp-json\/wp\/v2\/comments?post=120899"}],"version-history":[{"count":0,"href":"https:\/\/folhapopular.info\/index.php\/wp-json\/wp\/v2\/posts\/120899\/revisions"}],"wp:featuredmedia":[{"embeddable":true,"href":"https:\/\/folhapopular.info\/index.php\/wp-json\/wp\/v2\/media\/120900"}],"wp:attachment":[{"href":"https:\/\/folhapopular.info\/index.php\/wp-json\/wp\/v2\/media?parent=120899"}],"wp:term":[{"taxonomy":"category","embeddable":true,"href":"https:\/\/folhapopular.info\/index.php\/wp-json\/wp\/v2\/categories?post=120899"},{"taxonomy":"post_tag","embeddable":true,"href":"https:\/\/folhapopular.info\/index.php\/wp-json\/wp\/v2\/tags?post=120899"}],"curies":[{"name":"wp","href":"https:\/\/api.w.org\/{rel}","templated":true}]}}