{"id":121056,"date":"2023-02-15T16:01:50","date_gmt":"2023-02-15T19:01:50","guid":{"rendered":"https:\/\/folhapopular.info\/?p=121056"},"modified":"2023-02-15T16:58:07","modified_gmt":"2023-02-15T19:58:07","slug":"emef-leo-joas-promove-projeto-de-inclusao-para-alunos-surdos-de-estrela","status":"publish","type":"post","link":"https:\/\/folhapopular.info\/index.php\/2023\/02\/15\/emef-leo-joas-promove-projeto-de-inclusao-para-alunos-surdos-de-estrela\/","title":{"rendered":"EMEF Leo Joas promove projeto de inclus\u00e3o para alunos surdos de Estrela"},"content":{"rendered":"\n<p>A Escola Municipal de Ensino Fundamental (EMEF) Leo Joas e a Secretaria de Educa\u00e7\u00e3o (Smed) de Estrela promovem o projeto Sinais da Inclus\u00e3o. O objetivo \u00e9 facilitar a comunica\u00e7\u00e3o entre alunos ouvintes e surdos al\u00e9m de normalizar os gestos feitos com as m\u00e3os pelos colegas Mabily Cristiny de Moraes e Miguel Teixeira, de nove e 10 anos.<\/p>\n\n\n\n<p>A a\u00e7\u00e3o tamb\u00e9m populariza e traz acessibilidade \u00e0 L\u00edngua Brasileira de Sinais (Libras) e trabalha com o braile e a flexibiliza\u00e7\u00e3o e adapta\u00e7\u00e3o curricular. O programa ter\u00e1 novidades na volta \u00e0s aulas e alunos ter\u00e3o surpresas.<\/p>\n\n\n\n<p>Para a titular da Smed, Elis\u00e2ngela Mendes, ainda h\u00e1 um longo caminho a ser percorrido para tornar o processo mais natural e f\u00e1cil, mas a secretaria continuar\u00e1 incentivando atividades especiais para encurtar essa dist\u00e2ncia e diminuir alguns obst\u00e1culos. No caso da Libras, o projeto ganhar\u00e1 um novo cap\u00edtulo. <\/p>\n\n\n\n<p>A escola Leo Joas se tornou refer\u00eancia no munic\u00edpio por centralizar os casos de alunos surdos. Ana Fab\u00edola Diedrich \u00e9 professora na institui\u00e7\u00e3o e atende, de forma direta em sala de aula, os alunos Mabily e Miguel, que utilizam a Libras para se comunicarem e se inteirarem sobre o conte\u00fado passado pelo professor titular da turma.<\/p>\n\n\n\n<p>Conforme lembra Ana, inicialmente o contexto era incomum para os demais colegas e chamava a aten\u00e7\u00e3o, mas passou a ser uma curiosidade construtiva, um interesse para saber como funcionava na pr\u00e1tica para a dupla e se eles tamb\u00e9m poderiam aprender, que cresceu e chegou at\u00e9 \u00e0s casas, com crian\u00e7as comentando sobre isso com os pais. <\/p>\n\n\n\n<p>O interesse virou trabalho e o projeto \u201cLibras \u2013 como surgiu?\u201d foi um dos selecionados e participantes da <a href=\"https:\/\/folhapopular.info\/index.php\/2022\/08\/27\/estrela-premia-jovens-na-primeira-edicao-do-projeto-estrelas-do-conhecimento\/\">1\u00aa Feira Estrelas do Conhecimento<\/a>. Na exposi\u00e7\u00e3o, o trabalho foi um dos mais procurados por alunos e visitantes e tirou o segundo lugar na etapa municipal da feira.<\/p>\n\n\n\n<h6 class=\"wp-block-heading\"><strong>Cartazes<\/strong><\/h6>\n\n\n\n<p>Agora, no in\u00edcio de um novo ano letivo, a EMEF receber\u00e1 a aluna Maya Valentina de Moraes, de seis anos, irm\u00e3 de Mabily. Maya tamb\u00e9m \u00e9 surda e n\u00e3o esconde o nervosismo pela mudan\u00e7a de escola e receio pela recep\u00e7\u00e3o dos novos colegas. Mas a presen\u00e7a da irm\u00e3 e o aux\u00edlio do projeto s\u00e3o reconfortantes.<\/p>\n\n\n\n<p>O educand\u00e1rio trar\u00e1 como novidade em 2023 a presen\u00e7a de cartazes com fotos dos dois alunos em alguns espa\u00e7os comuns da escola, ilustrando os sinais e movimentos realizados com as m\u00e3os e os bra\u00e7os na Libras. \u201cQueremos proporcionar uma introdu\u00e7\u00e3o a este vocabul\u00e1rio b\u00e1sico, ao menos para coisas comuns e do dia a dia escolar. A inclus\u00e3o dos alunos n\u00e3o pode acontecer apenas em sala de aula, mas tamb\u00e9m nas quadras esportivas e no recreio, locais onde podem ampliar a intera\u00e7\u00e3o com estudantes de outras turmas, assim como com os funcion\u00e1rios, como geralmente ocorre na hora do lanche\u201d, comenta Ana, professora respons\u00e1vel pela confec\u00e7\u00e3o dos cartazes.<\/p>\n\n\n\n<h6 class=\"wp-block-heading\"><strong>Preparativos<\/strong><\/h6>\n\n\n\n<p>Ana tamb\u00e9m recebeu a ajuda de Mabily na \u00faltima semana, para colar os primeiros cartazes e tirar as \u00faltimas fotos para os demais temas. Sua irm\u00e3 Maya foi junto, para se habituar aos espa\u00e7os que frequentar\u00e1 em breve. Mabily, apesar de j\u00e1 mais acostumada, tamb\u00e9m n\u00e3o esconde a ansiedade. \u201cEstou nervosa com a volta da aula, mas feliz. A Libras me ajuda muito. O projeto vai ajudar meus colegas e minha irm\u00e3\u201d, afirma. <\/p>\n\n\n\n<p>A m\u00e3e das meninas, Marilsa de Moraes, afirma estar feliz e emocionada. &#8220;Essas e outras a\u00e7\u00f5es de inclus\u00e3o que este projeto da Educa\u00e7\u00e3o est\u00e1 fazendo por minhas filhas e outras crian\u00e7as s\u00e3o um avan\u00e7o, um &#8216;\u00f3culos&#8217; para quem tem um problema de vis\u00e3o. N\u00e3o soluciona, mas ajuda muito, se torna essencial no dia a dia delas\u201d, pontua.<\/p>\n\n\n\n<div class=\"wp-block-jetpack-slideshow aligncenter\" data-effect=\"slide\"><div class=\"wp-block-jetpack-slideshow_container swiper-container\"><ul class=\"wp-block-jetpack-slideshow_swiper-wrapper swiper-wrapper\"><li class=\"wp-block-jetpack-slideshow_slide swiper-slide\"><figure><img loading=\"lazy\" decoding=\"async\" width=\"1024\" height=\"576\" alt=\"\" class=\"wp-block-jetpack-slideshow_image wp-image-121065\" data-id=\"121065\" src=\"https:\/\/folhapopular.info\/wp-content\/uploads\/2023\/02\/15.02_Libras-programa-Sinais-de-Inclusao-professora-Ana-Angeli-1-1024x576.jpg\" srcset=\"https:\/\/folhapopular.info\/wp-content\/uploads\/2023\/02\/15.02_Libras-programa-Sinais-de-Inclusao-professora-Ana-Angeli-1-1024x576.jpg 1024w, https:\/\/folhapopular.info\/wp-content\/uploads\/2023\/02\/15.02_Libras-programa-Sinais-de-Inclusao-professora-Ana-Angeli-1-300x169.jpg 300w, https:\/\/folhapopular.info\/wp-content\/uploads\/2023\/02\/15.02_Libras-programa-Sinais-de-Inclusao-professora-Ana-Angeli-1-768x432.jpg 768w, https:\/\/folhapopular.info\/wp-content\/uploads\/2023\/02\/15.02_Libras-programa-Sinais-de-Inclusao-professora-Ana-Angeli-1-1536x864.jpg 1536w, https:\/\/folhapopular.info\/wp-content\/uploads\/2023\/02\/15.02_Libras-programa-Sinais-de-Inclusao-professora-Ana-Angeli-1-2048x1152.jpg 2048w, https:\/\/folhapopular.info\/wp-content\/uploads\/2023\/02\/15.02_Libras-programa-Sinais-de-Inclusao-professora-Ana-Angeli-1-696x391.jpg 696w, https:\/\/folhapopular.info\/wp-content\/uploads\/2023\/02\/15.02_Libras-programa-Sinais-de-Inclusao-professora-Ana-Angeli-1-1068x601.jpg 1068w, https:\/\/folhapopular.info\/wp-content\/uploads\/2023\/02\/15.02_Libras-programa-Sinais-de-Inclusao-professora-Ana-Angeli-1-1920x1080.jpg 1920w\" sizes=\"(max-width: 1024px) 100vw, 1024px\" \/><\/figure><\/li><li class=\"wp-block-jetpack-slideshow_slide swiper-slide\"><figure><img loading=\"lazy\" decoding=\"async\" width=\"1024\" height=\"599\" alt=\"\" class=\"wp-block-jetpack-slideshow_image wp-image-121066\" data-id=\"121066\" src=\"https:\/\/folhapopular.info\/wp-content\/uploads\/2023\/02\/15.02_Libras-programa-Sinais-de-Inclusao-obrigadoAngeli-8-1024x599.jpg\" srcset=\"https:\/\/folhapopular.info\/wp-content\/uploads\/2023\/02\/15.02_Libras-programa-Sinais-de-Inclusao-obrigadoAngeli-8-1024x599.jpg 1024w, https:\/\/folhapopular.info\/wp-content\/uploads\/2023\/02\/15.02_Libras-programa-Sinais-de-Inclusao-obrigadoAngeli-8-300x175.jpg 300w, https:\/\/folhapopular.info\/wp-content\/uploads\/2023\/02\/15.02_Libras-programa-Sinais-de-Inclusao-obrigadoAngeli-8-768x449.jpg 768w, https:\/\/folhapopular.info\/wp-content\/uploads\/2023\/02\/15.02_Libras-programa-Sinais-de-Inclusao-obrigadoAngeli-8-1536x898.jpg 1536w, https:\/\/folhapopular.info\/wp-content\/uploads\/2023\/02\/15.02_Libras-programa-Sinais-de-Inclusao-obrigadoAngeli-8-2048x1197.jpg 2048w, https:\/\/folhapopular.info\/wp-content\/uploads\/2023\/02\/15.02_Libras-programa-Sinais-de-Inclusao-obrigadoAngeli-8-696x407.jpg 696w, https:\/\/folhapopular.info\/wp-content\/uploads\/2023\/02\/15.02_Libras-programa-Sinais-de-Inclusao-obrigadoAngeli-8-1068x624.jpg 1068w, https:\/\/folhapopular.info\/wp-content\/uploads\/2023\/02\/15.02_Libras-programa-Sinais-de-Inclusao-obrigadoAngeli-8-1920x1122.jpg 1920w\" sizes=\"(max-width: 1024px) 100vw, 1024px\" \/><\/figure><\/li><li class=\"wp-block-jetpack-slideshow_slide swiper-slide\"><figure><img loading=\"lazy\" decoding=\"async\" width=\"1024\" height=\"576\" alt=\"\" class=\"wp-block-jetpack-slideshow_image wp-image-121067\" data-id=\"121067\" src=\"https:\/\/folhapopular.info\/wp-content\/uploads\/2023\/02\/15.02_Libras-programa-Sinais-de-Inclusao-cartazes-geral-Angeli-2-1024x576.jpg\" srcset=\"https:\/\/folhapopular.info\/wp-content\/uploads\/2023\/02\/15.02_Libras-programa-Sinais-de-Inclusao-cartazes-geral-Angeli-2-1024x576.jpg 1024w, https:\/\/folhapopular.info\/wp-content\/uploads\/2023\/02\/15.02_Libras-programa-Sinais-de-Inclusao-cartazes-geral-Angeli-2-300x169.jpg 300w, https:\/\/folhapopular.info\/wp-content\/uploads\/2023\/02\/15.02_Libras-programa-Sinais-de-Inclusao-cartazes-geral-Angeli-2-768x432.jpg 768w, https:\/\/folhapopular.info\/wp-content\/uploads\/2023\/02\/15.02_Libras-programa-Sinais-de-Inclusao-cartazes-geral-Angeli-2-1536x864.jpg 1536w, https:\/\/folhapopular.info\/wp-content\/uploads\/2023\/02\/15.02_Libras-programa-Sinais-de-Inclusao-cartazes-geral-Angeli-2-2048x1152.jpg 2048w, https:\/\/folhapopular.info\/wp-content\/uploads\/2023\/02\/15.02_Libras-programa-Sinais-de-Inclusao-cartazes-geral-Angeli-2-696x391.jpg 696w, https:\/\/folhapopular.info\/wp-content\/uploads\/2023\/02\/15.02_Libras-programa-Sinais-de-Inclusao-cartazes-geral-Angeli-2-1068x601.jpg 1068w, https:\/\/folhapopular.info\/wp-content\/uploads\/2023\/02\/15.02_Libras-programa-Sinais-de-Inclusao-cartazes-geral-Angeli-2-1920x1080.jpg 1920w\" sizes=\"(max-width: 1024px) 100vw, 1024px\" \/><\/figure><\/li><li class=\"wp-block-jetpack-slideshow_slide swiper-slide\"><figure><img loading=\"lazy\" decoding=\"async\" width=\"1024\" height=\"576\" alt=\"\" class=\"wp-block-jetpack-slideshow_image wp-image-121069\" data-id=\"121069\" src=\"https:\/\/folhapopular.info\/wp-content\/uploads\/2023\/02\/15.02_Libras-programa-Sinais-de-Inclusao-alunos-protagonistas-Angeli-1024x576.jpg\" srcset=\"https:\/\/folhapopular.info\/wp-content\/uploads\/2023\/02\/15.02_Libras-programa-Sinais-de-Inclusao-alunos-protagonistas-Angeli-1024x576.jpg 1024w, https:\/\/folhapopular.info\/wp-content\/uploads\/2023\/02\/15.02_Libras-programa-Sinais-de-Inclusao-alunos-protagonistas-Angeli-300x169.jpg 300w, https:\/\/folhapopular.info\/wp-content\/uploads\/2023\/02\/15.02_Libras-programa-Sinais-de-Inclusao-alunos-protagonistas-Angeli-768x432.jpg 768w, https:\/\/folhapopular.info\/wp-content\/uploads\/2023\/02\/15.02_Libras-programa-Sinais-de-Inclusao-alunos-protagonistas-Angeli-1536x864.jpg 1536w, https:\/\/folhapopular.info\/wp-content\/uploads\/2023\/02\/15.02_Libras-programa-Sinais-de-Inclusao-alunos-protagonistas-Angeli-2048x1152.jpg 2048w, https:\/\/folhapopular.info\/wp-content\/uploads\/2023\/02\/15.02_Libras-programa-Sinais-de-Inclusao-alunos-protagonistas-Angeli-696x391.jpg 696w, https:\/\/folhapopular.info\/wp-content\/uploads\/2023\/02\/15.02_Libras-programa-Sinais-de-Inclusao-alunos-protagonistas-Angeli-1068x601.jpg 1068w, https:\/\/folhapopular.info\/wp-content\/uploads\/2023\/02\/15.02_Libras-programa-Sinais-de-Inclusao-alunos-protagonistas-Angeli-1920x1080.jpg 1920w\" sizes=\"(max-width: 1024px) 100vw, 1024px\" \/><\/figure><\/li><li class=\"wp-block-jetpack-slideshow_slide swiper-slide\"><figure><img loading=\"lazy\" decoding=\"async\" width=\"1024\" height=\"576\" alt=\"\" class=\"wp-block-jetpack-slideshow_image wp-image-121070\" data-id=\"121070\" src=\"https:\/\/folhapopular.info\/wp-content\/uploads\/2023\/02\/15.02_Libras-programa-Sinais-de-Inclusao-cartazes-parede-Angeli-1024x576.jpg\" srcset=\"https:\/\/folhapopular.info\/wp-content\/uploads\/2023\/02\/15.02_Libras-programa-Sinais-de-Inclusao-cartazes-parede-Angeli-1024x576.jpg 1024w, https:\/\/folhapopular.info\/wp-content\/uploads\/2023\/02\/15.02_Libras-programa-Sinais-de-Inclusao-cartazes-parede-Angeli-300x169.jpg 300w, https:\/\/folhapopular.info\/wp-content\/uploads\/2023\/02\/15.02_Libras-programa-Sinais-de-Inclusao-cartazes-parede-Angeli-768x432.jpg 768w, https:\/\/folhapopular.info\/wp-content\/uploads\/2023\/02\/15.02_Libras-programa-Sinais-de-Inclusao-cartazes-parede-Angeli-1536x864.jpg 1536w, https:\/\/folhapopular.info\/wp-content\/uploads\/2023\/02\/15.02_Libras-programa-Sinais-de-Inclusao-cartazes-parede-Angeli-2048x1152.jpg 2048w, https:\/\/folhapopular.info\/wp-content\/uploads\/2023\/02\/15.02_Libras-programa-Sinais-de-Inclusao-cartazes-parede-Angeli-696x391.jpg 696w, https:\/\/folhapopular.info\/wp-content\/uploads\/2023\/02\/15.02_Libras-programa-Sinais-de-Inclusao-cartazes-parede-Angeli-1068x601.jpg 1068w, https:\/\/folhapopular.info\/wp-content\/uploads\/2023\/02\/15.02_Libras-programa-Sinais-de-Inclusao-cartazes-parede-Angeli-1920x1080.jpg 1920w\" sizes=\"(max-width: 1024px) 100vw, 1024px\" \/><\/figure><\/li><\/ul><a class=\"wp-block-jetpack-slideshow_button-prev swiper-button-prev swiper-button-white\" role=\"button\"><\/a><a class=\"wp-block-jetpack-slideshow_button-next swiper-button-next swiper-button-white\" role=\"button\"><\/a><a aria-label=\"Pause Slideshow\" class=\"wp-block-jetpack-slideshow_button-pause\" role=\"button\"><\/a><div class=\"wp-block-jetpack-slideshow_pagination swiper-pagination swiper-pagination-white\"><\/div><\/div><\/div>\n","protected":false},"excerpt":{"rendered":"<p>A Escola Municipal de Ensino Fundamental (EMEF) Leo Joas e a Secretaria de Educa\u00e7\u00e3o (Smed) de Estrela promovem o projeto Sinais da Inclus\u00e3o. O objetivo \u00e9 facilitar a comunica\u00e7\u00e3o entre alunos ouvintes e surdos al\u00e9m de normalizar os gestos feitos com as m\u00e3os pelos colegas Mabily Cristiny de Moraes e Miguel Teixeira, de nove e [&hellip;]<\/p>\n","protected":false},"author":8,"featured_media":121068,"comment_status":"open","ping_status":"open","sticky":false,"template":"","format":"standard","meta":{"pmpro_default_level":"","_jetpack_memberships_contains_paid_content":false,"footnotes":""},"categories":[2,3],"tags":[5155,3675,8,1124,9956,1712],"class_list":{"0":"post-121056","1":"post","2":"type-post","3":"status-publish","4":"format-standard","5":"has-post-thumbnail","7":"category-featured","8":"category-geral","9":"tag-alunos","10":"tag-emef","11":"tag-estrela","12":"tag-inclusao","13":"tag-libras","14":"tag-projeto","15":"pmpro-has-access"},"yoast_head":"<!-- This site is optimized with the Yoast SEO plugin v27.5 - https:\/\/yoast.com\/product\/yoast-seo-wordpress\/ -->\n<title>EMEF Leo Joas promove projeto de inclus\u00e3o para alunos surdos de Estrela - Folha Popular<\/title>\n<meta name=\"robots\" content=\"index, follow, max-snippet:-1, max-image-preview:large, max-video-preview:-1\" \/>\n<link rel=\"canonical\" href=\"https:\/\/folhapopular.info\/index.php\/2023\/02\/15\/emef-leo-joas-promove-projeto-de-inclusao-para-alunos-surdos-de-estrela\/\" \/>\n<meta property=\"og:locale\" content=\"pt_BR\" \/>\n<meta property=\"og:type\" content=\"article\" \/>\n<meta property=\"og:title\" content=\"EMEF Leo Joas promove projeto de inclus\u00e3o para alunos surdos de Estrela - Folha Popular\" \/>\n<meta property=\"og:description\" content=\"A Escola Municipal de Ensino Fundamental (EMEF) Leo Joas e a Secretaria de Educa\u00e7\u00e3o (Smed) de Estrela promovem o projeto Sinais da Inclus\u00e3o. O objetivo \u00e9 facilitar a comunica\u00e7\u00e3o entre alunos ouvintes e surdos al\u00e9m de normalizar os gestos feitos com as m\u00e3os pelos colegas Mabily Cristiny de Moraes e Miguel Teixeira, de nove e [&hellip;]\" \/>\n<meta property=\"og:url\" content=\"https:\/\/folhapopular.info\/index.php\/2023\/02\/15\/emef-leo-joas-promove-projeto-de-inclusao-para-alunos-surdos-de-estrela\/\" \/>\n<meta property=\"og:site_name\" content=\"Folha Popular\" \/>\n<meta property=\"article:published_time\" content=\"2023-02-15T19:01:50+00:00\" \/>\n<meta property=\"article:modified_time\" content=\"2023-02-15T19:58:07+00:00\" \/>\n<meta property=\"og:image\" content=\"http:\/\/folhapopular.info\/wp-content\/uploads\/2023\/02\/15.02_Libras-programa-Sinais-de-Inclusao-irmas-Angeli-scaled-e1676487608738.jpg\" \/>\n\t<meta property=\"og:image:width\" content=\"1200\" \/>\n\t<meta property=\"og:image:height\" content=\"675\" \/>\n\t<meta property=\"og:image:type\" content=\"image\/jpeg\" \/>\n<meta name=\"author\" content=\"Reda\u00e7\u00e3o Folha Popular\" \/>\n<meta name=\"twitter:card\" content=\"summary_large_image\" \/>\n<meta name=\"twitter:label1\" content=\"Escrito por\" \/>\n\t<meta name=\"twitter:data1\" content=\"Reda\u00e7\u00e3o Folha Popular\" \/>\n\t<meta name=\"twitter:label2\" content=\"Est. tempo de leitura\" \/>\n\t<meta name=\"twitter:data2\" content=\"5 minutos\" \/>\n<script type=\"application\/ld+json\" class=\"yoast-schema-graph\">{\"@context\":\"https:\\\/\\\/schema.org\",\"@graph\":[{\"@type\":\"Article\",\"@id\":\"https:\\\/\\\/folhapopular.info\\\/index.php\\\/2023\\\/02\\\/15\\\/emef-leo-joas-promove-projeto-de-inclusao-para-alunos-surdos-de-estrela\\\/#article\",\"isPartOf\":{\"@id\":\"https:\\\/\\\/folhapopular.info\\\/index.php\\\/2023\\\/02\\\/15\\\/emef-leo-joas-promove-projeto-de-inclusao-para-alunos-surdos-de-estrela\\\/\"},\"author\":{\"name\":\"Reda\u00e7\u00e3o Folha Popular\",\"@id\":\"https:\\\/\\\/folhapopular.info\\\/#\\\/schema\\\/person\\\/2814e8a0df7643585a9ca38bc6eb9d4b\"},\"headline\":\"EMEF Leo Joas promove projeto de inclus\u00e3o para alunos surdos de Estrela\",\"datePublished\":\"2023-02-15T19:01:50+00:00\",\"dateModified\":\"2023-02-15T19:58:07+00:00\",\"mainEntityOfPage\":{\"@id\":\"https:\\\/\\\/folhapopular.info\\\/index.php\\\/2023\\\/02\\\/15\\\/emef-leo-joas-promove-projeto-de-inclusao-para-alunos-surdos-de-estrela\\\/\"},\"wordCount\":658,\"commentCount\":0,\"image\":{\"@id\":\"https:\\\/\\\/folhapopular.info\\\/index.php\\\/2023\\\/02\\\/15\\\/emef-leo-joas-promove-projeto-de-inclusao-para-alunos-surdos-de-estrela\\\/#primaryimage\"},\"thumbnailUrl\":\"https:\\\/\\\/folhapopular.info\\\/wp-content\\\/uploads\\\/2023\\\/02\\\/15.02_Libras-programa-Sinais-de-Inclusao-irmas-Angeli-scaled-e1676487608738.jpg\",\"keywords\":[\"alunos\",\"EMEF\",\"Estrela\",\"Inclus\u00e3o\",\"Libras\",\"Projeto\"],\"articleSection\":[\"Destaques\",\"Geral\"],\"inLanguage\":\"pt-BR\",\"potentialAction\":[{\"@type\":\"CommentAction\",\"name\":\"Comment\",\"target\":[\"https:\\\/\\\/folhapopular.info\\\/index.php\\\/2023\\\/02\\\/15\\\/emef-leo-joas-promove-projeto-de-inclusao-para-alunos-surdos-de-estrela\\\/#respond\"]}]},{\"@type\":\"WebPage\",\"@id\":\"https:\\\/\\\/folhapopular.info\\\/index.php\\\/2023\\\/02\\\/15\\\/emef-leo-joas-promove-projeto-de-inclusao-para-alunos-surdos-de-estrela\\\/\",\"url\":\"https:\\\/\\\/folhapopular.info\\\/index.php\\\/2023\\\/02\\\/15\\\/emef-leo-joas-promove-projeto-de-inclusao-para-alunos-surdos-de-estrela\\\/\",\"name\":\"EMEF Leo Joas promove projeto de inclus\u00e3o para alunos surdos de Estrela - Folha Popular\",\"isPartOf\":{\"@id\":\"https:\\\/\\\/folhapopular.info\\\/#website\"},\"primaryImageOfPage\":{\"@id\":\"https:\\\/\\\/folhapopular.info\\\/index.php\\\/2023\\\/02\\\/15\\\/emef-leo-joas-promove-projeto-de-inclusao-para-alunos-surdos-de-estrela\\\/#primaryimage\"},\"image\":{\"@id\":\"https:\\\/\\\/folhapopular.info\\\/index.php\\\/2023\\\/02\\\/15\\\/emef-leo-joas-promove-projeto-de-inclusao-para-alunos-surdos-de-estrela\\\/#primaryimage\"},\"thumbnailUrl\":\"https:\\\/\\\/folhapopular.info\\\/wp-content\\\/uploads\\\/2023\\\/02\\\/15.02_Libras-programa-Sinais-de-Inclusao-irmas-Angeli-scaled-e1676487608738.jpg\",\"datePublished\":\"2023-02-15T19:01:50+00:00\",\"dateModified\":\"2023-02-15T19:58:07+00:00\",\"author\":{\"@id\":\"https:\\\/\\\/folhapopular.info\\\/#\\\/schema\\\/person\\\/2814e8a0df7643585a9ca38bc6eb9d4b\"},\"breadcrumb\":{\"@id\":\"https:\\\/\\\/folhapopular.info\\\/index.php\\\/2023\\\/02\\\/15\\\/emef-leo-joas-promove-projeto-de-inclusao-para-alunos-surdos-de-estrela\\\/#breadcrumb\"},\"inLanguage\":\"pt-BR\",\"potentialAction\":[{\"@type\":\"ReadAction\",\"target\":[\"https:\\\/\\\/folhapopular.info\\\/index.php\\\/2023\\\/02\\\/15\\\/emef-leo-joas-promove-projeto-de-inclusao-para-alunos-surdos-de-estrela\\\/\"]}]},{\"@type\":\"ImageObject\",\"inLanguage\":\"pt-BR\",\"@id\":\"https:\\\/\\\/folhapopular.info\\\/index.php\\\/2023\\\/02\\\/15\\\/emef-leo-joas-promove-projeto-de-inclusao-para-alunos-surdos-de-estrela\\\/#primaryimage\",\"url\":\"https:\\\/\\\/folhapopular.info\\\/wp-content\\\/uploads\\\/2023\\\/02\\\/15.02_Libras-programa-Sinais-de-Inclusao-irmas-Angeli-scaled-e1676487608738.jpg\",\"contentUrl\":\"https:\\\/\\\/folhapopular.info\\\/wp-content\\\/uploads\\\/2023\\\/02\\\/15.02_Libras-programa-Sinais-de-Inclusao-irmas-Angeli-scaled-e1676487608738.jpg\",\"width\":1200,\"height\":675,\"caption\":\"Professora e alunos desenvolveram cartazes para facilitar a comunica\u00e7\u00e3o no ambiente escolar \\\/ Cr\u00e9dito: Rodrigo Angeli \\\/ Governo de Estrela \\\/ Divulga\u00e7\u00e3o\"},{\"@type\":\"BreadcrumbList\",\"@id\":\"https:\\\/\\\/folhapopular.info\\\/index.php\\\/2023\\\/02\\\/15\\\/emef-leo-joas-promove-projeto-de-inclusao-para-alunos-surdos-de-estrela\\\/#breadcrumb\",\"itemListElement\":[{\"@type\":\"ListItem\",\"position\":1,\"name\":\"In\u00edcio\",\"item\":\"https:\\\/\\\/folhapopular.info\\\/\"},{\"@type\":\"ListItem\",\"position\":2,\"name\":\"EMEF Leo Joas promove projeto de inclus\u00e3o para alunos surdos de Estrela\"}]},{\"@type\":\"WebSite\",\"@id\":\"https:\\\/\\\/folhapopular.info\\\/#website\",\"url\":\"https:\\\/\\\/folhapopular.info\\\/\",\"name\":\"Folha Popular\",\"description\":\"Onde voc\u00ea tem vez e voz\",\"potentialAction\":[{\"@type\":\"SearchAction\",\"target\":{\"@type\":\"EntryPoint\",\"urlTemplate\":\"https:\\\/\\\/folhapopular.info\\\/?s={search_term_string}\"},\"query-input\":{\"@type\":\"PropertyValueSpecification\",\"valueRequired\":true,\"valueName\":\"search_term_string\"}}],\"inLanguage\":\"pt-BR\"},{\"@type\":\"Person\",\"@id\":\"https:\\\/\\\/folhapopular.info\\\/#\\\/schema\\\/person\\\/2814e8a0df7643585a9ca38bc6eb9d4b\",\"name\":\"Reda\u00e7\u00e3o Folha Popular\",\"image\":{\"@type\":\"ImageObject\",\"inLanguage\":\"pt-BR\",\"@id\":\"https:\\\/\\\/folhapopular.info\\\/wp-content\\\/uploads\\\/2026\\\/04\\\/Folha-1.webp\",\"url\":\"https:\\\/\\\/folhapopular.info\\\/wp-content\\\/uploads\\\/2026\\\/04\\\/Folha-1.webp\",\"contentUrl\":\"https:\\\/\\\/folhapopular.info\\\/wp-content\\\/uploads\\\/2026\\\/04\\\/Folha-1.webp\",\"caption\":\"Reda\u00e7\u00e3o Folha Popular\"},\"url\":\"https:\\\/\\\/folhapopular.info\\\/index.php\\\/author\\\/redacao\\\/\"}]}<\/script>\n<!-- \/ Yoast SEO plugin. -->","yoast_head_json":{"title":"EMEF Leo Joas promove projeto de inclus\u00e3o para alunos surdos de Estrela - Folha Popular","robots":{"index":"index","follow":"follow","max-snippet":"max-snippet:-1","max-image-preview":"max-image-preview:large","max-video-preview":"max-video-preview:-1"},"canonical":"https:\/\/folhapopular.info\/index.php\/2023\/02\/15\/emef-leo-joas-promove-projeto-de-inclusao-para-alunos-surdos-de-estrela\/","og_locale":"pt_BR","og_type":"article","og_title":"EMEF Leo Joas promove projeto de inclus\u00e3o para alunos surdos de Estrela - Folha Popular","og_description":"A Escola Municipal de Ensino Fundamental (EMEF) Leo Joas e a Secretaria de Educa\u00e7\u00e3o (Smed) de Estrela promovem o projeto Sinais da Inclus\u00e3o. O objetivo \u00e9 facilitar a comunica\u00e7\u00e3o entre alunos ouvintes e surdos al\u00e9m de normalizar os gestos feitos com as m\u00e3os pelos colegas Mabily Cristiny de Moraes e Miguel Teixeira, de nove e [&hellip;]","og_url":"https:\/\/folhapopular.info\/index.php\/2023\/02\/15\/emef-leo-joas-promove-projeto-de-inclusao-para-alunos-surdos-de-estrela\/","og_site_name":"Folha Popular","article_published_time":"2023-02-15T19:01:50+00:00","article_modified_time":"2023-02-15T19:58:07+00:00","og_image":[{"width":1200,"height":675,"url":"http:\/\/folhapopular.info\/wp-content\/uploads\/2023\/02\/15.02_Libras-programa-Sinais-de-Inclusao-irmas-Angeli-scaled-e1676487608738.jpg","type":"image\/jpeg"}],"author":"Reda\u00e7\u00e3o Folha Popular","twitter_card":"summary_large_image","twitter_misc":{"Escrito por":"Reda\u00e7\u00e3o Folha Popular","Est. tempo de leitura":"5 minutos"},"schema":{"@context":"https:\/\/schema.org","@graph":[{"@type":"Article","@id":"https:\/\/folhapopular.info\/index.php\/2023\/02\/15\/emef-leo-joas-promove-projeto-de-inclusao-para-alunos-surdos-de-estrela\/#article","isPartOf":{"@id":"https:\/\/folhapopular.info\/index.php\/2023\/02\/15\/emef-leo-joas-promove-projeto-de-inclusao-para-alunos-surdos-de-estrela\/"},"author":{"name":"Reda\u00e7\u00e3o Folha Popular","@id":"https:\/\/folhapopular.info\/#\/schema\/person\/2814e8a0df7643585a9ca38bc6eb9d4b"},"headline":"EMEF Leo Joas promove projeto de inclus\u00e3o para alunos surdos de Estrela","datePublished":"2023-02-15T19:01:50+00:00","dateModified":"2023-02-15T19:58:07+00:00","mainEntityOfPage":{"@id":"https:\/\/folhapopular.info\/index.php\/2023\/02\/15\/emef-leo-joas-promove-projeto-de-inclusao-para-alunos-surdos-de-estrela\/"},"wordCount":658,"commentCount":0,"image":{"@id":"https:\/\/folhapopular.info\/index.php\/2023\/02\/15\/emef-leo-joas-promove-projeto-de-inclusao-para-alunos-surdos-de-estrela\/#primaryimage"},"thumbnailUrl":"https:\/\/folhapopular.info\/wp-content\/uploads\/2023\/02\/15.02_Libras-programa-Sinais-de-Inclusao-irmas-Angeli-scaled-e1676487608738.jpg","keywords":["alunos","EMEF","Estrela","Inclus\u00e3o","Libras","Projeto"],"articleSection":["Destaques","Geral"],"inLanguage":"pt-BR","potentialAction":[{"@type":"CommentAction","name":"Comment","target":["https:\/\/folhapopular.info\/index.php\/2023\/02\/15\/emef-leo-joas-promove-projeto-de-inclusao-para-alunos-surdos-de-estrela\/#respond"]}]},{"@type":"WebPage","@id":"https:\/\/folhapopular.info\/index.php\/2023\/02\/15\/emef-leo-joas-promove-projeto-de-inclusao-para-alunos-surdos-de-estrela\/","url":"https:\/\/folhapopular.info\/index.php\/2023\/02\/15\/emef-leo-joas-promove-projeto-de-inclusao-para-alunos-surdos-de-estrela\/","name":"EMEF Leo Joas promove projeto de inclus\u00e3o para alunos surdos de Estrela - Folha Popular","isPartOf":{"@id":"https:\/\/folhapopular.info\/#website"},"primaryImageOfPage":{"@id":"https:\/\/folhapopular.info\/index.php\/2023\/02\/15\/emef-leo-joas-promove-projeto-de-inclusao-para-alunos-surdos-de-estrela\/#primaryimage"},"image":{"@id":"https:\/\/folhapopular.info\/index.php\/2023\/02\/15\/emef-leo-joas-promove-projeto-de-inclusao-para-alunos-surdos-de-estrela\/#primaryimage"},"thumbnailUrl":"https:\/\/folhapopular.info\/wp-content\/uploads\/2023\/02\/15.02_Libras-programa-Sinais-de-Inclusao-irmas-Angeli-scaled-e1676487608738.jpg","datePublished":"2023-02-15T19:01:50+00:00","dateModified":"2023-02-15T19:58:07+00:00","author":{"@id":"https:\/\/folhapopular.info\/#\/schema\/person\/2814e8a0df7643585a9ca38bc6eb9d4b"},"breadcrumb":{"@id":"https:\/\/folhapopular.info\/index.php\/2023\/02\/15\/emef-leo-joas-promove-projeto-de-inclusao-para-alunos-surdos-de-estrela\/#breadcrumb"},"inLanguage":"pt-BR","potentialAction":[{"@type":"ReadAction","target":["https:\/\/folhapopular.info\/index.php\/2023\/02\/15\/emef-leo-joas-promove-projeto-de-inclusao-para-alunos-surdos-de-estrela\/"]}]},{"@type":"ImageObject","inLanguage":"pt-BR","@id":"https:\/\/folhapopular.info\/index.php\/2023\/02\/15\/emef-leo-joas-promove-projeto-de-inclusao-para-alunos-surdos-de-estrela\/#primaryimage","url":"https:\/\/folhapopular.info\/wp-content\/uploads\/2023\/02\/15.02_Libras-programa-Sinais-de-Inclusao-irmas-Angeli-scaled-e1676487608738.jpg","contentUrl":"https:\/\/folhapopular.info\/wp-content\/uploads\/2023\/02\/15.02_Libras-programa-Sinais-de-Inclusao-irmas-Angeli-scaled-e1676487608738.jpg","width":1200,"height":675,"caption":"Professora e alunos desenvolveram cartazes para facilitar a comunica\u00e7\u00e3o no ambiente escolar \/ Cr\u00e9dito: Rodrigo Angeli \/ Governo de Estrela \/ Divulga\u00e7\u00e3o"},{"@type":"BreadcrumbList","@id":"https:\/\/folhapopular.info\/index.php\/2023\/02\/15\/emef-leo-joas-promove-projeto-de-inclusao-para-alunos-surdos-de-estrela\/#breadcrumb","itemListElement":[{"@type":"ListItem","position":1,"name":"In\u00edcio","item":"https:\/\/folhapopular.info\/"},{"@type":"ListItem","position":2,"name":"EMEF Leo Joas promove projeto de inclus\u00e3o para alunos surdos de Estrela"}]},{"@type":"WebSite","@id":"https:\/\/folhapopular.info\/#website","url":"https:\/\/folhapopular.info\/","name":"Folha Popular","description":"Onde voc\u00ea tem vez e voz","potentialAction":[{"@type":"SearchAction","target":{"@type":"EntryPoint","urlTemplate":"https:\/\/folhapopular.info\/?s={search_term_string}"},"query-input":{"@type":"PropertyValueSpecification","valueRequired":true,"valueName":"search_term_string"}}],"inLanguage":"pt-BR"},{"@type":"Person","@id":"https:\/\/folhapopular.info\/#\/schema\/person\/2814e8a0df7643585a9ca38bc6eb9d4b","name":"Reda\u00e7\u00e3o Folha Popular","image":{"@type":"ImageObject","inLanguage":"pt-BR","@id":"https:\/\/folhapopular.info\/wp-content\/uploads\/2026\/04\/Folha-1.webp","url":"https:\/\/folhapopular.info\/wp-content\/uploads\/2026\/04\/Folha-1.webp","contentUrl":"https:\/\/folhapopular.info\/wp-content\/uploads\/2026\/04\/Folha-1.webp","caption":"Reda\u00e7\u00e3o Folha Popular"},"url":"https:\/\/folhapopular.info\/index.php\/author\/redacao\/"}]}},"jetpack_featured_media_url":"https:\/\/folhapopular.info\/wp-content\/uploads\/2023\/02\/15.02_Libras-programa-Sinais-de-Inclusao-irmas-Angeli-scaled-e1676487608738.jpg","jetpack_sharing_enabled":true,"amp_enabled":true,"_links":{"self":[{"href":"https:\/\/folhapopular.info\/index.php\/wp-json\/wp\/v2\/posts\/121056","targetHints":{"allow":["GET"]}}],"collection":[{"href":"https:\/\/folhapopular.info\/index.php\/wp-json\/wp\/v2\/posts"}],"about":[{"href":"https:\/\/folhapopular.info\/index.php\/wp-json\/wp\/v2\/types\/post"}],"author":[{"embeddable":true,"href":"https:\/\/folhapopular.info\/index.php\/wp-json\/wp\/v2\/users\/8"}],"replies":[{"embeddable":true,"href":"https:\/\/folhapopular.info\/index.php\/wp-json\/wp\/v2\/comments?post=121056"}],"version-history":[{"count":0,"href":"https:\/\/folhapopular.info\/index.php\/wp-json\/wp\/v2\/posts\/121056\/revisions"}],"wp:featuredmedia":[{"embeddable":true,"href":"https:\/\/folhapopular.info\/index.php\/wp-json\/wp\/v2\/media\/121068"}],"wp:attachment":[{"href":"https:\/\/folhapopular.info\/index.php\/wp-json\/wp\/v2\/media?parent=121056"}],"wp:term":[{"taxonomy":"category","embeddable":true,"href":"https:\/\/folhapopular.info\/index.php\/wp-json\/wp\/v2\/categories?post=121056"},{"taxonomy":"post_tag","embeddable":true,"href":"https:\/\/folhapopular.info\/index.php\/wp-json\/wp\/v2\/tags?post=121056"}],"curies":[{"name":"wp","href":"https:\/\/api.w.org\/{rel}","templated":true}]}}