{"id":121135,"date":"2023-02-16T14:59:19","date_gmt":"2023-02-16T17:59:19","guid":{"rendered":"https:\/\/folhapopular.info\/?p=121135"},"modified":"2023-02-16T14:59:22","modified_gmt":"2023-02-16T17:59:22","slug":"paverama-instala-duas-lixeiras-na-fazenda-sao-jose","status":"publish","type":"post","link":"https:\/\/folhapopular.info\/index.php\/2023\/02\/16\/paverama-instala-duas-lixeiras-na-fazenda-sao-jose\/","title":{"rendered":"Paverama instala duas lixeiras na Fazenda S\u00e3o Jos\u00e9"},"content":{"rendered":"\n<p>A equipe da Secretaria de Obras de Paverama concluiu, nesta quarta-feira (15\/2), a instala\u00e7\u00e3o de duas lixeiras na Fazenda S\u00e3o Jos\u00e9: uma na Rua Francisco Bl\u00f6mker, nas proximidades do campinho e da academia ao ar livre, e outra na Rua Eduardo Estreich, local este onde houve <a href=\"https:\/\/folhapopular.info\/index.php\/2023\/02\/08\/paverama-recebe-denuncia-sobre-despejo-de-lixo-em-area-indevida\/\">den\u00fancia de lixo jogado na rua<\/a>. <\/p>\n\n\n\n<figure class=\"wp-block-image size-large is-resized\"><img loading=\"lazy\" decoding=\"async\" src=\"https:\/\/folhapopular.info\/wp-content\/uploads\/2023\/02\/0451c0e9-ef7d-49db-9d95-0504fc9b6571-1024x768.jpg\" alt=\"\" class=\"wp-image-121136\" width=\"775\" height=\"576\"\/><figcaption class=\"wp-element-caption\">Cr\u00e9ditos: Prefeitura de Imigrante\/divulga\u00e7\u00e3o<\/figcaption><\/figure>\n\n\n\n<p>Na oportunidade, agentes de endemias fizeram o recolhimento do lixo descartado de forma inadequada. Por\u00e9m, durante a instala\u00e7\u00e3o da lixeira, novamente foi encontrado lixo no ch\u00e3o. <\/p>\n\n\n\n<p>Em ambos os pontos ser\u00e3o colocadas placas indicativas visando o descarte consciente dos res\u00edduos.<\/p>\n","protected":false},"excerpt":{"rendered":"<p>A equipe da Secretaria de Obras de Paverama concluiu, nesta quarta-feira (15\/2), a instala\u00e7\u00e3o de duas lixeiras na Fazenda S\u00e3o Jos\u00e9: uma na Rua Francisco Bl\u00f6mker, nas proximidades do campinho e da academia ao ar livre, e outra na Rua Eduardo Estreich, local este onde houve den\u00fancia de lixo jogado na rua. Na oportunidade, agentes [&hellip;]<\/p>\n","protected":false},"author":8,"featured_media":121137,"comment_status":"open","ping_status":"open","sticky":false,"template":"","format":"standard","meta":{"pmpro_default_level":"","_jetpack_memberships_contains_paid_content":false,"footnotes":""},"categories":[2,3],"tags":[826,515,839,46,2604],"class_list":{"0":"post-121135","1":"post","2":"type-post","3":"status-publish","4":"format-standard","5":"has-post-thumbnail","7":"category-featured","8":"category-geral","9":"tag-descarte-incorreto","10":"tag-fazenda-sao-jose","11":"tag-lixeiras","12":"tag-paverama","13":"tag-secretaria-de-obras","14":"pmpro-has-access"},"yoast_head":"<!-- This site is optimized with the Yoast SEO plugin v27.5 - https:\/\/yoast.com\/product\/yoast-seo-wordpress\/ -->\n<title>Paverama instala duas lixeiras na Fazenda S\u00e3o Jos\u00e9 - Folha Popular<\/title>\n<meta name=\"robots\" content=\"index, follow, max-snippet:-1, max-image-preview:large, max-video-preview:-1\" \/>\n<link rel=\"canonical\" href=\"https:\/\/folhapopular.info\/index.php\/2023\/02\/16\/paverama-instala-duas-lixeiras-na-fazenda-sao-jose\/\" \/>\n<meta property=\"og:locale\" content=\"pt_BR\" \/>\n<meta property=\"og:type\" content=\"article\" \/>\n<meta property=\"og:title\" content=\"Paverama instala duas lixeiras na Fazenda S\u00e3o Jos\u00e9 - Folha Popular\" \/>\n<meta property=\"og:description\" content=\"A equipe da Secretaria de Obras de Paverama concluiu, nesta quarta-feira (15\/2), a instala\u00e7\u00e3o de duas lixeiras na Fazenda S\u00e3o Jos\u00e9: uma na Rua Francisco Bl\u00f6mker, nas proximidades do campinho e da academia ao ar livre, e outra na Rua Eduardo Estreich, local este onde houve den\u00fancia de lixo jogado na rua. Na oportunidade, agentes [&hellip;]\" \/>\n<meta property=\"og:url\" content=\"https:\/\/folhapopular.info\/index.php\/2023\/02\/16\/paverama-instala-duas-lixeiras-na-fazenda-sao-jose\/\" \/>\n<meta property=\"og:site_name\" content=\"Folha Popular\" \/>\n<meta property=\"article:published_time\" content=\"2023-02-16T17:59:19+00:00\" \/>\n<meta property=\"article:modified_time\" content=\"2023-02-16T17:59:22+00:00\" \/>\n<meta property=\"og:image\" content=\"http:\/\/folhapopular.info\/wp-content\/uploads\/2023\/02\/ab806329-e4a7-46d0-b248-f5bde12f118c.jpg\" \/>\n\t<meta property=\"og:image:width\" content=\"1600\" \/>\n\t<meta property=\"og:image:height\" content=\"1200\" \/>\n\t<meta property=\"og:image:type\" content=\"image\/jpeg\" \/>\n<meta name=\"author\" content=\"Reda\u00e7\u00e3o Folha Popular\" \/>\n<meta name=\"twitter:card\" content=\"summary_large_image\" \/>\n<meta name=\"twitter:label1\" content=\"Escrito por\" \/>\n\t<meta name=\"twitter:data1\" content=\"Reda\u00e7\u00e3o Folha Popular\" \/>\n\t<meta name=\"twitter:label2\" content=\"Est. tempo de leitura\" \/>\n\t<meta name=\"twitter:data2\" content=\"1 minuto\" \/>\n<script type=\"application\/ld+json\" class=\"yoast-schema-graph\">{\"@context\":\"https:\\\/\\\/schema.org\",\"@graph\":[{\"@type\":\"Article\",\"@id\":\"https:\\\/\\\/folhapopular.info\\\/index.php\\\/2023\\\/02\\\/16\\\/paverama-instala-duas-lixeiras-na-fazenda-sao-jose\\\/#article\",\"isPartOf\":{\"@id\":\"https:\\\/\\\/folhapopular.info\\\/index.php\\\/2023\\\/02\\\/16\\\/paverama-instala-duas-lixeiras-na-fazenda-sao-jose\\\/\"},\"author\":{\"name\":\"Reda\u00e7\u00e3o Folha Popular\",\"@id\":\"https:\\\/\\\/folhapopular.info\\\/#\\\/schema\\\/person\\\/2814e8a0df7643585a9ca38bc6eb9d4b\"},\"headline\":\"Paverama instala duas lixeiras na Fazenda S\u00e3o Jos\u00e9\",\"datePublished\":\"2023-02-16T17:59:19+00:00\",\"dateModified\":\"2023-02-16T17:59:22+00:00\",\"mainEntityOfPage\":{\"@id\":\"https:\\\/\\\/folhapopular.info\\\/index.php\\\/2023\\\/02\\\/16\\\/paverama-instala-duas-lixeiras-na-fazenda-sao-jose\\\/\"},\"wordCount\":116,\"commentCount\":0,\"image\":{\"@id\":\"https:\\\/\\\/folhapopular.info\\\/index.php\\\/2023\\\/02\\\/16\\\/paverama-instala-duas-lixeiras-na-fazenda-sao-jose\\\/#primaryimage\"},\"thumbnailUrl\":\"https:\\\/\\\/folhapopular.info\\\/wp-content\\\/uploads\\\/2023\\\/02\\\/ab806329-e4a7-46d0-b248-f5bde12f118c.jpg\",\"keywords\":[\"descarte incorreto\",\"Fazenda S\u00e3o Jos\u00e9\",\"Lixeiras\",\"Paverama\",\"Secretaria de Obras\"],\"articleSection\":[\"Destaques\",\"Geral\"],\"inLanguage\":\"pt-BR\",\"potentialAction\":[{\"@type\":\"CommentAction\",\"name\":\"Comment\",\"target\":[\"https:\\\/\\\/folhapopular.info\\\/index.php\\\/2023\\\/02\\\/16\\\/paverama-instala-duas-lixeiras-na-fazenda-sao-jose\\\/#respond\"]}]},{\"@type\":\"WebPage\",\"@id\":\"https:\\\/\\\/folhapopular.info\\\/index.php\\\/2023\\\/02\\\/16\\\/paverama-instala-duas-lixeiras-na-fazenda-sao-jose\\\/\",\"url\":\"https:\\\/\\\/folhapopular.info\\\/index.php\\\/2023\\\/02\\\/16\\\/paverama-instala-duas-lixeiras-na-fazenda-sao-jose\\\/\",\"name\":\"Paverama instala duas lixeiras na Fazenda S\u00e3o Jos\u00e9 - Folha Popular\",\"isPartOf\":{\"@id\":\"https:\\\/\\\/folhapopular.info\\\/#website\"},\"primaryImageOfPage\":{\"@id\":\"https:\\\/\\\/folhapopular.info\\\/index.php\\\/2023\\\/02\\\/16\\\/paverama-instala-duas-lixeiras-na-fazenda-sao-jose\\\/#primaryimage\"},\"image\":{\"@id\":\"https:\\\/\\\/folhapopular.info\\\/index.php\\\/2023\\\/02\\\/16\\\/paverama-instala-duas-lixeiras-na-fazenda-sao-jose\\\/#primaryimage\"},\"thumbnailUrl\":\"https:\\\/\\\/folhapopular.info\\\/wp-content\\\/uploads\\\/2023\\\/02\\\/ab806329-e4a7-46d0-b248-f5bde12f118c.jpg\",\"datePublished\":\"2023-02-16T17:59:19+00:00\",\"dateModified\":\"2023-02-16T17:59:22+00:00\",\"author\":{\"@id\":\"https:\\\/\\\/folhapopular.info\\\/#\\\/schema\\\/person\\\/2814e8a0df7643585a9ca38bc6eb9d4b\"},\"breadcrumb\":{\"@id\":\"https:\\\/\\\/folhapopular.info\\\/index.php\\\/2023\\\/02\\\/16\\\/paverama-instala-duas-lixeiras-na-fazenda-sao-jose\\\/#breadcrumb\"},\"inLanguage\":\"pt-BR\",\"potentialAction\":[{\"@type\":\"ReadAction\",\"target\":[\"https:\\\/\\\/folhapopular.info\\\/index.php\\\/2023\\\/02\\\/16\\\/paverama-instala-duas-lixeiras-na-fazenda-sao-jose\\\/\"]}]},{\"@type\":\"ImageObject\",\"inLanguage\":\"pt-BR\",\"@id\":\"https:\\\/\\\/folhapopular.info\\\/index.php\\\/2023\\\/02\\\/16\\\/paverama-instala-duas-lixeiras-na-fazenda-sao-jose\\\/#primaryimage\",\"url\":\"https:\\\/\\\/folhapopular.info\\\/wp-content\\\/uploads\\\/2023\\\/02\\\/ab806329-e4a7-46d0-b248-f5bde12f118c.jpg\",\"contentUrl\":\"https:\\\/\\\/folhapopular.info\\\/wp-content\\\/uploads\\\/2023\\\/02\\\/ab806329-e4a7-46d0-b248-f5bde12f118c.jpg\",\"width\":1600,\"height\":1200,\"caption\":\"Um dos locais havia sido motivo de den\u00fancia devido a descartes incorretos. Cr\u00e9ditos: Prefeitura de Paverama\\\/Divulga\u00e7\u00e3o\"},{\"@type\":\"BreadcrumbList\",\"@id\":\"https:\\\/\\\/folhapopular.info\\\/index.php\\\/2023\\\/02\\\/16\\\/paverama-instala-duas-lixeiras-na-fazenda-sao-jose\\\/#breadcrumb\",\"itemListElement\":[{\"@type\":\"ListItem\",\"position\":1,\"name\":\"In\u00edcio\",\"item\":\"https:\\\/\\\/folhapopular.info\\\/\"},{\"@type\":\"ListItem\",\"position\":2,\"name\":\"Paverama instala duas lixeiras na Fazenda S\u00e3o Jos\u00e9\"}]},{\"@type\":\"WebSite\",\"@id\":\"https:\\\/\\\/folhapopular.info\\\/#website\",\"url\":\"https:\\\/\\\/folhapopular.info\\\/\",\"name\":\"Folha Popular\",\"description\":\"Onde voc\u00ea tem vez e voz\",\"potentialAction\":[{\"@type\":\"SearchAction\",\"target\":{\"@type\":\"EntryPoint\",\"urlTemplate\":\"https:\\\/\\\/folhapopular.info\\\/?s={search_term_string}\"},\"query-input\":{\"@type\":\"PropertyValueSpecification\",\"valueRequired\":true,\"valueName\":\"search_term_string\"}}],\"inLanguage\":\"pt-BR\"},{\"@type\":\"Person\",\"@id\":\"https:\\\/\\\/folhapopular.info\\\/#\\\/schema\\\/person\\\/2814e8a0df7643585a9ca38bc6eb9d4b\",\"name\":\"Reda\u00e7\u00e3o Folha Popular\",\"image\":{\"@type\":\"ImageObject\",\"inLanguage\":\"pt-BR\",\"@id\":\"https:\\\/\\\/folhapopular.info\\\/wp-content\\\/uploads\\\/2026\\\/04\\\/Folha-1.webp\",\"url\":\"https:\\\/\\\/folhapopular.info\\\/wp-content\\\/uploads\\\/2026\\\/04\\\/Folha-1.webp\",\"contentUrl\":\"https:\\\/\\\/folhapopular.info\\\/wp-content\\\/uploads\\\/2026\\\/04\\\/Folha-1.webp\",\"caption\":\"Reda\u00e7\u00e3o Folha Popular\"},\"url\":\"https:\\\/\\\/folhapopular.info\\\/index.php\\\/author\\\/redacao\\\/\"}]}<\/script>\n<!-- \/ Yoast SEO plugin. -->","yoast_head_json":{"title":"Paverama instala duas lixeiras na Fazenda S\u00e3o Jos\u00e9 - Folha Popular","robots":{"index":"index","follow":"follow","max-snippet":"max-snippet:-1","max-image-preview":"max-image-preview:large","max-video-preview":"max-video-preview:-1"},"canonical":"https:\/\/folhapopular.info\/index.php\/2023\/02\/16\/paverama-instala-duas-lixeiras-na-fazenda-sao-jose\/","og_locale":"pt_BR","og_type":"article","og_title":"Paverama instala duas lixeiras na Fazenda S\u00e3o Jos\u00e9 - Folha Popular","og_description":"A equipe da Secretaria de Obras de Paverama concluiu, nesta quarta-feira (15\/2), a instala\u00e7\u00e3o de duas lixeiras na Fazenda S\u00e3o Jos\u00e9: uma na Rua Francisco Bl\u00f6mker, nas proximidades do campinho e da academia ao ar livre, e outra na Rua Eduardo Estreich, local este onde houve den\u00fancia de lixo jogado na rua. Na oportunidade, agentes [&hellip;]","og_url":"https:\/\/folhapopular.info\/index.php\/2023\/02\/16\/paverama-instala-duas-lixeiras-na-fazenda-sao-jose\/","og_site_name":"Folha Popular","article_published_time":"2023-02-16T17:59:19+00:00","article_modified_time":"2023-02-16T17:59:22+00:00","og_image":[{"width":1600,"height":1200,"url":"http:\/\/folhapopular.info\/wp-content\/uploads\/2023\/02\/ab806329-e4a7-46d0-b248-f5bde12f118c.jpg","type":"image\/jpeg"}],"author":"Reda\u00e7\u00e3o Folha Popular","twitter_card":"summary_large_image","twitter_misc":{"Escrito por":"Reda\u00e7\u00e3o Folha Popular","Est. tempo de leitura":"1 minuto"},"schema":{"@context":"https:\/\/schema.org","@graph":[{"@type":"Article","@id":"https:\/\/folhapopular.info\/index.php\/2023\/02\/16\/paverama-instala-duas-lixeiras-na-fazenda-sao-jose\/#article","isPartOf":{"@id":"https:\/\/folhapopular.info\/index.php\/2023\/02\/16\/paverama-instala-duas-lixeiras-na-fazenda-sao-jose\/"},"author":{"name":"Reda\u00e7\u00e3o Folha Popular","@id":"https:\/\/folhapopular.info\/#\/schema\/person\/2814e8a0df7643585a9ca38bc6eb9d4b"},"headline":"Paverama instala duas lixeiras na Fazenda S\u00e3o Jos\u00e9","datePublished":"2023-02-16T17:59:19+00:00","dateModified":"2023-02-16T17:59:22+00:00","mainEntityOfPage":{"@id":"https:\/\/folhapopular.info\/index.php\/2023\/02\/16\/paverama-instala-duas-lixeiras-na-fazenda-sao-jose\/"},"wordCount":116,"commentCount":0,"image":{"@id":"https:\/\/folhapopular.info\/index.php\/2023\/02\/16\/paverama-instala-duas-lixeiras-na-fazenda-sao-jose\/#primaryimage"},"thumbnailUrl":"https:\/\/folhapopular.info\/wp-content\/uploads\/2023\/02\/ab806329-e4a7-46d0-b248-f5bde12f118c.jpg","keywords":["descarte incorreto","Fazenda S\u00e3o Jos\u00e9","Lixeiras","Paverama","Secretaria de Obras"],"articleSection":["Destaques","Geral"],"inLanguage":"pt-BR","potentialAction":[{"@type":"CommentAction","name":"Comment","target":["https:\/\/folhapopular.info\/index.php\/2023\/02\/16\/paverama-instala-duas-lixeiras-na-fazenda-sao-jose\/#respond"]}]},{"@type":"WebPage","@id":"https:\/\/folhapopular.info\/index.php\/2023\/02\/16\/paverama-instala-duas-lixeiras-na-fazenda-sao-jose\/","url":"https:\/\/folhapopular.info\/index.php\/2023\/02\/16\/paverama-instala-duas-lixeiras-na-fazenda-sao-jose\/","name":"Paverama instala duas lixeiras na Fazenda S\u00e3o Jos\u00e9 - Folha Popular","isPartOf":{"@id":"https:\/\/folhapopular.info\/#website"},"primaryImageOfPage":{"@id":"https:\/\/folhapopular.info\/index.php\/2023\/02\/16\/paverama-instala-duas-lixeiras-na-fazenda-sao-jose\/#primaryimage"},"image":{"@id":"https:\/\/folhapopular.info\/index.php\/2023\/02\/16\/paverama-instala-duas-lixeiras-na-fazenda-sao-jose\/#primaryimage"},"thumbnailUrl":"https:\/\/folhapopular.info\/wp-content\/uploads\/2023\/02\/ab806329-e4a7-46d0-b248-f5bde12f118c.jpg","datePublished":"2023-02-16T17:59:19+00:00","dateModified":"2023-02-16T17:59:22+00:00","author":{"@id":"https:\/\/folhapopular.info\/#\/schema\/person\/2814e8a0df7643585a9ca38bc6eb9d4b"},"breadcrumb":{"@id":"https:\/\/folhapopular.info\/index.php\/2023\/02\/16\/paverama-instala-duas-lixeiras-na-fazenda-sao-jose\/#breadcrumb"},"inLanguage":"pt-BR","potentialAction":[{"@type":"ReadAction","target":["https:\/\/folhapopular.info\/index.php\/2023\/02\/16\/paverama-instala-duas-lixeiras-na-fazenda-sao-jose\/"]}]},{"@type":"ImageObject","inLanguage":"pt-BR","@id":"https:\/\/folhapopular.info\/index.php\/2023\/02\/16\/paverama-instala-duas-lixeiras-na-fazenda-sao-jose\/#primaryimage","url":"https:\/\/folhapopular.info\/wp-content\/uploads\/2023\/02\/ab806329-e4a7-46d0-b248-f5bde12f118c.jpg","contentUrl":"https:\/\/folhapopular.info\/wp-content\/uploads\/2023\/02\/ab806329-e4a7-46d0-b248-f5bde12f118c.jpg","width":1600,"height":1200,"caption":"Um dos locais havia sido motivo de den\u00fancia devido a descartes incorretos. Cr\u00e9ditos: Prefeitura de Paverama\/Divulga\u00e7\u00e3o"},{"@type":"BreadcrumbList","@id":"https:\/\/folhapopular.info\/index.php\/2023\/02\/16\/paverama-instala-duas-lixeiras-na-fazenda-sao-jose\/#breadcrumb","itemListElement":[{"@type":"ListItem","position":1,"name":"In\u00edcio","item":"https:\/\/folhapopular.info\/"},{"@type":"ListItem","position":2,"name":"Paverama instala duas lixeiras na Fazenda S\u00e3o Jos\u00e9"}]},{"@type":"WebSite","@id":"https:\/\/folhapopular.info\/#website","url":"https:\/\/folhapopular.info\/","name":"Folha Popular","description":"Onde voc\u00ea tem vez e voz","potentialAction":[{"@type":"SearchAction","target":{"@type":"EntryPoint","urlTemplate":"https:\/\/folhapopular.info\/?s={search_term_string}"},"query-input":{"@type":"PropertyValueSpecification","valueRequired":true,"valueName":"search_term_string"}}],"inLanguage":"pt-BR"},{"@type":"Person","@id":"https:\/\/folhapopular.info\/#\/schema\/person\/2814e8a0df7643585a9ca38bc6eb9d4b","name":"Reda\u00e7\u00e3o Folha Popular","image":{"@type":"ImageObject","inLanguage":"pt-BR","@id":"https:\/\/folhapopular.info\/wp-content\/uploads\/2026\/04\/Folha-1.webp","url":"https:\/\/folhapopular.info\/wp-content\/uploads\/2026\/04\/Folha-1.webp","contentUrl":"https:\/\/folhapopular.info\/wp-content\/uploads\/2026\/04\/Folha-1.webp","caption":"Reda\u00e7\u00e3o Folha Popular"},"url":"https:\/\/folhapopular.info\/index.php\/author\/redacao\/"}]}},"jetpack_featured_media_url":"https:\/\/folhapopular.info\/wp-content\/uploads\/2023\/02\/ab806329-e4a7-46d0-b248-f5bde12f118c.jpg","jetpack_sharing_enabled":true,"amp_enabled":true,"_links":{"self":[{"href":"https:\/\/folhapopular.info\/index.php\/wp-json\/wp\/v2\/posts\/121135","targetHints":{"allow":["GET"]}}],"collection":[{"href":"https:\/\/folhapopular.info\/index.php\/wp-json\/wp\/v2\/posts"}],"about":[{"href":"https:\/\/folhapopular.info\/index.php\/wp-json\/wp\/v2\/types\/post"}],"author":[{"embeddable":true,"href":"https:\/\/folhapopular.info\/index.php\/wp-json\/wp\/v2\/users\/8"}],"replies":[{"embeddable":true,"href":"https:\/\/folhapopular.info\/index.php\/wp-json\/wp\/v2\/comments?post=121135"}],"version-history":[{"count":0,"href":"https:\/\/folhapopular.info\/index.php\/wp-json\/wp\/v2\/posts\/121135\/revisions"}],"wp:featuredmedia":[{"embeddable":true,"href":"https:\/\/folhapopular.info\/index.php\/wp-json\/wp\/v2\/media\/121137"}],"wp:attachment":[{"href":"https:\/\/folhapopular.info\/index.php\/wp-json\/wp\/v2\/media?parent=121135"}],"wp:term":[{"taxonomy":"category","embeddable":true,"href":"https:\/\/folhapopular.info\/index.php\/wp-json\/wp\/v2\/categories?post=121135"},{"taxonomy":"post_tag","embeddable":true,"href":"https:\/\/folhapopular.info\/index.php\/wp-json\/wp\/v2\/tags?post=121135"}],"curies":[{"name":"wp","href":"https:\/\/api.w.org\/{rel}","templated":true}]}}