{"id":121168,"date":"2023-02-17T19:26:03","date_gmt":"2023-02-17T22:26:03","guid":{"rendered":"https:\/\/folhapopular.info\/?p=121168"},"modified":"2023-02-17T19:26:06","modified_gmt":"2023-02-17T22:26:06","slug":"conselho-de-teutonia-decide-programacoes-para-o-dia-internacional-da-mulher","status":"publish","type":"post","link":"https:\/\/folhapopular.info\/index.php\/2023\/02\/17\/conselho-de-teutonia-decide-programacoes-para-o-dia-internacional-da-mulher\/","title":{"rendered":"Conselho de Teut\u00f4nia decide programa\u00e7\u00f5es para o Dia Internacional da Mulher"},"content":{"rendered":"\n<p>O m\u00eas de mar\u00e7o celebra o Dia Internacional da Mulher (8\/3). Em Teut\u00f4nia, o Conselho Municipal da Mulher e a Administra\u00e7\u00e3o do munic\u00edpio planejam a\u00e7\u00f5es para o per\u00edodo. As atividades iniciam no dia 4 com o Dia D e finalizam no dia 22.<\/p>\n\n\n\n<p>As programa\u00e7\u00f5es consideram a celebra\u00e7\u00e3o um manifesto das conquistas das mulheres nos diferentes campos sociais. Para os organizadores e apoiadores, \u00e9 importante abordar a data em diferentes ambientes para validar e promover a busca pelo respeito, direitos e igualdade.<\/p>\n\n\n\n<h2 class=\"wp-block-heading\"><strong>Confira o cronograma:<\/strong><\/h2>\n\n\n\n<p>No s\u00e1bado (4\/2) ser\u00e1 realizado o evento \u201cBrincando no poli \u2013 especial Dia da Mulher\u201d, \u00e0s 14h, no Bairro Canabarro. Com apresenta\u00e7\u00f5es da Orquestra Jovem de Teut\u00f4nia e Ricardo Biglu e Banda. Estar\u00e3o dispostos tamb\u00e9m brinquedos infl\u00e1veis, \u00f4nibus da sa\u00fade, tendas do CRAS e do CREAS e Vivi Flores dar\u00e1 uma aula de zumba.<\/p>\n\n\n\n<p>No dia 10, a programa\u00e7\u00e3o ser\u00e1 exclusiva para as servidoras municipais. J\u00e1 no dia 11, o CCT Quer\u00eancia Amada, em Canabarro, receber\u00e1 as palestrantes Martha Azzolin e Cristiane Echel, a partir das 14h. Elas apresentar\u00e3o o projeto Teut\u00f4nia Cultural.<\/p>\n\n\n\n<p>Junto ao evento Cultura na Pra\u00e7a, o encontro no dia 12 ser\u00e1 na pra\u00e7a do Bairro Teut\u00f4nia, a partir das 14h. O momento contar\u00e1 com brinquedos infl\u00e1veis, \u00f4nibus da sa\u00fade, tendas do CRAS e do CREAS e aula de zumba com o Studio Ritmos e Fitness.<\/p>\n\n\n\n<p>Do dia 17 ao dia 22, as atividades ser\u00e3o organizadas pela comiss\u00e3o do projeto municipal #TamoJunto. Mais informa\u00e7\u00f5es ser\u00e3o divulgadas posteriormente.<\/p>\n","protected":false},"excerpt":{"rendered":"<p>O m\u00eas de mar\u00e7o celebra o Dia Internacional da Mulher (8\/3). Em Teut\u00f4nia, o Conselho Municipal da Mulher e a Administra\u00e7\u00e3o do munic\u00edpio planejam a\u00e7\u00f5es para o per\u00edodo. As atividades iniciam no dia 4 com o Dia D e finalizam no dia 22. As programa\u00e7\u00f5es consideram a celebra\u00e7\u00e3o um manifesto das conquistas das mulheres nos [&hellip;]<\/p>\n","protected":false},"author":8,"featured_media":121177,"comment_status":"open","ping_status":"open","sticky":false,"template":"","format":"standard","meta":{"pmpro_default_level":"","_jetpack_memberships_contains_paid_content":false,"footnotes":""},"categories":[2,3],"tags":[9645,590,4227,365,7760,26],"class_list":{"0":"post-121168","1":"post","2":"type-post","3":"status-publish","4":"format-standard","5":"has-post-thumbnail","7":"category-featured","8":"category-geral","9":"tag-conselho-da-mulher","10":"tag-dia-d","11":"tag-dia-internacional-da-mulher","12":"tag-planejamento","13":"tag-programacoes","14":"tag-teutonia","15":"pmpro-has-access"},"yoast_head":"<!-- This site is optimized with the Yoast SEO plugin v27.5 - https:\/\/yoast.com\/product\/yoast-seo-wordpress\/ -->\n<title>Conselho de Teut\u00f4nia decide programa\u00e7\u00f5es para o Dia Internacional da Mulher - Folha Popular<\/title>\n<meta name=\"robots\" content=\"index, follow, max-snippet:-1, max-image-preview:large, max-video-preview:-1\" \/>\n<link rel=\"canonical\" href=\"https:\/\/folhapopular.info\/index.php\/2023\/02\/17\/conselho-de-teutonia-decide-programacoes-para-o-dia-internacional-da-mulher\/\" \/>\n<meta property=\"og:locale\" content=\"pt_BR\" \/>\n<meta property=\"og:type\" content=\"article\" \/>\n<meta property=\"og:title\" content=\"Conselho de Teut\u00f4nia decide programa\u00e7\u00f5es para o Dia Internacional da Mulher - Folha Popular\" \/>\n<meta property=\"og:description\" content=\"O m\u00eas de mar\u00e7o celebra o Dia Internacional da Mulher (8\/3). Em Teut\u00f4nia, o Conselho Municipal da Mulher e a Administra\u00e7\u00e3o do munic\u00edpio planejam a\u00e7\u00f5es para o per\u00edodo. As atividades iniciam no dia 4 com o Dia D e finalizam no dia 22. As programa\u00e7\u00f5es consideram a celebra\u00e7\u00e3o um manifesto das conquistas das mulheres nos [&hellip;]\" \/>\n<meta property=\"og:url\" content=\"https:\/\/folhapopular.info\/index.php\/2023\/02\/17\/conselho-de-teutonia-decide-programacoes-para-o-dia-internacional-da-mulher\/\" \/>\n<meta property=\"og:site_name\" content=\"Folha Popular\" \/>\n<meta property=\"article:published_time\" content=\"2023-02-17T22:26:03+00:00\" \/>\n<meta property=\"article:modified_time\" content=\"2023-02-17T22:26:06+00:00\" \/>\n<meta property=\"og:image\" content=\"http:\/\/folhapopular.info\/wp-content\/uploads\/2023\/02\/WhatsApp-Image-2023-02-17-at-14.55.47-e1676672224460.jpeg\" \/>\n\t<meta property=\"og:image:width\" content=\"1200\" \/>\n\t<meta property=\"og:image:height\" content=\"900\" \/>\n\t<meta property=\"og:image:type\" content=\"image\/jpeg\" \/>\n<meta name=\"author\" content=\"Reda\u00e7\u00e3o Folha Popular\" \/>\n<meta name=\"twitter:card\" content=\"summary_large_image\" \/>\n<meta name=\"twitter:label1\" content=\"Escrito por\" \/>\n\t<meta name=\"twitter:data1\" content=\"Reda\u00e7\u00e3o Folha Popular\" \/>\n\t<meta name=\"twitter:label2\" content=\"Est. tempo de leitura\" \/>\n\t<meta name=\"twitter:data2\" content=\"2 minutos\" \/>\n<script type=\"application\/ld+json\" class=\"yoast-schema-graph\">{\"@context\":\"https:\\\/\\\/schema.org\",\"@graph\":[{\"@type\":\"Article\",\"@id\":\"https:\\\/\\\/folhapopular.info\\\/index.php\\\/2023\\\/02\\\/17\\\/conselho-de-teutonia-decide-programacoes-para-o-dia-internacional-da-mulher\\\/#article\",\"isPartOf\":{\"@id\":\"https:\\\/\\\/folhapopular.info\\\/index.php\\\/2023\\\/02\\\/17\\\/conselho-de-teutonia-decide-programacoes-para-o-dia-internacional-da-mulher\\\/\"},\"author\":{\"name\":\"Reda\u00e7\u00e3o Folha Popular\",\"@id\":\"https:\\\/\\\/folhapopular.info\\\/#\\\/schema\\\/person\\\/2814e8a0df7643585a9ca38bc6eb9d4b\"},\"headline\":\"Conselho de Teut\u00f4nia decide programa\u00e7\u00f5es para o Dia Internacional da Mulher\",\"datePublished\":\"2023-02-17T22:26:03+00:00\",\"dateModified\":\"2023-02-17T22:26:06+00:00\",\"mainEntityOfPage\":{\"@id\":\"https:\\\/\\\/folhapopular.info\\\/index.php\\\/2023\\\/02\\\/17\\\/conselho-de-teutonia-decide-programacoes-para-o-dia-internacional-da-mulher\\\/\"},\"wordCount\":276,\"commentCount\":0,\"image\":{\"@id\":\"https:\\\/\\\/folhapopular.info\\\/index.php\\\/2023\\\/02\\\/17\\\/conselho-de-teutonia-decide-programacoes-para-o-dia-internacional-da-mulher\\\/#primaryimage\"},\"thumbnailUrl\":\"https:\\\/\\\/folhapopular.info\\\/wp-content\\\/uploads\\\/2023\\\/02\\\/WhatsApp-Image-2023-02-17-at-14.55.47-e1676672224460.jpeg\",\"keywords\":[\"Conselho da Mulher\",\"Dia D\",\"Dia Internacional da Mulher\",\"Planejamento\",\"programa\u00e7\u00f5es\",\"Teut\u00f4nia\"],\"articleSection\":[\"Destaques\",\"Geral\"],\"inLanguage\":\"pt-BR\",\"potentialAction\":[{\"@type\":\"CommentAction\",\"name\":\"Comment\",\"target\":[\"https:\\\/\\\/folhapopular.info\\\/index.php\\\/2023\\\/02\\\/17\\\/conselho-de-teutonia-decide-programacoes-para-o-dia-internacional-da-mulher\\\/#respond\"]}]},{\"@type\":\"WebPage\",\"@id\":\"https:\\\/\\\/folhapopular.info\\\/index.php\\\/2023\\\/02\\\/17\\\/conselho-de-teutonia-decide-programacoes-para-o-dia-internacional-da-mulher\\\/\",\"url\":\"https:\\\/\\\/folhapopular.info\\\/index.php\\\/2023\\\/02\\\/17\\\/conselho-de-teutonia-decide-programacoes-para-o-dia-internacional-da-mulher\\\/\",\"name\":\"Conselho de Teut\u00f4nia decide programa\u00e7\u00f5es para o Dia Internacional da Mulher - Folha Popular\",\"isPartOf\":{\"@id\":\"https:\\\/\\\/folhapopular.info\\\/#website\"},\"primaryImageOfPage\":{\"@id\":\"https:\\\/\\\/folhapopular.info\\\/index.php\\\/2023\\\/02\\\/17\\\/conselho-de-teutonia-decide-programacoes-para-o-dia-internacional-da-mulher\\\/#primaryimage\"},\"image\":{\"@id\":\"https:\\\/\\\/folhapopular.info\\\/index.php\\\/2023\\\/02\\\/17\\\/conselho-de-teutonia-decide-programacoes-para-o-dia-internacional-da-mulher\\\/#primaryimage\"},\"thumbnailUrl\":\"https:\\\/\\\/folhapopular.info\\\/wp-content\\\/uploads\\\/2023\\\/02\\\/WhatsApp-Image-2023-02-17-at-14.55.47-e1676672224460.jpeg\",\"datePublished\":\"2023-02-17T22:26:03+00:00\",\"dateModified\":\"2023-02-17T22:26:06+00:00\",\"author\":{\"@id\":\"https:\\\/\\\/folhapopular.info\\\/#\\\/schema\\\/person\\\/2814e8a0df7643585a9ca38bc6eb9d4b\"},\"breadcrumb\":{\"@id\":\"https:\\\/\\\/folhapopular.info\\\/index.php\\\/2023\\\/02\\\/17\\\/conselho-de-teutonia-decide-programacoes-para-o-dia-internacional-da-mulher\\\/#breadcrumb\"},\"inLanguage\":\"pt-BR\",\"potentialAction\":[{\"@type\":\"ReadAction\",\"target\":[\"https:\\\/\\\/folhapopular.info\\\/index.php\\\/2023\\\/02\\\/17\\\/conselho-de-teutonia-decide-programacoes-para-o-dia-internacional-da-mulher\\\/\"]}]},{\"@type\":\"ImageObject\",\"inLanguage\":\"pt-BR\",\"@id\":\"https:\\\/\\\/folhapopular.info\\\/index.php\\\/2023\\\/02\\\/17\\\/conselho-de-teutonia-decide-programacoes-para-o-dia-internacional-da-mulher\\\/#primaryimage\",\"url\":\"https:\\\/\\\/folhapopular.info\\\/wp-content\\\/uploads\\\/2023\\\/02\\\/WhatsApp-Image-2023-02-17-at-14.55.47-e1676672224460.jpeg\",\"contentUrl\":\"https:\\\/\\\/folhapopular.info\\\/wp-content\\\/uploads\\\/2023\\\/02\\\/WhatsApp-Image-2023-02-17-at-14.55.47-e1676672224460.jpeg\",\"width\":1200,\"height\":900,\"caption\":\"Cr\u00e9dito: AI \\\/ Divulga\u00e7\u00e3o\"},{\"@type\":\"BreadcrumbList\",\"@id\":\"https:\\\/\\\/folhapopular.info\\\/index.php\\\/2023\\\/02\\\/17\\\/conselho-de-teutonia-decide-programacoes-para-o-dia-internacional-da-mulher\\\/#breadcrumb\",\"itemListElement\":[{\"@type\":\"ListItem\",\"position\":1,\"name\":\"In\u00edcio\",\"item\":\"https:\\\/\\\/folhapopular.info\\\/\"},{\"@type\":\"ListItem\",\"position\":2,\"name\":\"Conselho de Teut\u00f4nia decide programa\u00e7\u00f5es para o Dia Internacional da Mulher\"}]},{\"@type\":\"WebSite\",\"@id\":\"https:\\\/\\\/folhapopular.info\\\/#website\",\"url\":\"https:\\\/\\\/folhapopular.info\\\/\",\"name\":\"Folha Popular\",\"description\":\"Onde voc\u00ea tem vez e voz\",\"potentialAction\":[{\"@type\":\"SearchAction\",\"target\":{\"@type\":\"EntryPoint\",\"urlTemplate\":\"https:\\\/\\\/folhapopular.info\\\/?s={search_term_string}\"},\"query-input\":{\"@type\":\"PropertyValueSpecification\",\"valueRequired\":true,\"valueName\":\"search_term_string\"}}],\"inLanguage\":\"pt-BR\"},{\"@type\":\"Person\",\"@id\":\"https:\\\/\\\/folhapopular.info\\\/#\\\/schema\\\/person\\\/2814e8a0df7643585a9ca38bc6eb9d4b\",\"name\":\"Reda\u00e7\u00e3o Folha Popular\",\"image\":{\"@type\":\"ImageObject\",\"inLanguage\":\"pt-BR\",\"@id\":\"https:\\\/\\\/folhapopular.info\\\/wp-content\\\/uploads\\\/2026\\\/04\\\/Folha-1.webp\",\"url\":\"https:\\\/\\\/folhapopular.info\\\/wp-content\\\/uploads\\\/2026\\\/04\\\/Folha-1.webp\",\"contentUrl\":\"https:\\\/\\\/folhapopular.info\\\/wp-content\\\/uploads\\\/2026\\\/04\\\/Folha-1.webp\",\"caption\":\"Reda\u00e7\u00e3o Folha Popular\"},\"url\":\"https:\\\/\\\/folhapopular.info\\\/index.php\\\/author\\\/redacao\\\/\"}]}<\/script>\n<!-- \/ Yoast SEO plugin. -->","yoast_head_json":{"title":"Conselho de Teut\u00f4nia decide programa\u00e7\u00f5es para o Dia Internacional da Mulher - Folha Popular","robots":{"index":"index","follow":"follow","max-snippet":"max-snippet:-1","max-image-preview":"max-image-preview:large","max-video-preview":"max-video-preview:-1"},"canonical":"https:\/\/folhapopular.info\/index.php\/2023\/02\/17\/conselho-de-teutonia-decide-programacoes-para-o-dia-internacional-da-mulher\/","og_locale":"pt_BR","og_type":"article","og_title":"Conselho de Teut\u00f4nia decide programa\u00e7\u00f5es para o Dia Internacional da Mulher - Folha Popular","og_description":"O m\u00eas de mar\u00e7o celebra o Dia Internacional da Mulher (8\/3). Em Teut\u00f4nia, o Conselho Municipal da Mulher e a Administra\u00e7\u00e3o do munic\u00edpio planejam a\u00e7\u00f5es para o per\u00edodo. As atividades iniciam no dia 4 com o Dia D e finalizam no dia 22. As programa\u00e7\u00f5es consideram a celebra\u00e7\u00e3o um manifesto das conquistas das mulheres nos [&hellip;]","og_url":"https:\/\/folhapopular.info\/index.php\/2023\/02\/17\/conselho-de-teutonia-decide-programacoes-para-o-dia-internacional-da-mulher\/","og_site_name":"Folha Popular","article_published_time":"2023-02-17T22:26:03+00:00","article_modified_time":"2023-02-17T22:26:06+00:00","og_image":[{"width":1200,"height":900,"url":"http:\/\/folhapopular.info\/wp-content\/uploads\/2023\/02\/WhatsApp-Image-2023-02-17-at-14.55.47-e1676672224460.jpeg","type":"image\/jpeg"}],"author":"Reda\u00e7\u00e3o Folha Popular","twitter_card":"summary_large_image","twitter_misc":{"Escrito por":"Reda\u00e7\u00e3o Folha Popular","Est. tempo de leitura":"2 minutos"},"schema":{"@context":"https:\/\/schema.org","@graph":[{"@type":"Article","@id":"https:\/\/folhapopular.info\/index.php\/2023\/02\/17\/conselho-de-teutonia-decide-programacoes-para-o-dia-internacional-da-mulher\/#article","isPartOf":{"@id":"https:\/\/folhapopular.info\/index.php\/2023\/02\/17\/conselho-de-teutonia-decide-programacoes-para-o-dia-internacional-da-mulher\/"},"author":{"name":"Reda\u00e7\u00e3o Folha Popular","@id":"https:\/\/folhapopular.info\/#\/schema\/person\/2814e8a0df7643585a9ca38bc6eb9d4b"},"headline":"Conselho de Teut\u00f4nia decide programa\u00e7\u00f5es para o Dia Internacional da Mulher","datePublished":"2023-02-17T22:26:03+00:00","dateModified":"2023-02-17T22:26:06+00:00","mainEntityOfPage":{"@id":"https:\/\/folhapopular.info\/index.php\/2023\/02\/17\/conselho-de-teutonia-decide-programacoes-para-o-dia-internacional-da-mulher\/"},"wordCount":276,"commentCount":0,"image":{"@id":"https:\/\/folhapopular.info\/index.php\/2023\/02\/17\/conselho-de-teutonia-decide-programacoes-para-o-dia-internacional-da-mulher\/#primaryimage"},"thumbnailUrl":"https:\/\/folhapopular.info\/wp-content\/uploads\/2023\/02\/WhatsApp-Image-2023-02-17-at-14.55.47-e1676672224460.jpeg","keywords":["Conselho da Mulher","Dia D","Dia Internacional da Mulher","Planejamento","programa\u00e7\u00f5es","Teut\u00f4nia"],"articleSection":["Destaques","Geral"],"inLanguage":"pt-BR","potentialAction":[{"@type":"CommentAction","name":"Comment","target":["https:\/\/folhapopular.info\/index.php\/2023\/02\/17\/conselho-de-teutonia-decide-programacoes-para-o-dia-internacional-da-mulher\/#respond"]}]},{"@type":"WebPage","@id":"https:\/\/folhapopular.info\/index.php\/2023\/02\/17\/conselho-de-teutonia-decide-programacoes-para-o-dia-internacional-da-mulher\/","url":"https:\/\/folhapopular.info\/index.php\/2023\/02\/17\/conselho-de-teutonia-decide-programacoes-para-o-dia-internacional-da-mulher\/","name":"Conselho de Teut\u00f4nia decide programa\u00e7\u00f5es para o Dia Internacional da Mulher - Folha Popular","isPartOf":{"@id":"https:\/\/folhapopular.info\/#website"},"primaryImageOfPage":{"@id":"https:\/\/folhapopular.info\/index.php\/2023\/02\/17\/conselho-de-teutonia-decide-programacoes-para-o-dia-internacional-da-mulher\/#primaryimage"},"image":{"@id":"https:\/\/folhapopular.info\/index.php\/2023\/02\/17\/conselho-de-teutonia-decide-programacoes-para-o-dia-internacional-da-mulher\/#primaryimage"},"thumbnailUrl":"https:\/\/folhapopular.info\/wp-content\/uploads\/2023\/02\/WhatsApp-Image-2023-02-17-at-14.55.47-e1676672224460.jpeg","datePublished":"2023-02-17T22:26:03+00:00","dateModified":"2023-02-17T22:26:06+00:00","author":{"@id":"https:\/\/folhapopular.info\/#\/schema\/person\/2814e8a0df7643585a9ca38bc6eb9d4b"},"breadcrumb":{"@id":"https:\/\/folhapopular.info\/index.php\/2023\/02\/17\/conselho-de-teutonia-decide-programacoes-para-o-dia-internacional-da-mulher\/#breadcrumb"},"inLanguage":"pt-BR","potentialAction":[{"@type":"ReadAction","target":["https:\/\/folhapopular.info\/index.php\/2023\/02\/17\/conselho-de-teutonia-decide-programacoes-para-o-dia-internacional-da-mulher\/"]}]},{"@type":"ImageObject","inLanguage":"pt-BR","@id":"https:\/\/folhapopular.info\/index.php\/2023\/02\/17\/conselho-de-teutonia-decide-programacoes-para-o-dia-internacional-da-mulher\/#primaryimage","url":"https:\/\/folhapopular.info\/wp-content\/uploads\/2023\/02\/WhatsApp-Image-2023-02-17-at-14.55.47-e1676672224460.jpeg","contentUrl":"https:\/\/folhapopular.info\/wp-content\/uploads\/2023\/02\/WhatsApp-Image-2023-02-17-at-14.55.47-e1676672224460.jpeg","width":1200,"height":900,"caption":"Cr\u00e9dito: AI \/ Divulga\u00e7\u00e3o"},{"@type":"BreadcrumbList","@id":"https:\/\/folhapopular.info\/index.php\/2023\/02\/17\/conselho-de-teutonia-decide-programacoes-para-o-dia-internacional-da-mulher\/#breadcrumb","itemListElement":[{"@type":"ListItem","position":1,"name":"In\u00edcio","item":"https:\/\/folhapopular.info\/"},{"@type":"ListItem","position":2,"name":"Conselho de Teut\u00f4nia decide programa\u00e7\u00f5es para o Dia Internacional da Mulher"}]},{"@type":"WebSite","@id":"https:\/\/folhapopular.info\/#website","url":"https:\/\/folhapopular.info\/","name":"Folha Popular","description":"Onde voc\u00ea tem vez e voz","potentialAction":[{"@type":"SearchAction","target":{"@type":"EntryPoint","urlTemplate":"https:\/\/folhapopular.info\/?s={search_term_string}"},"query-input":{"@type":"PropertyValueSpecification","valueRequired":true,"valueName":"search_term_string"}}],"inLanguage":"pt-BR"},{"@type":"Person","@id":"https:\/\/folhapopular.info\/#\/schema\/person\/2814e8a0df7643585a9ca38bc6eb9d4b","name":"Reda\u00e7\u00e3o Folha Popular","image":{"@type":"ImageObject","inLanguage":"pt-BR","@id":"https:\/\/folhapopular.info\/wp-content\/uploads\/2026\/04\/Folha-1.webp","url":"https:\/\/folhapopular.info\/wp-content\/uploads\/2026\/04\/Folha-1.webp","contentUrl":"https:\/\/folhapopular.info\/wp-content\/uploads\/2026\/04\/Folha-1.webp","caption":"Reda\u00e7\u00e3o Folha Popular"},"url":"https:\/\/folhapopular.info\/index.php\/author\/redacao\/"}]}},"jetpack_featured_media_url":"https:\/\/folhapopular.info\/wp-content\/uploads\/2023\/02\/WhatsApp-Image-2023-02-17-at-14.55.47-e1676672224460.jpeg","jetpack_sharing_enabled":true,"amp_enabled":true,"_links":{"self":[{"href":"https:\/\/folhapopular.info\/index.php\/wp-json\/wp\/v2\/posts\/121168","targetHints":{"allow":["GET"]}}],"collection":[{"href":"https:\/\/folhapopular.info\/index.php\/wp-json\/wp\/v2\/posts"}],"about":[{"href":"https:\/\/folhapopular.info\/index.php\/wp-json\/wp\/v2\/types\/post"}],"author":[{"embeddable":true,"href":"https:\/\/folhapopular.info\/index.php\/wp-json\/wp\/v2\/users\/8"}],"replies":[{"embeddable":true,"href":"https:\/\/folhapopular.info\/index.php\/wp-json\/wp\/v2\/comments?post=121168"}],"version-history":[{"count":0,"href":"https:\/\/folhapopular.info\/index.php\/wp-json\/wp\/v2\/posts\/121168\/revisions"}],"wp:featuredmedia":[{"embeddable":true,"href":"https:\/\/folhapopular.info\/index.php\/wp-json\/wp\/v2\/media\/121177"}],"wp:attachment":[{"href":"https:\/\/folhapopular.info\/index.php\/wp-json\/wp\/v2\/media?parent=121168"}],"wp:term":[{"taxonomy":"category","embeddable":true,"href":"https:\/\/folhapopular.info\/index.php\/wp-json\/wp\/v2\/categories?post=121168"},{"taxonomy":"post_tag","embeddable":true,"href":"https:\/\/folhapopular.info\/index.php\/wp-json\/wp\/v2\/tags?post=121168"}],"curies":[{"name":"wp","href":"https:\/\/api.w.org\/{rel}","templated":true}]}}