{"id":121209,"date":"2023-02-18T08:24:19","date_gmt":"2023-02-18T11:24:19","guid":{"rendered":"https:\/\/folhapopular.info\/?p=121209"},"modified":"2023-02-18T08:25:04","modified_gmt":"2023-02-18T11:25:04","slug":"expectativas-e-objetivos-marcam-mais-um-inicio-de-ano-letivo","status":"publish","type":"post","link":"https:\/\/folhapopular.info\/index.php\/2023\/02\/18\/expectativas-e-objetivos-marcam-mais-um-inicio-de-ano-letivo\/","title":{"rendered":"<strong>Expectativas e objetivos marcam mais um in\u00edcio de ano letivo<\/strong>"},"content":{"rendered":"\n<p>A chegada do m\u00eas de fevereiro sempre traz expectativas e mudan\u00e7as para muitos jovens. Um dos fatores \u00e9 o in\u00edcio do ano letivo. As escolas municipais retomaram suas atividades na segunda-feira (13\/2), e novas metas e objetivos acompanham os estudantes para mais uma etapa escolar.<\/p>\n\n\n\n<p>Estela Kr\u00fcger Schneider (13) do 8\u00ba ano considera o retorno positivo para retomar o aprendizado de conte\u00fado, pois nas f\u00e9rias preferiu aproveita com a fam\u00edlia e amigos. Ela n\u00e3o conhece muito sobre o novo ensino m\u00e9dio, mas acha que contribuir\u00e1 positivamente para seu futuro. Para este ano, a jovem tem como objetivo ser aprovada.<\/p>\n\n\n\n<p>A estudante Vit\u00f3ria Heloisa Schneider (17) entra no 3\u00ba ano do Ensino M\u00e9dio e espera um ano mais produtivo, tanto de sua parte quanto da dos professores, para se preparar para o Exame Nacional do Ensino M\u00e9dio (ENEM) e para a reda\u00e7\u00e3o. Durante as f\u00e9rias, Vit\u00f3ria aproveitou o tempo livre dos estudos para se aprimorar em outras \u00e1reas. Ela aprendeu novas t\u00e9cnicas de desenho e a fazer pinturas em telas.<\/p>\n\n\n\n<p>Vit\u00f3ria n\u00e3o participar\u00e1 dos programas do Novo Ensino M\u00e9dio, mas em se tratando desse assunto, compartilha a preocupa\u00e7\u00e3o pelos coment\u00e1rios acerca do sistema, principalmente por estar relacionado a falta de prepara\u00e7\u00e3o dos profissionais para lidar com algumas novidades em disciplinas dessa proposta.<\/p>\n\n\n\n<p><strong>Novo Ensino M\u00e9dio<\/strong><\/p>\n\n\n\n<p>Raiane La\u00edssa M\u00fcller (15) cursar\u00e1 o segundo ano do Ensino M\u00e9dio e considera a ideia interessante pela prepara\u00e7\u00e3o que objetiva trazer, como um curso profissionalizante ou encaminhamento para faculdade ou mercado de trabalho. Todavia, tamb\u00e9m tem incertezas, pois ainda \u00e9 como um \u201cteste\u201d para adolescentes em d\u00favida sobre suas metas para o futuro.<\/p>\n\n\n\n<p>A jovem expressa a preocupa\u00e7\u00e3o diante da possibilidade de os estudantes precisarem \u201cdecidir o rumo de suas vidas\u201d entre as \u00e1reas de linguagens, humanas, natureza ou matem\u00e1tica sem a possibilidade de mudar de ideia no meio do caminho. \u201c\u00c9 uma desvantagem no momento de realiza\u00e7\u00e3o de vestibulares em compara\u00e7\u00e3o com outros concorrentes\u201d, avalia.<\/p>\n\n\n\n<p>O novo Ensino M\u00e9dio altera a grade curricular, hor\u00e1rios e formatos de ensinar e aprender. Segundo Raiane, isso pode afetar de forma intensa tanto o ensino quanto a forma de lidar com as mudan\u00e7as. \u201cAs ideias s\u00e3o bem planejadas no abstrato, mas muitas vezes n\u00e3o saem t\u00e3o bem na pr\u00e1tica. S\u00e3o muitas mudan\u00e7as para os alunos e professores se adaptarem\u201d, pontua.<\/p>\n\n\n\n<p>As aulas das Escolas Estaduais iniciar\u00e3o na pr\u00f3xima quinta-feira (23\/2) e apesar dos desafios, a aluna espera ser um ano de muitos aprendizados, conhecimentos e descobertas para sua trajet\u00f3ria de estudante.<\/p>\n","protected":false},"excerpt":{"rendered":"<p>A chegada do m\u00eas de fevereiro sempre traz expectativas e mudan\u00e7as para muitos jovens. Um dos fatores \u00e9 o in\u00edcio do ano letivo. As escolas municipais retomaram suas atividades na segunda-feira (13\/2), e novas metas e objetivos acompanham os estudantes para mais uma etapa escolar. Estela Kr\u00fcger Schneider (13) do 8\u00ba ano considera o retorno [&hellip;]<\/p>\n","protected":false},"author":636,"featured_media":121210,"comment_status":"open","ping_status":"open","sticky":false,"template":"","format":"standard","meta":{"pmpro_default_level":"","_jetpack_memberships_contains_paid_content":false,"footnotes":""},"categories":[2,3],"tags":[5626,3019,6963,5530,6996,315,2236],"class_list":{"0":"post-121209","1":"post","2":"type-post","3":"status-publish","4":"format-standard","5":"has-post-thumbnail","7":"category-featured","8":"category-geral","9":"tag-atividades","10":"tag-estudantes","11":"tag-expectativas","12":"tag-g7","13":"tag-novo-ensino-medio","14":"tag-regiao","15":"tag-volta-as-aulas","16":"pmpro-has-access"},"yoast_head":"<!-- This site is optimized with the Yoast SEO plugin v27.5 - https:\/\/yoast.com\/product\/yoast-seo-wordpress\/ -->\n<title>Expectativas e objetivos marcam mais um in\u00edcio de ano letivo - Folha Popular<\/title>\n<meta name=\"robots\" content=\"index, follow, max-snippet:-1, max-image-preview:large, max-video-preview:-1\" \/>\n<link rel=\"canonical\" href=\"https:\/\/folhapopular.info\/index.php\/2023\/02\/18\/expectativas-e-objetivos-marcam-mais-um-inicio-de-ano-letivo\/\" \/>\n<meta property=\"og:locale\" content=\"pt_BR\" \/>\n<meta property=\"og:type\" content=\"article\" \/>\n<meta property=\"og:title\" content=\"Expectativas e objetivos marcam mais um in\u00edcio de ano letivo - Folha Popular\" \/>\n<meta property=\"og:description\" content=\"A chegada do m\u00eas de fevereiro sempre traz expectativas e mudan\u00e7as para muitos jovens. Um dos fatores \u00e9 o in\u00edcio do ano letivo. As escolas municipais retomaram suas atividades na segunda-feira (13\/2), e novas metas e objetivos acompanham os estudantes para mais uma etapa escolar. Estela Kr\u00fcger Schneider (13) do 8\u00ba ano considera o retorno [&hellip;]\" \/>\n<meta property=\"og:url\" content=\"https:\/\/folhapopular.info\/index.php\/2023\/02\/18\/expectativas-e-objetivos-marcam-mais-um-inicio-de-ano-letivo\/\" \/>\n<meta property=\"og:site_name\" content=\"Folha Popular\" \/>\n<meta property=\"article:published_time\" content=\"2023-02-18T11:24:19+00:00\" \/>\n<meta property=\"article:modified_time\" content=\"2023-02-18T11:25:04+00:00\" \/>\n<meta property=\"og:image\" content=\"http:\/\/folhapopular.info\/wp-content\/uploads\/2023\/02\/Franklin-Piran-Becker.jpg\" \/>\n\t<meta property=\"og:image:width\" content=\"1200\" \/>\n\t<meta property=\"og:image:height\" content=\"684\" \/>\n\t<meta property=\"og:image:type\" content=\"image\/jpeg\" \/>\n<meta name=\"author\" content=\"Keila Gr\u00e4ff Anhaia\" \/>\n<meta name=\"twitter:card\" content=\"summary_large_image\" \/>\n<meta name=\"twitter:label1\" content=\"Escrito por\" \/>\n\t<meta name=\"twitter:data1\" content=\"Keila Gr\u00e4ff Anhaia\" \/>\n\t<meta name=\"twitter:label2\" content=\"Est. tempo de leitura\" \/>\n\t<meta name=\"twitter:data2\" content=\"3 minutos\" \/>\n<script type=\"application\/ld+json\" class=\"yoast-schema-graph\">{\"@context\":\"https:\\\/\\\/schema.org\",\"@graph\":[{\"@type\":\"Article\",\"@id\":\"https:\\\/\\\/folhapopular.info\\\/index.php\\\/2023\\\/02\\\/18\\\/expectativas-e-objetivos-marcam-mais-um-inicio-de-ano-letivo\\\/#article\",\"isPartOf\":{\"@id\":\"https:\\\/\\\/folhapopular.info\\\/index.php\\\/2023\\\/02\\\/18\\\/expectativas-e-objetivos-marcam-mais-um-inicio-de-ano-letivo\\\/\"},\"author\":{\"name\":\"Keila Gr\u00e4ff Anhaia\",\"@id\":\"https:\\\/\\\/folhapopular.info\\\/#\\\/schema\\\/person\\\/9a5695747e1046d5fac310c552cf6260\"},\"headline\":\"Expectativas e objetivos marcam mais um in\u00edcio de ano letivo\",\"datePublished\":\"2023-02-18T11:24:19+00:00\",\"dateModified\":\"2023-02-18T11:25:04+00:00\",\"mainEntityOfPage\":{\"@id\":\"https:\\\/\\\/folhapopular.info\\\/index.php\\\/2023\\\/02\\\/18\\\/expectativas-e-objetivos-marcam-mais-um-inicio-de-ano-letivo\\\/\"},\"wordCount\":458,\"commentCount\":0,\"image\":{\"@id\":\"https:\\\/\\\/folhapopular.info\\\/index.php\\\/2023\\\/02\\\/18\\\/expectativas-e-objetivos-marcam-mais-um-inicio-de-ano-letivo\\\/#primaryimage\"},\"thumbnailUrl\":\"https:\\\/\\\/folhapopular.info\\\/wp-content\\\/uploads\\\/2023\\\/02\\\/Franklin-Piran-Becker.jpg\",\"keywords\":[\"Atividades\",\"Estudantes\",\"Expectativas\",\"G7\",\"Novo Ensino M\u00e9dio\",\"Regi\u00e3o\",\"Volta \u00e0s Aulas\"],\"articleSection\":[\"Destaques\",\"Geral\"],\"inLanguage\":\"pt-BR\",\"potentialAction\":[{\"@type\":\"CommentAction\",\"name\":\"Comment\",\"target\":[\"https:\\\/\\\/folhapopular.info\\\/index.php\\\/2023\\\/02\\\/18\\\/expectativas-e-objetivos-marcam-mais-um-inicio-de-ano-letivo\\\/#respond\"]}]},{\"@type\":\"WebPage\",\"@id\":\"https:\\\/\\\/folhapopular.info\\\/index.php\\\/2023\\\/02\\\/18\\\/expectativas-e-objetivos-marcam-mais-um-inicio-de-ano-letivo\\\/\",\"url\":\"https:\\\/\\\/folhapopular.info\\\/index.php\\\/2023\\\/02\\\/18\\\/expectativas-e-objetivos-marcam-mais-um-inicio-de-ano-letivo\\\/\",\"name\":\"Expectativas e objetivos marcam mais um in\u00edcio de ano letivo - Folha Popular\",\"isPartOf\":{\"@id\":\"https:\\\/\\\/folhapopular.info\\\/#website\"},\"primaryImageOfPage\":{\"@id\":\"https:\\\/\\\/folhapopular.info\\\/index.php\\\/2023\\\/02\\\/18\\\/expectativas-e-objetivos-marcam-mais-um-inicio-de-ano-letivo\\\/#primaryimage\"},\"image\":{\"@id\":\"https:\\\/\\\/folhapopular.info\\\/index.php\\\/2023\\\/02\\\/18\\\/expectativas-e-objetivos-marcam-mais-um-inicio-de-ano-letivo\\\/#primaryimage\"},\"thumbnailUrl\":\"https:\\\/\\\/folhapopular.info\\\/wp-content\\\/uploads\\\/2023\\\/02\\\/Franklin-Piran-Becker.jpg\",\"datePublished\":\"2023-02-18T11:24:19+00:00\",\"dateModified\":\"2023-02-18T11:25:04+00:00\",\"author\":{\"@id\":\"https:\\\/\\\/folhapopular.info\\\/#\\\/schema\\\/person\\\/9a5695747e1046d5fac310c552cf6260\"},\"breadcrumb\":{\"@id\":\"https:\\\/\\\/folhapopular.info\\\/index.php\\\/2023\\\/02\\\/18\\\/expectativas-e-objetivos-marcam-mais-um-inicio-de-ano-letivo\\\/#breadcrumb\"},\"inLanguage\":\"pt-BR\",\"potentialAction\":[{\"@type\":\"ReadAction\",\"target\":[\"https:\\\/\\\/folhapopular.info\\\/index.php\\\/2023\\\/02\\\/18\\\/expectativas-e-objetivos-marcam-mais-um-inicio-de-ano-letivo\\\/\"]}]},{\"@type\":\"ImageObject\",\"inLanguage\":\"pt-BR\",\"@id\":\"https:\\\/\\\/folhapopular.info\\\/index.php\\\/2023\\\/02\\\/18\\\/expectativas-e-objetivos-marcam-mais-um-inicio-de-ano-letivo\\\/#primaryimage\",\"url\":\"https:\\\/\\\/folhapopular.info\\\/wp-content\\\/uploads\\\/2023\\\/02\\\/Franklin-Piran-Becker.jpg\",\"contentUrl\":\"https:\\\/\\\/folhapopular.info\\\/wp-content\\\/uploads\\\/2023\\\/02\\\/Franklin-Piran-Becker.jpg\",\"width\":1200,\"height\":684,\"caption\":\"Estudantes retornam \u00e0s escolas nesta semana \\\/ Cr\u00e9dito: Franklin Piran Becker \\\/ Divulga\u00e7\u00e3o\"},{\"@type\":\"BreadcrumbList\",\"@id\":\"https:\\\/\\\/folhapopular.info\\\/index.php\\\/2023\\\/02\\\/18\\\/expectativas-e-objetivos-marcam-mais-um-inicio-de-ano-letivo\\\/#breadcrumb\",\"itemListElement\":[{\"@type\":\"ListItem\",\"position\":1,\"name\":\"In\u00edcio\",\"item\":\"https:\\\/\\\/folhapopular.info\\\/\"},{\"@type\":\"ListItem\",\"position\":2,\"name\":\"Expectativas e objetivos marcam mais um in\u00edcio de ano letivo\"}]},{\"@type\":\"WebSite\",\"@id\":\"https:\\\/\\\/folhapopular.info\\\/#website\",\"url\":\"https:\\\/\\\/folhapopular.info\\\/\",\"name\":\"Folha Popular\",\"description\":\"Onde voc\u00ea tem vez e voz\",\"potentialAction\":[{\"@type\":\"SearchAction\",\"target\":{\"@type\":\"EntryPoint\",\"urlTemplate\":\"https:\\\/\\\/folhapopular.info\\\/?s={search_term_string}\"},\"query-input\":{\"@type\":\"PropertyValueSpecification\",\"valueRequired\":true,\"valueName\":\"search_term_string\"}}],\"inLanguage\":\"pt-BR\"},{\"@type\":\"Person\",\"@id\":\"https:\\\/\\\/folhapopular.info\\\/#\\\/schema\\\/person\\\/9a5695747e1046d5fac310c552cf6260\",\"name\":\"Keila Gr\u00e4ff Anhaia\",\"image\":{\"@type\":\"ImageObject\",\"inLanguage\":\"pt-BR\",\"@id\":\"https:\\\/\\\/secure.gravatar.com\\\/avatar\\\/498ef5bfb389bc7ded562ad94f835a056e934ab779eb2a595c461a735cf74fba?s=96&d=mm&r=g\",\"url\":\"https:\\\/\\\/secure.gravatar.com\\\/avatar\\\/498ef5bfb389bc7ded562ad94f835a056e934ab779eb2a595c461a735cf74fba?s=96&d=mm&r=g\",\"contentUrl\":\"https:\\\/\\\/secure.gravatar.com\\\/avatar\\\/498ef5bfb389bc7ded562ad94f835a056e934ab779eb2a595c461a735cf74fba?s=96&d=mm&r=g\",\"caption\":\"Keila Gr\u00e4ff Anhaia\"},\"url\":\"https:\\\/\\\/folhapopular.info\\\/index.php\\\/author\\\/graffkeilagmail-com\\\/\"}]}<\/script>\n<!-- \/ Yoast SEO plugin. -->","yoast_head_json":{"title":"Expectativas e objetivos marcam mais um in\u00edcio de ano letivo - Folha Popular","robots":{"index":"index","follow":"follow","max-snippet":"max-snippet:-1","max-image-preview":"max-image-preview:large","max-video-preview":"max-video-preview:-1"},"canonical":"https:\/\/folhapopular.info\/index.php\/2023\/02\/18\/expectativas-e-objetivos-marcam-mais-um-inicio-de-ano-letivo\/","og_locale":"pt_BR","og_type":"article","og_title":"Expectativas e objetivos marcam mais um in\u00edcio de ano letivo - Folha Popular","og_description":"A chegada do m\u00eas de fevereiro sempre traz expectativas e mudan\u00e7as para muitos jovens. Um dos fatores \u00e9 o in\u00edcio do ano letivo. As escolas municipais retomaram suas atividades na segunda-feira (13\/2), e novas metas e objetivos acompanham os estudantes para mais uma etapa escolar. Estela Kr\u00fcger Schneider (13) do 8\u00ba ano considera o retorno [&hellip;]","og_url":"https:\/\/folhapopular.info\/index.php\/2023\/02\/18\/expectativas-e-objetivos-marcam-mais-um-inicio-de-ano-letivo\/","og_site_name":"Folha Popular","article_published_time":"2023-02-18T11:24:19+00:00","article_modified_time":"2023-02-18T11:25:04+00:00","og_image":[{"width":1200,"height":684,"url":"http:\/\/folhapopular.info\/wp-content\/uploads\/2023\/02\/Franklin-Piran-Becker.jpg","type":"image\/jpeg"}],"author":"Keila Gr\u00e4ff Anhaia","twitter_card":"summary_large_image","twitter_misc":{"Escrito por":"Keila Gr\u00e4ff Anhaia","Est. tempo de leitura":"3 minutos"},"schema":{"@context":"https:\/\/schema.org","@graph":[{"@type":"Article","@id":"https:\/\/folhapopular.info\/index.php\/2023\/02\/18\/expectativas-e-objetivos-marcam-mais-um-inicio-de-ano-letivo\/#article","isPartOf":{"@id":"https:\/\/folhapopular.info\/index.php\/2023\/02\/18\/expectativas-e-objetivos-marcam-mais-um-inicio-de-ano-letivo\/"},"author":{"name":"Keila Gr\u00e4ff Anhaia","@id":"https:\/\/folhapopular.info\/#\/schema\/person\/9a5695747e1046d5fac310c552cf6260"},"headline":"Expectativas e objetivos marcam mais um in\u00edcio de ano letivo","datePublished":"2023-02-18T11:24:19+00:00","dateModified":"2023-02-18T11:25:04+00:00","mainEntityOfPage":{"@id":"https:\/\/folhapopular.info\/index.php\/2023\/02\/18\/expectativas-e-objetivos-marcam-mais-um-inicio-de-ano-letivo\/"},"wordCount":458,"commentCount":0,"image":{"@id":"https:\/\/folhapopular.info\/index.php\/2023\/02\/18\/expectativas-e-objetivos-marcam-mais-um-inicio-de-ano-letivo\/#primaryimage"},"thumbnailUrl":"https:\/\/folhapopular.info\/wp-content\/uploads\/2023\/02\/Franklin-Piran-Becker.jpg","keywords":["Atividades","Estudantes","Expectativas","G7","Novo Ensino M\u00e9dio","Regi\u00e3o","Volta \u00e0s Aulas"],"articleSection":["Destaques","Geral"],"inLanguage":"pt-BR","potentialAction":[{"@type":"CommentAction","name":"Comment","target":["https:\/\/folhapopular.info\/index.php\/2023\/02\/18\/expectativas-e-objetivos-marcam-mais-um-inicio-de-ano-letivo\/#respond"]}]},{"@type":"WebPage","@id":"https:\/\/folhapopular.info\/index.php\/2023\/02\/18\/expectativas-e-objetivos-marcam-mais-um-inicio-de-ano-letivo\/","url":"https:\/\/folhapopular.info\/index.php\/2023\/02\/18\/expectativas-e-objetivos-marcam-mais-um-inicio-de-ano-letivo\/","name":"Expectativas e objetivos marcam mais um in\u00edcio de ano letivo - Folha Popular","isPartOf":{"@id":"https:\/\/folhapopular.info\/#website"},"primaryImageOfPage":{"@id":"https:\/\/folhapopular.info\/index.php\/2023\/02\/18\/expectativas-e-objetivos-marcam-mais-um-inicio-de-ano-letivo\/#primaryimage"},"image":{"@id":"https:\/\/folhapopular.info\/index.php\/2023\/02\/18\/expectativas-e-objetivos-marcam-mais-um-inicio-de-ano-letivo\/#primaryimage"},"thumbnailUrl":"https:\/\/folhapopular.info\/wp-content\/uploads\/2023\/02\/Franklin-Piran-Becker.jpg","datePublished":"2023-02-18T11:24:19+00:00","dateModified":"2023-02-18T11:25:04+00:00","author":{"@id":"https:\/\/folhapopular.info\/#\/schema\/person\/9a5695747e1046d5fac310c552cf6260"},"breadcrumb":{"@id":"https:\/\/folhapopular.info\/index.php\/2023\/02\/18\/expectativas-e-objetivos-marcam-mais-um-inicio-de-ano-letivo\/#breadcrumb"},"inLanguage":"pt-BR","potentialAction":[{"@type":"ReadAction","target":["https:\/\/folhapopular.info\/index.php\/2023\/02\/18\/expectativas-e-objetivos-marcam-mais-um-inicio-de-ano-letivo\/"]}]},{"@type":"ImageObject","inLanguage":"pt-BR","@id":"https:\/\/folhapopular.info\/index.php\/2023\/02\/18\/expectativas-e-objetivos-marcam-mais-um-inicio-de-ano-letivo\/#primaryimage","url":"https:\/\/folhapopular.info\/wp-content\/uploads\/2023\/02\/Franklin-Piran-Becker.jpg","contentUrl":"https:\/\/folhapopular.info\/wp-content\/uploads\/2023\/02\/Franklin-Piran-Becker.jpg","width":1200,"height":684,"caption":"Estudantes retornam \u00e0s escolas nesta semana \/ Cr\u00e9dito: Franklin Piran Becker \/ Divulga\u00e7\u00e3o"},{"@type":"BreadcrumbList","@id":"https:\/\/folhapopular.info\/index.php\/2023\/02\/18\/expectativas-e-objetivos-marcam-mais-um-inicio-de-ano-letivo\/#breadcrumb","itemListElement":[{"@type":"ListItem","position":1,"name":"In\u00edcio","item":"https:\/\/folhapopular.info\/"},{"@type":"ListItem","position":2,"name":"Expectativas e objetivos marcam mais um in\u00edcio de ano letivo"}]},{"@type":"WebSite","@id":"https:\/\/folhapopular.info\/#website","url":"https:\/\/folhapopular.info\/","name":"Folha Popular","description":"Onde voc\u00ea tem vez e voz","potentialAction":[{"@type":"SearchAction","target":{"@type":"EntryPoint","urlTemplate":"https:\/\/folhapopular.info\/?s={search_term_string}"},"query-input":{"@type":"PropertyValueSpecification","valueRequired":true,"valueName":"search_term_string"}}],"inLanguage":"pt-BR"},{"@type":"Person","@id":"https:\/\/folhapopular.info\/#\/schema\/person\/9a5695747e1046d5fac310c552cf6260","name":"Keila Gr\u00e4ff Anhaia","image":{"@type":"ImageObject","inLanguage":"pt-BR","@id":"https:\/\/secure.gravatar.com\/avatar\/498ef5bfb389bc7ded562ad94f835a056e934ab779eb2a595c461a735cf74fba?s=96&d=mm&r=g","url":"https:\/\/secure.gravatar.com\/avatar\/498ef5bfb389bc7ded562ad94f835a056e934ab779eb2a595c461a735cf74fba?s=96&d=mm&r=g","contentUrl":"https:\/\/secure.gravatar.com\/avatar\/498ef5bfb389bc7ded562ad94f835a056e934ab779eb2a595c461a735cf74fba?s=96&d=mm&r=g","caption":"Keila Gr\u00e4ff Anhaia"},"url":"https:\/\/folhapopular.info\/index.php\/author\/graffkeilagmail-com\/"}]}},"jetpack_featured_media_url":"https:\/\/folhapopular.info\/wp-content\/uploads\/2023\/02\/Franklin-Piran-Becker.jpg","jetpack_sharing_enabled":true,"amp_enabled":true,"_links":{"self":[{"href":"https:\/\/folhapopular.info\/index.php\/wp-json\/wp\/v2\/posts\/121209","targetHints":{"allow":["GET"]}}],"collection":[{"href":"https:\/\/folhapopular.info\/index.php\/wp-json\/wp\/v2\/posts"}],"about":[{"href":"https:\/\/folhapopular.info\/index.php\/wp-json\/wp\/v2\/types\/post"}],"author":[{"embeddable":true,"href":"https:\/\/folhapopular.info\/index.php\/wp-json\/wp\/v2\/users\/636"}],"replies":[{"embeddable":true,"href":"https:\/\/folhapopular.info\/index.php\/wp-json\/wp\/v2\/comments?post=121209"}],"version-history":[{"count":0,"href":"https:\/\/folhapopular.info\/index.php\/wp-json\/wp\/v2\/posts\/121209\/revisions"}],"wp:featuredmedia":[{"embeddable":true,"href":"https:\/\/folhapopular.info\/index.php\/wp-json\/wp\/v2\/media\/121210"}],"wp:attachment":[{"href":"https:\/\/folhapopular.info\/index.php\/wp-json\/wp\/v2\/media?parent=121209"}],"wp:term":[{"taxonomy":"category","embeddable":true,"href":"https:\/\/folhapopular.info\/index.php\/wp-json\/wp\/v2\/categories?post=121209"},{"taxonomy":"post_tag","embeddable":true,"href":"https:\/\/folhapopular.info\/index.php\/wp-json\/wp\/v2\/tags?post=121209"}],"curies":[{"name":"wp","href":"https:\/\/api.w.org\/{rel}","templated":true}]}}