{"id":121356,"date":"2023-02-21T09:46:24","date_gmt":"2023-02-21T12:46:24","guid":{"rendered":"https:\/\/folhapopular.info\/?p=121356"},"modified":"2023-02-21T09:46:26","modified_gmt":"2023-02-21T12:46:26","slug":"prf-prende-foragido-na-br-386-em-fazenda-vilanova","status":"publish","type":"post","link":"https:\/\/folhapopular.info\/index.php\/2023\/02\/21\/prf-prende-foragido-na-br-386-em-fazenda-vilanova\/","title":{"rendered":"PRF prende foragido na BR-386 em Fazenda Vilanova"},"content":{"rendered":"\n<p class=\"wp-block-paragraph\">Na madrugada desta ter\u00e7a-feira (21\/2), a Pol\u00edcia Rodovi\u00e1ria Federal prendeu um criminoso que estava conduzindo um ve\u00edculo ap\u00f3s desobedecer ordem de parada. A abordagem ocorreu na BR-386 em Fazenda Vilanova e contou com o apoio da Brigada Militar.<\/p>\n\n\n\n<p class=\"wp-block-paragraph\">Durante fiscaliza\u00e7\u00e3o ostensiva na rodovia, policiais rodovi\u00e1rios federais deram ordem de parada ao motorista de um Vectra que trafegava pela rodovia pr\u00f3ximo ao ped\u00e1gio de Paverama. Ao perceber que seria abordado, o motorista acelerou e tentou fugir por cerca de 7 km e parou somente ap\u00f3s colidir o ve\u00edculo contra um barranco as margens da rodovia.<\/p>\n\n\n\n<p class=\"wp-block-paragraph\">O motorista ainda tentou fugir correndo pela vegeta\u00e7\u00e3o, mas foi capturado pelos policiais que contaram com o apoio da Brigada Militar.<\/p>\n\n\n\n<p class=\"wp-block-paragraph\">No interior do ve\u00edculo os policiais encontraram uma espingarda. Em consulta aos sistemas, os policiais verificaram que ele estava foragido do sistema prisional e que possu\u00eda ao menos 15 ocorr\u00eancias por roubo a estabelecimentos comerciais.<\/p>\n\n\n\n<p class=\"wp-block-paragraph\">O homem de 43 anos foi preso e encaminhado \u00e0 pol\u00edcia judici\u00e1ria em Lajeado, para posterior encaminhamento ao sistema prisional.<\/p>\n","protected":false},"excerpt":{"rendered":"<p>Na madrugada desta ter\u00e7a-feira (21\/2), a Pol\u00edcia Rodovi\u00e1ria Federal prendeu um criminoso que estava conduzindo um ve\u00edculo ap\u00f3s desobedecer ordem de parada. A abordagem ocorreu na BR-386 em Fazenda Vilanova e contou com o apoio da Brigada Militar. Durante fiscaliza\u00e7\u00e3o ostensiva na rodovia, policiais rodovi\u00e1rios federais deram ordem de parada ao motorista de um Vectra [&hellip;]<\/p>\n","protected":false},"author":8,"featured_media":121352,"comment_status":"open","ping_status":"open","sticky":false,"template":"","format":"standard","meta":{"pmpro_default_level":"","_jetpack_memberships_contains_paid_content":false,"footnotes":""},"categories":[2,7],"tags":[],"class_list":["post-121356","post","type-post","status-publish","format-standard","has-post-thumbnail","category-featured","category-seguranca","pmpro-has-access"],"yoast_head":"<!-- This site is optimized with the Yoast SEO plugin v28.4 - https:\/\/yoast.com\/product\/yoast-seo-wordpress\/ -->\n<title>PRF prende foragido na BR-386 em Fazenda Vilanova - Folha Popular<\/title>\n<meta name=\"robots\" content=\"index, follow, max-snippet:-1, max-image-preview:large, max-video-preview:-1\" \/>\n<link rel=\"canonical\" href=\"https:\/\/folhapopular.info\/index.php\/2023\/02\/21\/prf-prende-foragido-na-br-386-em-fazenda-vilanova\/\" \/>\n<meta property=\"og:locale\" content=\"pt_BR\" \/>\n<meta property=\"og:type\" content=\"article\" \/>\n<meta property=\"og:title\" content=\"PRF prende foragido na BR-386 em Fazenda Vilanova - Folha Popular\" \/>\n<meta property=\"og:description\" content=\"Na madrugada desta ter\u00e7a-feira (21\/2), a Pol\u00edcia Rodovi\u00e1ria Federal prendeu um criminoso que estava conduzindo um ve\u00edculo ap\u00f3s desobedecer ordem de parada. A abordagem ocorreu na BR-386 em Fazenda Vilanova e contou com o apoio da Brigada Militar. Durante fiscaliza\u00e7\u00e3o ostensiva na rodovia, policiais rodovi\u00e1rios federais deram ordem de parada ao motorista de um Vectra [&hellip;]\" \/>\n<meta property=\"og:url\" content=\"https:\/\/folhapopular.info\/index.php\/2023\/02\/21\/prf-prende-foragido-na-br-386-em-fazenda-vilanova\/\" \/>\n<meta property=\"og:site_name\" content=\"Folha Popular\" \/>\n<meta property=\"article:published_time\" content=\"2023-02-21T12:46:24+00:00\" \/>\n<meta property=\"article:modified_time\" content=\"2023-02-21T12:46:26+00:00\" \/>\n<meta property=\"og:image\" content=\"http:\/\/folhapopular.info\/wp-content\/uploads\/2023\/02\/WhatsApp-Image-2023-02-21-at-09.29.50.jpeg\" \/>\n\t<meta property=\"og:image:width\" content=\"1024\" \/>\n\t<meta property=\"og:image:height\" content=\"498\" \/>\n\t<meta property=\"og:image:type\" content=\"image\/jpeg\" \/>\n<meta name=\"author\" content=\"Reda\u00e7\u00e3o Folha Popular\" \/>\n<meta name=\"twitter:card\" content=\"summary_large_image\" \/>\n<meta name=\"twitter:label1\" content=\"Escrito por\" \/>\n\t<meta name=\"twitter:data1\" content=\"Reda\u00e7\u00e3o Folha Popular\" \/>\n\t<meta name=\"twitter:label2\" content=\"Est. tempo de leitura\" \/>\n\t<meta name=\"twitter:data2\" content=\"1 minuto\" \/>\n<script type=\"application\/ld+json\" class=\"yoast-schema-graph\">{\"@context\":\"https:\\\/\\\/schema.org\",\"@graph\":[{\"@type\":\"Article\",\"@id\":\"https:\\\/\\\/folhapopular.info\\\/index.php\\\/2023\\\/02\\\/21\\\/prf-prende-foragido-na-br-386-em-fazenda-vilanova\\\/#article\",\"isPartOf\":{\"@id\":\"https:\\\/\\\/folhapopular.info\\\/index.php\\\/2023\\\/02\\\/21\\\/prf-prende-foragido-na-br-386-em-fazenda-vilanova\\\/\"},\"author\":{\"name\":\"Reda\u00e7\u00e3o Folha Popular\",\"@id\":\"https:\\\/\\\/folhapopular.info\\\/#\\\/schema\\\/person\\\/2814e8a0df7643585a9ca38bc6eb9d4b\"},\"headline\":\"PRF prende foragido na BR-386 em Fazenda Vilanova\",\"datePublished\":\"2023-02-21T12:46:24+00:00\",\"dateModified\":\"2023-02-21T12:46:26+00:00\",\"mainEntityOfPage\":{\"@id\":\"https:\\\/\\\/folhapopular.info\\\/index.php\\\/2023\\\/02\\\/21\\\/prf-prende-foragido-na-br-386-em-fazenda-vilanova\\\/\"},\"wordCount\":190,\"commentCount\":0,\"image\":{\"@id\":\"https:\\\/\\\/folhapopular.info\\\/index.php\\\/2023\\\/02\\\/21\\\/prf-prende-foragido-na-br-386-em-fazenda-vilanova\\\/#primaryimage\"},\"thumbnailUrl\":\"https:\\\/\\\/folhapopular.info\\\/wp-content\\\/uploads\\\/2023\\\/02\\\/WhatsApp-Image-2023-02-21-at-09.29.50.jpeg\",\"articleSection\":[\"Destaques\",\"Seguran\u00e7a\"],\"inLanguage\":\"pt-BR\",\"potentialAction\":[{\"@type\":\"CommentAction\",\"name\":\"Comment\",\"target\":[\"https:\\\/\\\/folhapopular.info\\\/index.php\\\/2023\\\/02\\\/21\\\/prf-prende-foragido-na-br-386-em-fazenda-vilanova\\\/#respond\"]}]},{\"@type\":\"WebPage\",\"@id\":\"https:\\\/\\\/folhapopular.info\\\/index.php\\\/2023\\\/02\\\/21\\\/prf-prende-foragido-na-br-386-em-fazenda-vilanova\\\/\",\"url\":\"https:\\\/\\\/folhapopular.info\\\/index.php\\\/2023\\\/02\\\/21\\\/prf-prende-foragido-na-br-386-em-fazenda-vilanova\\\/\",\"name\":\"PRF prende foragido na BR-386 em Fazenda Vilanova - Folha Popular\",\"isPartOf\":{\"@id\":\"https:\\\/\\\/folhapopular.info\\\/#website\"},\"primaryImageOfPage\":{\"@id\":\"https:\\\/\\\/folhapopular.info\\\/index.php\\\/2023\\\/02\\\/21\\\/prf-prende-foragido-na-br-386-em-fazenda-vilanova\\\/#primaryimage\"},\"image\":{\"@id\":\"https:\\\/\\\/folhapopular.info\\\/index.php\\\/2023\\\/02\\\/21\\\/prf-prende-foragido-na-br-386-em-fazenda-vilanova\\\/#primaryimage\"},\"thumbnailUrl\":\"https:\\\/\\\/folhapopular.info\\\/wp-content\\\/uploads\\\/2023\\\/02\\\/WhatsApp-Image-2023-02-21-at-09.29.50.jpeg\",\"datePublished\":\"2023-02-21T12:46:24+00:00\",\"dateModified\":\"2023-02-21T12:46:26+00:00\",\"author\":{\"@id\":\"https:\\\/\\\/folhapopular.info\\\/#\\\/schema\\\/person\\\/2814e8a0df7643585a9ca38bc6eb9d4b\"},\"breadcrumb\":{\"@id\":\"https:\\\/\\\/folhapopular.info\\\/index.php\\\/2023\\\/02\\\/21\\\/prf-prende-foragido-na-br-386-em-fazenda-vilanova\\\/#breadcrumb\"},\"inLanguage\":\"pt-BR\",\"potentialAction\":[{\"@type\":\"ReadAction\",\"target\":[\"https:\\\/\\\/folhapopular.info\\\/index.php\\\/2023\\\/02\\\/21\\\/prf-prende-foragido-na-br-386-em-fazenda-vilanova\\\/\"]}]},{\"@type\":\"ImageObject\",\"inLanguage\":\"pt-BR\",\"@id\":\"https:\\\/\\\/folhapopular.info\\\/index.php\\\/2023\\\/02\\\/21\\\/prf-prende-foragido-na-br-386-em-fazenda-vilanova\\\/#primaryimage\",\"url\":\"https:\\\/\\\/folhapopular.info\\\/wp-content\\\/uploads\\\/2023\\\/02\\\/WhatsApp-Image-2023-02-21-at-09.29.50.jpeg\",\"contentUrl\":\"https:\\\/\\\/folhapopular.info\\\/wp-content\\\/uploads\\\/2023\\\/02\\\/WhatsApp-Image-2023-02-21-at-09.29.50.jpeg\",\"width\":1024,\"height\":498},{\"@type\":\"BreadcrumbList\",\"@id\":\"https:\\\/\\\/folhapopular.info\\\/index.php\\\/2023\\\/02\\\/21\\\/prf-prende-foragido-na-br-386-em-fazenda-vilanova\\\/#breadcrumb\",\"itemListElement\":[{\"@type\":\"ListItem\",\"position\":1,\"name\":\"In\u00edcio\",\"item\":\"https:\\\/\\\/folhapopular.info\\\/\"},{\"@type\":\"ListItem\",\"position\":2,\"name\":\"PRF prende foragido na BR-386 em Fazenda Vilanova\"}]},{\"@type\":\"WebSite\",\"@id\":\"https:\\\/\\\/folhapopular.info\\\/#website\",\"url\":\"https:\\\/\\\/folhapopular.info\\\/\",\"name\":\"Folha Popular\",\"description\":\"Onde voc\u00ea tem vez e voz\",\"potentialAction\":[{\"@type\":\"SearchAction\",\"target\":{\"@type\":\"EntryPoint\",\"urlTemplate\":\"https:\\\/\\\/folhapopular.info\\\/?s={search_term_string}\"},\"query-input\":{\"@type\":\"PropertyValueSpecification\",\"valueRequired\":true,\"valueName\":\"search_term_string\"}}],\"inLanguage\":\"pt-BR\"},{\"@type\":\"Person\",\"@id\":\"https:\\\/\\\/folhapopular.info\\\/#\\\/schema\\\/person\\\/2814e8a0df7643585a9ca38bc6eb9d4b\",\"name\":\"Reda\u00e7\u00e3o Folha Popular\",\"image\":{\"@type\":\"ImageObject\",\"inLanguage\":\"pt-BR\",\"@id\":\"https:\\\/\\\/folhapopular.info\\\/wp-content\\\/uploads\\\/2026\\\/04\\\/Folha-1.webp\",\"url\":\"https:\\\/\\\/folhapopular.info\\\/wp-content\\\/uploads\\\/2026\\\/04\\\/Folha-1.webp\",\"contentUrl\":\"https:\\\/\\\/folhapopular.info\\\/wp-content\\\/uploads\\\/2026\\\/04\\\/Folha-1.webp\",\"caption\":\"Reda\u00e7\u00e3o Folha Popular\"},\"url\":\"https:\\\/\\\/folhapopular.info\\\/index.php\\\/author\\\/redacao\\\/\"}]}<\/script>\n<!-- \/ Yoast SEO plugin. -->","yoast_head_json":{"title":"PRF prende foragido na BR-386 em Fazenda Vilanova - Folha Popular","robots":{"index":"index","follow":"follow","max-snippet":"max-snippet:-1","max-image-preview":"max-image-preview:large","max-video-preview":"max-video-preview:-1"},"canonical":"https:\/\/folhapopular.info\/index.php\/2023\/02\/21\/prf-prende-foragido-na-br-386-em-fazenda-vilanova\/","og_locale":"pt_BR","og_type":"article","og_title":"PRF prende foragido na BR-386 em Fazenda Vilanova - Folha Popular","og_description":"Na madrugada desta ter\u00e7a-feira (21\/2), a Pol\u00edcia Rodovi\u00e1ria Federal prendeu um criminoso que estava conduzindo um ve\u00edculo ap\u00f3s desobedecer ordem de parada. A abordagem ocorreu na BR-386 em Fazenda Vilanova e contou com o apoio da Brigada Militar. Durante fiscaliza\u00e7\u00e3o ostensiva na rodovia, policiais rodovi\u00e1rios federais deram ordem de parada ao motorista de um Vectra [&hellip;]","og_url":"https:\/\/folhapopular.info\/index.php\/2023\/02\/21\/prf-prende-foragido-na-br-386-em-fazenda-vilanova\/","og_site_name":"Folha Popular","article_published_time":"2023-02-21T12:46:24+00:00","article_modified_time":"2023-02-21T12:46:26+00:00","og_image":[{"width":1024,"height":498,"url":"http:\/\/folhapopular.info\/wp-content\/uploads\/2023\/02\/WhatsApp-Image-2023-02-21-at-09.29.50.jpeg","type":"image\/jpeg"}],"author":"Reda\u00e7\u00e3o Folha Popular","twitter_card":"summary_large_image","twitter_misc":{"Escrito por":"Reda\u00e7\u00e3o Folha Popular","Est. tempo de leitura":"1 minuto"},"schema":{"@context":"https:\/\/schema.org","@graph":[{"@type":"Article","@id":"https:\/\/folhapopular.info\/index.php\/2023\/02\/21\/prf-prende-foragido-na-br-386-em-fazenda-vilanova\/#article","isPartOf":{"@id":"https:\/\/folhapopular.info\/index.php\/2023\/02\/21\/prf-prende-foragido-na-br-386-em-fazenda-vilanova\/"},"author":{"name":"Reda\u00e7\u00e3o Folha Popular","@id":"https:\/\/folhapopular.info\/#\/schema\/person\/2814e8a0df7643585a9ca38bc6eb9d4b"},"headline":"PRF prende foragido na BR-386 em Fazenda Vilanova","datePublished":"2023-02-21T12:46:24+00:00","dateModified":"2023-02-21T12:46:26+00:00","mainEntityOfPage":{"@id":"https:\/\/folhapopular.info\/index.php\/2023\/02\/21\/prf-prende-foragido-na-br-386-em-fazenda-vilanova\/"},"wordCount":190,"commentCount":0,"image":{"@id":"https:\/\/folhapopular.info\/index.php\/2023\/02\/21\/prf-prende-foragido-na-br-386-em-fazenda-vilanova\/#primaryimage"},"thumbnailUrl":"https:\/\/folhapopular.info\/wp-content\/uploads\/2023\/02\/WhatsApp-Image-2023-02-21-at-09.29.50.jpeg","articleSection":["Destaques","Seguran\u00e7a"],"inLanguage":"pt-BR","potentialAction":[{"@type":"CommentAction","name":"Comment","target":["https:\/\/folhapopular.info\/index.php\/2023\/02\/21\/prf-prende-foragido-na-br-386-em-fazenda-vilanova\/#respond"]}]},{"@type":"WebPage","@id":"https:\/\/folhapopular.info\/index.php\/2023\/02\/21\/prf-prende-foragido-na-br-386-em-fazenda-vilanova\/","url":"https:\/\/folhapopular.info\/index.php\/2023\/02\/21\/prf-prende-foragido-na-br-386-em-fazenda-vilanova\/","name":"PRF prende foragido na BR-386 em Fazenda Vilanova - Folha Popular","isPartOf":{"@id":"https:\/\/folhapopular.info\/#website"},"primaryImageOfPage":{"@id":"https:\/\/folhapopular.info\/index.php\/2023\/02\/21\/prf-prende-foragido-na-br-386-em-fazenda-vilanova\/#primaryimage"},"image":{"@id":"https:\/\/folhapopular.info\/index.php\/2023\/02\/21\/prf-prende-foragido-na-br-386-em-fazenda-vilanova\/#primaryimage"},"thumbnailUrl":"https:\/\/folhapopular.info\/wp-content\/uploads\/2023\/02\/WhatsApp-Image-2023-02-21-at-09.29.50.jpeg","datePublished":"2023-02-21T12:46:24+00:00","dateModified":"2023-02-21T12:46:26+00:00","author":{"@id":"https:\/\/folhapopular.info\/#\/schema\/person\/2814e8a0df7643585a9ca38bc6eb9d4b"},"breadcrumb":{"@id":"https:\/\/folhapopular.info\/index.php\/2023\/02\/21\/prf-prende-foragido-na-br-386-em-fazenda-vilanova\/#breadcrumb"},"inLanguage":"pt-BR","potentialAction":[{"@type":"ReadAction","target":["https:\/\/folhapopular.info\/index.php\/2023\/02\/21\/prf-prende-foragido-na-br-386-em-fazenda-vilanova\/"]}]},{"@type":"ImageObject","inLanguage":"pt-BR","@id":"https:\/\/folhapopular.info\/index.php\/2023\/02\/21\/prf-prende-foragido-na-br-386-em-fazenda-vilanova\/#primaryimage","url":"https:\/\/folhapopular.info\/wp-content\/uploads\/2023\/02\/WhatsApp-Image-2023-02-21-at-09.29.50.jpeg","contentUrl":"https:\/\/folhapopular.info\/wp-content\/uploads\/2023\/02\/WhatsApp-Image-2023-02-21-at-09.29.50.jpeg","width":1024,"height":498},{"@type":"BreadcrumbList","@id":"https:\/\/folhapopular.info\/index.php\/2023\/02\/21\/prf-prende-foragido-na-br-386-em-fazenda-vilanova\/#breadcrumb","itemListElement":[{"@type":"ListItem","position":1,"name":"In\u00edcio","item":"https:\/\/folhapopular.info\/"},{"@type":"ListItem","position":2,"name":"PRF prende foragido na BR-386 em Fazenda Vilanova"}]},{"@type":"WebSite","@id":"https:\/\/folhapopular.info\/#website","url":"https:\/\/folhapopular.info\/","name":"Folha Popular","description":"Onde voc\u00ea tem vez e voz","potentialAction":[{"@type":"SearchAction","target":{"@type":"EntryPoint","urlTemplate":"https:\/\/folhapopular.info\/?s={search_term_string}"},"query-input":{"@type":"PropertyValueSpecification","valueRequired":true,"valueName":"search_term_string"}}],"inLanguage":"pt-BR"},{"@type":"Person","@id":"https:\/\/folhapopular.info\/#\/schema\/person\/2814e8a0df7643585a9ca38bc6eb9d4b","name":"Reda\u00e7\u00e3o Folha Popular","image":{"@type":"ImageObject","inLanguage":"pt-BR","@id":"https:\/\/folhapopular.info\/wp-content\/uploads\/2026\/04\/Folha-1.webp","url":"https:\/\/folhapopular.info\/wp-content\/uploads\/2026\/04\/Folha-1.webp","contentUrl":"https:\/\/folhapopular.info\/wp-content\/uploads\/2026\/04\/Folha-1.webp","caption":"Reda\u00e7\u00e3o Folha Popular"},"url":"https:\/\/folhapopular.info\/index.php\/author\/redacao\/"}]}},"jetpack_sharing_enabled":true,"amp_enabled":true,"jetpack_featured_media_url":"https:\/\/folhapopular.info\/wp-content\/uploads\/2023\/02\/WhatsApp-Image-2023-02-21-at-09.29.50.jpeg","_links":{"self":[{"href":"https:\/\/folhapopular.info\/index.php\/wp-json\/wp\/v2\/posts\/121356","targetHints":{"allow":["GET"]}}],"collection":[{"href":"https:\/\/folhapopular.info\/index.php\/wp-json\/wp\/v2\/posts"}],"about":[{"href":"https:\/\/folhapopular.info\/index.php\/wp-json\/wp\/v2\/types\/post"}],"author":[{"embeddable":true,"href":"https:\/\/folhapopular.info\/index.php\/wp-json\/wp\/v2\/users\/8"}],"replies":[{"embeddable":true,"href":"https:\/\/folhapopular.info\/index.php\/wp-json\/wp\/v2\/comments?post=121356"}],"version-history":[{"count":0,"href":"https:\/\/folhapopular.info\/index.php\/wp-json\/wp\/v2\/posts\/121356\/revisions"}],"wp:featuredmedia":[{"embeddable":true,"href":"https:\/\/folhapopular.info\/index.php\/wp-json\/wp\/v2\/media\/121352"}],"wp:attachment":[{"href":"https:\/\/folhapopular.info\/index.php\/wp-json\/wp\/v2\/media?parent=121356"}],"wp:term":[{"taxonomy":"category","embeddable":true,"href":"https:\/\/folhapopular.info\/index.php\/wp-json\/wp\/v2\/categories?post=121356"},{"taxonomy":"post_tag","embeddable":true,"href":"https:\/\/folhapopular.info\/index.php\/wp-json\/wp\/v2\/tags?post=121356"}],"curies":[{"name":"wp","href":"https:\/\/api.w.org\/{rel}","templated":true}]}}