{"id":121444,"date":"2023-02-23T10:26:56","date_gmt":"2023-02-23T13:26:56","guid":{"rendered":"https:\/\/folhapopular.info\/?p=121444"},"modified":"2023-02-23T10:27:00","modified_gmt":"2023-02-23T13:27:00","slug":"corpo-de-jovem-desaparecido-apos-queda-de-ponte-em-torres-e-localizado-pelos-bombeiros","status":"publish","type":"post","link":"https:\/\/folhapopular.info\/index.php\/2023\/02\/23\/corpo-de-jovem-desaparecido-apos-queda-de-ponte-em-torres-e-localizado-pelos-bombeiros\/","title":{"rendered":"Corpo de jovem desaparecido ap\u00f3s queda de ponte em Torres \u00e9 localizado pelos bombeiros"},"content":{"rendered":"\n<p>Ap\u00f3s intensos trabalhos dos \u00f3rg\u00e3os da Secretaria de Seguran\u00e7a P\u00fablica (SSP), foi localizado, na manh\u00e3 desta quinta-feira (23\/2), o corpo de Braian Grandi, 20 anos, na orla da Praia Azul, em Passo de Torres, no litoral de Santa Catarina. Ele estava desaparecido desde a madrugada de segunda-feira (20\/2), ap\u00f3s acidente na ponte p\u00eansil, que liga a cidade catarinense ao munic\u00edpio ga\u00facho de Torres. O jovem foi identificado por familiares. O corpo ainda ser\u00e1 periciado em Ararangu\u00e1 (SC) para confirma\u00e7\u00e3o da identidade.<\/p>\n\n\n\n<p>Desde a queda parcial da ponte p\u00eansil, a SSP, por meio de suas vinculadas, atuou imediatamente para auxiliar no resgate de v\u00edtimas, busca por desaparecidos e elucida\u00e7\u00e3o do acidente. Efetivos do Corpo de Bombeiros Militar, da Brigada Militar, da Pol\u00edcia Civil e do Instituto-Geral de Per\u00edcias do RS, atuaram desde o in\u00edcio da ocorr\u00eancia, em conjunto com as for\u00e7as de seguran\u00e7a de Santa Catarina com apoio da Prefeitura de Torres.<\/p>\n","protected":false},"excerpt":{"rendered":"<p>Ap\u00f3s intensos trabalhos dos \u00f3rg\u00e3os da Secretaria de Seguran\u00e7a P\u00fablica (SSP), foi localizado, na manh\u00e3 desta quinta-feira (23\/2), o corpo de Braian Grandi, 20 anos, na orla da Praia Azul, em Passo de Torres, no litoral de Santa Catarina. Ele estava desaparecido desde a madrugada de segunda-feira (20\/2), ap\u00f3s acidente na ponte p\u00eansil, que liga [&hellip;]<\/p>\n","protected":false},"author":8,"featured_media":121445,"comment_status":"open","ping_status":"open","sticky":false,"template":"","format":"standard","meta":{"pmpro_default_level":"","_jetpack_memberships_contains_paid_content":false,"footnotes":""},"categories":[2,3],"tags":[10949,8063,10951,10905,10950],"class_list":{"0":"post-121444","1":"post","2":"type-post","3":"status-publish","4":"format-standard","5":"has-post-thumbnail","7":"category-featured","8":"category-geral","9":"tag-corpo-de-jovem","10":"tag-encontrado","11":"tag-passo-de-torres","12":"tag-ponte-pensil","13":"tag-torres","14":"pmpro-has-access"},"yoast_head":"<!-- This site is optimized with the Yoast SEO plugin v27.5 - https:\/\/yoast.com\/product\/yoast-seo-wordpress\/ -->\n<title>Corpo de jovem desaparecido ap\u00f3s queda de ponte em Torres \u00e9 localizado pelos bombeiros - Folha Popular<\/title>\n<meta name=\"robots\" content=\"index, follow, max-snippet:-1, max-image-preview:large, max-video-preview:-1\" \/>\n<link rel=\"canonical\" href=\"https:\/\/folhapopular.info\/index.php\/2023\/02\/23\/corpo-de-jovem-desaparecido-apos-queda-de-ponte-em-torres-e-localizado-pelos-bombeiros\/\" \/>\n<meta property=\"og:locale\" content=\"pt_BR\" \/>\n<meta property=\"og:type\" content=\"article\" \/>\n<meta property=\"og:title\" content=\"Corpo de jovem desaparecido ap\u00f3s queda de ponte em Torres \u00e9 localizado pelos bombeiros - Folha Popular\" \/>\n<meta property=\"og:description\" content=\"Ap\u00f3s intensos trabalhos dos \u00f3rg\u00e3os da Secretaria de Seguran\u00e7a P\u00fablica (SSP), foi localizado, na manh\u00e3 desta quinta-feira (23\/2), o corpo de Braian Grandi, 20 anos, na orla da Praia Azul, em Passo de Torres, no litoral de Santa Catarina. Ele estava desaparecido desde a madrugada de segunda-feira (20\/2), ap\u00f3s acidente na ponte p\u00eansil, que liga [&hellip;]\" \/>\n<meta property=\"og:url\" content=\"https:\/\/folhapopular.info\/index.php\/2023\/02\/23\/corpo-de-jovem-desaparecido-apos-queda-de-ponte-em-torres-e-localizado-pelos-bombeiros\/\" \/>\n<meta property=\"og:site_name\" content=\"Folha Popular\" \/>\n<meta property=\"article:published_time\" content=\"2023-02-23T13:26:56+00:00\" \/>\n<meta property=\"article:modified_time\" content=\"2023-02-23T13:27:00+00:00\" \/>\n<meta property=\"og:image\" content=\"http:\/\/folhapopular.info\/wp-content\/uploads\/2023\/02\/23094100_164090_GDO.jpg\" \/>\n\t<meta property=\"og:image:width\" content=\"800\" \/>\n\t<meta property=\"og:image:height\" content=\"449\" \/>\n\t<meta property=\"og:image:type\" content=\"image\/jpeg\" \/>\n<meta name=\"author\" content=\"Reda\u00e7\u00e3o Folha Popular\" \/>\n<meta name=\"twitter:card\" content=\"summary_large_image\" \/>\n<meta name=\"twitter:label1\" content=\"Escrito por\" \/>\n\t<meta name=\"twitter:data1\" content=\"Reda\u00e7\u00e3o Folha Popular\" \/>\n\t<meta name=\"twitter:label2\" content=\"Est. tempo de leitura\" \/>\n\t<meta name=\"twitter:data2\" content=\"1 minuto\" \/>\n<script type=\"application\/ld+json\" class=\"yoast-schema-graph\">{\"@context\":\"https:\\\/\\\/schema.org\",\"@graph\":[{\"@type\":\"Article\",\"@id\":\"https:\\\/\\\/folhapopular.info\\\/index.php\\\/2023\\\/02\\\/23\\\/corpo-de-jovem-desaparecido-apos-queda-de-ponte-em-torres-e-localizado-pelos-bombeiros\\\/#article\",\"isPartOf\":{\"@id\":\"https:\\\/\\\/folhapopular.info\\\/index.php\\\/2023\\\/02\\\/23\\\/corpo-de-jovem-desaparecido-apos-queda-de-ponte-em-torres-e-localizado-pelos-bombeiros\\\/\"},\"author\":{\"name\":\"Reda\u00e7\u00e3o Folha Popular\",\"@id\":\"https:\\\/\\\/folhapopular.info\\\/#\\\/schema\\\/person\\\/2814e8a0df7643585a9ca38bc6eb9d4b\"},\"headline\":\"Corpo de jovem desaparecido ap\u00f3s queda de ponte em Torres \u00e9 localizado pelos bombeiros\",\"datePublished\":\"2023-02-23T13:26:56+00:00\",\"dateModified\":\"2023-02-23T13:27:00+00:00\",\"mainEntityOfPage\":{\"@id\":\"https:\\\/\\\/folhapopular.info\\\/index.php\\\/2023\\\/02\\\/23\\\/corpo-de-jovem-desaparecido-apos-queda-de-ponte-em-torres-e-localizado-pelos-bombeiros\\\/\"},\"wordCount\":180,\"commentCount\":0,\"image\":{\"@id\":\"https:\\\/\\\/folhapopular.info\\\/index.php\\\/2023\\\/02\\\/23\\\/corpo-de-jovem-desaparecido-apos-queda-de-ponte-em-torres-e-localizado-pelos-bombeiros\\\/#primaryimage\"},\"thumbnailUrl\":\"https:\\\/\\\/folhapopular.info\\\/wp-content\\\/uploads\\\/2023\\\/02\\\/23094100_164090_GDO.jpg\",\"keywords\":[\"Corpo de jovem\",\"Encontrado\",\"Passo de Torres\",\"Ponte p\u00eansil\",\"Torres\"],\"articleSection\":[\"Destaques\",\"Geral\"],\"inLanguage\":\"pt-BR\",\"potentialAction\":[{\"@type\":\"CommentAction\",\"name\":\"Comment\",\"target\":[\"https:\\\/\\\/folhapopular.info\\\/index.php\\\/2023\\\/02\\\/23\\\/corpo-de-jovem-desaparecido-apos-queda-de-ponte-em-torres-e-localizado-pelos-bombeiros\\\/#respond\"]}]},{\"@type\":\"WebPage\",\"@id\":\"https:\\\/\\\/folhapopular.info\\\/index.php\\\/2023\\\/02\\\/23\\\/corpo-de-jovem-desaparecido-apos-queda-de-ponte-em-torres-e-localizado-pelos-bombeiros\\\/\",\"url\":\"https:\\\/\\\/folhapopular.info\\\/index.php\\\/2023\\\/02\\\/23\\\/corpo-de-jovem-desaparecido-apos-queda-de-ponte-em-torres-e-localizado-pelos-bombeiros\\\/\",\"name\":\"Corpo de jovem desaparecido ap\u00f3s queda de ponte em Torres \u00e9 localizado pelos bombeiros - Folha Popular\",\"isPartOf\":{\"@id\":\"https:\\\/\\\/folhapopular.info\\\/#website\"},\"primaryImageOfPage\":{\"@id\":\"https:\\\/\\\/folhapopular.info\\\/index.php\\\/2023\\\/02\\\/23\\\/corpo-de-jovem-desaparecido-apos-queda-de-ponte-em-torres-e-localizado-pelos-bombeiros\\\/#primaryimage\"},\"image\":{\"@id\":\"https:\\\/\\\/folhapopular.info\\\/index.php\\\/2023\\\/02\\\/23\\\/corpo-de-jovem-desaparecido-apos-queda-de-ponte-em-torres-e-localizado-pelos-bombeiros\\\/#primaryimage\"},\"thumbnailUrl\":\"https:\\\/\\\/folhapopular.info\\\/wp-content\\\/uploads\\\/2023\\\/02\\\/23094100_164090_GDO.jpg\",\"datePublished\":\"2023-02-23T13:26:56+00:00\",\"dateModified\":\"2023-02-23T13:27:00+00:00\",\"author\":{\"@id\":\"https:\\\/\\\/folhapopular.info\\\/#\\\/schema\\\/person\\\/2814e8a0df7643585a9ca38bc6eb9d4b\"},\"breadcrumb\":{\"@id\":\"https:\\\/\\\/folhapopular.info\\\/index.php\\\/2023\\\/02\\\/23\\\/corpo-de-jovem-desaparecido-apos-queda-de-ponte-em-torres-e-localizado-pelos-bombeiros\\\/#breadcrumb\"},\"inLanguage\":\"pt-BR\",\"potentialAction\":[{\"@type\":\"ReadAction\",\"target\":[\"https:\\\/\\\/folhapopular.info\\\/index.php\\\/2023\\\/02\\\/23\\\/corpo-de-jovem-desaparecido-apos-queda-de-ponte-em-torres-e-localizado-pelos-bombeiros\\\/\"]}]},{\"@type\":\"ImageObject\",\"inLanguage\":\"pt-BR\",\"@id\":\"https:\\\/\\\/folhapopular.info\\\/index.php\\\/2023\\\/02\\\/23\\\/corpo-de-jovem-desaparecido-apos-queda-de-ponte-em-torres-e-localizado-pelos-bombeiros\\\/#primaryimage\",\"url\":\"https:\\\/\\\/folhapopular.info\\\/wp-content\\\/uploads\\\/2023\\\/02\\\/23094100_164090_GDO.jpg\",\"contentUrl\":\"https:\\\/\\\/folhapopular.info\\\/wp-content\\\/uploads\\\/2023\\\/02\\\/23094100_164090_GDO.jpg\",\"width\":800,\"height\":449,\"caption\":\"Trabalhos de busca come\u00e7aram na madrugada de segunda-feira (20\\\/2) \\\/ Cr\u00e9dito: Elias Ramos \\\/ CBMRS \\\/ Divulga\u00e7\u00e3o\"},{\"@type\":\"BreadcrumbList\",\"@id\":\"https:\\\/\\\/folhapopular.info\\\/index.php\\\/2023\\\/02\\\/23\\\/corpo-de-jovem-desaparecido-apos-queda-de-ponte-em-torres-e-localizado-pelos-bombeiros\\\/#breadcrumb\",\"itemListElement\":[{\"@type\":\"ListItem\",\"position\":1,\"name\":\"In\u00edcio\",\"item\":\"https:\\\/\\\/folhapopular.info\\\/\"},{\"@type\":\"ListItem\",\"position\":2,\"name\":\"Corpo de jovem desaparecido ap\u00f3s queda de ponte em Torres \u00e9 localizado pelos bombeiros\"}]},{\"@type\":\"WebSite\",\"@id\":\"https:\\\/\\\/folhapopular.info\\\/#website\",\"url\":\"https:\\\/\\\/folhapopular.info\\\/\",\"name\":\"Folha Popular\",\"description\":\"Onde voc\u00ea tem vez e voz\",\"potentialAction\":[{\"@type\":\"SearchAction\",\"target\":{\"@type\":\"EntryPoint\",\"urlTemplate\":\"https:\\\/\\\/folhapopular.info\\\/?s={search_term_string}\"},\"query-input\":{\"@type\":\"PropertyValueSpecification\",\"valueRequired\":true,\"valueName\":\"search_term_string\"}}],\"inLanguage\":\"pt-BR\"},{\"@type\":\"Person\",\"@id\":\"https:\\\/\\\/folhapopular.info\\\/#\\\/schema\\\/person\\\/2814e8a0df7643585a9ca38bc6eb9d4b\",\"name\":\"Reda\u00e7\u00e3o Folha Popular\",\"image\":{\"@type\":\"ImageObject\",\"inLanguage\":\"pt-BR\",\"@id\":\"https:\\\/\\\/folhapopular.info\\\/wp-content\\\/uploads\\\/2026\\\/04\\\/Folha-1.webp\",\"url\":\"https:\\\/\\\/folhapopular.info\\\/wp-content\\\/uploads\\\/2026\\\/04\\\/Folha-1.webp\",\"contentUrl\":\"https:\\\/\\\/folhapopular.info\\\/wp-content\\\/uploads\\\/2026\\\/04\\\/Folha-1.webp\",\"caption\":\"Reda\u00e7\u00e3o Folha Popular\"},\"url\":\"https:\\\/\\\/folhapopular.info\\\/index.php\\\/author\\\/redacao\\\/\"}]}<\/script>\n<!-- \/ Yoast SEO plugin. -->","yoast_head_json":{"title":"Corpo de jovem desaparecido ap\u00f3s queda de ponte em Torres \u00e9 localizado pelos bombeiros - Folha Popular","robots":{"index":"index","follow":"follow","max-snippet":"max-snippet:-1","max-image-preview":"max-image-preview:large","max-video-preview":"max-video-preview:-1"},"canonical":"https:\/\/folhapopular.info\/index.php\/2023\/02\/23\/corpo-de-jovem-desaparecido-apos-queda-de-ponte-em-torres-e-localizado-pelos-bombeiros\/","og_locale":"pt_BR","og_type":"article","og_title":"Corpo de jovem desaparecido ap\u00f3s queda de ponte em Torres \u00e9 localizado pelos bombeiros - Folha Popular","og_description":"Ap\u00f3s intensos trabalhos dos \u00f3rg\u00e3os da Secretaria de Seguran\u00e7a P\u00fablica (SSP), foi localizado, na manh\u00e3 desta quinta-feira (23\/2), o corpo de Braian Grandi, 20 anos, na orla da Praia Azul, em Passo de Torres, no litoral de Santa Catarina. Ele estava desaparecido desde a madrugada de segunda-feira (20\/2), ap\u00f3s acidente na ponte p\u00eansil, que liga [&hellip;]","og_url":"https:\/\/folhapopular.info\/index.php\/2023\/02\/23\/corpo-de-jovem-desaparecido-apos-queda-de-ponte-em-torres-e-localizado-pelos-bombeiros\/","og_site_name":"Folha Popular","article_published_time":"2023-02-23T13:26:56+00:00","article_modified_time":"2023-02-23T13:27:00+00:00","og_image":[{"width":800,"height":449,"url":"http:\/\/folhapopular.info\/wp-content\/uploads\/2023\/02\/23094100_164090_GDO.jpg","type":"image\/jpeg"}],"author":"Reda\u00e7\u00e3o Folha Popular","twitter_card":"summary_large_image","twitter_misc":{"Escrito por":"Reda\u00e7\u00e3o Folha Popular","Est. tempo de leitura":"1 minuto"},"schema":{"@context":"https:\/\/schema.org","@graph":[{"@type":"Article","@id":"https:\/\/folhapopular.info\/index.php\/2023\/02\/23\/corpo-de-jovem-desaparecido-apos-queda-de-ponte-em-torres-e-localizado-pelos-bombeiros\/#article","isPartOf":{"@id":"https:\/\/folhapopular.info\/index.php\/2023\/02\/23\/corpo-de-jovem-desaparecido-apos-queda-de-ponte-em-torres-e-localizado-pelos-bombeiros\/"},"author":{"name":"Reda\u00e7\u00e3o Folha Popular","@id":"https:\/\/folhapopular.info\/#\/schema\/person\/2814e8a0df7643585a9ca38bc6eb9d4b"},"headline":"Corpo de jovem desaparecido ap\u00f3s queda de ponte em Torres \u00e9 localizado pelos bombeiros","datePublished":"2023-02-23T13:26:56+00:00","dateModified":"2023-02-23T13:27:00+00:00","mainEntityOfPage":{"@id":"https:\/\/folhapopular.info\/index.php\/2023\/02\/23\/corpo-de-jovem-desaparecido-apos-queda-de-ponte-em-torres-e-localizado-pelos-bombeiros\/"},"wordCount":180,"commentCount":0,"image":{"@id":"https:\/\/folhapopular.info\/index.php\/2023\/02\/23\/corpo-de-jovem-desaparecido-apos-queda-de-ponte-em-torres-e-localizado-pelos-bombeiros\/#primaryimage"},"thumbnailUrl":"https:\/\/folhapopular.info\/wp-content\/uploads\/2023\/02\/23094100_164090_GDO.jpg","keywords":["Corpo de jovem","Encontrado","Passo de Torres","Ponte p\u00eansil","Torres"],"articleSection":["Destaques","Geral"],"inLanguage":"pt-BR","potentialAction":[{"@type":"CommentAction","name":"Comment","target":["https:\/\/folhapopular.info\/index.php\/2023\/02\/23\/corpo-de-jovem-desaparecido-apos-queda-de-ponte-em-torres-e-localizado-pelos-bombeiros\/#respond"]}]},{"@type":"WebPage","@id":"https:\/\/folhapopular.info\/index.php\/2023\/02\/23\/corpo-de-jovem-desaparecido-apos-queda-de-ponte-em-torres-e-localizado-pelos-bombeiros\/","url":"https:\/\/folhapopular.info\/index.php\/2023\/02\/23\/corpo-de-jovem-desaparecido-apos-queda-de-ponte-em-torres-e-localizado-pelos-bombeiros\/","name":"Corpo de jovem desaparecido ap\u00f3s queda de ponte em Torres \u00e9 localizado pelos bombeiros - Folha Popular","isPartOf":{"@id":"https:\/\/folhapopular.info\/#website"},"primaryImageOfPage":{"@id":"https:\/\/folhapopular.info\/index.php\/2023\/02\/23\/corpo-de-jovem-desaparecido-apos-queda-de-ponte-em-torres-e-localizado-pelos-bombeiros\/#primaryimage"},"image":{"@id":"https:\/\/folhapopular.info\/index.php\/2023\/02\/23\/corpo-de-jovem-desaparecido-apos-queda-de-ponte-em-torres-e-localizado-pelos-bombeiros\/#primaryimage"},"thumbnailUrl":"https:\/\/folhapopular.info\/wp-content\/uploads\/2023\/02\/23094100_164090_GDO.jpg","datePublished":"2023-02-23T13:26:56+00:00","dateModified":"2023-02-23T13:27:00+00:00","author":{"@id":"https:\/\/folhapopular.info\/#\/schema\/person\/2814e8a0df7643585a9ca38bc6eb9d4b"},"breadcrumb":{"@id":"https:\/\/folhapopular.info\/index.php\/2023\/02\/23\/corpo-de-jovem-desaparecido-apos-queda-de-ponte-em-torres-e-localizado-pelos-bombeiros\/#breadcrumb"},"inLanguage":"pt-BR","potentialAction":[{"@type":"ReadAction","target":["https:\/\/folhapopular.info\/index.php\/2023\/02\/23\/corpo-de-jovem-desaparecido-apos-queda-de-ponte-em-torres-e-localizado-pelos-bombeiros\/"]}]},{"@type":"ImageObject","inLanguage":"pt-BR","@id":"https:\/\/folhapopular.info\/index.php\/2023\/02\/23\/corpo-de-jovem-desaparecido-apos-queda-de-ponte-em-torres-e-localizado-pelos-bombeiros\/#primaryimage","url":"https:\/\/folhapopular.info\/wp-content\/uploads\/2023\/02\/23094100_164090_GDO.jpg","contentUrl":"https:\/\/folhapopular.info\/wp-content\/uploads\/2023\/02\/23094100_164090_GDO.jpg","width":800,"height":449,"caption":"Trabalhos de busca come\u00e7aram na madrugada de segunda-feira (20\/2) \/ Cr\u00e9dito: Elias Ramos \/ CBMRS \/ Divulga\u00e7\u00e3o"},{"@type":"BreadcrumbList","@id":"https:\/\/folhapopular.info\/index.php\/2023\/02\/23\/corpo-de-jovem-desaparecido-apos-queda-de-ponte-em-torres-e-localizado-pelos-bombeiros\/#breadcrumb","itemListElement":[{"@type":"ListItem","position":1,"name":"In\u00edcio","item":"https:\/\/folhapopular.info\/"},{"@type":"ListItem","position":2,"name":"Corpo de jovem desaparecido ap\u00f3s queda de ponte em Torres \u00e9 localizado pelos bombeiros"}]},{"@type":"WebSite","@id":"https:\/\/folhapopular.info\/#website","url":"https:\/\/folhapopular.info\/","name":"Folha Popular","description":"Onde voc\u00ea tem vez e voz","potentialAction":[{"@type":"SearchAction","target":{"@type":"EntryPoint","urlTemplate":"https:\/\/folhapopular.info\/?s={search_term_string}"},"query-input":{"@type":"PropertyValueSpecification","valueRequired":true,"valueName":"search_term_string"}}],"inLanguage":"pt-BR"},{"@type":"Person","@id":"https:\/\/folhapopular.info\/#\/schema\/person\/2814e8a0df7643585a9ca38bc6eb9d4b","name":"Reda\u00e7\u00e3o Folha Popular","image":{"@type":"ImageObject","inLanguage":"pt-BR","@id":"https:\/\/folhapopular.info\/wp-content\/uploads\/2026\/04\/Folha-1.webp","url":"https:\/\/folhapopular.info\/wp-content\/uploads\/2026\/04\/Folha-1.webp","contentUrl":"https:\/\/folhapopular.info\/wp-content\/uploads\/2026\/04\/Folha-1.webp","caption":"Reda\u00e7\u00e3o Folha Popular"},"url":"https:\/\/folhapopular.info\/index.php\/author\/redacao\/"}]}},"jetpack_featured_media_url":"https:\/\/folhapopular.info\/wp-content\/uploads\/2023\/02\/23094100_164090_GDO.jpg","jetpack_sharing_enabled":true,"amp_enabled":true,"_links":{"self":[{"href":"https:\/\/folhapopular.info\/index.php\/wp-json\/wp\/v2\/posts\/121444","targetHints":{"allow":["GET"]}}],"collection":[{"href":"https:\/\/folhapopular.info\/index.php\/wp-json\/wp\/v2\/posts"}],"about":[{"href":"https:\/\/folhapopular.info\/index.php\/wp-json\/wp\/v2\/types\/post"}],"author":[{"embeddable":true,"href":"https:\/\/folhapopular.info\/index.php\/wp-json\/wp\/v2\/users\/8"}],"replies":[{"embeddable":true,"href":"https:\/\/folhapopular.info\/index.php\/wp-json\/wp\/v2\/comments?post=121444"}],"version-history":[{"count":0,"href":"https:\/\/folhapopular.info\/index.php\/wp-json\/wp\/v2\/posts\/121444\/revisions"}],"wp:featuredmedia":[{"embeddable":true,"href":"https:\/\/folhapopular.info\/index.php\/wp-json\/wp\/v2\/media\/121445"}],"wp:attachment":[{"href":"https:\/\/folhapopular.info\/index.php\/wp-json\/wp\/v2\/media?parent=121444"}],"wp:term":[{"taxonomy":"category","embeddable":true,"href":"https:\/\/folhapopular.info\/index.php\/wp-json\/wp\/v2\/categories?post=121444"},{"taxonomy":"post_tag","embeddable":true,"href":"https:\/\/folhapopular.info\/index.php\/wp-json\/wp\/v2\/tags?post=121444"}],"curies":[{"name":"wp","href":"https:\/\/api.w.org\/{rel}","templated":true}]}}